{"id":11919,"date":"2023-10-31T18:43:50","date_gmt":"2023-10-31T18:43:50","guid":{"rendered":"https:\/\/radio.unrc.edu.ar\/?p=11919"},"modified":"2023-11-01T13:55:49","modified_gmt":"2023-11-01T13:55:49","slug":"abrio-sus-puertas-la-19o-edicion-de-la-feria-del-libro-juan-filloy","status":"publish","type":"post","link":"https:\/\/radio.unrc.edu.ar\/?p=11919","title":{"rendered":"Abri\u00f3 sus puertas la 19\u00ba edici\u00f3n de la Feria del Libro Juan Filloy"},"content":{"rendered":"<p>Desde este martes y hasta el pr\u00f3ximo domingo, habr\u00e1 distintas actividades en varios escenarios de toda la ciudad.<\/p>\n<p>Fernando Sassatelli, responsable del \u00e1rea Cultura de la Municipalidad, dijo que la Feria del Libro, as\u00ed como otros eventos art\u00edsticos, forman parte de la historia de la ciudad.<\/p>\n<p><iframe width=\"100%\" height=\"300\" scrolling=\"no\" frameborder=\"no\" allow=\"autoplay\" src=\"https:\/\/w.soundcloud.com\/player\/?url=https%3A\/\/api.soundcloud.com\/tracks\/1653623730&#038;color=%23ff5500&#038;auto_play=false&#038;hide_related=false&#038;show_comments=true&#038;show_user=true&#038;show_reposts=false&#038;show_teaser=true&#038;visual=true\"><\/iframe><\/p>\n<div style=\"font-size: 10px; color: #cccccc;line-break: anywhere;word-break: normal;overflow: hidden;white-space: nowrap;text-overflow: ellipsis; font-family: Interstate,Lucida Grande,Lucida Sans Unicode,Lucida Sans,Garuda,Verdana,Tahoma,sans-serif;font-weight: 100;\"><a href=\"https:\/\/soundcloud.com\/radiounrc\" title=\"RadioUNRC\" target=\"_blank\" style=\"color: #cccccc; text-decoration: none;\" rel=\"noopener\">RadioUNRC<\/a> \u00b7 <a href=\"https:\/\/soundcloud.com\/radiounrc\/fernando-sassatelli\" title=\"Fernando Sassatelli\" target=\"_blank\" style=\"color: #cccccc; text-decoration: none;\" rel=\"noopener\">Fernando Sassatelli<\/a><\/div>\n\r\n                <style type=\"text\/css\">\r\n                    \r\n                    #tdi_1  .td-doubleSlider-2 .td-item1 {\r\n                        background: url(https:\/\/radio.unrc.edu.ar\/wp-content\/uploads\/2023\/10\/368029038_3221391764821292_5992221584694287255_n.jpg) 0 0 no-repeat;\r\n                    }\r\n                    #tdi_1  .td-doubleSlider-2 .td-item2 {\r\n                        background: url(https:\/\/radio.unrc.edu.ar\/wp-content\/uploads\/2023\/10\/368063827_160255647169130_7176720375705512420_n.jpg) 0 0 no-repeat;\r\n                    }\r\n                    #tdi_1  .td-doubleSlider-2 .td-item3 {\r\n                        background: url(https:\/\/radio.unrc.edu.ar\/wp-content\/uploads\/2023\/10\/372139339_1317430512235300_7970866878577699615_n.jpg) 0 0 no-repeat;\r\n                    }\r\n                    #tdi_1  .td-doubleSlider-2 .td-item4 {\r\n                        background: url(https:\/\/radio.unrc.edu.ar\/wp-content\/uploads\/2023\/10\/380267179_771193991482294_1844190305666353369_n.jpg) 0 0 no-repeat;\r\n                    }\r\n                    #tdi_1  .td-doubleSlider-2 .td-item5 {\r\n                        background: url(https:\/\/radio.unrc.edu.ar\/wp-content\/uploads\/2023\/10\/386476766_1352922995596563_3541364123002008476_n.jpg) 0 0 no-repeat;\r\n                    }\r\n                <\/style>\r\n\r\n                <div id=\"tdi_1\" class=\"td-gallery td-slide-on-2-columns\">\r\n                    <div class=\"post_td_gallery\">\r\n                        <div class=\"td-gallery-slide-top\">\r\n                           <div class=\"td-gallery-title\"><\/div>\r\n\r\n                            <div class=\"td-gallery-controls-wrapper\">\r\n                                <div class=\"td-gallery-slide-count\"><span class=\"td-gallery-slide-item-focus\">1<\/span> de 5<\/div>\r\n                                <div class=\"td-gallery-slide-prev-next-but\">\r\n                                    <i class = \"td-icon-left doubleSliderPrevButton\"><\/i>\r\n                                    <i class = \"td-icon-right doubleSliderNextButton\"><\/i>\r\n                                <\/div>\r\n                            <\/div>\r\n                        <\/div>\r\n\r\n                        <div class = \"td-doubleSlider-1 \">\r\n                            <div class = \"td-slider\">\r\n                                \r\n                    <div class = \"td-slide-item td-item1\">\r\n                        <figure class=\"td-slide-galery-figure td-slide-popup-gallery\">\r\n                            <a class=\"slide-gallery-image-link\" href=\"https:\/\/radio.unrc.edu.ar\/wp-content\/uploads\/2023\/10\/368029038_3221391764821292_5992221584694287255_n.jpg\" title=\"368029038_3221391764821292_5992221584694287255_n\"  data-caption=\"\"  data-description=\"\">\r\n                                <img decoding=\"async\" src=\"https:\/\/radio.unrc.edu.ar\/wp-content\/uploads\/2023\/10\/368029038_3221391764821292_5992221584694287255_n.jpg\" srcset=\"https:\/\/radio.unrc.edu.ar\/wp-content\/uploads\/2023\/10\/368029038_3221391764821292_5992221584694287255_n.jpg 1600w, https:\/\/radio.unrc.edu.ar\/wp-content\/uploads\/2023\/10\/368029038_3221391764821292_5992221584694287255_n-300x200.jpg 300w, https:\/\/radio.unrc.edu.ar\/wp-content\/uploads\/2023\/10\/368029038_3221391764821292_5992221584694287255_n-1024x684.jpg 1024w, https:\/\/radio.unrc.edu.ar\/wp-content\/uploads\/2023\/10\/368029038_3221391764821292_5992221584694287255_n-768x513.jpg 768w, https:\/\/radio.unrc.edu.ar\/wp-content\/uploads\/2023\/10\/368029038_3221391764821292_5992221584694287255_n-1536x1025.jpg 1536w, https:\/\/radio.unrc.edu.ar\/wp-content\/uploads\/2023\/10\/368029038_3221391764821292_5992221584694287255_n-150x100.jpg 150w, https:\/\/radio.unrc.edu.ar\/wp-content\/uploads\/2023\/10\/368029038_3221391764821292_5992221584694287255_n-696x465.jpg 696w, https:\/\/radio.unrc.edu.ar\/wp-content\/uploads\/2023\/10\/368029038_3221391764821292_5992221584694287255_n-1068x713.jpg 1068w\" sizes=\"(max-width: 1600px) 100vw, 1600px\" alt=\"\">\r\n                            <\/a>\r\n                            \r\n                        <\/figure>\r\n                    <\/div>\r\n                    <div class = \"td-slide-item td-item2\">\r\n                        <figure class=\"td-slide-galery-figure td-slide-popup-gallery\">\r\n                            <a class=\"slide-gallery-image-link\" href=\"https:\/\/radio.unrc.edu.ar\/wp-content\/uploads\/2023\/10\/368063827_160255647169130_7176720375705512420_n.jpg\" title=\"368063827_160255647169130_7176720375705512420_n\"  data-caption=\"\"  data-description=\"\">\r\n                                <img decoding=\"async\" src=\"https:\/\/radio.unrc.edu.ar\/wp-content\/uploads\/2023\/10\/368063827_160255647169130_7176720375705512420_n.jpg\" srcset=\"https:\/\/radio.unrc.edu.ar\/wp-content\/uploads\/2023\/10\/368063827_160255647169130_7176720375705512420_n.jpg 1280w, https:\/\/radio.unrc.edu.ar\/wp-content\/uploads\/2023\/10\/368063827_160255647169130_7176720375705512420_n-300x225.jpg 300w, https:\/\/radio.unrc.edu.ar\/wp-content\/uploads\/2023\/10\/368063827_160255647169130_7176720375705512420_n-1024x768.jpg 1024w, https:\/\/radio.unrc.edu.ar\/wp-content\/uploads\/2023\/10\/368063827_160255647169130_7176720375705512420_n-768x576.jpg 768w, https:\/\/radio.unrc.edu.ar\/wp-content\/uploads\/2023\/10\/368063827_160255647169130_7176720375705512420_n-150x113.jpg 150w, https:\/\/radio.unrc.edu.ar\/wp-content\/uploads\/2023\/10\/368063827_160255647169130_7176720375705512420_n-696x522.jpg 696w, https:\/\/radio.unrc.edu.ar\/wp-content\/uploads\/2023\/10\/368063827_160255647169130_7176720375705512420_n-1068x801.jpg 1068w, https:\/\/radio.unrc.edu.ar\/wp-content\/uploads\/2023\/10\/368063827_160255647169130_7176720375705512420_n-265x198.jpg 265w\" sizes=\"(max-width: 1280px) 100vw, 1280px\" alt=\"\">\r\n                            <\/a>\r\n                            \r\n                        <\/figure>\r\n                    <\/div>\r\n                    <div class = \"td-slide-item td-item3\">\r\n                        <figure class=\"td-slide-galery-figure td-slide-popup-gallery\">\r\n                            <a class=\"slide-gallery-image-link\" href=\"https:\/\/radio.unrc.edu.ar\/wp-content\/uploads\/2023\/10\/372139339_1317430512235300_7970866878577699615_n.jpg\" title=\"372139339_1317430512235300_7970866878577699615_n\"  data-caption=\"\"  data-description=\"\">\r\n                                <img decoding=\"async\" src=\"https:\/\/radio.unrc.edu.ar\/wp-content\/uploads\/2023\/10\/372139339_1317430512235300_7970866878577699615_n.jpg\" srcset=\"https:\/\/radio.unrc.edu.ar\/wp-content\/uploads\/2023\/10\/372139339_1317430512235300_7970866878577699615_n.jpg 1600w, https:\/\/radio.unrc.edu.ar\/wp-content\/uploads\/2023\/10\/372139339_1317430512235300_7970866878577699615_n-300x200.jpg 300w, https:\/\/radio.unrc.edu.ar\/wp-content\/uploads\/2023\/10\/372139339_1317430512235300_7970866878577699615_n-1024x684.jpg 1024w, https:\/\/radio.unrc.edu.ar\/wp-content\/uploads\/2023\/10\/372139339_1317430512235300_7970866878577699615_n-768x513.jpg 768w, https:\/\/radio.unrc.edu.ar\/wp-content\/uploads\/2023\/10\/372139339_1317430512235300_7970866878577699615_n-1536x1025.jpg 1536w, https:\/\/radio.unrc.edu.ar\/wp-content\/uploads\/2023\/10\/372139339_1317430512235300_7970866878577699615_n-150x100.jpg 150w, https:\/\/radio.unrc.edu.ar\/wp-content\/uploads\/2023\/10\/372139339_1317430512235300_7970866878577699615_n-696x465.jpg 696w, https:\/\/radio.unrc.edu.ar\/wp-content\/uploads\/2023\/10\/372139339_1317430512235300_7970866878577699615_n-1068x713.jpg 1068w\" sizes=\"(max-width: 1600px) 100vw, 1600px\" alt=\"\">\r\n                            <\/a>\r\n                            \r\n                        <\/figure>\r\n                    <\/div>\r\n                    <div class = \"td-slide-item td-item4\">\r\n                        <figure class=\"td-slide-galery-figure td-slide-popup-gallery\">\r\n                            <a class=\"slide-gallery-image-link\" href=\"https:\/\/radio.unrc.edu.ar\/wp-content\/uploads\/2023\/10\/380267179_771193991482294_1844190305666353369_n.jpg\" title=\"380267179_771193991482294_1844190305666353369_n\"  data-caption=\"\"  data-description=\"\">\r\n                                <img decoding=\"async\" src=\"https:\/\/radio.unrc.edu.ar\/wp-content\/uploads\/2023\/10\/380267179_771193991482294_1844190305666353369_n.jpg\" srcset=\"https:\/\/radio.unrc.edu.ar\/wp-content\/uploads\/2023\/10\/380267179_771193991482294_1844190305666353369_n.jpg 1280w, https:\/\/radio.unrc.edu.ar\/wp-content\/uploads\/2023\/10\/380267179_771193991482294_1844190305666353369_n-300x169.jpg 300w, https:\/\/radio.unrc.edu.ar\/wp-content\/uploads\/2023\/10\/380267179_771193991482294_1844190305666353369_n-1024x576.jpg 1024w, https:\/\/radio.unrc.edu.ar\/wp-content\/uploads\/2023\/10\/380267179_771193991482294_1844190305666353369_n-768x432.jpg 768w, https:\/\/radio.unrc.edu.ar\/wp-content\/uploads\/2023\/10\/380267179_771193991482294_1844190305666353369_n-150x84.jpg 150w, https:\/\/radio.unrc.edu.ar\/wp-content\/uploads\/2023\/10\/380267179_771193991482294_1844190305666353369_n-696x392.jpg 696w, https:\/\/radio.unrc.edu.ar\/wp-content\/uploads\/2023\/10\/380267179_771193991482294_1844190305666353369_n-1068x601.jpg 1068w\" sizes=\"(max-width: 1280px) 100vw, 1280px\" alt=\"\">\r\n                            <\/a>\r\n                            \r\n                        <\/figure>\r\n                    <\/div>\r\n                    <div class = \"td-slide-item td-item5\">\r\n                        <figure class=\"td-slide-galery-figure td-slide-popup-gallery\">\r\n                            <a class=\"slide-gallery-image-link\" href=\"https:\/\/radio.unrc.edu.ar\/wp-content\/uploads\/2023\/10\/386476766_1352922995596563_3541364123002008476_n.jpg\" title=\"386476766_1352922995596563_3541364123002008476_n\"  data-caption=\"\"  data-description=\"\">\r\n                                <img decoding=\"async\" src=\"https:\/\/radio.unrc.edu.ar\/wp-content\/uploads\/2023\/10\/386476766_1352922995596563_3541364123002008476_n.jpg\" srcset=\"https:\/\/radio.unrc.edu.ar\/wp-content\/uploads\/2023\/10\/386476766_1352922995596563_3541364123002008476_n.jpg 1600w, https:\/\/radio.unrc.edu.ar\/wp-content\/uploads\/2023\/10\/386476766_1352922995596563_3541364123002008476_n-300x200.jpg 300w, https:\/\/radio.unrc.edu.ar\/wp-content\/uploads\/2023\/10\/386476766_1352922995596563_3541364123002008476_n-1024x684.jpg 1024w, https:\/\/radio.unrc.edu.ar\/wp-content\/uploads\/2023\/10\/386476766_1352922995596563_3541364123002008476_n-768x513.jpg 768w, https:\/\/radio.unrc.edu.ar\/wp-content\/uploads\/2023\/10\/386476766_1352922995596563_3541364123002008476_n-1536x1025.jpg 1536w, https:\/\/radio.unrc.edu.ar\/wp-content\/uploads\/2023\/10\/386476766_1352922995596563_3541364123002008476_n-150x100.jpg 150w, https:\/\/radio.unrc.edu.ar\/wp-content\/uploads\/2023\/10\/386476766_1352922995596563_3541364123002008476_n-696x465.jpg 696w, https:\/\/radio.unrc.edu.ar\/wp-content\/uploads\/2023\/10\/386476766_1352922995596563_3541364123002008476_n-1068x713.jpg 1068w\" sizes=\"(max-width: 1600px) 100vw, 1600px\" alt=\"\">\r\n                            <\/a>\r\n                            \r\n                        <\/figure>\r\n                    <\/div>\r\n                            <\/div>\r\n                        <\/div>\r\n\r\n                        <div class = \"td-doubleSlider-2\">\r\n                            <div class = \"td-slider\">\r\n                                \r\n                    <div class = \"td-button td-item1\">\r\n                        <div class = \"td-border\"><\/div>\r\n                    <\/div>\r\n                    <div class = \"td-button td-item2\">\r\n                        <div class = \"td-border\"><\/div>\r\n                    <\/div>\r\n                    <div class = \"td-button td-item3\">\r\n                        <div class = \"td-border\"><\/div>\r\n                    <\/div>\r\n                    <div class = \"td-button td-item4\">\r\n                        <div class = \"td-border\"><\/div>\r\n                    <\/div>\r\n                    <div class = \"td-button td-item5\">\r\n                        <div class = \"td-border\"><\/div>\r\n                    <\/div>\r\n                            <\/div>\r\n                        <\/div>\r\n\r\n                    <\/div>\r\n\r\n                <\/div>\r\n                \n<p><strong>Segu\u00ed la feria en vivo por<\/strong> <a href=\"https:\/\/radiio.com.ar\/app\/4f11e128fedee93e?app-multi=preview\">RADIO UNIVERSIDAD<\/a><\/p>\n","protected":false},"excerpt":{"rendered":"<p>Desde este martes y hasta el pr\u00f3ximo domingo, habr\u00e1 distintas actividades en varios escenarios de toda la ciudad. Fernando Sassatelli, responsable del \u00e1rea Cultura de la Municipalidad, dijo que la Feria del Libro, as\u00ed como otros eventos art\u00edsticos, forman parte de la historia de la ciudad. RadioUNRC \u00b7 Fernando Sassatelli Segu\u00ed la feria en vivo [&hellip;]<\/p>\n","protected":false},"author":2,"featured_media":11925,"comment_status":"open","ping_status":"open","sticky":false,"template":"","format":"standard","meta":{"footnotes":""},"categories":[20,18],"tags":[],"class_list":{"0":"post-11919","1":"post","2":"type-post","3":"status-publish","4":"format-standard","5":"has-post-thumbnail","7":"category-arte-y-espectaculos","8":"category-locales"},"yoast_head":"<!-- This site is optimized with the Yoast SEO plugin v21.5 - https:\/\/yoast.com\/wordpress\/plugins\/seo\/ -->\n<title>Abri\u00f3 sus puertas la 19\u00ba edici\u00f3n de la Feria del Libro Juan Filloy - Radio UNRC<\/title>\n<meta name=\"description\" content=\"La radio que te hace sentir y pensar.\" \/>\n<meta name=\"robots\" content=\"index, follow, max-snippet:-1, max-image-preview:large, max-video-preview:-1\" \/>\n<link rel=\"canonical\" href=\"https:\/\/radio.unrc.edu.ar\/?p=11919\" \/>\n<meta property=\"og:locale\" content=\"es_ES\" \/>\n<meta property=\"og:type\" content=\"article\" \/>\n<meta property=\"og:title\" content=\"Abri\u00f3 sus puertas la 19\u00ba edici\u00f3n de la Feria del Libro Juan Filloy - Radio UNRC\" \/>\n<meta property=\"og:description\" content=\"La radio que te hace sentir y pensar.\" \/>\n<meta property=\"og:url\" content=\"https:\/\/radio.unrc.edu.ar\/?p=11919\" \/>\n<meta property=\"og:site_name\" content=\"Radio UNRC\" \/>\n<meta property=\"article:publisher\" content=\"https:\/\/www.facebook.com\/radiounrc\" \/>\n<meta property=\"article:published_time\" content=\"2023-10-31T18:43:50+00:00\" \/>\n<meta property=\"article:modified_time\" content=\"2023-11-01T13:55:49+00:00\" \/>\n<meta property=\"og:image\" content=\"https:\/\/radio.unrc.edu.ar\/wp-content\/uploads\/2023\/10\/feria.jpg\" \/>\n\t<meta property=\"og:image:width\" content=\"1280\" \/>\n\t<meta property=\"og:image:height\" content=\"740\" \/>\n\t<meta property=\"og:image:type\" content=\"image\/jpeg\" \/>\n<meta name=\"author\" content=\"majo\" \/>\n<meta name=\"twitter:card\" content=\"summary_large_image\" \/>\n<meta name=\"twitter:label1\" content=\"Escrito por\" \/>\n\t<meta name=\"twitter:data1\" content=\"majo\" \/>\n\t<meta name=\"twitter:label2\" content=\"Tiempo de lectura\" \/>\n\t<meta name=\"twitter:data2\" content=\"1 minuto\" \/>\n<script type=\"application\/ld+json\" class=\"yoast-schema-graph\">{\"@context\":\"https:\/\/schema.org\",\"@graph\":[{\"@type\":\"Article\",\"@id\":\"https:\/\/radio.unrc.edu.ar\/?p=11919#article\",\"isPartOf\":{\"@id\":\"https:\/\/radio.unrc.edu.ar\/?p=11919\"},\"author\":{\"name\":\"majo\",\"@id\":\"https:\/\/radio.unrc.edu.ar\/#\/schema\/person\/197edd08d015632a43a5e6a515c4f7a6\"},\"headline\":\"Abri\u00f3 sus puertas la 19\u00ba edici\u00f3n de la Feria del Libro Juan Filloy\",\"datePublished\":\"2023-10-31T18:43:50+00:00\",\"dateModified\":\"2023-11-01T13:55:49+00:00\",\"mainEntityOfPage\":{\"@id\":\"https:\/\/radio.unrc.edu.ar\/?p=11919\"},\"wordCount\":81,\"commentCount\":0,\"publisher\":{\"@id\":\"https:\/\/radio.unrc.edu.ar\/#organization\"},\"articleSection\":[\"Arte y Espect\u00e1culos\",\"Locales\"],\"inLanguage\":\"es\",\"potentialAction\":[{\"@type\":\"CommentAction\",\"name\":\"Comment\",\"target\":[\"https:\/\/radio.unrc.edu.ar\/?p=11919#respond\"]}]},{\"@type\":\"WebPage\",\"@id\":\"https:\/\/radio.unrc.edu.ar\/?p=11919\",\"url\":\"https:\/\/radio.unrc.edu.ar\/?p=11919\",\"name\":\"Abri\u00f3 sus puertas la 19\u00ba edici\u00f3n de la Feria del Libro Juan Filloy - Radio UNRC\",\"isPartOf\":{\"@id\":\"https:\/\/radio.unrc.edu.ar\/#website\"},\"datePublished\":\"2023-10-31T18:43:50+00:00\",\"dateModified\":\"2023-11-01T13:55:49+00:00\",\"description\":\"La radio que te hace sentir y pensar.\",\"breadcrumb\":{\"@id\":\"https:\/\/radio.unrc.edu.ar\/?p=11919#breadcrumb\"},\"inLanguage\":\"es\",\"potentialAction\":[{\"@type\":\"ReadAction\",\"target\":[\"https:\/\/radio.unrc.edu.ar\/?p=11919\"]}]},{\"@type\":\"BreadcrumbList\",\"@id\":\"https:\/\/radio.unrc.edu.ar\/?p=11919#breadcrumb\",\"itemListElement\":[{\"@type\":\"ListItem\",\"position\":1,\"name\":\"Portada\",\"item\":\"https:\/\/radio.unrc.edu.ar\/\"},{\"@type\":\"ListItem\",\"position\":2,\"name\":\"Abri\u00f3 sus puertas la 19\u00ba edici\u00f3n de la Feria del Libro Juan Filloy\"}]},{\"@type\":\"WebSite\",\"@id\":\"https:\/\/radio.unrc.edu.ar\/#website\",\"url\":\"https:\/\/radio.unrc.edu.ar\/\",\"name\":\"Radio UNRC\",\"description\":\"La Radio de la Uni, la que te hace sentir y pensar\",\"publisher\":{\"@id\":\"https:\/\/radio.unrc.edu.ar\/#organization\"},\"potentialAction\":[{\"@type\":\"SearchAction\",\"target\":{\"@type\":\"EntryPoint\",\"urlTemplate\":\"https:\/\/radio.unrc.edu.ar\/?s={search_term_string}\"},\"query-input\":\"required name=search_term_string\"}],\"inLanguage\":\"es\"},{\"@type\":\"Organization\",\"@id\":\"https:\/\/radio.unrc.edu.ar\/#organization\",\"name\":\"Radio UNRC\",\"url\":\"https:\/\/radio.unrc.edu.ar\/\",\"logo\":{\"@type\":\"ImageObject\",\"inLanguage\":\"es\",\"@id\":\"https:\/\/radio.unrc.edu.ar\/#\/schema\/logo\/image\/\",\"url\":\"https:\/\/radio.unrc.edu.ar\/wp-content\/uploads\/2022\/03\/logo-radio-544.png\",\"contentUrl\":\"https:\/\/radio.unrc.edu.ar\/wp-content\/uploads\/2022\/03\/logo-radio-544.png\",\"width\":544,\"height\":180,\"caption\":\"Radio UNRC\"},\"image\":{\"@id\":\"https:\/\/radio.unrc.edu.ar\/#\/schema\/logo\/image\/\"},\"sameAs\":[\"https:\/\/www.facebook.com\/radiounrc\",\"https:\/\/www.instagram.com\/radiounrc\/\"]},{\"@type\":\"Person\",\"@id\":\"https:\/\/radio.unrc.edu.ar\/#\/schema\/person\/197edd08d015632a43a5e6a515c4f7a6\",\"name\":\"majo\",\"image\":{\"@type\":\"ImageObject\",\"inLanguage\":\"es\",\"@id\":\"https:\/\/radio.unrc.edu.ar\/#\/schema\/person\/image\/\",\"url\":\"https:\/\/secure.gravatar.com\/avatar\/6806165fb7635331b44fb331ffb478c3230b9d62d675244a0e2dfd0cb8d8b503?s=96&d=mm&r=g\",\"contentUrl\":\"https:\/\/secure.gravatar.com\/avatar\/6806165fb7635331b44fb331ffb478c3230b9d62d675244a0e2dfd0cb8d8b503?s=96&d=mm&r=g\",\"caption\":\"majo\"},\"url\":\"https:\/\/radio.unrc.edu.ar\/?author=2\"}]}<\/script>\n<!-- \/ Yoast SEO plugin. -->","yoast_head_json":{"title":"Abri\u00f3 sus puertas la 19\u00ba edici\u00f3n de la Feria del Libro Juan Filloy - Radio UNRC","description":"La radio que te hace sentir y pensar.","robots":{"index":"index","follow":"follow","max-snippet":"max-snippet:-1","max-image-preview":"max-image-preview:large","max-video-preview":"max-video-preview:-1"},"canonical":"https:\/\/radio.unrc.edu.ar\/?p=11919","og_locale":"es_ES","og_type":"article","og_title":"Abri\u00f3 sus puertas la 19\u00ba edici\u00f3n de la Feria del Libro Juan Filloy - Radio UNRC","og_description":"La radio que te hace sentir y pensar.","og_url":"https:\/\/radio.unrc.edu.ar\/?p=11919","og_site_name":"Radio UNRC","article_publisher":"https:\/\/www.facebook.com\/radiounrc","article_published_time":"2023-10-31T18:43:50+00:00","article_modified_time":"2023-11-01T13:55:49+00:00","og_image":[{"width":1280,"height":740,"url":"https:\/\/radio.unrc.edu.ar\/wp-content\/uploads\/2023\/10\/feria.jpg","type":"image\/jpeg"}],"author":"majo","twitter_card":"summary_large_image","twitter_misc":{"Escrito por":"majo","Tiempo de lectura":"1 minuto"},"schema":{"@context":"https:\/\/schema.org","@graph":[{"@type":"Article","@id":"https:\/\/radio.unrc.edu.ar\/?p=11919#article","isPartOf":{"@id":"https:\/\/radio.unrc.edu.ar\/?p=11919"},"author":{"name":"majo","@id":"https:\/\/radio.unrc.edu.ar\/#\/schema\/person\/197edd08d015632a43a5e6a515c4f7a6"},"headline":"Abri\u00f3 sus puertas la 19\u00ba edici\u00f3n de la Feria del Libro Juan Filloy","datePublished":"2023-10-31T18:43:50+00:00","dateModified":"2023-11-01T13:55:49+00:00","mainEntityOfPage":{"@id":"https:\/\/radio.unrc.edu.ar\/?p=11919"},"wordCount":81,"commentCount":0,"publisher":{"@id":"https:\/\/radio.unrc.edu.ar\/#organization"},"articleSection":["Arte y Espect\u00e1culos","Locales"],"inLanguage":"es","potentialAction":[{"@type":"CommentAction","name":"Comment","target":["https:\/\/radio.unrc.edu.ar\/?p=11919#respond"]}]},{"@type":"WebPage","@id":"https:\/\/radio.unrc.edu.ar\/?p=11919","url":"https:\/\/radio.unrc.edu.ar\/?p=11919","name":"Abri\u00f3 sus puertas la 19\u00ba edici\u00f3n de la Feria del Libro Juan Filloy - Radio UNRC","isPartOf":{"@id":"https:\/\/radio.unrc.edu.ar\/#website"},"datePublished":"2023-10-31T18:43:50+00:00","dateModified":"2023-11-01T13:55:49+00:00","description":"La radio que te hace sentir y pensar.","breadcrumb":{"@id":"https:\/\/radio.unrc.edu.ar\/?p=11919#breadcrumb"},"inLanguage":"es","potentialAction":[{"@type":"ReadAction","target":["https:\/\/radio.unrc.edu.ar\/?p=11919"]}]},{"@type":"BreadcrumbList","@id":"https:\/\/radio.unrc.edu.ar\/?p=11919#breadcrumb","itemListElement":[{"@type":"ListItem","position":1,"name":"Portada","item":"https:\/\/radio.unrc.edu.ar\/"},{"@type":"ListItem","position":2,"name":"Abri\u00f3 sus puertas la 19\u00ba edici\u00f3n de la Feria del Libro Juan Filloy"}]},{"@type":"WebSite","@id":"https:\/\/radio.unrc.edu.ar\/#website","url":"https:\/\/radio.unrc.edu.ar\/","name":"Radio UNRC","description":"La Radio de la Uni, la que te hace sentir y pensar","publisher":{"@id":"https:\/\/radio.unrc.edu.ar\/#organization"},"potentialAction":[{"@type":"SearchAction","target":{"@type":"EntryPoint","urlTemplate":"https:\/\/radio.unrc.edu.ar\/?s={search_term_string}"},"query-input":"required name=search_term_string"}],"inLanguage":"es"},{"@type":"Organization","@id":"https:\/\/radio.unrc.edu.ar\/#organization","name":"Radio UNRC","url":"https:\/\/radio.unrc.edu.ar\/","logo":{"@type":"ImageObject","inLanguage":"es","@id":"https:\/\/radio.unrc.edu.ar\/#\/schema\/logo\/image\/","url":"https:\/\/radio.unrc.edu.ar\/wp-content\/uploads\/2022\/03\/logo-radio-544.png","contentUrl":"https:\/\/radio.unrc.edu.ar\/wp-content\/uploads\/2022\/03\/logo-radio-544.png","width":544,"height":180,"caption":"Radio UNRC"},"image":{"@id":"https:\/\/radio.unrc.edu.ar\/#\/schema\/logo\/image\/"},"sameAs":["https:\/\/www.facebook.com\/radiounrc","https:\/\/www.instagram.com\/radiounrc\/"]},{"@type":"Person","@id":"https:\/\/radio.unrc.edu.ar\/#\/schema\/person\/197edd08d015632a43a5e6a515c4f7a6","name":"majo","image":{"@type":"ImageObject","inLanguage":"es","@id":"https:\/\/radio.unrc.edu.ar\/#\/schema\/person\/image\/","url":"https:\/\/secure.gravatar.com\/avatar\/6806165fb7635331b44fb331ffb478c3230b9d62d675244a0e2dfd0cb8d8b503?s=96&d=mm&r=g","contentUrl":"https:\/\/secure.gravatar.com\/avatar\/6806165fb7635331b44fb331ffb478c3230b9d62d675244a0e2dfd0cb8d8b503?s=96&d=mm&r=g","caption":"majo"},"url":"https:\/\/radio.unrc.edu.ar\/?author=2"}]}},"_links":{"self":[{"href":"https:\/\/radio.unrc.edu.ar\/index.php?rest_route=\/wp\/v2\/posts\/11919","targetHints":{"allow":["GET"]}}],"collection":[{"href":"https:\/\/radio.unrc.edu.ar\/index.php?rest_route=\/wp\/v2\/posts"}],"about":[{"href":"https:\/\/radio.unrc.edu.ar\/index.php?rest_route=\/wp\/v2\/types\/post"}],"author":[{"embeddable":true,"href":"https:\/\/radio.unrc.edu.ar\/index.php?rest_route=\/wp\/v2\/users\/2"}],"replies":[{"embeddable":true,"href":"https:\/\/radio.unrc.edu.ar\/index.php?rest_route=%2Fwp%2Fv2%2Fcomments&post=11919"}],"version-history":[{"count":1,"href":"https:\/\/radio.unrc.edu.ar\/index.php?rest_route=\/wp\/v2\/posts\/11919\/revisions"}],"predecessor-version":[{"id":11926,"href":"https:\/\/radio.unrc.edu.ar\/index.php?rest_route=\/wp\/v2\/posts\/11919\/revisions\/11926"}],"wp:featuredmedia":[{"embeddable":true,"href":"https:\/\/radio.unrc.edu.ar\/index.php?rest_route=\/wp\/v2\/media\/11925"}],"wp:attachment":[{"href":"https:\/\/radio.unrc.edu.ar\/index.php?rest_route=%2Fwp%2Fv2%2Fmedia&parent=11919"}],"wp:term":[{"taxonomy":"category","embeddable":true,"href":"https:\/\/radio.unrc.edu.ar\/index.php?rest_route=%2Fwp%2Fv2%2Fcategories&post=11919"},{"taxonomy":"post_tag","embeddable":true,"href":"https:\/\/radio.unrc.edu.ar\/index.php?rest_route=%2Fwp%2Fv2%2Ftags&post=11919"}],"curies":[{"name":"wp","href":"https:\/\/api.w.org\/{rel}","templated":true}]}}