{"id":13452,"date":"2024-01-05T15:03:00","date_gmt":"2024-01-05T15:03:00","guid":{"rendered":"https:\/\/radio.unrc.edu.ar\/?p=13452"},"modified":"2024-01-05T15:03:00","modified_gmt":"2024-01-05T15:03:00","slug":"el-rio-de-achiras-crecio-un-metro-y-medio-por-las-lluvias","status":"publish","type":"post","link":"https:\/\/radio.unrc.edu.ar\/?p=13452","title":{"rendered":"El r\u00edo de Achiras creci\u00f3 un metro y medio por las lluvias"},"content":{"rendered":"<p>Pese a la crecida del r\u00edo, no hubo mayores inconvenientes en Achiras.<\/p>\n<p>El caudal aument\u00f3 un metro y medio de la cuenca. Tambi\u00e9n en Alpa Corral el r\u00edo subi\u00f3 su caudal con esa misma medici\u00f3n.<\/p>\n<p>El d\u00e9ficit h\u00eddrico es de casi 200 mil\u00edmetros, aun con las lluvias de estas horas. As\u00ed lo explic\u00f3 Fabi\u00e1n Alan\u00eds, del cuerpo de bomberos de Achiras, quien manifest\u00f3 la necesidad de que siga lloviendo para optimizar la provisi\u00f3n de agua potable.<\/p>\n<p><iframe title=\"Alaniz Fabi\u00e1n by Maria Ver\u00f3nica\" width=\"696\" height=\"400\" scrolling=\"no\" frameborder=\"no\" src=\"https:\/\/w.soundcloud.com\/player\/?visual=true&#038;url=https%3A%2F%2Fapi.soundcloud.com%2Ftracks%2F1709277180&#038;show_artwork=true&#038;maxheight=1000&#038;maxwidth=696\"><\/iframe><\/p>\n","protected":false},"excerpt":{"rendered":"<p>Pese a la crecida del r\u00edo, no hubo mayores inconvenientes en Achiras. El caudal aument\u00f3 un metro y medio de la cuenca. Tambi\u00e9n en Alpa Corral el r\u00edo subi\u00f3 su caudal con esa misma medici\u00f3n. El d\u00e9ficit h\u00eddrico es de casi 200 mil\u00edmetros, aun con las lluvias de estas horas. As\u00ed lo explic\u00f3 Fabi\u00e1n Alan\u00eds, [&hellip;]<\/p>\n","protected":false},"author":4,"featured_media":13453,"comment_status":"open","ping_status":"open","sticky":false,"template":"","format":"standard","meta":{"footnotes":""},"categories":[18],"tags":[26],"class_list":{"0":"post-13452","1":"post","2":"type-post","3":"status-publish","4":"format-standard","5":"has-post-thumbnail","7":"category-locales","8":"tag-destacadas"},"yoast_head":"<!-- This site is optimized with the Yoast SEO plugin v21.5 - https:\/\/yoast.com\/wordpress\/plugins\/seo\/ -->\n<title>El r\u00edo de Achiras creci\u00f3 un metro y medio por las lluvias - Radio UNRC<\/title>\n<meta name=\"description\" content=\"La radio que te hace sentir y pensar.\" \/>\n<meta name=\"robots\" content=\"index, follow, max-snippet:-1, max-image-preview:large, max-video-preview:-1\" \/>\n<link rel=\"canonical\" href=\"https:\/\/radio.unrc.edu.ar\/?p=13452\" \/>\n<meta property=\"og:locale\" content=\"es_ES\" \/>\n<meta property=\"og:type\" content=\"article\" \/>\n<meta property=\"og:title\" content=\"El r\u00edo de Achiras creci\u00f3 un metro y medio por las lluvias - Radio UNRC\" \/>\n<meta property=\"og:description\" content=\"La radio que te hace sentir y pensar.\" \/>\n<meta property=\"og:url\" content=\"https:\/\/radio.unrc.edu.ar\/?p=13452\" \/>\n<meta property=\"og:site_name\" content=\"Radio UNRC\" \/>\n<meta property=\"article:publisher\" content=\"https:\/\/www.facebook.com\/radiounrc\" \/>\n<meta property=\"article:published_time\" content=\"2024-01-05T15:03:00+00:00\" \/>\n<meta property=\"og:image\" content=\"https:\/\/radio.unrc.edu.ar\/wp-content\/uploads\/2024\/01\/Sin-titulo-4.jpg\" \/>\n\t<meta property=\"og:image:width\" content=\"1280\" \/>\n\t<meta property=\"og:image:height\" content=\"740\" \/>\n\t<meta property=\"og:image:type\" content=\"image\/jpeg\" \/>\n<meta name=\"author\" content=\"javier\" \/>\n<meta name=\"twitter:card\" content=\"summary_large_image\" \/>\n<meta name=\"twitter:label1\" content=\"Escrito por\" \/>\n\t<meta name=\"twitter:data1\" content=\"javier\" \/>\n<script type=\"application\/ld+json\" class=\"yoast-schema-graph\">{\"@context\":\"https:\/\/schema.org\",\"@graph\":[{\"@type\":\"Article\",\"@id\":\"https:\/\/radio.unrc.edu.ar\/?p=13452#article\",\"isPartOf\":{\"@id\":\"https:\/\/radio.unrc.edu.ar\/?p=13452\"},\"author\":{\"name\":\"javier\",\"@id\":\"https:\/\/radio.unrc.edu.ar\/#\/schema\/person\/a5391b308c3ca8a7f44d85677e2bdcba\"},\"headline\":\"El r\u00edo de Achiras creci\u00f3 un metro y medio por las lluvias\",\"datePublished\":\"2024-01-05T15:03:00+00:00\",\"dateModified\":\"2024-01-05T15:03:00+00:00\",\"mainEntityOfPage\":{\"@id\":\"https:\/\/radio.unrc.edu.ar\/?p=13452\"},\"wordCount\":120,\"commentCount\":0,\"publisher\":{\"@id\":\"https:\/\/radio.unrc.edu.ar\/#organization\"},\"keywords\":[\"Destacadas\"],\"articleSection\":[\"Locales\"],\"inLanguage\":\"es\",\"potentialAction\":[{\"@type\":\"CommentAction\",\"name\":\"Comment\",\"target\":[\"https:\/\/radio.unrc.edu.ar\/?p=13452#respond\"]}]},{\"@type\":\"WebPage\",\"@id\":\"https:\/\/radio.unrc.edu.ar\/?p=13452\",\"url\":\"https:\/\/radio.unrc.edu.ar\/?p=13452\",\"name\":\"El r\u00edo de Achiras creci\u00f3 un metro y medio por las lluvias - Radio UNRC\",\"isPartOf\":{\"@id\":\"https:\/\/radio.unrc.edu.ar\/#website\"},\"datePublished\":\"2024-01-05T15:03:00+00:00\",\"dateModified\":\"2024-01-05T15:03:00+00:00\",\"description\":\"La radio que te hace sentir y pensar.\",\"breadcrumb\":{\"@id\":\"https:\/\/radio.unrc.edu.ar\/?p=13452#breadcrumb\"},\"inLanguage\":\"es\",\"potentialAction\":[{\"@type\":\"ReadAction\",\"target\":[\"https:\/\/radio.unrc.edu.ar\/?p=13452\"]}]},{\"@type\":\"BreadcrumbList\",\"@id\":\"https:\/\/radio.unrc.edu.ar\/?p=13452#breadcrumb\",\"itemListElement\":[{\"@type\":\"ListItem\",\"position\":1,\"name\":\"Portada\",\"item\":\"https:\/\/radio.unrc.edu.ar\/\"},{\"@type\":\"ListItem\",\"position\":2,\"name\":\"El r\u00edo de Achiras creci\u00f3 un metro y medio por las lluvias\"}]},{\"@type\":\"WebSite\",\"@id\":\"https:\/\/radio.unrc.edu.ar\/#website\",\"url\":\"https:\/\/radio.unrc.edu.ar\/\",\"name\":\"Radio UNRC\",\"description\":\"La Radio de la Uni, la que te hace sentir y pensar\",\"publisher\":{\"@id\":\"https:\/\/radio.unrc.edu.ar\/#organization\"},\"potentialAction\":[{\"@type\":\"SearchAction\",\"target\":{\"@type\":\"EntryPoint\",\"urlTemplate\":\"https:\/\/radio.unrc.edu.ar\/?s={search_term_string}\"},\"query-input\":\"required name=search_term_string\"}],\"inLanguage\":\"es\"},{\"@type\":\"Organization\",\"@id\":\"https:\/\/radio.unrc.edu.ar\/#organization\",\"name\":\"Radio UNRC\",\"url\":\"https:\/\/radio.unrc.edu.ar\/\",\"logo\":{\"@type\":\"ImageObject\",\"inLanguage\":\"es\",\"@id\":\"https:\/\/radio.unrc.edu.ar\/#\/schema\/logo\/image\/\",\"url\":\"https:\/\/radio.unrc.edu.ar\/wp-content\/uploads\/2022\/03\/logo-radio-544.png\",\"contentUrl\":\"https:\/\/radio.unrc.edu.ar\/wp-content\/uploads\/2022\/03\/logo-radio-544.png\",\"width\":544,\"height\":180,\"caption\":\"Radio UNRC\"},\"image\":{\"@id\":\"https:\/\/radio.unrc.edu.ar\/#\/schema\/logo\/image\/\"},\"sameAs\":[\"https:\/\/www.facebook.com\/radiounrc\",\"https:\/\/www.instagram.com\/radiounrc\/\"]},{\"@type\":\"Person\",\"@id\":\"https:\/\/radio.unrc.edu.ar\/#\/schema\/person\/a5391b308c3ca8a7f44d85677e2bdcba\",\"name\":\"javier\",\"image\":{\"@type\":\"ImageObject\",\"inLanguage\":\"es\",\"@id\":\"https:\/\/radio.unrc.edu.ar\/#\/schema\/person\/image\/\",\"url\":\"https:\/\/secure.gravatar.com\/avatar\/5ff90d64a73410b672fad73126063cddce57cd5b66f7cedb1e3caec8c1e05a66?s=96&d=mm&r=g\",\"contentUrl\":\"https:\/\/secure.gravatar.com\/avatar\/5ff90d64a73410b672fad73126063cddce57cd5b66f7cedb1e3caec8c1e05a66?s=96&d=mm&r=g\",\"caption\":\"javier\"},\"url\":\"https:\/\/radio.unrc.edu.ar\/?author=4\"}]}<\/script>\n<!-- \/ Yoast SEO plugin. -->","yoast_head_json":{"title":"El r\u00edo de Achiras creci\u00f3 un metro y medio por las lluvias - Radio UNRC","description":"La radio que te hace sentir y pensar.","robots":{"index":"index","follow":"follow","max-snippet":"max-snippet:-1","max-image-preview":"max-image-preview:large","max-video-preview":"max-video-preview:-1"},"canonical":"https:\/\/radio.unrc.edu.ar\/?p=13452","og_locale":"es_ES","og_type":"article","og_title":"El r\u00edo de Achiras creci\u00f3 un metro y medio por las lluvias - Radio UNRC","og_description":"La radio que te hace sentir y pensar.","og_url":"https:\/\/radio.unrc.edu.ar\/?p=13452","og_site_name":"Radio UNRC","article_publisher":"https:\/\/www.facebook.com\/radiounrc","article_published_time":"2024-01-05T15:03:00+00:00","og_image":[{"width":1280,"height":740,"url":"https:\/\/radio.unrc.edu.ar\/wp-content\/uploads\/2024\/01\/Sin-titulo-4.jpg","type":"image\/jpeg"}],"author":"javier","twitter_card":"summary_large_image","twitter_misc":{"Escrito por":"javier"},"schema":{"@context":"https:\/\/schema.org","@graph":[{"@type":"Article","@id":"https:\/\/radio.unrc.edu.ar\/?p=13452#article","isPartOf":{"@id":"https:\/\/radio.unrc.edu.ar\/?p=13452"},"author":{"name":"javier","@id":"https:\/\/radio.unrc.edu.ar\/#\/schema\/person\/a5391b308c3ca8a7f44d85677e2bdcba"},"headline":"El r\u00edo de Achiras creci\u00f3 un metro y medio por las lluvias","datePublished":"2024-01-05T15:03:00+00:00","dateModified":"2024-01-05T15:03:00+00:00","mainEntityOfPage":{"@id":"https:\/\/radio.unrc.edu.ar\/?p=13452"},"wordCount":120,"commentCount":0,"publisher":{"@id":"https:\/\/radio.unrc.edu.ar\/#organization"},"keywords":["Destacadas"],"articleSection":["Locales"],"inLanguage":"es","potentialAction":[{"@type":"CommentAction","name":"Comment","target":["https:\/\/radio.unrc.edu.ar\/?p=13452#respond"]}]},{"@type":"WebPage","@id":"https:\/\/radio.unrc.edu.ar\/?p=13452","url":"https:\/\/radio.unrc.edu.ar\/?p=13452","name":"El r\u00edo de Achiras creci\u00f3 un metro y medio por las lluvias - Radio UNRC","isPartOf":{"@id":"https:\/\/radio.unrc.edu.ar\/#website"},"datePublished":"2024-01-05T15:03:00+00:00","dateModified":"2024-01-05T15:03:00+00:00","description":"La radio que te hace sentir y pensar.","breadcrumb":{"@id":"https:\/\/radio.unrc.edu.ar\/?p=13452#breadcrumb"},"inLanguage":"es","potentialAction":[{"@type":"ReadAction","target":["https:\/\/radio.unrc.edu.ar\/?p=13452"]}]},{"@type":"BreadcrumbList","@id":"https:\/\/radio.unrc.edu.ar\/?p=13452#breadcrumb","itemListElement":[{"@type":"ListItem","position":1,"name":"Portada","item":"https:\/\/radio.unrc.edu.ar\/"},{"@type":"ListItem","position":2,"name":"El r\u00edo de Achiras creci\u00f3 un metro y medio por las lluvias"}]},{"@type":"WebSite","@id":"https:\/\/radio.unrc.edu.ar\/#website","url":"https:\/\/radio.unrc.edu.ar\/","name":"Radio UNRC","description":"La Radio de la Uni, la que te hace sentir y pensar","publisher":{"@id":"https:\/\/radio.unrc.edu.ar\/#organization"},"potentialAction":[{"@type":"SearchAction","target":{"@type":"EntryPoint","urlTemplate":"https:\/\/radio.unrc.edu.ar\/?s={search_term_string}"},"query-input":"required name=search_term_string"}],"inLanguage":"es"},{"@type":"Organization","@id":"https:\/\/radio.unrc.edu.ar\/#organization","name":"Radio UNRC","url":"https:\/\/radio.unrc.edu.ar\/","logo":{"@type":"ImageObject","inLanguage":"es","@id":"https:\/\/radio.unrc.edu.ar\/#\/schema\/logo\/image\/","url":"https:\/\/radio.unrc.edu.ar\/wp-content\/uploads\/2022\/03\/logo-radio-544.png","contentUrl":"https:\/\/radio.unrc.edu.ar\/wp-content\/uploads\/2022\/03\/logo-radio-544.png","width":544,"height":180,"caption":"Radio UNRC"},"image":{"@id":"https:\/\/radio.unrc.edu.ar\/#\/schema\/logo\/image\/"},"sameAs":["https:\/\/www.facebook.com\/radiounrc","https:\/\/www.instagram.com\/radiounrc\/"]},{"@type":"Person","@id":"https:\/\/radio.unrc.edu.ar\/#\/schema\/person\/a5391b308c3ca8a7f44d85677e2bdcba","name":"javier","image":{"@type":"ImageObject","inLanguage":"es","@id":"https:\/\/radio.unrc.edu.ar\/#\/schema\/person\/image\/","url":"https:\/\/secure.gravatar.com\/avatar\/5ff90d64a73410b672fad73126063cddce57cd5b66f7cedb1e3caec8c1e05a66?s=96&d=mm&r=g","contentUrl":"https:\/\/secure.gravatar.com\/avatar\/5ff90d64a73410b672fad73126063cddce57cd5b66f7cedb1e3caec8c1e05a66?s=96&d=mm&r=g","caption":"javier"},"url":"https:\/\/radio.unrc.edu.ar\/?author=4"}]}},"_links":{"self":[{"href":"https:\/\/radio.unrc.edu.ar\/index.php?rest_route=\/wp\/v2\/posts\/13452","targetHints":{"allow":["GET"]}}],"collection":[{"href":"https:\/\/radio.unrc.edu.ar\/index.php?rest_route=\/wp\/v2\/posts"}],"about":[{"href":"https:\/\/radio.unrc.edu.ar\/index.php?rest_route=\/wp\/v2\/types\/post"}],"author":[{"embeddable":true,"href":"https:\/\/radio.unrc.edu.ar\/index.php?rest_route=\/wp\/v2\/users\/4"}],"replies":[{"embeddable":true,"href":"https:\/\/radio.unrc.edu.ar\/index.php?rest_route=%2Fwp%2Fv2%2Fcomments&post=13452"}],"version-history":[{"count":1,"href":"https:\/\/radio.unrc.edu.ar\/index.php?rest_route=\/wp\/v2\/posts\/13452\/revisions"}],"predecessor-version":[{"id":13454,"href":"https:\/\/radio.unrc.edu.ar\/index.php?rest_route=\/wp\/v2\/posts\/13452\/revisions\/13454"}],"wp:featuredmedia":[{"embeddable":true,"href":"https:\/\/radio.unrc.edu.ar\/index.php?rest_route=\/wp\/v2\/media\/13453"}],"wp:attachment":[{"href":"https:\/\/radio.unrc.edu.ar\/index.php?rest_route=%2Fwp%2Fv2%2Fmedia&parent=13452"}],"wp:term":[{"taxonomy":"category","embeddable":true,"href":"https:\/\/radio.unrc.edu.ar\/index.php?rest_route=%2Fwp%2Fv2%2Fcategories&post=13452"},{"taxonomy":"post_tag","embeddable":true,"href":"https:\/\/radio.unrc.edu.ar\/index.php?rest_route=%2Fwp%2Fv2%2Ftags&post=13452"}],"curies":[{"name":"wp","href":"https:\/\/api.w.org\/{rel}","templated":true}]}}