{"id":13659,"date":"2024-01-24T20:33:49","date_gmt":"2024-01-24T20:33:49","guid":{"rendered":"https:\/\/radio.unrc.edu.ar\/?p=13659"},"modified":"2024-01-29T15:53:16","modified_gmt":"2024-01-29T15:53:16","slug":"mas-de-siete-mil-personas-se-movilizaron-en-contra-del-dnu-y-de-la-ley-omnibus","status":"publish","type":"post","link":"https:\/\/radio.unrc.edu.ar\/?p=13659","title":{"rendered":"M\u00e1s de siete mil personas se movilizaron en contra del DNU y de la Ley \u00f3mnibus"},"content":{"rendered":"<p>Una masiva movilizaci\u00f3n se produjo este mediod\u00eda en las calles de la ciudad en el marco de la jornada nacional de protesta y el paro lanzado por la CGT y las dos CTA.<\/p>\n<p>La columna recorri\u00f3 varias cuadras del centro y finaliz\u00f3 en la plaza Olmos De la Juventud, frente a la Municipalidad de R\u00edo Cuarto, donde se entreg\u00f3 un documento a las autoridades municipales.<\/p>\n<p>Participaron numerosos gremios de la ciudad, organizaciones populares, de Derechos Humanos, de estudiantes, organizaciones barriales, el Cordobazo cultural y numerosos grupos representativos de distintos sectores de la ciudad.<\/p>\n<p>Una columna de la multisectorial parti\u00f3 desde la plaza San Mart\u00edn y se uni\u00f3 a la que hab\u00eda convocado la CGT en la plaza Roca. Todo el conjunto de manifestantes sigui\u00f3 por calle Constituci\u00f3n, luego gir\u00f3 por Col\u00f3n y regres\u00f3 por Sobremonte hasta Belgrano, desde donde se dirigi\u00f3 a la Municipalidad.<\/p>\n<p>El documento<\/p>\n<p>El documento firmado por la CGT, la CTA A y la multisectorial sostiene que el pa\u00eds tiene \u201crecursos para salir de la crisis sin hambrear al pueblo\u201d.<\/p>\n<p>El siguiente es el texto del documento<\/p>\n<p>DOCUMENTO PARO NACIONAL DEL 24 DE ENERO<\/p>\n<p>La CGT &#8211; Regional Rio Cuarto, la CTA y la Multisectorial \u201cLa Patria no se vende\u201d, hoy nos convocamos y nos manifestamos en contra de la Ley \u201c\u00d3mnibus\u201d y el DNU 70\/23 porque perjudica a las trabajadoras, trabajadores y sociedad en su conjunto de la ciudad de Rio Cuarto y todo el pa\u00eds.<br \/>\nA un mes del inicio de mandato del gobierno encabezado por Javier Milei y Victoria Villarruel, nuestro Pueblo vive en la incertidumbre y desesperanza cotidiana tras una mega devaluaci\u00f3n que condiciona el sustento de vida, expresado en las subas del combustible, en los productos de la canasta b\u00e1sica y en los aumentos a esperarse en tarifas de luz, agua y gas, medicamentos, prepagas, alquileres, transporte, etc.<br \/>\n\u00bfQui\u00e9nes ponen el cuerpo en las crisis? Con el pretexto de acomodar la macroeconom\u00eda y evitar el famoso d\u00e9ficit fiscal, con la enga\u00f1osa excusa de que \u201cNo hay plata\u201d, est\u00e1n hambreando a nuestro Pueblo. SABEMOS QUE TENEMOS RECURSOS PARA SALIR DE LA CRISIS SIN HAMBREAR AL PUEBLO. EL PRECIO DE LA COMIDA ES UN CRIMEN Y ES VIOLENCIA.<\/p>\n<p>Es una preocupaci\u00f3n que hace al trabajo como eje organizador de la vida de todo el pueblo argentino. Cada una de las normas que se quieren derogar no son el privilegio para una organizaci\u00f3n o un sector determinado, por el contrario, atraviesa todas las familias argentinas, quienes estructuran su cotidianeidad y su proyecto de vida en torno al trabajo. La planificaci\u00f3n familiar, la vivienda, la educaci\u00f3n de los hijos, la salud de toda la familia, el retiro y bienestar de los mayores: todos los aspectos de la vida tienen que ver con el trabajo.<br \/>\nCada una de las normas que pretenden derogar fue parida con enorme esfuerzo; son cristalizaciones de procesos de lucha, discusi\u00f3n y consenso expresados en momentos hist\u00f3ricos de nuestra naci\u00f3n. Hoy, de un plumazo, pretenden eliminarlas. Acabamos de festejar los 40 a\u00f1os del retorno de la Democracia en la Argentina, dejando atr\u00e1s a\u00f1os de sangre, muerte y terrorismo de Estado. La Democracia requiere de la participaci\u00f3n de todos los sectores evitando la imposici\u00f3n autoritaria de una sola voz.<br \/>\nLas medidas econ\u00f3micas que intentan llevar adelante no son nuevas, ya lo vivimos. Son las mismas medidas, ideadas por las mismas cabezas e intereses que dise\u00f1aron la miseria planificada durante la \u00faltima dictadura y los gobiernos neoliberales de Menem y De la R\u00faa, que nos condujeron al estallido social del a\u00f1o 2001 y el gobierno de Macri. ELLOS, MACRI, BULLRICH, CAPUTO y STURZENEGGER SON LOS ENEMIGOS DEL PUEBLO.<br \/>\nHoy, el pueblo trabajador est\u00e1 en la calle, unido, para hacerse escuchar. La Ley \u201c\u00d3mnibus\u201d y \u201cel DNU\u201d son antipopulares, empobrecedores y excluyen socialmente. Este es un mensaje que trasciende al Movimiento Obrero Organizado y ata\u00f1e de toda la sociedad. Junto a artistas, deportistas, cient\u00edficos, educadores, profesionales, jubilados, las y los trabajadores de todos los sectores nos movilizamos en este paro general.<br \/>\nSabemos que ac\u00e1 no hay ni necesidad ni urgencia para nosotros, sino para las corporaciones econ\u00f3micas -nacionales e internacionales- y familias oligarqu\u00edas que representan el 1% de la poblaci\u00f3n. ES UN PLAN DE SAQUEO COLONIAL.<br \/>\nEstamos en desacuerdo que el destino de la Naci\u00f3n sea decidido por y para unos pocos. Cuando eso ocurre, son unos pocos los que se benefician. La riqueza de Argentina, como cualquier pa\u00eds del mundo, tiene su origen en el trabajo de las y los trabajadores: proviene de sus manos, habilidades y oficios, de su vocaci\u00f3n de servicio, de sus ideas e ingenio, de sus realizaciones y desarrollos. No puede ser que esa riqueza que genera todo el pueblo trabajador sea luego utilizada para jugar a la timba financiera entre unos pocos \u201cvivos\u201d, que nada tienen que ver con el trabajo y la generaci\u00f3n genuina de riqueza.<br \/>\nEs la casta financiera que c\u00edclicamente saquea la Argentina, saquea la riqueza que genera el pueblo trabajador. Y despu\u00e9s nos quieren hacer creer que el problema somos nosotros; que es el trabajo en blanco, la protecci\u00f3n laboral, las indemnizaciones, las obras sociales y la seguridad social, la huelga y la protesta. Y nos quieren hacer pagar a nosotros, con peores salarios, precarizaci\u00f3n y despidos.<br \/>\nEl ajuste se sostiene con represi\u00f3n. Para atajar el descontento popular, promulgan un protocolo \u201cantipiquetes\u201d con la intenci\u00f3n de restringir y amedrentar toda organizaci\u00f3n y manifestaci\u00f3n popular, permitiendo el accionar arbitrario del Estado, vulnerando nuestra Constituci\u00f3n, toda la Legislaci\u00f3n Laboral y los Derechos y Garant\u00edas Fundamentales, amenaz\u00e1ndonos con represi\u00f3n, persecuciones y cesant\u00edas en el trabajo, que ya est\u00e1n en marcha.<br \/>\nPor lo expresado, sostenemos que las grav\u00edsimas consecuencias del accionar de este gobierno en este breve lapso de tiempo, desnudan que no hay ning\u00fan plan de gobierno ni un proyecto de pa\u00eds, sino un vil y siniestro plan de negocios privados.<br \/>\nA nivel provincial, nos encontramos en estado de alerta permanente debido a que el flamante gobernador Llaryora, inaugur\u00f3 su gobierno con una represi\u00f3n llevada a cabo el 21 de diciembre en la ciudad capital, y en su discurso de garantizar \u201cgobernabilidad\u201d ha iniciado despidos a empleados p\u00fablicos de salud y cultura, Senaf, y se encuentra desconociendo acuerdos salariales con docentes e impuso un aporte extraordinario en la caja de jubilaciones y del Apross para todos los empleados p\u00fablicos de la provincia, lo que afecta directamente en los salarios de los mismos.<br \/>\nEl poder ha sido ocupado por poderosos grupos econ\u00f3micos, con la complicidad de ciertos sectores de los partidos pol\u00edticos, que buscan privatizar el patrimonio y las empresas del Estado Argentino, enajenar nuestros recursos naturales y bienes comunes para entregarlos a manos extranjeras, quit\u00e1ndonos soberan\u00eda y conden\u00e1ndonos a una asfixiante dependencia de Organismos Multilaterales de Cr\u00e9dito, poderosos Fondos Internacionales de Inversi\u00f3n, que pretenden sumirnos en una profunda recesi\u00f3n mediante un enorme golpe al valor real de los salarios; disminuci\u00f3n de la producci\u00f3n industrial y re-primarizar nuestra econom\u00eda, volviendo a ser nuevamente meros proveedores de materias primas, y forz\u00e1ndonos a renunciar a nuestra independencia cultural, cient\u00edfica, tecnol\u00f3gica, productiva y econ\u00f3mica, a nuestra Soberan\u00eda Nacional.<br \/>\nPretenden obligarnos a ser una colonia, un pa\u00eds que abastezca de materias primas a EEUU y los pa\u00edses capitalistas Occidentales, mientras nuestro pueblo se empobrece cada d\u00eda m\u00e1s, se ve privado de Salud y Educaci\u00f3n P\u00fablica de calidad y accesible, y se pisotean Derechos Humanos conquistados y consagrados tras d\u00e9cadas de lucha. Pretenden regalar nuestros recursos y el fruto de nuestro trabajo. Nuestro Pueblo no tiene vocaci\u00f3n de Colonia, por eso responsabilizamos y exigimos a los legisladores nacionales, provinciales y municipales, votados para la representaci\u00f3n popular, que se posicionen y frenen este saqueo a la Patria y esta destrucci\u00f3n de la Democracia.<br \/>\nEsta reforma constitucional encubierta no puede ser tratada y debe declararse de nulidad absoluta. Juraron para que el Pueblo y la Patria se los demande, y la historia y la fuerza est\u00e1 de nuestro lado. Exigimos la derogaci\u00f3n del DNU 70\/2023 en su conjunto; el rechazo a la Ley \u00d3mnibus en su conjunto; la anulaci\u00f3n de cualquier medida que atente contra los derechos y las libertades democr\u00e1ticas y la compensaci\u00f3n de la p\u00e9rdida del poder adquisitivo de todo el pueblo trabajador.<br \/>\nPara finalizar, este pueblo unido, jam\u00e1s ser\u00e1 vencido, pero solo si la unidad viene de la plena necesidad de defender a cada uno de los que hoy se ven perjudicados, desprotegidos y vulnerables. Los trabajadores enrolados en CGT, CTA, organizaciones sociales, los j\u00f3venes estudiantes y trabajadores, los jubilados, las madres y todos los que hoy marchamos, lo hacemos por una sencilla raz\u00f3n: porque defendemos nuestra bandera nacional que abraza a todo un pueblo. Por eso decimos, unidos y con fuerza: PATRIA S\u00cd COLONIA NO. LA PATRIA NO SE VENDE. <\/p>\n","protected":false},"excerpt":{"rendered":"<p>Una masiva movilizaci\u00f3n se produjo este mediod\u00eda en las calles de la ciudad en el marco de la jornada nacional de protesta y el paro lanzado por la CGT y las dos CTA. La columna recorri\u00f3 varias cuadras del centro y finaliz\u00f3 en la plaza Olmos De la Juventud, frente a la Municipalidad de R\u00edo [&hellip;]<\/p>\n","protected":false},"author":4,"featured_media":13660,"comment_status":"open","ping_status":"open","sticky":false,"template":"","format":"standard","meta":{"footnotes":""},"categories":[18],"tags":[],"class_list":{"0":"post-13659","1":"post","2":"type-post","3":"status-publish","4":"format-standard","5":"has-post-thumbnail","7":"category-locales"},"yoast_head":"<!-- This site is optimized with the Yoast SEO plugin v21.5 - https:\/\/yoast.com\/wordpress\/plugins\/seo\/ -->\n<title>M\u00e1s de siete mil personas se movilizaron en contra del DNU y de la Ley \u00f3mnibus - Radio UNRC<\/title>\n<meta name=\"description\" content=\"La radio que te hace sentir y pensar.\" \/>\n<meta name=\"robots\" content=\"index, follow, max-snippet:-1, max-image-preview:large, max-video-preview:-1\" \/>\n<link rel=\"canonical\" href=\"https:\/\/radio.unrc.edu.ar\/?p=13659\" \/>\n<meta property=\"og:locale\" content=\"es_ES\" \/>\n<meta property=\"og:type\" content=\"article\" \/>\n<meta property=\"og:title\" content=\"M\u00e1s de siete mil personas se movilizaron en contra del DNU y de la Ley \u00f3mnibus - Radio UNRC\" \/>\n<meta property=\"og:description\" content=\"La radio que te hace sentir y pensar.\" \/>\n<meta property=\"og:url\" content=\"https:\/\/radio.unrc.edu.ar\/?p=13659\" \/>\n<meta property=\"og:site_name\" content=\"Radio UNRC\" \/>\n<meta property=\"article:publisher\" content=\"https:\/\/www.facebook.com\/radiounrc\" \/>\n<meta property=\"article:published_time\" content=\"2024-01-24T20:33:49+00:00\" \/>\n<meta property=\"article:modified_time\" content=\"2024-01-29T15:53:16+00:00\" \/>\n<meta property=\"og:image\" content=\"https:\/\/radio.unrc.edu.ar\/wp-content\/uploads\/2024\/01\/paro.jpg\" \/>\n\t<meta property=\"og:image:width\" content=\"1280\" \/>\n\t<meta property=\"og:image:height\" content=\"740\" \/>\n\t<meta property=\"og:image:type\" content=\"image\/jpeg\" \/>\n<meta name=\"author\" content=\"javier\" \/>\n<meta name=\"twitter:card\" content=\"summary_large_image\" \/>\n<meta name=\"twitter:label1\" content=\"Escrito por\" \/>\n\t<meta name=\"twitter:data1\" content=\"javier\" \/>\n\t<meta name=\"twitter:label2\" content=\"Tiempo de lectura\" \/>\n\t<meta name=\"twitter:data2\" content=\"7 minutos\" \/>\n<script type=\"application\/ld+json\" class=\"yoast-schema-graph\">{\"@context\":\"https:\/\/schema.org\",\"@graph\":[{\"@type\":\"Article\",\"@id\":\"https:\/\/radio.unrc.edu.ar\/?p=13659#article\",\"isPartOf\":{\"@id\":\"https:\/\/radio.unrc.edu.ar\/?p=13659\"},\"author\":{\"name\":\"javier\",\"@id\":\"https:\/\/radio.unrc.edu.ar\/#\/schema\/person\/a5391b308c3ca8a7f44d85677e2bdcba\"},\"headline\":\"M\u00e1s de siete mil personas se movilizaron en contra del DNU y de la Ley \u00f3mnibus\",\"datePublished\":\"2024-01-24T20:33:49+00:00\",\"dateModified\":\"2024-01-29T15:53:16+00:00\",\"mainEntityOfPage\":{\"@id\":\"https:\/\/radio.unrc.edu.ar\/?p=13659\"},\"wordCount\":1553,\"commentCount\":0,\"publisher\":{\"@id\":\"https:\/\/radio.unrc.edu.ar\/#organization\"},\"articleSection\":[\"Locales\"],\"inLanguage\":\"es\",\"potentialAction\":[{\"@type\":\"CommentAction\",\"name\":\"Comment\",\"target\":[\"https:\/\/radio.unrc.edu.ar\/?p=13659#respond\"]}]},{\"@type\":\"WebPage\",\"@id\":\"https:\/\/radio.unrc.edu.ar\/?p=13659\",\"url\":\"https:\/\/radio.unrc.edu.ar\/?p=13659\",\"name\":\"M\u00e1s de siete mil personas se movilizaron en contra del DNU y de la Ley \u00f3mnibus - Radio UNRC\",\"isPartOf\":{\"@id\":\"https:\/\/radio.unrc.edu.ar\/#website\"},\"datePublished\":\"2024-01-24T20:33:49+00:00\",\"dateModified\":\"2024-01-29T15:53:16+00:00\",\"description\":\"La radio que te hace sentir y pensar.\",\"breadcrumb\":{\"@id\":\"https:\/\/radio.unrc.edu.ar\/?p=13659#breadcrumb\"},\"inLanguage\":\"es\",\"potentialAction\":[{\"@type\":\"ReadAction\",\"target\":[\"https:\/\/radio.unrc.edu.ar\/?p=13659\"]}]},{\"@type\":\"BreadcrumbList\",\"@id\":\"https:\/\/radio.unrc.edu.ar\/?p=13659#breadcrumb\",\"itemListElement\":[{\"@type\":\"ListItem\",\"position\":1,\"name\":\"Portada\",\"item\":\"https:\/\/radio.unrc.edu.ar\/\"},{\"@type\":\"ListItem\",\"position\":2,\"name\":\"M\u00e1s de siete mil personas se movilizaron en contra del DNU y de la Ley \u00f3mnibus\"}]},{\"@type\":\"WebSite\",\"@id\":\"https:\/\/radio.unrc.edu.ar\/#website\",\"url\":\"https:\/\/radio.unrc.edu.ar\/\",\"name\":\"Radio UNRC\",\"description\":\"La Radio de la Uni, la que te hace sentir y pensar\",\"publisher\":{\"@id\":\"https:\/\/radio.unrc.edu.ar\/#organization\"},\"potentialAction\":[{\"@type\":\"SearchAction\",\"target\":{\"@type\":\"EntryPoint\",\"urlTemplate\":\"https:\/\/radio.unrc.edu.ar\/?s={search_term_string}\"},\"query-input\":\"required name=search_term_string\"}],\"inLanguage\":\"es\"},{\"@type\":\"Organization\",\"@id\":\"https:\/\/radio.unrc.edu.ar\/#organization\",\"name\":\"Radio UNRC\",\"url\":\"https:\/\/radio.unrc.edu.ar\/\",\"logo\":{\"@type\":\"ImageObject\",\"inLanguage\":\"es\",\"@id\":\"https:\/\/radio.unrc.edu.ar\/#\/schema\/logo\/image\/\",\"url\":\"https:\/\/radio.unrc.edu.ar\/wp-content\/uploads\/2022\/03\/logo-radio-544.png\",\"contentUrl\":\"https:\/\/radio.unrc.edu.ar\/wp-content\/uploads\/2022\/03\/logo-radio-544.png\",\"width\":544,\"height\":180,\"caption\":\"Radio UNRC\"},\"image\":{\"@id\":\"https:\/\/radio.unrc.edu.ar\/#\/schema\/logo\/image\/\"},\"sameAs\":[\"https:\/\/www.facebook.com\/radiounrc\",\"https:\/\/www.instagram.com\/radiounrc\/\"]},{\"@type\":\"Person\",\"@id\":\"https:\/\/radio.unrc.edu.ar\/#\/schema\/person\/a5391b308c3ca8a7f44d85677e2bdcba\",\"name\":\"javier\",\"image\":{\"@type\":\"ImageObject\",\"inLanguage\":\"es\",\"@id\":\"https:\/\/radio.unrc.edu.ar\/#\/schema\/person\/image\/\",\"url\":\"https:\/\/secure.gravatar.com\/avatar\/5ff90d64a73410b672fad73126063cddce57cd5b66f7cedb1e3caec8c1e05a66?s=96&d=mm&r=g\",\"contentUrl\":\"https:\/\/secure.gravatar.com\/avatar\/5ff90d64a73410b672fad73126063cddce57cd5b66f7cedb1e3caec8c1e05a66?s=96&d=mm&r=g\",\"caption\":\"javier\"},\"url\":\"https:\/\/radio.unrc.edu.ar\/?author=4\"}]}<\/script>\n<!-- \/ Yoast SEO plugin. -->","yoast_head_json":{"title":"M\u00e1s de siete mil personas se movilizaron en contra del DNU y de la Ley \u00f3mnibus - Radio UNRC","description":"La radio que te hace sentir y pensar.","robots":{"index":"index","follow":"follow","max-snippet":"max-snippet:-1","max-image-preview":"max-image-preview:large","max-video-preview":"max-video-preview:-1"},"canonical":"https:\/\/radio.unrc.edu.ar\/?p=13659","og_locale":"es_ES","og_type":"article","og_title":"M\u00e1s de siete mil personas se movilizaron en contra del DNU y de la Ley \u00f3mnibus - Radio UNRC","og_description":"La radio que te hace sentir y pensar.","og_url":"https:\/\/radio.unrc.edu.ar\/?p=13659","og_site_name":"Radio UNRC","article_publisher":"https:\/\/www.facebook.com\/radiounrc","article_published_time":"2024-01-24T20:33:49+00:00","article_modified_time":"2024-01-29T15:53:16+00:00","og_image":[{"width":1280,"height":740,"url":"https:\/\/radio.unrc.edu.ar\/wp-content\/uploads\/2024\/01\/paro.jpg","type":"image\/jpeg"}],"author":"javier","twitter_card":"summary_large_image","twitter_misc":{"Escrito por":"javier","Tiempo de lectura":"7 minutos"},"schema":{"@context":"https:\/\/schema.org","@graph":[{"@type":"Article","@id":"https:\/\/radio.unrc.edu.ar\/?p=13659#article","isPartOf":{"@id":"https:\/\/radio.unrc.edu.ar\/?p=13659"},"author":{"name":"javier","@id":"https:\/\/radio.unrc.edu.ar\/#\/schema\/person\/a5391b308c3ca8a7f44d85677e2bdcba"},"headline":"M\u00e1s de siete mil personas se movilizaron en contra del DNU y de la Ley \u00f3mnibus","datePublished":"2024-01-24T20:33:49+00:00","dateModified":"2024-01-29T15:53:16+00:00","mainEntityOfPage":{"@id":"https:\/\/radio.unrc.edu.ar\/?p=13659"},"wordCount":1553,"commentCount":0,"publisher":{"@id":"https:\/\/radio.unrc.edu.ar\/#organization"},"articleSection":["Locales"],"inLanguage":"es","potentialAction":[{"@type":"CommentAction","name":"Comment","target":["https:\/\/radio.unrc.edu.ar\/?p=13659#respond"]}]},{"@type":"WebPage","@id":"https:\/\/radio.unrc.edu.ar\/?p=13659","url":"https:\/\/radio.unrc.edu.ar\/?p=13659","name":"M\u00e1s de siete mil personas se movilizaron en contra del DNU y de la Ley \u00f3mnibus - Radio UNRC","isPartOf":{"@id":"https:\/\/radio.unrc.edu.ar\/#website"},"datePublished":"2024-01-24T20:33:49+00:00","dateModified":"2024-01-29T15:53:16+00:00","description":"La radio que te hace sentir y pensar.","breadcrumb":{"@id":"https:\/\/radio.unrc.edu.ar\/?p=13659#breadcrumb"},"inLanguage":"es","potentialAction":[{"@type":"ReadAction","target":["https:\/\/radio.unrc.edu.ar\/?p=13659"]}]},{"@type":"BreadcrumbList","@id":"https:\/\/radio.unrc.edu.ar\/?p=13659#breadcrumb","itemListElement":[{"@type":"ListItem","position":1,"name":"Portada","item":"https:\/\/radio.unrc.edu.ar\/"},{"@type":"ListItem","position":2,"name":"M\u00e1s de siete mil personas se movilizaron en contra del DNU y de la Ley \u00f3mnibus"}]},{"@type":"WebSite","@id":"https:\/\/radio.unrc.edu.ar\/#website","url":"https:\/\/radio.unrc.edu.ar\/","name":"Radio UNRC","description":"La Radio de la Uni, la que te hace sentir y pensar","publisher":{"@id":"https:\/\/radio.unrc.edu.ar\/#organization"},"potentialAction":[{"@type":"SearchAction","target":{"@type":"EntryPoint","urlTemplate":"https:\/\/radio.unrc.edu.ar\/?s={search_term_string}"},"query-input":"required name=search_term_string"}],"inLanguage":"es"},{"@type":"Organization","@id":"https:\/\/radio.unrc.edu.ar\/#organization","name":"Radio UNRC","url":"https:\/\/radio.unrc.edu.ar\/","logo":{"@type":"ImageObject","inLanguage":"es","@id":"https:\/\/radio.unrc.edu.ar\/#\/schema\/logo\/image\/","url":"https:\/\/radio.unrc.edu.ar\/wp-content\/uploads\/2022\/03\/logo-radio-544.png","contentUrl":"https:\/\/radio.unrc.edu.ar\/wp-content\/uploads\/2022\/03\/logo-radio-544.png","width":544,"height":180,"caption":"Radio UNRC"},"image":{"@id":"https:\/\/radio.unrc.edu.ar\/#\/schema\/logo\/image\/"},"sameAs":["https:\/\/www.facebook.com\/radiounrc","https:\/\/www.instagram.com\/radiounrc\/"]},{"@type":"Person","@id":"https:\/\/radio.unrc.edu.ar\/#\/schema\/person\/a5391b308c3ca8a7f44d85677e2bdcba","name":"javier","image":{"@type":"ImageObject","inLanguage":"es","@id":"https:\/\/radio.unrc.edu.ar\/#\/schema\/person\/image\/","url":"https:\/\/secure.gravatar.com\/avatar\/5ff90d64a73410b672fad73126063cddce57cd5b66f7cedb1e3caec8c1e05a66?s=96&d=mm&r=g","contentUrl":"https:\/\/secure.gravatar.com\/avatar\/5ff90d64a73410b672fad73126063cddce57cd5b66f7cedb1e3caec8c1e05a66?s=96&d=mm&r=g","caption":"javier"},"url":"https:\/\/radio.unrc.edu.ar\/?author=4"}]}},"_links":{"self":[{"href":"https:\/\/radio.unrc.edu.ar\/index.php?rest_route=\/wp\/v2\/posts\/13659","targetHints":{"allow":["GET"]}}],"collection":[{"href":"https:\/\/radio.unrc.edu.ar\/index.php?rest_route=\/wp\/v2\/posts"}],"about":[{"href":"https:\/\/radio.unrc.edu.ar\/index.php?rest_route=\/wp\/v2\/types\/post"}],"author":[{"embeddable":true,"href":"https:\/\/radio.unrc.edu.ar\/index.php?rest_route=\/wp\/v2\/users\/4"}],"replies":[{"embeddable":true,"href":"https:\/\/radio.unrc.edu.ar\/index.php?rest_route=%2Fwp%2Fv2%2Fcomments&post=13659"}],"version-history":[{"count":1,"href":"https:\/\/radio.unrc.edu.ar\/index.php?rest_route=\/wp\/v2\/posts\/13659\/revisions"}],"predecessor-version":[{"id":13661,"href":"https:\/\/radio.unrc.edu.ar\/index.php?rest_route=\/wp\/v2\/posts\/13659\/revisions\/13661"}],"wp:featuredmedia":[{"embeddable":true,"href":"https:\/\/radio.unrc.edu.ar\/index.php?rest_route=\/wp\/v2\/media\/13660"}],"wp:attachment":[{"href":"https:\/\/radio.unrc.edu.ar\/index.php?rest_route=%2Fwp%2Fv2%2Fmedia&parent=13659"}],"wp:term":[{"taxonomy":"category","embeddable":true,"href":"https:\/\/radio.unrc.edu.ar\/index.php?rest_route=%2Fwp%2Fv2%2Fcategories&post=13659"},{"taxonomy":"post_tag","embeddable":true,"href":"https:\/\/radio.unrc.edu.ar\/index.php?rest_route=%2Fwp%2Fv2%2Ftags&post=13659"}],"curies":[{"name":"wp","href":"https:\/\/api.w.org\/{rel}","templated":true}]}}