{"id":15926,"date":"2024-04-19T11:41:46","date_gmt":"2024-04-19T14:41:46","guid":{"rendered":"https:\/\/radio.unrc.edu.ar\/?p=15926"},"modified":"2024-04-22T10:59:48","modified_gmt":"2024-04-22T13:59:48","slug":"la-unrc-realizo-un-fuerte-llamado-a-toda-la-sociedad-a-participar-de-la-marcha-por-la-educacion-publica","status":"publish","type":"post","link":"https:\/\/radio.unrc.edu.ar\/?p=15926","title":{"rendered":"La UNRC realiz\u00f3 un fuerte llamado a toda la sociedad a participar de la marcha por la Educaci\u00f3n P\u00fablica"},"content":{"rendered":"<p>La movilizaci\u00f3n se realizar\u00e1 en Rio Cuarto y en todo el pa\u00eds en reclamo por la falta de fondos para las Universidades Nacionales.<\/p>\n<p>La rectora Marisa Rovera dijo que es una convocatoria de todo el sistema universitario y agreg\u00f3 que no es una defensa solo a las universidades, sino de un derecho universal.<\/p>\n<p><iframe width=\"100%\" height=\"300\" scrolling=\"no\" frameborder=\"no\" allow=\"autoplay\" src=\"https:\/\/w.soundcloud.com\/player\/?url=https%3A\/\/api.soundcloud.com\/tracks\/1803654714&#038;color=%23ff5500&#038;auto_play=false&#038;hide_related=false&#038;show_comments=true&#038;show_user=true&#038;show_reposts=false&#038;show_teaser=true&#038;visual=true\"><\/iframe><\/p>\n<div style=\"font-size: 10px; color: #cccccc;line-break: anywhere;word-break: normal;overflow: hidden;white-space: nowrap;text-overflow: ellipsis; font-family: Interstate,Lucida Grande,Lucida Sans Unicode,Lucida Sans,Garuda,Verdana,Tahoma,sans-serif;font-weight: 100;\"><a href=\"https:\/\/soundcloud.com\/radiounrc97-7\" title=\"RadioUNRC97.7\" target=\"_blank\" style=\"color: #cccccc; text-decoration: none;\" rel=\"noopener\">RadioUNRC97.7<\/a> \u00b7 <a href=\"https:\/\/soundcloud.com\/radiounrc97-7\/rovera-marisa-uno\" title=\"Marisa Rovera\" target=\"_blank\" style=\"color: #cccccc; text-decoration: none;\" rel=\"noopener\">Marisa Rovera<\/a><\/div>\n<p>La rectora dijo que no hay informaci\u00f3n oficial sobre un env\u00edo de fondos para las Universidades Nacionales. Podr\u00eda concretarse la semana pr\u00f3xima, pero aclar\u00f3 que no fue un acuerdo con los rectores.<\/p>\n<p>Rovera asegur\u00f3 que no hay precisiones hasta el momento sobre este anuncio y reiter\u00f3 que fue un anuncio unilateral por parte del gobierno. <\/p>\n<p>Adem\u00e1s, la rectora record\u00f3 que el anuncio de fondos de funcionamiento correspondientes a marzo que se firm\u00f3 la orden respectiva, pero que a la UNRC no llegaron esos fondos.<\/p>\n<p><iframe width=\"100%\" height=\"300\" scrolling=\"no\" frameborder=\"no\" allow=\"autoplay\" src=\"https:\/\/w.soundcloud.com\/player\/?url=https%3A\/\/api.soundcloud.com\/tracks\/1803659754&#038;color=%23ff5500&#038;auto_play=false&#038;hide_related=false&#038;show_comments=true&#038;show_user=true&#038;show_reposts=false&#038;show_teaser=true&#038;visual=true\"><\/iframe><\/p>\n<div style=\"font-size: 10px; color: #cccccc;line-break: anywhere;word-break: normal;overflow: hidden;white-space: nowrap;text-overflow: ellipsis; font-family: Interstate,Lucida Grande,Lucida Sans Unicode,Lucida Sans,Garuda,Verdana,Tahoma,sans-serif;font-weight: 100;\"><a href=\"https:\/\/soundcloud.com\/radiounrc97-7\" title=\"RadioUNRC97.7\" target=\"_blank\" style=\"color: #cccccc; text-decoration: none;\" rel=\"noopener\">RadioUNRC97.7<\/a> \u00b7 <a href=\"https:\/\/soundcloud.com\/radiounrc97-7\/marisa-rovera-2\" title=\"Marisa Rovera 2\" target=\"_blank\" style=\"color: #cccccc; text-decoration: none;\" rel=\"noopener\">Marisa Rovera 2<\/a><\/div>\n\r\n                <style type=\"text\/css\">\r\n                    \r\n                    #tdi_1  .td-doubleSlider-2 .td-item1 {\r\n                        background: url(https:\/\/radio.unrc.edu.ar\/wp-content\/uploads\/2024\/04\/GLhbuYTW4AAcfgT.jpeg) 0 0 no-repeat;\r\n                    }\r\n                <\/style>\r\n\r\n                <div id=\"tdi_1\" class=\"td-gallery td-slide-on-2-columns\">\r\n                    <div class=\"post_td_gallery\">\r\n                        <div class=\"td-gallery-slide-top\">\r\n                           <div class=\"td-gallery-title\"><\/div>\r\n\r\n                            <div class=\"td-gallery-controls-wrapper\">\r\n                                <div class=\"td-gallery-slide-count\"><span class=\"td-gallery-slide-item-focus\">1<\/span> de 1<\/div>\r\n                                <div class=\"td-gallery-slide-prev-next-but\">\r\n                                    <i class = \"td-icon-left doubleSliderPrevButton\"><\/i>\r\n                                    <i class = \"td-icon-right doubleSliderNextButton\"><\/i>\r\n                                <\/div>\r\n                            <\/div>\r\n                        <\/div>\r\n\r\n                        <div class = \"td-doubleSlider-1 \">\r\n                            <div class = \"td-slider\">\r\n                                \r\n                    <div class = \"td-slide-item td-item1\">\r\n                        <figure class=\"td-slide-galery-figure td-slide-popup-gallery\">\r\n                            <a class=\"slide-gallery-image-link\" href=\"https:\/\/radio.unrc.edu.ar\/wp-content\/uploads\/2024\/04\/GLhbuYTW4AAcfgT.jpeg\" title=\"GLhbuYTW4AAcfgT\"  data-caption=\"\"  data-description=\"\">\r\n                                <img decoding=\"async\" src=\"https:\/\/radio.unrc.edu.ar\/wp-content\/uploads\/2024\/04\/GLhbuYTW4AAcfgT.jpeg\" srcset=\"https:\/\/radio.unrc.edu.ar\/wp-content\/uploads\/2024\/04\/GLhbuYTW4AAcfgT.jpeg 923w, https:\/\/radio.unrc.edu.ar\/wp-content\/uploads\/2024\/04\/GLhbuYTW4AAcfgT-238x300.jpeg 238w, https:\/\/radio.unrc.edu.ar\/wp-content\/uploads\/2024\/04\/GLhbuYTW4AAcfgT-811x1024.jpeg 811w, https:\/\/radio.unrc.edu.ar\/wp-content\/uploads\/2024\/04\/GLhbuYTW4AAcfgT-768x969.jpeg 768w, https:\/\/radio.unrc.edu.ar\/wp-content\/uploads\/2024\/04\/GLhbuYTW4AAcfgT-150x189.jpeg 150w, https:\/\/radio.unrc.edu.ar\/wp-content\/uploads\/2024\/04\/GLhbuYTW4AAcfgT-300x379.jpeg 300w, https:\/\/radio.unrc.edu.ar\/wp-content\/uploads\/2024\/04\/GLhbuYTW4AAcfgT-696x878.jpeg 696w\" sizes=\"(max-width: 923px) 100vw, 923px\" alt=\"\">\r\n                            <\/a>\r\n                            \r\n                        <\/figure>\r\n                    <\/div>\r\n                            <\/div>\r\n                        <\/div>\r\n\r\n                        <div class = \"td-doubleSlider-2\">\r\n                            <div class = \"td-slider\">\r\n                                \r\n                    <div class = \"td-button td-item1\">\r\n                        <div class = \"td-border\"><\/div>\r\n                    <\/div>\r\n                            <\/div>\r\n                        <\/div>\r\n\r\n                    <\/div>\r\n\r\n                <\/div>\r\n                \n<p>En la conferencia de prensa convocada por la Universidad, tambi\u00e9n hicieron uso de la palabra Daniel Garis, secretario general de ATURC, Florencia Granato secretaria general de AGD y Valent\u00edn Caglieri presidente de la FURC.<\/p>\n<p><iframe width=\"100%\" height=\"300\" scrolling=\"no\" frameborder=\"no\" allow=\"autoplay\" src=\"https:\/\/w.soundcloud.com\/player\/?url=https%3A\/\/api.soundcloud.com\/tracks\/1803797571&#038;color=%23ff5500&#038;auto_play=false&#038;hide_related=false&#038;show_comments=true&#038;show_user=true&#038;show_reposts=false&#038;show_teaser=true&#038;visual=true\"><\/iframe><\/p>\n<div style=\"font-size: 10px; color: #cccccc;line-break: anywhere;word-break: normal;overflow: hidden;white-space: nowrap;text-overflow: ellipsis; font-family: Interstate,Lucida Grande,Lucida Sans Unicode,Lucida Sans,Garuda,Verdana,Tahoma,sans-serif;font-weight: 100;\"><a href=\"https:\/\/soundcloud.com\/radiounrc97-7\" title=\"RadioUNRC97.7\" target=\"_blank\" style=\"color: #cccccc; text-decoration: none;\" rel=\"noopener\">RadioUNRC97.7<\/a> \u00b7 <a href=\"https:\/\/soundcloud.com\/radiounrc97-7\/garis-granato-caglieri\" title=\"Garis - Granato - Caglieri\" target=\"_blank\" style=\"color: #cccccc; text-decoration: none;\" rel=\"noopener\">Garis &#8211; Granato &#8211; Caglieri<\/a><\/div>\n\r\n                <style type=\"text\/css\">\r\n                    \r\n                    #tdi_2  .td-doubleSlider-2 .td-item1 {\r\n                        background: url(https:\/\/radio.unrc.edu.ar\/wp-content\/uploads\/2024\/04\/Imagen-de-WhatsApp-2024-04-19-a-las-12.07.04_75be3937.jpg) 0 0 no-repeat;\r\n                    }\r\n                    #tdi_2  .td-doubleSlider-2 .td-item2 {\r\n                        background: url(https:\/\/radio.unrc.edu.ar\/wp-content\/uploads\/2024\/04\/Imagen-de-WhatsApp-2024-04-19-a-las-12.07.04_bcee0679.jpg) 0 0 no-repeat;\r\n                    }\r\n                <\/style>\r\n\r\n                <div id=\"tdi_2\" class=\"td-gallery td-slide-on-2-columns\">\r\n                    <div class=\"post_td_gallery\">\r\n                        <div class=\"td-gallery-slide-top\">\r\n                           <div class=\"td-gallery-title\"><\/div>\r\n\r\n                            <div class=\"td-gallery-controls-wrapper\">\r\n                                <div class=\"td-gallery-slide-count\"><span class=\"td-gallery-slide-item-focus\">1<\/span> de 2<\/div>\r\n                                <div class=\"td-gallery-slide-prev-next-but\">\r\n                                    <i class = \"td-icon-left doubleSliderPrevButton\"><\/i>\r\n                                    <i class = \"td-icon-right doubleSliderNextButton\"><\/i>\r\n                                <\/div>\r\n                            <\/div>\r\n                        <\/div>\r\n\r\n                        <div class = \"td-doubleSlider-1 \">\r\n                            <div class = \"td-slider\">\r\n                                \r\n                    <div class = \"td-slide-item td-item1\">\r\n                        <figure class=\"td-slide-galery-figure td-slide-popup-gallery\">\r\n                            <a class=\"slide-gallery-image-link\" href=\"https:\/\/radio.unrc.edu.ar\/wp-content\/uploads\/2024\/04\/Imagen-de-WhatsApp-2024-04-19-a-las-12.07.04_75be3937.jpg\" title=\"Imagen de WhatsApp 2024-04-19 a las 12.07.04_75be3937\"  data-caption=\"\"  data-description=\"\">\r\n                                <img decoding=\"async\" src=\"https:\/\/radio.unrc.edu.ar\/wp-content\/uploads\/2024\/04\/Imagen-de-WhatsApp-2024-04-19-a-las-12.07.04_75be3937.jpg\" srcset=\"https:\/\/radio.unrc.edu.ar\/wp-content\/uploads\/2024\/04\/Imagen-de-WhatsApp-2024-04-19-a-las-12.07.04_75be3937.jpg 1600w, https:\/\/radio.unrc.edu.ar\/wp-content\/uploads\/2024\/04\/Imagen-de-WhatsApp-2024-04-19-a-las-12.07.04_75be3937-300x225.jpg 300w, https:\/\/radio.unrc.edu.ar\/wp-content\/uploads\/2024\/04\/Imagen-de-WhatsApp-2024-04-19-a-las-12.07.04_75be3937-1024x768.jpg 1024w, https:\/\/radio.unrc.edu.ar\/wp-content\/uploads\/2024\/04\/Imagen-de-WhatsApp-2024-04-19-a-las-12.07.04_75be3937-768x576.jpg 768w, https:\/\/radio.unrc.edu.ar\/wp-content\/uploads\/2024\/04\/Imagen-de-WhatsApp-2024-04-19-a-las-12.07.04_75be3937-1536x1152.jpg 1536w, https:\/\/radio.unrc.edu.ar\/wp-content\/uploads\/2024\/04\/Imagen-de-WhatsApp-2024-04-19-a-las-12.07.04_75be3937-150x113.jpg 150w, https:\/\/radio.unrc.edu.ar\/wp-content\/uploads\/2024\/04\/Imagen-de-WhatsApp-2024-04-19-a-las-12.07.04_75be3937-696x522.jpg 696w, https:\/\/radio.unrc.edu.ar\/wp-content\/uploads\/2024\/04\/Imagen-de-WhatsApp-2024-04-19-a-las-12.07.04_75be3937-1068x801.jpg 1068w, https:\/\/radio.unrc.edu.ar\/wp-content\/uploads\/2024\/04\/Imagen-de-WhatsApp-2024-04-19-a-las-12.07.04_75be3937-265x198.jpg 265w\" sizes=\"(max-width: 1600px) 100vw, 1600px\" alt=\"\">\r\n                            <\/a>\r\n                            \r\n                        <\/figure>\r\n                    <\/div>\r\n                    <div class = \"td-slide-item td-item2\">\r\n                        <figure class=\"td-slide-galery-figure td-slide-popup-gallery\">\r\n                            <a class=\"slide-gallery-image-link\" href=\"https:\/\/radio.unrc.edu.ar\/wp-content\/uploads\/2024\/04\/Imagen-de-WhatsApp-2024-04-19-a-las-12.07.04_bcee0679.jpg\" title=\"Imagen de WhatsApp 2024-04-19 a las 12.07.04_bcee0679\"  data-caption=\"\"  data-description=\"\">\r\n                                <img decoding=\"async\" src=\"https:\/\/radio.unrc.edu.ar\/wp-content\/uploads\/2024\/04\/Imagen-de-WhatsApp-2024-04-19-a-las-12.07.04_bcee0679.jpg\" srcset=\"https:\/\/radio.unrc.edu.ar\/wp-content\/uploads\/2024\/04\/Imagen-de-WhatsApp-2024-04-19-a-las-12.07.04_bcee0679.jpg 1600w, https:\/\/radio.unrc.edu.ar\/wp-content\/uploads\/2024\/04\/Imagen-de-WhatsApp-2024-04-19-a-las-12.07.04_bcee0679-300x225.jpg 300w, https:\/\/radio.unrc.edu.ar\/wp-content\/uploads\/2024\/04\/Imagen-de-WhatsApp-2024-04-19-a-las-12.07.04_bcee0679-1024x768.jpg 1024w, https:\/\/radio.unrc.edu.ar\/wp-content\/uploads\/2024\/04\/Imagen-de-WhatsApp-2024-04-19-a-las-12.07.04_bcee0679-768x576.jpg 768w, https:\/\/radio.unrc.edu.ar\/wp-content\/uploads\/2024\/04\/Imagen-de-WhatsApp-2024-04-19-a-las-12.07.04_bcee0679-1536x1152.jpg 1536w, https:\/\/radio.unrc.edu.ar\/wp-content\/uploads\/2024\/04\/Imagen-de-WhatsApp-2024-04-19-a-las-12.07.04_bcee0679-150x113.jpg 150w, https:\/\/radio.unrc.edu.ar\/wp-content\/uploads\/2024\/04\/Imagen-de-WhatsApp-2024-04-19-a-las-12.07.04_bcee0679-696x522.jpg 696w, https:\/\/radio.unrc.edu.ar\/wp-content\/uploads\/2024\/04\/Imagen-de-WhatsApp-2024-04-19-a-las-12.07.04_bcee0679-1068x801.jpg 1068w, https:\/\/radio.unrc.edu.ar\/wp-content\/uploads\/2024\/04\/Imagen-de-WhatsApp-2024-04-19-a-las-12.07.04_bcee0679-265x198.jpg 265w\" sizes=\"(max-width: 1600px) 100vw, 1600px\" alt=\"\">\r\n                            <\/a>\r\n                            \r\n                        <\/figure>\r\n                    <\/div>\r\n                            <\/div>\r\n                        <\/div>\r\n\r\n                        <div class = \"td-doubleSlider-2\">\r\n                            <div class = \"td-slider\">\r\n                                \r\n                    <div class = \"td-button td-item1\">\r\n                        <div class = \"td-border\"><\/div>\r\n                    <\/div>\r\n                    <div class = \"td-button td-item2\">\r\n                        <div class = \"td-border\"><\/div>\r\n                    <\/div>\r\n                            <\/div>\r\n                        <\/div>\r\n\r\n                    <\/div>\r\n\r\n                <\/div>\r\n                \n<p><strong>M\u00e1s informaci\u00f3n:<\/strong> <a href=\"https:\/\/radio.unrc.edu.ar\/?p=15845\">Avanza la organizaci\u00f3n de la movilizaci\u00f3n en defensa de las universidades nacionales<\/a><\/p>\n","protected":false},"excerpt":{"rendered":"<p>La movilizaci\u00f3n se realizar\u00e1 en Rio Cuarto y en todo el pa\u00eds en reclamo por la falta de fondos para las Universidades Nacionales. La rectora Marisa Rovera dijo que es una convocatoria de todo el sistema universitario y agreg\u00f3 que no es una defensa solo a las universidades, sino de un derecho universal. RadioUNRC97.7 \u00b7 [&hellip;]<\/p>\n","protected":false},"author":2,"featured_media":9332,"comment_status":"open","ping_status":"open","sticky":false,"template":"","format":"standard","meta":{"footnotes":""},"categories":[17],"tags":[],"class_list":{"0":"post-15926","1":"post","2":"type-post","3":"status-publish","4":"format-standard","5":"has-post-thumbnail","7":"category-universitarias"},"yoast_head":"<!-- This site is optimized with the Yoast SEO plugin v21.5 - https:\/\/yoast.com\/wordpress\/plugins\/seo\/ -->\n<title>La UNRC realiz\u00f3 un fuerte llamado a toda la sociedad a participar de la marcha por la Educaci\u00f3n P\u00fablica - Radio UNRC<\/title>\n<meta name=\"description\" content=\"La radio que te hace sentir y pensar.\" \/>\n<meta name=\"robots\" content=\"index, follow, max-snippet:-1, max-image-preview:large, max-video-preview:-1\" \/>\n<link rel=\"canonical\" href=\"https:\/\/radio.unrc.edu.ar\/?p=15926\" \/>\n<meta property=\"og:locale\" content=\"es_ES\" \/>\n<meta property=\"og:type\" content=\"article\" \/>\n<meta property=\"og:title\" content=\"La UNRC realiz\u00f3 un fuerte llamado a toda la sociedad a participar de la marcha por la Educaci\u00f3n P\u00fablica - Radio UNRC\" \/>\n<meta property=\"og:description\" content=\"La radio que te hace sentir y pensar.\" \/>\n<meta property=\"og:url\" content=\"https:\/\/radio.unrc.edu.ar\/?p=15926\" \/>\n<meta property=\"og:site_name\" content=\"Radio UNRC\" \/>\n<meta property=\"article:publisher\" content=\"https:\/\/www.facebook.com\/radiounrc\" \/>\n<meta property=\"article:published_time\" content=\"2024-04-19T14:41:46+00:00\" \/>\n<meta property=\"article:modified_time\" content=\"2024-04-22T13:59:48+00:00\" \/>\n<meta property=\"og:image\" content=\"https:\/\/radio.unrc.edu.ar\/wp-content\/uploads\/2023\/08\/rovera.jpg\" \/>\n\t<meta property=\"og:image:width\" content=\"1280\" \/>\n\t<meta property=\"og:image:height\" content=\"740\" \/>\n\t<meta property=\"og:image:type\" content=\"image\/jpeg\" \/>\n<meta name=\"author\" content=\"majo\" \/>\n<meta name=\"twitter:card\" content=\"summary_large_image\" \/>\n<meta name=\"twitter:label1\" content=\"Escrito por\" \/>\n\t<meta name=\"twitter:data1\" content=\"majo\" \/>\n\t<meta name=\"twitter:label2\" content=\"Tiempo de lectura\" \/>\n\t<meta name=\"twitter:data2\" content=\"1 minuto\" \/>\n<script type=\"application\/ld+json\" class=\"yoast-schema-graph\">{\"@context\":\"https:\/\/schema.org\",\"@graph\":[{\"@type\":\"Article\",\"@id\":\"https:\/\/radio.unrc.edu.ar\/?p=15926#article\",\"isPartOf\":{\"@id\":\"https:\/\/radio.unrc.edu.ar\/?p=15926\"},\"author\":{\"name\":\"majo\",\"@id\":\"https:\/\/radio.unrc.edu.ar\/#\/schema\/person\/197edd08d015632a43a5e6a515c4f7a6\"},\"headline\":\"La UNRC realiz\u00f3 un fuerte llamado a toda la sociedad a participar de la marcha por la Educaci\u00f3n P\u00fablica\",\"datePublished\":\"2024-04-19T14:41:46+00:00\",\"dateModified\":\"2024-04-22T13:59:48+00:00\",\"mainEntityOfPage\":{\"@id\":\"https:\/\/radio.unrc.edu.ar\/?p=15926\"},\"wordCount\":249,\"commentCount\":2,\"publisher\":{\"@id\":\"https:\/\/radio.unrc.edu.ar\/#organization\"},\"articleSection\":[\"Universitarias\"],\"inLanguage\":\"es\",\"potentialAction\":[{\"@type\":\"CommentAction\",\"name\":\"Comment\",\"target\":[\"https:\/\/radio.unrc.edu.ar\/?p=15926#respond\"]}]},{\"@type\":\"WebPage\",\"@id\":\"https:\/\/radio.unrc.edu.ar\/?p=15926\",\"url\":\"https:\/\/radio.unrc.edu.ar\/?p=15926\",\"name\":\"La UNRC realiz\u00f3 un fuerte llamado a toda la sociedad a participar de la marcha por la Educaci\u00f3n P\u00fablica - Radio UNRC\",\"isPartOf\":{\"@id\":\"https:\/\/radio.unrc.edu.ar\/#website\"},\"datePublished\":\"2024-04-19T14:41:46+00:00\",\"dateModified\":\"2024-04-22T13:59:48+00:00\",\"description\":\"La radio que te hace sentir y pensar.\",\"breadcrumb\":{\"@id\":\"https:\/\/radio.unrc.edu.ar\/?p=15926#breadcrumb\"},\"inLanguage\":\"es\",\"potentialAction\":[{\"@type\":\"ReadAction\",\"target\":[\"https:\/\/radio.unrc.edu.ar\/?p=15926\"]}]},{\"@type\":\"BreadcrumbList\",\"@id\":\"https:\/\/radio.unrc.edu.ar\/?p=15926#breadcrumb\",\"itemListElement\":[{\"@type\":\"ListItem\",\"position\":1,\"name\":\"Portada\",\"item\":\"https:\/\/radio.unrc.edu.ar\/\"},{\"@type\":\"ListItem\",\"position\":2,\"name\":\"La UNRC realiz\u00f3 un fuerte llamado a toda la sociedad a participar de la marcha por la Educaci\u00f3n P\u00fablica\"}]},{\"@type\":\"WebSite\",\"@id\":\"https:\/\/radio.unrc.edu.ar\/#website\",\"url\":\"https:\/\/radio.unrc.edu.ar\/\",\"name\":\"Radio UNRC\",\"description\":\"La Radio de la Uni, la que te hace sentir y pensar\",\"publisher\":{\"@id\":\"https:\/\/radio.unrc.edu.ar\/#organization\"},\"potentialAction\":[{\"@type\":\"SearchAction\",\"target\":{\"@type\":\"EntryPoint\",\"urlTemplate\":\"https:\/\/radio.unrc.edu.ar\/?s={search_term_string}\"},\"query-input\":\"required name=search_term_string\"}],\"inLanguage\":\"es\"},{\"@type\":\"Organization\",\"@id\":\"https:\/\/radio.unrc.edu.ar\/#organization\",\"name\":\"Radio UNRC\",\"url\":\"https:\/\/radio.unrc.edu.ar\/\",\"logo\":{\"@type\":\"ImageObject\",\"inLanguage\":\"es\",\"@id\":\"https:\/\/radio.unrc.edu.ar\/#\/schema\/logo\/image\/\",\"url\":\"https:\/\/radio.unrc.edu.ar\/wp-content\/uploads\/2022\/03\/logo-radio-544.png\",\"contentUrl\":\"https:\/\/radio.unrc.edu.ar\/wp-content\/uploads\/2022\/03\/logo-radio-544.png\",\"width\":544,\"height\":180,\"caption\":\"Radio UNRC\"},\"image\":{\"@id\":\"https:\/\/radio.unrc.edu.ar\/#\/schema\/logo\/image\/\"},\"sameAs\":[\"https:\/\/www.facebook.com\/radiounrc\",\"https:\/\/www.instagram.com\/radiounrc\/\"]},{\"@type\":\"Person\",\"@id\":\"https:\/\/radio.unrc.edu.ar\/#\/schema\/person\/197edd08d015632a43a5e6a515c4f7a6\",\"name\":\"majo\",\"image\":{\"@type\":\"ImageObject\",\"inLanguage\":\"es\",\"@id\":\"https:\/\/radio.unrc.edu.ar\/#\/schema\/person\/image\/\",\"url\":\"https:\/\/secure.gravatar.com\/avatar\/6806165fb7635331b44fb331ffb478c3230b9d62d675244a0e2dfd0cb8d8b503?s=96&d=mm&r=g\",\"contentUrl\":\"https:\/\/secure.gravatar.com\/avatar\/6806165fb7635331b44fb331ffb478c3230b9d62d675244a0e2dfd0cb8d8b503?s=96&d=mm&r=g\",\"caption\":\"majo\"},\"url\":\"https:\/\/radio.unrc.edu.ar\/?author=2\"}]}<\/script>\n<!-- \/ Yoast SEO plugin. -->","yoast_head_json":{"title":"La UNRC realiz\u00f3 un fuerte llamado a toda la sociedad a participar de la marcha por la Educaci\u00f3n P\u00fablica - Radio UNRC","description":"La radio que te hace sentir y pensar.","robots":{"index":"index","follow":"follow","max-snippet":"max-snippet:-1","max-image-preview":"max-image-preview:large","max-video-preview":"max-video-preview:-1"},"canonical":"https:\/\/radio.unrc.edu.ar\/?p=15926","og_locale":"es_ES","og_type":"article","og_title":"La UNRC realiz\u00f3 un fuerte llamado a toda la sociedad a participar de la marcha por la Educaci\u00f3n P\u00fablica - Radio UNRC","og_description":"La radio que te hace sentir y pensar.","og_url":"https:\/\/radio.unrc.edu.ar\/?p=15926","og_site_name":"Radio UNRC","article_publisher":"https:\/\/www.facebook.com\/radiounrc","article_published_time":"2024-04-19T14:41:46+00:00","article_modified_time":"2024-04-22T13:59:48+00:00","og_image":[{"width":1280,"height":740,"url":"https:\/\/radio.unrc.edu.ar\/wp-content\/uploads\/2023\/08\/rovera.jpg","type":"image\/jpeg"}],"author":"majo","twitter_card":"summary_large_image","twitter_misc":{"Escrito por":"majo","Tiempo de lectura":"1 minuto"},"schema":{"@context":"https:\/\/schema.org","@graph":[{"@type":"Article","@id":"https:\/\/radio.unrc.edu.ar\/?p=15926#article","isPartOf":{"@id":"https:\/\/radio.unrc.edu.ar\/?p=15926"},"author":{"name":"majo","@id":"https:\/\/radio.unrc.edu.ar\/#\/schema\/person\/197edd08d015632a43a5e6a515c4f7a6"},"headline":"La UNRC realiz\u00f3 un fuerte llamado a toda la sociedad a participar de la marcha por la Educaci\u00f3n P\u00fablica","datePublished":"2024-04-19T14:41:46+00:00","dateModified":"2024-04-22T13:59:48+00:00","mainEntityOfPage":{"@id":"https:\/\/radio.unrc.edu.ar\/?p=15926"},"wordCount":249,"commentCount":2,"publisher":{"@id":"https:\/\/radio.unrc.edu.ar\/#organization"},"articleSection":["Universitarias"],"inLanguage":"es","potentialAction":[{"@type":"CommentAction","name":"Comment","target":["https:\/\/radio.unrc.edu.ar\/?p=15926#respond"]}]},{"@type":"WebPage","@id":"https:\/\/radio.unrc.edu.ar\/?p=15926","url":"https:\/\/radio.unrc.edu.ar\/?p=15926","name":"La UNRC realiz\u00f3 un fuerte llamado a toda la sociedad a participar de la marcha por la Educaci\u00f3n P\u00fablica - Radio UNRC","isPartOf":{"@id":"https:\/\/radio.unrc.edu.ar\/#website"},"datePublished":"2024-04-19T14:41:46+00:00","dateModified":"2024-04-22T13:59:48+00:00","description":"La radio que te hace sentir y pensar.","breadcrumb":{"@id":"https:\/\/radio.unrc.edu.ar\/?p=15926#breadcrumb"},"inLanguage":"es","potentialAction":[{"@type":"ReadAction","target":["https:\/\/radio.unrc.edu.ar\/?p=15926"]}]},{"@type":"BreadcrumbList","@id":"https:\/\/radio.unrc.edu.ar\/?p=15926#breadcrumb","itemListElement":[{"@type":"ListItem","position":1,"name":"Portada","item":"https:\/\/radio.unrc.edu.ar\/"},{"@type":"ListItem","position":2,"name":"La UNRC realiz\u00f3 un fuerte llamado a toda la sociedad a participar de la marcha por la Educaci\u00f3n P\u00fablica"}]},{"@type":"WebSite","@id":"https:\/\/radio.unrc.edu.ar\/#website","url":"https:\/\/radio.unrc.edu.ar\/","name":"Radio UNRC","description":"La Radio de la Uni, la que te hace sentir y pensar","publisher":{"@id":"https:\/\/radio.unrc.edu.ar\/#organization"},"potentialAction":[{"@type":"SearchAction","target":{"@type":"EntryPoint","urlTemplate":"https:\/\/radio.unrc.edu.ar\/?s={search_term_string}"},"query-input":"required name=search_term_string"}],"inLanguage":"es"},{"@type":"Organization","@id":"https:\/\/radio.unrc.edu.ar\/#organization","name":"Radio UNRC","url":"https:\/\/radio.unrc.edu.ar\/","logo":{"@type":"ImageObject","inLanguage":"es","@id":"https:\/\/radio.unrc.edu.ar\/#\/schema\/logo\/image\/","url":"https:\/\/radio.unrc.edu.ar\/wp-content\/uploads\/2022\/03\/logo-radio-544.png","contentUrl":"https:\/\/radio.unrc.edu.ar\/wp-content\/uploads\/2022\/03\/logo-radio-544.png","width":544,"height":180,"caption":"Radio UNRC"},"image":{"@id":"https:\/\/radio.unrc.edu.ar\/#\/schema\/logo\/image\/"},"sameAs":["https:\/\/www.facebook.com\/radiounrc","https:\/\/www.instagram.com\/radiounrc\/"]},{"@type":"Person","@id":"https:\/\/radio.unrc.edu.ar\/#\/schema\/person\/197edd08d015632a43a5e6a515c4f7a6","name":"majo","image":{"@type":"ImageObject","inLanguage":"es","@id":"https:\/\/radio.unrc.edu.ar\/#\/schema\/person\/image\/","url":"https:\/\/secure.gravatar.com\/avatar\/6806165fb7635331b44fb331ffb478c3230b9d62d675244a0e2dfd0cb8d8b503?s=96&d=mm&r=g","contentUrl":"https:\/\/secure.gravatar.com\/avatar\/6806165fb7635331b44fb331ffb478c3230b9d62d675244a0e2dfd0cb8d8b503?s=96&d=mm&r=g","caption":"majo"},"url":"https:\/\/radio.unrc.edu.ar\/?author=2"}]}},"_links":{"self":[{"href":"https:\/\/radio.unrc.edu.ar\/index.php?rest_route=\/wp\/v2\/posts\/15926","targetHints":{"allow":["GET"]}}],"collection":[{"href":"https:\/\/radio.unrc.edu.ar\/index.php?rest_route=\/wp\/v2\/posts"}],"about":[{"href":"https:\/\/radio.unrc.edu.ar\/index.php?rest_route=\/wp\/v2\/types\/post"}],"author":[{"embeddable":true,"href":"https:\/\/radio.unrc.edu.ar\/index.php?rest_route=\/wp\/v2\/users\/2"}],"replies":[{"embeddable":true,"href":"https:\/\/radio.unrc.edu.ar\/index.php?rest_route=%2Fwp%2Fv2%2Fcomments&post=15926"}],"version-history":[{"count":3,"href":"https:\/\/radio.unrc.edu.ar\/index.php?rest_route=\/wp\/v2\/posts\/15926\/revisions"}],"predecessor-version":[{"id":15941,"href":"https:\/\/radio.unrc.edu.ar\/index.php?rest_route=\/wp\/v2\/posts\/15926\/revisions\/15941"}],"wp:featuredmedia":[{"embeddable":true,"href":"https:\/\/radio.unrc.edu.ar\/index.php?rest_route=\/wp\/v2\/media\/9332"}],"wp:attachment":[{"href":"https:\/\/radio.unrc.edu.ar\/index.php?rest_route=%2Fwp%2Fv2%2Fmedia&parent=15926"}],"wp:term":[{"taxonomy":"category","embeddable":true,"href":"https:\/\/radio.unrc.edu.ar\/index.php?rest_route=%2Fwp%2Fv2%2Fcategories&post=15926"},{"taxonomy":"post_tag","embeddable":true,"href":"https:\/\/radio.unrc.edu.ar\/index.php?rest_route=%2Fwp%2Fv2%2Ftags&post=15926"}],"curies":[{"name":"wp","href":"https:\/\/api.w.org\/{rel}","templated":true}]}}