{"id":16054,"date":"2024-04-25T10:18:48","date_gmt":"2024-04-25T13:18:48","guid":{"rendered":"https:\/\/radio.unrc.edu.ar\/?p=16054"},"modified":"2024-04-26T10:18:05","modified_gmt":"2024-04-26T13:18:05","slug":"el-cin-manifesto-su-agradecimiento-por-la-gran-marcha-federal-universitaria","status":"publish","type":"post","link":"https:\/\/radio.unrc.edu.ar\/?p=16054","title":{"rendered":"El CIN manifest\u00f3 su agradecimiento por la gran marcha federal universitaria"},"content":{"rendered":"<p>\u201cSorprendido y agradecido\u201d, as\u00ed se mostr\u00f3 el presidente del CIN, Victor Mori\u00f1igo, ante la masiva respuesta en todo el pa\u00eds al reclamo de fondos universitarios en la marcha del pasado martes.<\/p>\n<p>El funcionario consider\u00f3 que esto implica una enorme responsabilidad para encontrar una soluci\u00f3n al tema y consider\u00f3 que hubo un cambio de actitud por parte del gobierno.<\/p>\n<p>Mori\u00f1igo dijo que hay que dejar un poco los medios de comunicaci\u00f3n y volver a las reuniones privadas.<\/p>\n<p><iframe width=\"100%\" height=\"300\" scrolling=\"no\" frameborder=\"no\" allow=\"autoplay\" src=\"https:\/\/w.soundcloud.com\/player\/?url=https%3A\/\/api.soundcloud.com\/tracks\/1807689303&#038;color=%23ff5500&#038;auto_play=false&#038;hide_related=false&#038;show_comments=true&#038;show_user=true&#038;show_reposts=false&#038;show_teaser=true&#038;visual=true\"><\/iframe><\/p>\n<div style=\"font-size: 10px; color: #cccccc;line-break: anywhere;word-break: normal;overflow: hidden;white-space: nowrap;text-overflow: ellipsis; font-family: Interstate,Lucida Grande,Lucida Sans Unicode,Lucida Sans,Garuda,Verdana,Tahoma,sans-serif;font-weight: 100;\"><a href=\"https:\/\/soundcloud.com\/radiounrc97-7\" title=\"RadioUNRC97.7\" target=\"_blank\" style=\"color: #cccccc; text-decoration: none;\" rel=\"noopener\">RadioUNRC97.7<\/a> \u00b7 <a href=\"https:\/\/soundcloud.com\/radiounrc97-7\/morinigo-uno\" title=\"V\u00edctor Mori\u00f1igo\" target=\"_blank\" style=\"color: #cccccc; text-decoration: none;\" rel=\"noopener\">V\u00edctor Mori\u00f1igo<\/a><\/div>\n<p>La semana pr\u00f3xima el gobierno nacional recibir\u00eda a los rectores de todas las universidades nacionales. El propio secretario de educaci\u00f3n, Carlos Torrendel, ser\u00eda quien dialogar\u00eda con los titulares de las universidades nacionales en lugar de Alejandro Alvarez, subsecretario de Pol\u00edticas Universitarias, quien fue desplazado del rol de mediador.<\/p>\n<p>El presidente del CIN dijo que todav\u00eda no tienen la confirmaci\u00f3n oficial del encuentro y anticip\u00f3 que llevar\u00e1n el mismo reclamo en torno a los fondos para las universidades, y los salarios Docentes y NoDocentes, entre otros.<\/p>\n<p><iframe width=\"100%\" height=\"300\" scrolling=\"no\" frameborder=\"no\" allow=\"autoplay\" src=\"https:\/\/w.soundcloud.com\/player\/?url=https%3A\/\/api.soundcloud.com\/tracks\/1807703730&#038;color=%23ff5500&#038;auto_play=false&#038;hide_related=false&#038;show_comments=true&#038;show_user=true&#038;show_reposts=false&#038;show_teaser=true&#038;visual=true\"><\/iframe><\/p>\n<div style=\"font-size: 10px; color: #cccccc;line-break: anywhere;word-break: normal;overflow: hidden;white-space: nowrap;text-overflow: ellipsis; font-family: Interstate,Lucida Grande,Lucida Sans Unicode,Lucida Sans,Garuda,Verdana,Tahoma,sans-serif;font-weight: 100;\"><a href=\"https:\/\/soundcloud.com\/radiounrc97-7\" title=\"RadioUNRC97.7\" target=\"_blank\" style=\"color: #cccccc; text-decoration: none;\" rel=\"noopener\">RadioUNRC97.7<\/a> \u00b7 <a href=\"https:\/\/soundcloud.com\/radiounrc97-7\/victor-morinigo-2\" title=\"V\u00edctor Mori\u00f1igo 2\" target=\"_blank\" style=\"color: #cccccc; text-decoration: none;\" rel=\"noopener\">V\u00edctor Mori\u00f1igo 2<\/a><\/div>\n<p><strong>M\u00e1s informaci\u00f3n:<\/strong> <a href=\"https:\/\/radio.unrc.edu.ar\/?p=16021\">M\u00e1s de diez mil personas se movilizaron en la ciudad por la educaci\u00f3n universitaria<\/a><\/p>\n\r\n                <style type=\"text\/css\">\r\n                    \r\n                    #tdi_1  .td-doubleSlider-2 .td-item1 {\r\n                        background: url(https:\/\/radio.unrc.edu.ar\/wp-content\/uploads\/2024\/04\/Imagen-de-WhatsApp-2024-04-25-a-las-10.13.40_70c4db90.jpg) 0 0 no-repeat;\r\n                    }\r\n                    #tdi_1  .td-doubleSlider-2 .td-item2 {\r\n                        background: url(https:\/\/radio.unrc.edu.ar\/wp-content\/uploads\/2024\/04\/Imagen-de-WhatsApp-2024-04-25-a-las-10.13.41_3ca094c2.jpg) 0 0 no-repeat;\r\n                    }\r\n                    #tdi_1  .td-doubleSlider-2 .td-item3 {\r\n                        background: url(https:\/\/radio.unrc.edu.ar\/wp-content\/uploads\/2024\/04\/Imagen-de-WhatsApp-2024-04-25-a-las-10.13.41_18ba637b.jpg) 0 0 no-repeat;\r\n                    }\r\n                    #tdi_1  .td-doubleSlider-2 .td-item4 {\r\n                        background: url(https:\/\/radio.unrc.edu.ar\/wp-content\/uploads\/2024\/04\/Imagen-de-WhatsApp-2024-04-25-a-las-10.13.41_77e02cb1.jpg) 0 0 no-repeat;\r\n                    }\r\n                    #tdi_1  .td-doubleSlider-2 .td-item5 {\r\n                        background: url(https:\/\/radio.unrc.edu.ar\/wp-content\/uploads\/2024\/04\/Imagen-de-WhatsApp-2024-04-25-a-las-10.13.41_f6d135c6.jpg) 0 0 no-repeat;\r\n                    }\r\n                <\/style>\r\n\r\n                <div id=\"tdi_1\" class=\"td-gallery td-slide-on-2-columns\">\r\n                    <div class=\"post_td_gallery\">\r\n                        <div class=\"td-gallery-slide-top\">\r\n                           <div class=\"td-gallery-title\"><\/div>\r\n\r\n                            <div class=\"td-gallery-controls-wrapper\">\r\n                                <div class=\"td-gallery-slide-count\"><span class=\"td-gallery-slide-item-focus\">1<\/span> de 5<\/div>\r\n                                <div class=\"td-gallery-slide-prev-next-but\">\r\n                                    <i class = \"td-icon-left doubleSliderPrevButton\"><\/i>\r\n                                    <i class = \"td-icon-right doubleSliderNextButton\"><\/i>\r\n                                <\/div>\r\n                            <\/div>\r\n                        <\/div>\r\n\r\n                        <div class = \"td-doubleSlider-1 \">\r\n                            <div class = \"td-slider\">\r\n                                \r\n                    <div class = \"td-slide-item td-item1\">\r\n                        <figure class=\"td-slide-galery-figure td-slide-popup-gallery\">\r\n                            <a class=\"slide-gallery-image-link\" href=\"https:\/\/radio.unrc.edu.ar\/wp-content\/uploads\/2024\/04\/Imagen-de-WhatsApp-2024-04-25-a-las-10.13.40_70c4db90.jpg\" title=\"Imagen de WhatsApp 2024-04-25 a las 10.13.40_70c4db90\"  data-caption=\"\"  data-description=\"\">\r\n                                <img decoding=\"async\" src=\"https:\/\/radio.unrc.edu.ar\/wp-content\/uploads\/2024\/04\/Imagen-de-WhatsApp-2024-04-25-a-las-10.13.40_70c4db90.jpg\" srcset=\"https:\/\/radio.unrc.edu.ar\/wp-content\/uploads\/2024\/04\/Imagen-de-WhatsApp-2024-04-25-a-las-10.13.40_70c4db90.jpg 1200w, https:\/\/radio.unrc.edu.ar\/wp-content\/uploads\/2024\/04\/Imagen-de-WhatsApp-2024-04-25-a-las-10.13.40_70c4db90-225x300.jpg 225w, https:\/\/radio.unrc.edu.ar\/wp-content\/uploads\/2024\/04\/Imagen-de-WhatsApp-2024-04-25-a-las-10.13.40_70c4db90-768x1024.jpg 768w, https:\/\/radio.unrc.edu.ar\/wp-content\/uploads\/2024\/04\/Imagen-de-WhatsApp-2024-04-25-a-las-10.13.40_70c4db90-1152x1536.jpg 1152w, https:\/\/radio.unrc.edu.ar\/wp-content\/uploads\/2024\/04\/Imagen-de-WhatsApp-2024-04-25-a-las-10.13.40_70c4db90-150x200.jpg 150w, https:\/\/radio.unrc.edu.ar\/wp-content\/uploads\/2024\/04\/Imagen-de-WhatsApp-2024-04-25-a-las-10.13.40_70c4db90-300x400.jpg 300w, https:\/\/radio.unrc.edu.ar\/wp-content\/uploads\/2024\/04\/Imagen-de-WhatsApp-2024-04-25-a-las-10.13.40_70c4db90-696x928.jpg 696w, https:\/\/radio.unrc.edu.ar\/wp-content\/uploads\/2024\/04\/Imagen-de-WhatsApp-2024-04-25-a-las-10.13.40_70c4db90-1068x1424.jpg 1068w\" sizes=\"(max-width: 1200px) 100vw, 1200px\" alt=\"\">\r\n                            <\/a>\r\n                            \r\n                        <\/figure>\r\n                    <\/div>\r\n                    <div class = \"td-slide-item td-item2\">\r\n                        <figure class=\"td-slide-galery-figure td-slide-popup-gallery\">\r\n                            <a class=\"slide-gallery-image-link\" href=\"https:\/\/radio.unrc.edu.ar\/wp-content\/uploads\/2024\/04\/Imagen-de-WhatsApp-2024-04-25-a-las-10.13.41_3ca094c2.jpg\" title=\"Imagen de WhatsApp 2024-04-25 a las 10.13.41_3ca094c2\"  data-caption=\"\"  data-description=\"\">\r\n                                <img decoding=\"async\" src=\"https:\/\/radio.unrc.edu.ar\/wp-content\/uploads\/2024\/04\/Imagen-de-WhatsApp-2024-04-25-a-las-10.13.41_3ca094c2.jpg\" srcset=\"https:\/\/radio.unrc.edu.ar\/wp-content\/uploads\/2024\/04\/Imagen-de-WhatsApp-2024-04-25-a-las-10.13.41_3ca094c2.jpg 1280w, https:\/\/radio.unrc.edu.ar\/wp-content\/uploads\/2024\/04\/Imagen-de-WhatsApp-2024-04-25-a-las-10.13.41_3ca094c2-300x225.jpg 300w, https:\/\/radio.unrc.edu.ar\/wp-content\/uploads\/2024\/04\/Imagen-de-WhatsApp-2024-04-25-a-las-10.13.41_3ca094c2-1024x768.jpg 1024w, https:\/\/radio.unrc.edu.ar\/wp-content\/uploads\/2024\/04\/Imagen-de-WhatsApp-2024-04-25-a-las-10.13.41_3ca094c2-768x576.jpg 768w, https:\/\/radio.unrc.edu.ar\/wp-content\/uploads\/2024\/04\/Imagen-de-WhatsApp-2024-04-25-a-las-10.13.41_3ca094c2-150x113.jpg 150w, https:\/\/radio.unrc.edu.ar\/wp-content\/uploads\/2024\/04\/Imagen-de-WhatsApp-2024-04-25-a-las-10.13.41_3ca094c2-696x522.jpg 696w, https:\/\/radio.unrc.edu.ar\/wp-content\/uploads\/2024\/04\/Imagen-de-WhatsApp-2024-04-25-a-las-10.13.41_3ca094c2-1068x801.jpg 1068w, https:\/\/radio.unrc.edu.ar\/wp-content\/uploads\/2024\/04\/Imagen-de-WhatsApp-2024-04-25-a-las-10.13.41_3ca094c2-265x198.jpg 265w\" sizes=\"(max-width: 1280px) 100vw, 1280px\" alt=\"\">\r\n                            <\/a>\r\n                            \r\n                        <\/figure>\r\n                    <\/div>\r\n                    <div class = \"td-slide-item td-item3\">\r\n                        <figure class=\"td-slide-galery-figure td-slide-popup-gallery\">\r\n                            <a class=\"slide-gallery-image-link\" href=\"https:\/\/radio.unrc.edu.ar\/wp-content\/uploads\/2024\/04\/Imagen-de-WhatsApp-2024-04-25-a-las-10.13.41_18ba637b.jpg\" title=\"Imagen de WhatsApp 2024-04-25 a las 10.13.41_18ba637b\"  data-caption=\"\"  data-description=\"\">\r\n                                <img decoding=\"async\" src=\"https:\/\/radio.unrc.edu.ar\/wp-content\/uploads\/2024\/04\/Imagen-de-WhatsApp-2024-04-25-a-las-10.13.41_18ba637b.jpg\" srcset=\"https:\/\/radio.unrc.edu.ar\/wp-content\/uploads\/2024\/04\/Imagen-de-WhatsApp-2024-04-25-a-las-10.13.41_18ba637b.jpg 1600w, https:\/\/radio.unrc.edu.ar\/wp-content\/uploads\/2024\/04\/Imagen-de-WhatsApp-2024-04-25-a-las-10.13.41_18ba637b-300x225.jpg 300w, https:\/\/radio.unrc.edu.ar\/wp-content\/uploads\/2024\/04\/Imagen-de-WhatsApp-2024-04-25-a-las-10.13.41_18ba637b-1024x768.jpg 1024w, https:\/\/radio.unrc.edu.ar\/wp-content\/uploads\/2024\/04\/Imagen-de-WhatsApp-2024-04-25-a-las-10.13.41_18ba637b-768x576.jpg 768w, https:\/\/radio.unrc.edu.ar\/wp-content\/uploads\/2024\/04\/Imagen-de-WhatsApp-2024-04-25-a-las-10.13.41_18ba637b-1536x1152.jpg 1536w, https:\/\/radio.unrc.edu.ar\/wp-content\/uploads\/2024\/04\/Imagen-de-WhatsApp-2024-04-25-a-las-10.13.41_18ba637b-150x113.jpg 150w, https:\/\/radio.unrc.edu.ar\/wp-content\/uploads\/2024\/04\/Imagen-de-WhatsApp-2024-04-25-a-las-10.13.41_18ba637b-696x522.jpg 696w, https:\/\/radio.unrc.edu.ar\/wp-content\/uploads\/2024\/04\/Imagen-de-WhatsApp-2024-04-25-a-las-10.13.41_18ba637b-1068x801.jpg 1068w, https:\/\/radio.unrc.edu.ar\/wp-content\/uploads\/2024\/04\/Imagen-de-WhatsApp-2024-04-25-a-las-10.13.41_18ba637b-265x198.jpg 265w\" sizes=\"(max-width: 1600px) 100vw, 1600px\" alt=\"\">\r\n                            <\/a>\r\n                            \r\n                        <\/figure>\r\n                    <\/div>\r\n                    <div class = \"td-slide-item td-item4\">\r\n                        <figure class=\"td-slide-galery-figure td-slide-popup-gallery\">\r\n                            <a class=\"slide-gallery-image-link\" href=\"https:\/\/radio.unrc.edu.ar\/wp-content\/uploads\/2024\/04\/Imagen-de-WhatsApp-2024-04-25-a-las-10.13.41_77e02cb1.jpg\" title=\"Imagen de WhatsApp 2024-04-25 a las 10.13.41_77e02cb1\"  data-caption=\"\"  data-description=\"\">\r\n                                <img decoding=\"async\" src=\"https:\/\/radio.unrc.edu.ar\/wp-content\/uploads\/2024\/04\/Imagen-de-WhatsApp-2024-04-25-a-las-10.13.41_77e02cb1.jpg\" srcset=\"https:\/\/radio.unrc.edu.ar\/wp-content\/uploads\/2024\/04\/Imagen-de-WhatsApp-2024-04-25-a-las-10.13.41_77e02cb1.jpg 1200w, https:\/\/radio.unrc.edu.ar\/wp-content\/uploads\/2024\/04\/Imagen-de-WhatsApp-2024-04-25-a-las-10.13.41_77e02cb1-225x300.jpg 225w, https:\/\/radio.unrc.edu.ar\/wp-content\/uploads\/2024\/04\/Imagen-de-WhatsApp-2024-04-25-a-las-10.13.41_77e02cb1-768x1024.jpg 768w, https:\/\/radio.unrc.edu.ar\/wp-content\/uploads\/2024\/04\/Imagen-de-WhatsApp-2024-04-25-a-las-10.13.41_77e02cb1-1152x1536.jpg 1152w, https:\/\/radio.unrc.edu.ar\/wp-content\/uploads\/2024\/04\/Imagen-de-WhatsApp-2024-04-25-a-las-10.13.41_77e02cb1-150x200.jpg 150w, https:\/\/radio.unrc.edu.ar\/wp-content\/uploads\/2024\/04\/Imagen-de-WhatsApp-2024-04-25-a-las-10.13.41_77e02cb1-300x400.jpg 300w, https:\/\/radio.unrc.edu.ar\/wp-content\/uploads\/2024\/04\/Imagen-de-WhatsApp-2024-04-25-a-las-10.13.41_77e02cb1-696x928.jpg 696w, https:\/\/radio.unrc.edu.ar\/wp-content\/uploads\/2024\/04\/Imagen-de-WhatsApp-2024-04-25-a-las-10.13.41_77e02cb1-1068x1424.jpg 1068w\" sizes=\"(max-width: 1200px) 100vw, 1200px\" alt=\"\">\r\n                            <\/a>\r\n                            \r\n                        <\/figure>\r\n                    <\/div>\r\n                    <div class = \"td-slide-item td-item5\">\r\n                        <figure class=\"td-slide-galery-figure td-slide-popup-gallery\">\r\n                            <a class=\"slide-gallery-image-link\" href=\"https:\/\/radio.unrc.edu.ar\/wp-content\/uploads\/2024\/04\/Imagen-de-WhatsApp-2024-04-25-a-las-10.13.41_f6d135c6.jpg\" title=\"Imagen de WhatsApp 2024-04-25 a las 10.13.41_f6d135c6\"  data-caption=\"\"  data-description=\"\">\r\n                                <img decoding=\"async\" src=\"https:\/\/radio.unrc.edu.ar\/wp-content\/uploads\/2024\/04\/Imagen-de-WhatsApp-2024-04-25-a-las-10.13.41_f6d135c6.jpg\" srcset=\"https:\/\/radio.unrc.edu.ar\/wp-content\/uploads\/2024\/04\/Imagen-de-WhatsApp-2024-04-25-a-las-10.13.41_f6d135c6.jpg 1200w, https:\/\/radio.unrc.edu.ar\/wp-content\/uploads\/2024\/04\/Imagen-de-WhatsApp-2024-04-25-a-las-10.13.41_f6d135c6-225x300.jpg 225w, https:\/\/radio.unrc.edu.ar\/wp-content\/uploads\/2024\/04\/Imagen-de-WhatsApp-2024-04-25-a-las-10.13.41_f6d135c6-768x1024.jpg 768w, https:\/\/radio.unrc.edu.ar\/wp-content\/uploads\/2024\/04\/Imagen-de-WhatsApp-2024-04-25-a-las-10.13.41_f6d135c6-1152x1536.jpg 1152w, https:\/\/radio.unrc.edu.ar\/wp-content\/uploads\/2024\/04\/Imagen-de-WhatsApp-2024-04-25-a-las-10.13.41_f6d135c6-150x200.jpg 150w, https:\/\/radio.unrc.edu.ar\/wp-content\/uploads\/2024\/04\/Imagen-de-WhatsApp-2024-04-25-a-las-10.13.41_f6d135c6-300x400.jpg 300w, https:\/\/radio.unrc.edu.ar\/wp-content\/uploads\/2024\/04\/Imagen-de-WhatsApp-2024-04-25-a-las-10.13.41_f6d135c6-696x928.jpg 696w, https:\/\/radio.unrc.edu.ar\/wp-content\/uploads\/2024\/04\/Imagen-de-WhatsApp-2024-04-25-a-las-10.13.41_f6d135c6-1068x1424.jpg 1068w\" sizes=\"(max-width: 1200px) 100vw, 1200px\" alt=\"\">\r\n                            <\/a>\r\n                            \r\n                        <\/figure>\r\n                    <\/div>\r\n                            <\/div>\r\n                        <\/div>\r\n\r\n                        <div class = \"td-doubleSlider-2\">\r\n                            <div class = \"td-slider\">\r\n                                \r\n                    <div class = \"td-button td-item1\">\r\n                        <div class = \"td-border\"><\/div>\r\n                    <\/div>\r\n                    <div class = \"td-button td-item2\">\r\n                        <div class = \"td-border\"><\/div>\r\n                    <\/div>\r\n                    <div class = \"td-button td-item3\">\r\n                        <div class = \"td-border\"><\/div>\r\n                    <\/div>\r\n                    <div class = \"td-button td-item4\">\r\n                        <div class = \"td-border\"><\/div>\r\n                    <\/div>\r\n                    <div class = \"td-button td-item5\">\r\n                        <div class = \"td-border\"><\/div>\r\n                    <\/div>\r\n                            <\/div>\r\n                        <\/div>\r\n\r\n                    <\/div>\r\n\r\n                <\/div>\r\n                \n","protected":false},"excerpt":{"rendered":"<p>\u201cSorprendido y agradecido\u201d, as\u00ed se mostr\u00f3 el presidente del CIN, Victor Mori\u00f1igo, ante la masiva respuesta en todo el pa\u00eds al reclamo de fondos universitarios en la marcha del pasado martes. El funcionario consider\u00f3 que esto implica una enorme responsabilidad para encontrar una soluci\u00f3n al tema y consider\u00f3 que hubo un cambio de actitud por [&hellip;]<\/p>\n","protected":false},"author":2,"featured_media":16060,"comment_status":"open","ping_status":"open","sticky":false,"template":"","format":"standard","meta":{"footnotes":""},"categories":[17],"tags":[],"class_list":{"0":"post-16054","1":"post","2":"type-post","3":"status-publish","4":"format-standard","5":"has-post-thumbnail","7":"category-universitarias"},"yoast_head":"<!-- This site is optimized with the Yoast SEO plugin v21.5 - https:\/\/yoast.com\/wordpress\/plugins\/seo\/ -->\n<title>El CIN manifest\u00f3 su agradecimiento por la gran marcha federal universitaria - Radio UNRC<\/title>\n<meta name=\"description\" content=\"La radio que te hace sentir y pensar.\" \/>\n<meta name=\"robots\" content=\"index, follow, max-snippet:-1, max-image-preview:large, max-video-preview:-1\" \/>\n<link rel=\"canonical\" href=\"https:\/\/radio.unrc.edu.ar\/?p=16054\" \/>\n<meta property=\"og:locale\" content=\"es_ES\" \/>\n<meta property=\"og:type\" content=\"article\" \/>\n<meta property=\"og:title\" content=\"El CIN manifest\u00f3 su agradecimiento por la gran marcha federal universitaria - Radio UNRC\" \/>\n<meta property=\"og:description\" content=\"La radio que te hace sentir y pensar.\" \/>\n<meta property=\"og:url\" content=\"https:\/\/radio.unrc.edu.ar\/?p=16054\" \/>\n<meta property=\"og:site_name\" content=\"Radio UNRC\" \/>\n<meta property=\"article:publisher\" content=\"https:\/\/www.facebook.com\/radiounrc\" \/>\n<meta property=\"article:published_time\" content=\"2024-04-25T13:18:48+00:00\" \/>\n<meta property=\"article:modified_time\" content=\"2024-04-26T13:18:05+00:00\" \/>\n<meta property=\"og:image\" content=\"https:\/\/radio.unrc.edu.ar\/wp-content\/uploads\/2024\/04\/marcha-2.jpg\" \/>\n\t<meta property=\"og:image:width\" content=\"1280\" \/>\n\t<meta property=\"og:image:height\" content=\"740\" \/>\n\t<meta property=\"og:image:type\" content=\"image\/jpeg\" \/>\n<meta name=\"author\" content=\"majo\" \/>\n<meta name=\"twitter:card\" content=\"summary_large_image\" \/>\n<meta name=\"twitter:label1\" content=\"Escrito por\" \/>\n\t<meta name=\"twitter:data1\" content=\"majo\" \/>\n\t<meta name=\"twitter:label2\" content=\"Tiempo de lectura\" \/>\n\t<meta name=\"twitter:data2\" content=\"1 minuto\" \/>\n<script type=\"application\/ld+json\" class=\"yoast-schema-graph\">{\"@context\":\"https:\/\/schema.org\",\"@graph\":[{\"@type\":\"Article\",\"@id\":\"https:\/\/radio.unrc.edu.ar\/?p=16054#article\",\"isPartOf\":{\"@id\":\"https:\/\/radio.unrc.edu.ar\/?p=16054\"},\"author\":{\"name\":\"majo\",\"@id\":\"https:\/\/radio.unrc.edu.ar\/#\/schema\/person\/197edd08d015632a43a5e6a515c4f7a6\"},\"headline\":\"El CIN manifest\u00f3 su agradecimiento por la gran marcha federal universitaria\",\"datePublished\":\"2024-04-25T13:18:48+00:00\",\"dateModified\":\"2024-04-26T13:18:05+00:00\",\"mainEntityOfPage\":{\"@id\":\"https:\/\/radio.unrc.edu.ar\/?p=16054\"},\"wordCount\":225,\"commentCount\":0,\"publisher\":{\"@id\":\"https:\/\/radio.unrc.edu.ar\/#organization\"},\"articleSection\":[\"Universitarias\"],\"inLanguage\":\"es\",\"potentialAction\":[{\"@type\":\"CommentAction\",\"name\":\"Comment\",\"target\":[\"https:\/\/radio.unrc.edu.ar\/?p=16054#respond\"]}]},{\"@type\":\"WebPage\",\"@id\":\"https:\/\/radio.unrc.edu.ar\/?p=16054\",\"url\":\"https:\/\/radio.unrc.edu.ar\/?p=16054\",\"name\":\"El CIN manifest\u00f3 su agradecimiento por la gran marcha federal universitaria - Radio UNRC\",\"isPartOf\":{\"@id\":\"https:\/\/radio.unrc.edu.ar\/#website\"},\"datePublished\":\"2024-04-25T13:18:48+00:00\",\"dateModified\":\"2024-04-26T13:18:05+00:00\",\"description\":\"La radio que te hace sentir y pensar.\",\"breadcrumb\":{\"@id\":\"https:\/\/radio.unrc.edu.ar\/?p=16054#breadcrumb\"},\"inLanguage\":\"es\",\"potentialAction\":[{\"@type\":\"ReadAction\",\"target\":[\"https:\/\/radio.unrc.edu.ar\/?p=16054\"]}]},{\"@type\":\"BreadcrumbList\",\"@id\":\"https:\/\/radio.unrc.edu.ar\/?p=16054#breadcrumb\",\"itemListElement\":[{\"@type\":\"ListItem\",\"position\":1,\"name\":\"Portada\",\"item\":\"https:\/\/radio.unrc.edu.ar\/\"},{\"@type\":\"ListItem\",\"position\":2,\"name\":\"El CIN manifest\u00f3 su agradecimiento por la gran marcha federal universitaria\"}]},{\"@type\":\"WebSite\",\"@id\":\"https:\/\/radio.unrc.edu.ar\/#website\",\"url\":\"https:\/\/radio.unrc.edu.ar\/\",\"name\":\"Radio UNRC\",\"description\":\"La Radio de la Uni, la que te hace sentir y pensar\",\"publisher\":{\"@id\":\"https:\/\/radio.unrc.edu.ar\/#organization\"},\"potentialAction\":[{\"@type\":\"SearchAction\",\"target\":{\"@type\":\"EntryPoint\",\"urlTemplate\":\"https:\/\/radio.unrc.edu.ar\/?s={search_term_string}\"},\"query-input\":\"required name=search_term_string\"}],\"inLanguage\":\"es\"},{\"@type\":\"Organization\",\"@id\":\"https:\/\/radio.unrc.edu.ar\/#organization\",\"name\":\"Radio UNRC\",\"url\":\"https:\/\/radio.unrc.edu.ar\/\",\"logo\":{\"@type\":\"ImageObject\",\"inLanguage\":\"es\",\"@id\":\"https:\/\/radio.unrc.edu.ar\/#\/schema\/logo\/image\/\",\"url\":\"https:\/\/radio.unrc.edu.ar\/wp-content\/uploads\/2022\/03\/logo-radio-544.png\",\"contentUrl\":\"https:\/\/radio.unrc.edu.ar\/wp-content\/uploads\/2022\/03\/logo-radio-544.png\",\"width\":544,\"height\":180,\"caption\":\"Radio UNRC\"},\"image\":{\"@id\":\"https:\/\/radio.unrc.edu.ar\/#\/schema\/logo\/image\/\"},\"sameAs\":[\"https:\/\/www.facebook.com\/radiounrc\",\"https:\/\/www.instagram.com\/radiounrc\/\"]},{\"@type\":\"Person\",\"@id\":\"https:\/\/radio.unrc.edu.ar\/#\/schema\/person\/197edd08d015632a43a5e6a515c4f7a6\",\"name\":\"majo\",\"image\":{\"@type\":\"ImageObject\",\"inLanguage\":\"es\",\"@id\":\"https:\/\/radio.unrc.edu.ar\/#\/schema\/person\/image\/\",\"url\":\"https:\/\/secure.gravatar.com\/avatar\/6806165fb7635331b44fb331ffb478c3230b9d62d675244a0e2dfd0cb8d8b503?s=96&d=mm&r=g\",\"contentUrl\":\"https:\/\/secure.gravatar.com\/avatar\/6806165fb7635331b44fb331ffb478c3230b9d62d675244a0e2dfd0cb8d8b503?s=96&d=mm&r=g\",\"caption\":\"majo\"},\"url\":\"https:\/\/radio.unrc.edu.ar\/?author=2\"}]}<\/script>\n<!-- \/ Yoast SEO plugin. -->","yoast_head_json":{"title":"El CIN manifest\u00f3 su agradecimiento por la gran marcha federal universitaria - Radio UNRC","description":"La radio que te hace sentir y pensar.","robots":{"index":"index","follow":"follow","max-snippet":"max-snippet:-1","max-image-preview":"max-image-preview:large","max-video-preview":"max-video-preview:-1"},"canonical":"https:\/\/radio.unrc.edu.ar\/?p=16054","og_locale":"es_ES","og_type":"article","og_title":"El CIN manifest\u00f3 su agradecimiento por la gran marcha federal universitaria - Radio UNRC","og_description":"La radio que te hace sentir y pensar.","og_url":"https:\/\/radio.unrc.edu.ar\/?p=16054","og_site_name":"Radio UNRC","article_publisher":"https:\/\/www.facebook.com\/radiounrc","article_published_time":"2024-04-25T13:18:48+00:00","article_modified_time":"2024-04-26T13:18:05+00:00","og_image":[{"width":1280,"height":740,"url":"https:\/\/radio.unrc.edu.ar\/wp-content\/uploads\/2024\/04\/marcha-2.jpg","type":"image\/jpeg"}],"author":"majo","twitter_card":"summary_large_image","twitter_misc":{"Escrito por":"majo","Tiempo de lectura":"1 minuto"},"schema":{"@context":"https:\/\/schema.org","@graph":[{"@type":"Article","@id":"https:\/\/radio.unrc.edu.ar\/?p=16054#article","isPartOf":{"@id":"https:\/\/radio.unrc.edu.ar\/?p=16054"},"author":{"name":"majo","@id":"https:\/\/radio.unrc.edu.ar\/#\/schema\/person\/197edd08d015632a43a5e6a515c4f7a6"},"headline":"El CIN manifest\u00f3 su agradecimiento por la gran marcha federal universitaria","datePublished":"2024-04-25T13:18:48+00:00","dateModified":"2024-04-26T13:18:05+00:00","mainEntityOfPage":{"@id":"https:\/\/radio.unrc.edu.ar\/?p=16054"},"wordCount":225,"commentCount":0,"publisher":{"@id":"https:\/\/radio.unrc.edu.ar\/#organization"},"articleSection":["Universitarias"],"inLanguage":"es","potentialAction":[{"@type":"CommentAction","name":"Comment","target":["https:\/\/radio.unrc.edu.ar\/?p=16054#respond"]}]},{"@type":"WebPage","@id":"https:\/\/radio.unrc.edu.ar\/?p=16054","url":"https:\/\/radio.unrc.edu.ar\/?p=16054","name":"El CIN manifest\u00f3 su agradecimiento por la gran marcha federal universitaria - Radio UNRC","isPartOf":{"@id":"https:\/\/radio.unrc.edu.ar\/#website"},"datePublished":"2024-04-25T13:18:48+00:00","dateModified":"2024-04-26T13:18:05+00:00","description":"La radio que te hace sentir y pensar.","breadcrumb":{"@id":"https:\/\/radio.unrc.edu.ar\/?p=16054#breadcrumb"},"inLanguage":"es","potentialAction":[{"@type":"ReadAction","target":["https:\/\/radio.unrc.edu.ar\/?p=16054"]}]},{"@type":"BreadcrumbList","@id":"https:\/\/radio.unrc.edu.ar\/?p=16054#breadcrumb","itemListElement":[{"@type":"ListItem","position":1,"name":"Portada","item":"https:\/\/radio.unrc.edu.ar\/"},{"@type":"ListItem","position":2,"name":"El CIN manifest\u00f3 su agradecimiento por la gran marcha federal universitaria"}]},{"@type":"WebSite","@id":"https:\/\/radio.unrc.edu.ar\/#website","url":"https:\/\/radio.unrc.edu.ar\/","name":"Radio UNRC","description":"La Radio de la Uni, la que te hace sentir y pensar","publisher":{"@id":"https:\/\/radio.unrc.edu.ar\/#organization"},"potentialAction":[{"@type":"SearchAction","target":{"@type":"EntryPoint","urlTemplate":"https:\/\/radio.unrc.edu.ar\/?s={search_term_string}"},"query-input":"required name=search_term_string"}],"inLanguage":"es"},{"@type":"Organization","@id":"https:\/\/radio.unrc.edu.ar\/#organization","name":"Radio UNRC","url":"https:\/\/radio.unrc.edu.ar\/","logo":{"@type":"ImageObject","inLanguage":"es","@id":"https:\/\/radio.unrc.edu.ar\/#\/schema\/logo\/image\/","url":"https:\/\/radio.unrc.edu.ar\/wp-content\/uploads\/2022\/03\/logo-radio-544.png","contentUrl":"https:\/\/radio.unrc.edu.ar\/wp-content\/uploads\/2022\/03\/logo-radio-544.png","width":544,"height":180,"caption":"Radio UNRC"},"image":{"@id":"https:\/\/radio.unrc.edu.ar\/#\/schema\/logo\/image\/"},"sameAs":["https:\/\/www.facebook.com\/radiounrc","https:\/\/www.instagram.com\/radiounrc\/"]},{"@type":"Person","@id":"https:\/\/radio.unrc.edu.ar\/#\/schema\/person\/197edd08d015632a43a5e6a515c4f7a6","name":"majo","image":{"@type":"ImageObject","inLanguage":"es","@id":"https:\/\/radio.unrc.edu.ar\/#\/schema\/person\/image\/","url":"https:\/\/secure.gravatar.com\/avatar\/6806165fb7635331b44fb331ffb478c3230b9d62d675244a0e2dfd0cb8d8b503?s=96&d=mm&r=g","contentUrl":"https:\/\/secure.gravatar.com\/avatar\/6806165fb7635331b44fb331ffb478c3230b9d62d675244a0e2dfd0cb8d8b503?s=96&d=mm&r=g","caption":"majo"},"url":"https:\/\/radio.unrc.edu.ar\/?author=2"}]}},"_links":{"self":[{"href":"https:\/\/radio.unrc.edu.ar\/index.php?rest_route=\/wp\/v2\/posts\/16054","targetHints":{"allow":["GET"]}}],"collection":[{"href":"https:\/\/radio.unrc.edu.ar\/index.php?rest_route=\/wp\/v2\/posts"}],"about":[{"href":"https:\/\/radio.unrc.edu.ar\/index.php?rest_route=\/wp\/v2\/types\/post"}],"author":[{"embeddable":true,"href":"https:\/\/radio.unrc.edu.ar\/index.php?rest_route=\/wp\/v2\/users\/2"}],"replies":[{"embeddable":true,"href":"https:\/\/radio.unrc.edu.ar\/index.php?rest_route=%2Fwp%2Fv2%2Fcomments&post=16054"}],"version-history":[{"count":3,"href":"https:\/\/radio.unrc.edu.ar\/index.php?rest_route=\/wp\/v2\/posts\/16054\/revisions"}],"predecessor-version":[{"id":16069,"href":"https:\/\/radio.unrc.edu.ar\/index.php?rest_route=\/wp\/v2\/posts\/16054\/revisions\/16069"}],"wp:featuredmedia":[{"embeddable":true,"href":"https:\/\/radio.unrc.edu.ar\/index.php?rest_route=\/wp\/v2\/media\/16060"}],"wp:attachment":[{"href":"https:\/\/radio.unrc.edu.ar\/index.php?rest_route=%2Fwp%2Fv2%2Fmedia&parent=16054"}],"wp:term":[{"taxonomy":"category","embeddable":true,"href":"https:\/\/radio.unrc.edu.ar\/index.php?rest_route=%2Fwp%2Fv2%2Fcategories&post=16054"},{"taxonomy":"post_tag","embeddable":true,"href":"https:\/\/radio.unrc.edu.ar\/index.php?rest_route=%2Fwp%2Fv2%2Ftags&post=16054"}],"curies":[{"name":"wp","href":"https:\/\/api.w.org\/{rel}","templated":true}]}}