{"id":16302,"date":"2024-05-02T18:17:49","date_gmt":"2024-05-02T21:17:49","guid":{"rendered":"https:\/\/radio.unrc.edu.ar\/?p=16302"},"modified":"2024-05-03T12:01:59","modified_gmt":"2024-05-03T15:01:59","slug":"la-unrc-celebro-sus-53-anos-de-vida","status":"publish","type":"post","link":"https:\/\/radio.unrc.edu.ar\/?p=16302","title":{"rendered":"La UNRC celebr\u00f3 sus 53 a\u00f1os de vida"},"content":{"rendered":"<p>Con un acto realizado en el Aula Mayor, integrantes de la comunidad universitaria y de la ciudad participaron del festejo.<\/p>\n<p>La rectora Marisa Rovera dijo que la universidad ha superado las expectativas que hab\u00eda al momento de su creaci\u00f3n. \u00abEst\u00e1 estrechamente ligada a la regi\u00f3n\u00bb, sostuvo Rovera, y dijo que es necesario valorar la contribuci\u00f3n de la casa de estudios al desarrollo social y productivo del territorio.<\/p>\n<p><iframe width=\"100%\" height=\"300\" scrolling=\"no\" frameborder=\"no\" allow=\"autoplay\" src=\"https:\/\/w.soundcloud.com\/player\/?url=https%3A\/\/api.soundcloud.com\/tracks\/1812967929&#038;color=%23ff5500&#038;auto_play=false&#038;hide_related=false&#038;show_comments=true&#038;show_user=true&#038;show_reposts=false&#038;show_teaser=true&#038;visual=true\"><\/iframe><\/p>\n<div style=\"font-size: 10px; color: #cccccc;line-break: anywhere;word-break: normal;overflow: hidden;white-space: nowrap;text-overflow: ellipsis; font-family: Interstate,Lucida Grande,Lucida Sans Unicode,Lucida Sans,Garuda,Verdana,Tahoma,sans-serif;font-weight: 100;\"><a href=\"https:\/\/soundcloud.com\/unrcradio\" title=\"UNRCRadio\" target=\"_blank\" style=\"color: #cccccc; text-decoration: none;\" rel=\"noopener\">UNRCRadio<\/a> \u00b7 <a href=\"https:\/\/soundcloud.com\/unrcradio\/marisa-rovera\" title=\"Marisa Rovera\" target=\"_blank\" style=\"color: #cccccc; text-decoration: none;\" rel=\"noopener\">Marisa Rovera<\/a><\/div>\n<p>\u00abConcebimos la educaci\u00f3n del pueblo como una de las conquistas m\u00e1s preciadas\u00bb, dijo la rectora Marisa Rovera en el acto aniversario de la UNRC<\/p>\n<p>En su discurso, remarc\u00f3 que el \u00fanico objetivo de la marcha del 23 fue visibilizar el estado cr\u00edtico que atraviesan las universidades. Agradeci\u00f3 la participaci\u00f3n estudiantil y de diferente actores de la vida social de la ciudad.<\/p>\n<p><iframe width=\"100%\" height=\"300\" scrolling=\"no\" frameborder=\"no\" allow=\"autoplay\" src=\"https:\/\/w.soundcloud.com\/player\/?url=https%3A\/\/api.soundcloud.com\/tracks\/1812968895&#038;color=%23ff5500&#038;auto_play=false&#038;hide_related=false&#038;show_comments=true&#038;show_user=true&#038;show_reposts=false&#038;show_teaser=true&#038;visual=true\"><\/iframe><\/p>\n<div style=\"font-size: 10px; color: #cccccc;line-break: anywhere;word-break: normal;overflow: hidden;white-space: nowrap;text-overflow: ellipsis; font-family: Interstate,Lucida Grande,Lucida Sans Unicode,Lucida Sans,Garuda,Verdana,Tahoma,sans-serif;font-weight: 100;\"><a href=\"https:\/\/soundcloud.com\/unrcradio\" title=\"UNRCRadio\" target=\"_blank\" style=\"color: #cccccc; text-decoration: none;\" rel=\"noopener\">UNRCRadio<\/a> \u00b7 <a href=\"https:\/\/soundcloud.com\/unrcradio\/marisa-rovera-2\" title=\"Marisa Rovera 2\" target=\"_blank\" style=\"color: #cccccc; text-decoration: none;\" rel=\"noopener\">Marisa Rovera 2<\/a><\/div>\n\r\n                <style type=\"text\/css\">\r\n                    \r\n                    #tdi_1  .td-doubleSlider-2 .td-item1 {\r\n                        background: url(https:\/\/radio.unrc.edu.ar\/wp-content\/uploads\/2024\/05\/2024_Rectorado_Acto-53-anos-UNRC-40.jpg) 0 0 no-repeat;\r\n                    }\r\n                    #tdi_1  .td-doubleSlider-2 .td-item2 {\r\n                        background: url(https:\/\/radio.unrc.edu.ar\/wp-content\/uploads\/2024\/05\/2024_Rectorado_Acto-53-anos-UNRC-31.jpg) 0 0 no-repeat;\r\n                    }\r\n                    #tdi_1  .td-doubleSlider-2 .td-item3 {\r\n                        background: url(https:\/\/radio.unrc.edu.ar\/wp-content\/uploads\/2024\/05\/2024_Rectorado_Acto-53-anos-UNRC-18.jpg) 0 0 no-repeat;\r\n                    }\r\n                    #tdi_1  .td-doubleSlider-2 .td-item4 {\r\n                        background: url(https:\/\/radio.unrc.edu.ar\/wp-content\/uploads\/2024\/05\/2024_Rectorado_Acto-53-anos-UNRC-11.jpg) 0 0 no-repeat;\r\n                    }\r\n                    #tdi_1  .td-doubleSlider-2 .td-item5 {\r\n                        background: url(https:\/\/radio.unrc.edu.ar\/wp-content\/uploads\/2024\/05\/2024_Rectorado_Acto-53-anos-UNRC-6.jpg) 0 0 no-repeat;\r\n                    }\r\n                <\/style>\r\n\r\n                <div id=\"tdi_1\" class=\"td-gallery td-slide-on-2-columns\">\r\n                    <div class=\"post_td_gallery\">\r\n                        <div class=\"td-gallery-slide-top\">\r\n                           <div class=\"td-gallery-title\"><\/div>\r\n\r\n                            <div class=\"td-gallery-controls-wrapper\">\r\n                                <div class=\"td-gallery-slide-count\"><span class=\"td-gallery-slide-item-focus\">1<\/span> de 5<\/div>\r\n                                <div class=\"td-gallery-slide-prev-next-but\">\r\n                                    <i class = \"td-icon-left doubleSliderPrevButton\"><\/i>\r\n                                    <i class = \"td-icon-right doubleSliderNextButton\"><\/i>\r\n                                <\/div>\r\n                            <\/div>\r\n                        <\/div>\r\n\r\n                        <div class = \"td-doubleSlider-1 \">\r\n                            <div class = \"td-slider\">\r\n                                \r\n                    <div class = \"td-slide-item td-item1\">\r\n                        <figure class=\"td-slide-galery-figure td-slide-popup-gallery\">\r\n                            <a class=\"slide-gallery-image-link\" href=\"https:\/\/radio.unrc.edu.ar\/wp-content\/uploads\/2024\/05\/2024_Rectorado_Acto-53-anos-UNRC-40.jpg\" title=\"2024_Rectorado_Acto 53 a\u00f1os UNRC (40)\"  data-caption=\"\"  data-description=\"\">\r\n                                <img decoding=\"async\" src=\"https:\/\/radio.unrc.edu.ar\/wp-content\/uploads\/2024\/05\/2024_Rectorado_Acto-53-anos-UNRC-40.jpg\" srcset=\"https:\/\/radio.unrc.edu.ar\/wp-content\/uploads\/2024\/05\/2024_Rectorado_Acto-53-anos-UNRC-40.jpg 1772w, https:\/\/radio.unrc.edu.ar\/wp-content\/uploads\/2024\/05\/2024_Rectorado_Acto-53-anos-UNRC-40-300x200.jpg 300w, https:\/\/radio.unrc.edu.ar\/wp-content\/uploads\/2024\/05\/2024_Rectorado_Acto-53-anos-UNRC-40-1024x682.jpg 1024w, https:\/\/radio.unrc.edu.ar\/wp-content\/uploads\/2024\/05\/2024_Rectorado_Acto-53-anos-UNRC-40-768x512.jpg 768w, https:\/\/radio.unrc.edu.ar\/wp-content\/uploads\/2024\/05\/2024_Rectorado_Acto-53-anos-UNRC-40-1536x1024.jpg 1536w, https:\/\/radio.unrc.edu.ar\/wp-content\/uploads\/2024\/05\/2024_Rectorado_Acto-53-anos-UNRC-40-150x100.jpg 150w, https:\/\/radio.unrc.edu.ar\/wp-content\/uploads\/2024\/05\/2024_Rectorado_Acto-53-anos-UNRC-40-696x464.jpg 696w, https:\/\/radio.unrc.edu.ar\/wp-content\/uploads\/2024\/05\/2024_Rectorado_Acto-53-anos-UNRC-40-1068x712.jpg 1068w\" sizes=\"(max-width: 1772px) 100vw, 1772px\" alt=\"\">\r\n                            <\/a>\r\n                            \r\n                        <\/figure>\r\n                    <\/div>\r\n                    <div class = \"td-slide-item td-item2\">\r\n                        <figure class=\"td-slide-galery-figure td-slide-popup-gallery\">\r\n                            <a class=\"slide-gallery-image-link\" href=\"https:\/\/radio.unrc.edu.ar\/wp-content\/uploads\/2024\/05\/2024_Rectorado_Acto-53-anos-UNRC-31.jpg\" title=\"2024_Rectorado_Acto 53 a\u00f1os UNRC (31)\"  data-caption=\"\"  data-description=\"\">\r\n                                <img decoding=\"async\" src=\"https:\/\/radio.unrc.edu.ar\/wp-content\/uploads\/2024\/05\/2024_Rectorado_Acto-53-anos-UNRC-31.jpg\" srcset=\"https:\/\/radio.unrc.edu.ar\/wp-content\/uploads\/2024\/05\/2024_Rectorado_Acto-53-anos-UNRC-31.jpg 1772w, https:\/\/radio.unrc.edu.ar\/wp-content\/uploads\/2024\/05\/2024_Rectorado_Acto-53-anos-UNRC-31-300x200.jpg 300w, https:\/\/radio.unrc.edu.ar\/wp-content\/uploads\/2024\/05\/2024_Rectorado_Acto-53-anos-UNRC-31-1024x682.jpg 1024w, https:\/\/radio.unrc.edu.ar\/wp-content\/uploads\/2024\/05\/2024_Rectorado_Acto-53-anos-UNRC-31-768x512.jpg 768w, https:\/\/radio.unrc.edu.ar\/wp-content\/uploads\/2024\/05\/2024_Rectorado_Acto-53-anos-UNRC-31-1536x1024.jpg 1536w, https:\/\/radio.unrc.edu.ar\/wp-content\/uploads\/2024\/05\/2024_Rectorado_Acto-53-anos-UNRC-31-150x100.jpg 150w, https:\/\/radio.unrc.edu.ar\/wp-content\/uploads\/2024\/05\/2024_Rectorado_Acto-53-anos-UNRC-31-696x464.jpg 696w, https:\/\/radio.unrc.edu.ar\/wp-content\/uploads\/2024\/05\/2024_Rectorado_Acto-53-anos-UNRC-31-1068x712.jpg 1068w\" sizes=\"(max-width: 1772px) 100vw, 1772px\" alt=\"\">\r\n                            <\/a>\r\n                            \r\n                        <\/figure>\r\n                    <\/div>\r\n                    <div class = \"td-slide-item td-item3\">\r\n                        <figure class=\"td-slide-galery-figure td-slide-popup-gallery\">\r\n                            <a class=\"slide-gallery-image-link\" href=\"https:\/\/radio.unrc.edu.ar\/wp-content\/uploads\/2024\/05\/2024_Rectorado_Acto-53-anos-UNRC-18.jpg\" title=\"2024_Rectorado_Acto 53 a\u00f1os UNRC (18)\"  data-caption=\"\"  data-description=\"\">\r\n                                <img decoding=\"async\" src=\"https:\/\/radio.unrc.edu.ar\/wp-content\/uploads\/2024\/05\/2024_Rectorado_Acto-53-anos-UNRC-18.jpg\" srcset=\"https:\/\/radio.unrc.edu.ar\/wp-content\/uploads\/2024\/05\/2024_Rectorado_Acto-53-anos-UNRC-18.jpg 1772w, https:\/\/radio.unrc.edu.ar\/wp-content\/uploads\/2024\/05\/2024_Rectorado_Acto-53-anos-UNRC-18-300x200.jpg 300w, https:\/\/radio.unrc.edu.ar\/wp-content\/uploads\/2024\/05\/2024_Rectorado_Acto-53-anos-UNRC-18-1024x682.jpg 1024w, https:\/\/radio.unrc.edu.ar\/wp-content\/uploads\/2024\/05\/2024_Rectorado_Acto-53-anos-UNRC-18-768x512.jpg 768w, https:\/\/radio.unrc.edu.ar\/wp-content\/uploads\/2024\/05\/2024_Rectorado_Acto-53-anos-UNRC-18-1536x1024.jpg 1536w, https:\/\/radio.unrc.edu.ar\/wp-content\/uploads\/2024\/05\/2024_Rectorado_Acto-53-anos-UNRC-18-150x100.jpg 150w, https:\/\/radio.unrc.edu.ar\/wp-content\/uploads\/2024\/05\/2024_Rectorado_Acto-53-anos-UNRC-18-696x464.jpg 696w, https:\/\/radio.unrc.edu.ar\/wp-content\/uploads\/2024\/05\/2024_Rectorado_Acto-53-anos-UNRC-18-1068x712.jpg 1068w\" sizes=\"(max-width: 1772px) 100vw, 1772px\" alt=\"\">\r\n                            <\/a>\r\n                            \r\n                        <\/figure>\r\n                    <\/div>\r\n                    <div class = \"td-slide-item td-item4\">\r\n                        <figure class=\"td-slide-galery-figure td-slide-popup-gallery\">\r\n                            <a class=\"slide-gallery-image-link\" href=\"https:\/\/radio.unrc.edu.ar\/wp-content\/uploads\/2024\/05\/2024_Rectorado_Acto-53-anos-UNRC-11.jpg\" title=\"2024_Rectorado_Acto 53 a\u00f1os UNRC (11)\"  data-caption=\"\"  data-description=\"\">\r\n                                <img decoding=\"async\" src=\"https:\/\/radio.unrc.edu.ar\/wp-content\/uploads\/2024\/05\/2024_Rectorado_Acto-53-anos-UNRC-11.jpg\" srcset=\"https:\/\/radio.unrc.edu.ar\/wp-content\/uploads\/2024\/05\/2024_Rectorado_Acto-53-anos-UNRC-11.jpg 1772w, https:\/\/radio.unrc.edu.ar\/wp-content\/uploads\/2024\/05\/2024_Rectorado_Acto-53-anos-UNRC-11-300x200.jpg 300w, https:\/\/radio.unrc.edu.ar\/wp-content\/uploads\/2024\/05\/2024_Rectorado_Acto-53-anos-UNRC-11-1024x682.jpg 1024w, https:\/\/radio.unrc.edu.ar\/wp-content\/uploads\/2024\/05\/2024_Rectorado_Acto-53-anos-UNRC-11-768x512.jpg 768w, https:\/\/radio.unrc.edu.ar\/wp-content\/uploads\/2024\/05\/2024_Rectorado_Acto-53-anos-UNRC-11-1536x1024.jpg 1536w, https:\/\/radio.unrc.edu.ar\/wp-content\/uploads\/2024\/05\/2024_Rectorado_Acto-53-anos-UNRC-11-150x100.jpg 150w, https:\/\/radio.unrc.edu.ar\/wp-content\/uploads\/2024\/05\/2024_Rectorado_Acto-53-anos-UNRC-11-696x464.jpg 696w, https:\/\/radio.unrc.edu.ar\/wp-content\/uploads\/2024\/05\/2024_Rectorado_Acto-53-anos-UNRC-11-1068x712.jpg 1068w\" sizes=\"(max-width: 1772px) 100vw, 1772px\" alt=\"\">\r\n                            <\/a>\r\n                            \r\n                        <\/figure>\r\n                    <\/div>\r\n                    <div class = \"td-slide-item td-item5\">\r\n                        <figure class=\"td-slide-galery-figure td-slide-popup-gallery\">\r\n                            <a class=\"slide-gallery-image-link\" href=\"https:\/\/radio.unrc.edu.ar\/wp-content\/uploads\/2024\/05\/2024_Rectorado_Acto-53-anos-UNRC-6.jpg\" title=\"2024_Rectorado_Acto 53 a\u00f1os UNRC (6)\"  data-caption=\"\"  data-description=\"\">\r\n                                <img decoding=\"async\" src=\"https:\/\/radio.unrc.edu.ar\/wp-content\/uploads\/2024\/05\/2024_Rectorado_Acto-53-anos-UNRC-6.jpg\" srcset=\"https:\/\/radio.unrc.edu.ar\/wp-content\/uploads\/2024\/05\/2024_Rectorado_Acto-53-anos-UNRC-6.jpg 1772w, https:\/\/radio.unrc.edu.ar\/wp-content\/uploads\/2024\/05\/2024_Rectorado_Acto-53-anos-UNRC-6-300x200.jpg 300w, https:\/\/radio.unrc.edu.ar\/wp-content\/uploads\/2024\/05\/2024_Rectorado_Acto-53-anos-UNRC-6-1024x682.jpg 1024w, https:\/\/radio.unrc.edu.ar\/wp-content\/uploads\/2024\/05\/2024_Rectorado_Acto-53-anos-UNRC-6-768x512.jpg 768w, https:\/\/radio.unrc.edu.ar\/wp-content\/uploads\/2024\/05\/2024_Rectorado_Acto-53-anos-UNRC-6-1536x1024.jpg 1536w, https:\/\/radio.unrc.edu.ar\/wp-content\/uploads\/2024\/05\/2024_Rectorado_Acto-53-anos-UNRC-6-150x100.jpg 150w, https:\/\/radio.unrc.edu.ar\/wp-content\/uploads\/2024\/05\/2024_Rectorado_Acto-53-anos-UNRC-6-696x464.jpg 696w, https:\/\/radio.unrc.edu.ar\/wp-content\/uploads\/2024\/05\/2024_Rectorado_Acto-53-anos-UNRC-6-1068x712.jpg 1068w\" sizes=\"(max-width: 1772px) 100vw, 1772px\" alt=\"\">\r\n                            <\/a>\r\n                            \r\n                        <\/figure>\r\n                    <\/div>\r\n                            <\/div>\r\n                        <\/div>\r\n\r\n                        <div class = \"td-doubleSlider-2\">\r\n                            <div class = \"td-slider\">\r\n                                \r\n                    <div class = \"td-button td-item1\">\r\n                        <div class = \"td-border\"><\/div>\r\n                    <\/div>\r\n                    <div class = \"td-button td-item2\">\r\n                        <div class = \"td-border\"><\/div>\r\n                    <\/div>\r\n                    <div class = \"td-button td-item3\">\r\n                        <div class = \"td-border\"><\/div>\r\n                    <\/div>\r\n                    <div class = \"td-button td-item4\">\r\n                        <div class = \"td-border\"><\/div>\r\n                    <\/div>\r\n                    <div class = \"td-button td-item5\">\r\n                        <div class = \"td-border\"><\/div>\r\n                    <\/div>\r\n                            <\/div>\r\n                        <\/div>\r\n\r\n                    <\/div>\r\n\r\n                <\/div>\r\n                \n","protected":false},"excerpt":{"rendered":"<p>Con un acto realizado en el Aula Mayor, integrantes de la comunidad universitaria y de la ciudad participaron del festejo. La rectora Marisa Rovera dijo que la universidad ha superado las expectativas que hab\u00eda al momento de su creaci\u00f3n. \u00abEst\u00e1 estrechamente ligada a la regi\u00f3n\u00bb, sostuvo Rovera, y dijo que es necesario valorar la contribuci\u00f3n [&hellip;]<\/p>\n","protected":false},"author":3,"featured_media":16303,"comment_status":"open","ping_status":"open","sticky":false,"template":"","format":"standard","meta":{"footnotes":""},"categories":[17],"tags":[],"class_list":{"0":"post-16302","1":"post","2":"type-post","3":"status-publish","4":"format-standard","5":"has-post-thumbnail","7":"category-universitarias"},"yoast_head":"<!-- This site is optimized with the Yoast SEO plugin v21.5 - https:\/\/yoast.com\/wordpress\/plugins\/seo\/ -->\n<title>La UNRC celebr\u00f3 sus 53 a\u00f1os de vida - Radio UNRC<\/title>\n<meta name=\"description\" content=\"La radio que te hace sentir y pensar.\" \/>\n<meta name=\"robots\" content=\"index, follow, max-snippet:-1, max-image-preview:large, max-video-preview:-1\" \/>\n<link rel=\"canonical\" href=\"https:\/\/radio.unrc.edu.ar\/?p=16302\" \/>\n<meta property=\"og:locale\" content=\"es_ES\" \/>\n<meta property=\"og:type\" content=\"article\" \/>\n<meta property=\"og:title\" content=\"La UNRC celebr\u00f3 sus 53 a\u00f1os de vida - Radio UNRC\" \/>\n<meta property=\"og:description\" content=\"La radio que te hace sentir y pensar.\" \/>\n<meta property=\"og:url\" content=\"https:\/\/radio.unrc.edu.ar\/?p=16302\" \/>\n<meta property=\"og:site_name\" content=\"Radio UNRC\" \/>\n<meta property=\"article:publisher\" content=\"https:\/\/www.facebook.com\/radiounrc\" \/>\n<meta property=\"article:published_time\" content=\"2024-05-02T21:17:49+00:00\" \/>\n<meta property=\"article:modified_time\" content=\"2024-05-03T15:01:59+00:00\" \/>\n<meta property=\"og:image\" content=\"https:\/\/radio.unrc.edu.ar\/wp-content\/uploads\/2024\/05\/1.jpg\" \/>\n\t<meta property=\"og:image:width\" content=\"1280\" \/>\n\t<meta property=\"og:image:height\" content=\"741\" \/>\n\t<meta property=\"og:image:type\" content=\"image\/jpeg\" \/>\n<meta name=\"author\" content=\"emiliano\" \/>\n<meta name=\"twitter:card\" content=\"summary_large_image\" \/>\n<meta name=\"twitter:label1\" content=\"Escrito por\" \/>\n\t<meta name=\"twitter:data1\" content=\"emiliano\" \/>\n\t<meta name=\"twitter:label2\" content=\"Tiempo de lectura\" \/>\n\t<meta name=\"twitter:data2\" content=\"1 minuto\" \/>\n<script type=\"application\/ld+json\" class=\"yoast-schema-graph\">{\"@context\":\"https:\/\/schema.org\",\"@graph\":[{\"@type\":\"Article\",\"@id\":\"https:\/\/radio.unrc.edu.ar\/?p=16302#article\",\"isPartOf\":{\"@id\":\"https:\/\/radio.unrc.edu.ar\/?p=16302\"},\"author\":{\"name\":\"emiliano\",\"@id\":\"https:\/\/radio.unrc.edu.ar\/#\/schema\/person\/33c70d97cd2981bc6512850c2abf21ff\"},\"headline\":\"La UNRC celebr\u00f3 sus 53 a\u00f1os de vida\",\"datePublished\":\"2024-05-02T21:17:49+00:00\",\"dateModified\":\"2024-05-03T15:01:59+00:00\",\"mainEntityOfPage\":{\"@id\":\"https:\/\/radio.unrc.edu.ar\/?p=16302\"},\"wordCount\":156,\"commentCount\":0,\"publisher\":{\"@id\":\"https:\/\/radio.unrc.edu.ar\/#organization\"},\"articleSection\":[\"Universitarias\"],\"inLanguage\":\"es\",\"potentialAction\":[{\"@type\":\"CommentAction\",\"name\":\"Comment\",\"target\":[\"https:\/\/radio.unrc.edu.ar\/?p=16302#respond\"]}]},{\"@type\":\"WebPage\",\"@id\":\"https:\/\/radio.unrc.edu.ar\/?p=16302\",\"url\":\"https:\/\/radio.unrc.edu.ar\/?p=16302\",\"name\":\"La UNRC celebr\u00f3 sus 53 a\u00f1os de vida - Radio UNRC\",\"isPartOf\":{\"@id\":\"https:\/\/radio.unrc.edu.ar\/#website\"},\"datePublished\":\"2024-05-02T21:17:49+00:00\",\"dateModified\":\"2024-05-03T15:01:59+00:00\",\"description\":\"La radio que te hace sentir y pensar.\",\"breadcrumb\":{\"@id\":\"https:\/\/radio.unrc.edu.ar\/?p=16302#breadcrumb\"},\"inLanguage\":\"es\",\"potentialAction\":[{\"@type\":\"ReadAction\",\"target\":[\"https:\/\/radio.unrc.edu.ar\/?p=16302\"]}]},{\"@type\":\"BreadcrumbList\",\"@id\":\"https:\/\/radio.unrc.edu.ar\/?p=16302#breadcrumb\",\"itemListElement\":[{\"@type\":\"ListItem\",\"position\":1,\"name\":\"Portada\",\"item\":\"https:\/\/radio.unrc.edu.ar\/\"},{\"@type\":\"ListItem\",\"position\":2,\"name\":\"La UNRC celebr\u00f3 sus 53 a\u00f1os de vida\"}]},{\"@type\":\"WebSite\",\"@id\":\"https:\/\/radio.unrc.edu.ar\/#website\",\"url\":\"https:\/\/radio.unrc.edu.ar\/\",\"name\":\"Radio UNRC\",\"description\":\"La Radio de la Uni, la que te hace sentir y pensar\",\"publisher\":{\"@id\":\"https:\/\/radio.unrc.edu.ar\/#organization\"},\"potentialAction\":[{\"@type\":\"SearchAction\",\"target\":{\"@type\":\"EntryPoint\",\"urlTemplate\":\"https:\/\/radio.unrc.edu.ar\/?s={search_term_string}\"},\"query-input\":\"required name=search_term_string\"}],\"inLanguage\":\"es\"},{\"@type\":\"Organization\",\"@id\":\"https:\/\/radio.unrc.edu.ar\/#organization\",\"name\":\"Radio UNRC\",\"url\":\"https:\/\/radio.unrc.edu.ar\/\",\"logo\":{\"@type\":\"ImageObject\",\"inLanguage\":\"es\",\"@id\":\"https:\/\/radio.unrc.edu.ar\/#\/schema\/logo\/image\/\",\"url\":\"https:\/\/radio.unrc.edu.ar\/wp-content\/uploads\/2022\/03\/logo-radio-544.png\",\"contentUrl\":\"https:\/\/radio.unrc.edu.ar\/wp-content\/uploads\/2022\/03\/logo-radio-544.png\",\"width\":544,\"height\":180,\"caption\":\"Radio UNRC\"},\"image\":{\"@id\":\"https:\/\/radio.unrc.edu.ar\/#\/schema\/logo\/image\/\"},\"sameAs\":[\"https:\/\/www.facebook.com\/radiounrc\",\"https:\/\/www.instagram.com\/radiounrc\/\"]},{\"@type\":\"Person\",\"@id\":\"https:\/\/radio.unrc.edu.ar\/#\/schema\/person\/33c70d97cd2981bc6512850c2abf21ff\",\"name\":\"emiliano\",\"image\":{\"@type\":\"ImageObject\",\"inLanguage\":\"es\",\"@id\":\"https:\/\/radio.unrc.edu.ar\/#\/schema\/person\/image\/\",\"url\":\"https:\/\/secure.gravatar.com\/avatar\/96c203a9f3ab9e14fb64d9e099de90f736c89b4da443326dbe2e55610962893e?s=96&d=mm&r=g\",\"contentUrl\":\"https:\/\/secure.gravatar.com\/avatar\/96c203a9f3ab9e14fb64d9e099de90f736c89b4da443326dbe2e55610962893e?s=96&d=mm&r=g\",\"caption\":\"emiliano\"},\"url\":\"https:\/\/radio.unrc.edu.ar\/?author=3\"}]}<\/script>\n<!-- \/ Yoast SEO plugin. -->","yoast_head_json":{"title":"La UNRC celebr\u00f3 sus 53 a\u00f1os de vida - Radio UNRC","description":"La radio que te hace sentir y pensar.","robots":{"index":"index","follow":"follow","max-snippet":"max-snippet:-1","max-image-preview":"max-image-preview:large","max-video-preview":"max-video-preview:-1"},"canonical":"https:\/\/radio.unrc.edu.ar\/?p=16302","og_locale":"es_ES","og_type":"article","og_title":"La UNRC celebr\u00f3 sus 53 a\u00f1os de vida - Radio UNRC","og_description":"La radio que te hace sentir y pensar.","og_url":"https:\/\/radio.unrc.edu.ar\/?p=16302","og_site_name":"Radio UNRC","article_publisher":"https:\/\/www.facebook.com\/radiounrc","article_published_time":"2024-05-02T21:17:49+00:00","article_modified_time":"2024-05-03T15:01:59+00:00","og_image":[{"width":1280,"height":741,"url":"https:\/\/radio.unrc.edu.ar\/wp-content\/uploads\/2024\/05\/1.jpg","type":"image\/jpeg"}],"author":"emiliano","twitter_card":"summary_large_image","twitter_misc":{"Escrito por":"emiliano","Tiempo de lectura":"1 minuto"},"schema":{"@context":"https:\/\/schema.org","@graph":[{"@type":"Article","@id":"https:\/\/radio.unrc.edu.ar\/?p=16302#article","isPartOf":{"@id":"https:\/\/radio.unrc.edu.ar\/?p=16302"},"author":{"name":"emiliano","@id":"https:\/\/radio.unrc.edu.ar\/#\/schema\/person\/33c70d97cd2981bc6512850c2abf21ff"},"headline":"La UNRC celebr\u00f3 sus 53 a\u00f1os de vida","datePublished":"2024-05-02T21:17:49+00:00","dateModified":"2024-05-03T15:01:59+00:00","mainEntityOfPage":{"@id":"https:\/\/radio.unrc.edu.ar\/?p=16302"},"wordCount":156,"commentCount":0,"publisher":{"@id":"https:\/\/radio.unrc.edu.ar\/#organization"},"articleSection":["Universitarias"],"inLanguage":"es","potentialAction":[{"@type":"CommentAction","name":"Comment","target":["https:\/\/radio.unrc.edu.ar\/?p=16302#respond"]}]},{"@type":"WebPage","@id":"https:\/\/radio.unrc.edu.ar\/?p=16302","url":"https:\/\/radio.unrc.edu.ar\/?p=16302","name":"La UNRC celebr\u00f3 sus 53 a\u00f1os de vida - Radio UNRC","isPartOf":{"@id":"https:\/\/radio.unrc.edu.ar\/#website"},"datePublished":"2024-05-02T21:17:49+00:00","dateModified":"2024-05-03T15:01:59+00:00","description":"La radio que te hace sentir y pensar.","breadcrumb":{"@id":"https:\/\/radio.unrc.edu.ar\/?p=16302#breadcrumb"},"inLanguage":"es","potentialAction":[{"@type":"ReadAction","target":["https:\/\/radio.unrc.edu.ar\/?p=16302"]}]},{"@type":"BreadcrumbList","@id":"https:\/\/radio.unrc.edu.ar\/?p=16302#breadcrumb","itemListElement":[{"@type":"ListItem","position":1,"name":"Portada","item":"https:\/\/radio.unrc.edu.ar\/"},{"@type":"ListItem","position":2,"name":"La UNRC celebr\u00f3 sus 53 a\u00f1os de vida"}]},{"@type":"WebSite","@id":"https:\/\/radio.unrc.edu.ar\/#website","url":"https:\/\/radio.unrc.edu.ar\/","name":"Radio UNRC","description":"La Radio de la Uni, la que te hace sentir y pensar","publisher":{"@id":"https:\/\/radio.unrc.edu.ar\/#organization"},"potentialAction":[{"@type":"SearchAction","target":{"@type":"EntryPoint","urlTemplate":"https:\/\/radio.unrc.edu.ar\/?s={search_term_string}"},"query-input":"required name=search_term_string"}],"inLanguage":"es"},{"@type":"Organization","@id":"https:\/\/radio.unrc.edu.ar\/#organization","name":"Radio UNRC","url":"https:\/\/radio.unrc.edu.ar\/","logo":{"@type":"ImageObject","inLanguage":"es","@id":"https:\/\/radio.unrc.edu.ar\/#\/schema\/logo\/image\/","url":"https:\/\/radio.unrc.edu.ar\/wp-content\/uploads\/2022\/03\/logo-radio-544.png","contentUrl":"https:\/\/radio.unrc.edu.ar\/wp-content\/uploads\/2022\/03\/logo-radio-544.png","width":544,"height":180,"caption":"Radio UNRC"},"image":{"@id":"https:\/\/radio.unrc.edu.ar\/#\/schema\/logo\/image\/"},"sameAs":["https:\/\/www.facebook.com\/radiounrc","https:\/\/www.instagram.com\/radiounrc\/"]},{"@type":"Person","@id":"https:\/\/radio.unrc.edu.ar\/#\/schema\/person\/33c70d97cd2981bc6512850c2abf21ff","name":"emiliano","image":{"@type":"ImageObject","inLanguage":"es","@id":"https:\/\/radio.unrc.edu.ar\/#\/schema\/person\/image\/","url":"https:\/\/secure.gravatar.com\/avatar\/96c203a9f3ab9e14fb64d9e099de90f736c89b4da443326dbe2e55610962893e?s=96&d=mm&r=g","contentUrl":"https:\/\/secure.gravatar.com\/avatar\/96c203a9f3ab9e14fb64d9e099de90f736c89b4da443326dbe2e55610962893e?s=96&d=mm&r=g","caption":"emiliano"},"url":"https:\/\/radio.unrc.edu.ar\/?author=3"}]}},"_links":{"self":[{"href":"https:\/\/radio.unrc.edu.ar\/index.php?rest_route=\/wp\/v2\/posts\/16302","targetHints":{"allow":["GET"]}}],"collection":[{"href":"https:\/\/radio.unrc.edu.ar\/index.php?rest_route=\/wp\/v2\/posts"}],"about":[{"href":"https:\/\/radio.unrc.edu.ar\/index.php?rest_route=\/wp\/v2\/types\/post"}],"author":[{"embeddable":true,"href":"https:\/\/radio.unrc.edu.ar\/index.php?rest_route=\/wp\/v2\/users\/3"}],"replies":[{"embeddable":true,"href":"https:\/\/radio.unrc.edu.ar\/index.php?rest_route=%2Fwp%2Fv2%2Fcomments&post=16302"}],"version-history":[{"count":2,"href":"https:\/\/radio.unrc.edu.ar\/index.php?rest_route=\/wp\/v2\/posts\/16302\/revisions"}],"predecessor-version":[{"id":16310,"href":"https:\/\/radio.unrc.edu.ar\/index.php?rest_route=\/wp\/v2\/posts\/16302\/revisions\/16310"}],"wp:featuredmedia":[{"embeddable":true,"href":"https:\/\/radio.unrc.edu.ar\/index.php?rest_route=\/wp\/v2\/media\/16303"}],"wp:attachment":[{"href":"https:\/\/radio.unrc.edu.ar\/index.php?rest_route=%2Fwp%2Fv2%2Fmedia&parent=16302"}],"wp:term":[{"taxonomy":"category","embeddable":true,"href":"https:\/\/radio.unrc.edu.ar\/index.php?rest_route=%2Fwp%2Fv2%2Fcategories&post=16302"},{"taxonomy":"post_tag","embeddable":true,"href":"https:\/\/radio.unrc.edu.ar\/index.php?rest_route=%2Fwp%2Fv2%2Ftags&post=16302"}],"curies":[{"name":"wp","href":"https:\/\/api.w.org\/{rel}","templated":true}]}}