{"id":16548,"date":"2024-05-10T11:45:13","date_gmt":"2024-05-10T14:45:13","guid":{"rendered":"https:\/\/radio.unrc.edu.ar\/?p=16548"},"modified":"2024-05-13T11:48:17","modified_gmt":"2024-05-13T14:48:17","slug":"la-rectora-de-la-unrc-recibio-a-los-presidentes-de-los-centros-de-estudiantes-y-de-la-furc","status":"publish","type":"post","link":"https:\/\/radio.unrc.edu.ar\/?p=16548","title":{"rendered":"La rectora de la UNRC recibi\u00f3 a los presidentes de los centros de estudiantes y de la FURC"},"content":{"rendered":"<p>Se trata de los estudiantes de las cinco facultades que resultaron electos en los comicios que se realizaron en abril.<\/p>\n<p>Joaqu\u00edn Mart\u00ednez, presidente del Centro de Estudiantes de Ingenier\u00eda Agron\u00f3mica, dijo que la intenci\u00f3n de estos encuentros es afianzar los lazos con el rectorado.<\/p>\n<p><iframe width=\"100%\" height=\"300\" scrolling=\"no\" frameborder=\"no\" allow=\"autoplay\" src=\"https:\/\/w.soundcloud.com\/player\/?url=https%3A\/\/api.soundcloud.com\/tracks\/1818948087&#038;color=%23ff5500&#038;auto_play=false&#038;hide_related=false&#038;show_comments=true&#038;show_user=true&#038;show_reposts=false&#038;show_teaser=true&#038;visual=true\"><\/iframe><\/p>\n<div style=\"font-size: 10px; color: #cccccc;line-break: anywhere;word-break: normal;overflow: hidden;white-space: nowrap;text-overflow: ellipsis; font-family: Interstate,Lucida Grande,Lucida Sans Unicode,Lucida Sans,Garuda,Verdana,Tahoma,sans-serif;font-weight: 100;\"><a href=\"https:\/\/soundcloud.com\/radiounrc\" title=\"RadioUNRC\" target=\"_blank\" style=\"color: #cccccc; text-decoration: none;\" rel=\"noopener\">RadioUNRC<\/a> \u00b7 <a href=\"https:\/\/soundcloud.com\/radiounrc\/joaquin-martinez\" title=\"Joaqu\u00edn Mart\u00ednez\" target=\"_blank\" style=\"color: #cccccc; text-decoration: none;\" rel=\"noopener\">Joaqu\u00edn Mart\u00ednez<\/a><\/div>\n<p>Franco Goldfarb, integrante del centro de estudiantes de Medicina Veterinaria, dijo que las problem\u00e1ticas m\u00e1s importantes que tienen los estudiantes son viviendas y el costo de vida. <\/p>\n<p>El dirigente estudiantil dijo que la falta de presupuesto adem\u00e1s repercute en la compra de insumos.<\/p>\n<p><iframe width=\"100%\" height=\"300\" scrolling=\"no\" frameborder=\"no\" allow=\"autoplay\" src=\"https:\/\/w.soundcloud.com\/player\/?url=https%3A\/\/api.soundcloud.com\/tracks\/1818945303&#038;color=%23ff5500&#038;auto_play=false&#038;hide_related=false&#038;show_comments=true&#038;show_user=true&#038;show_reposts=false&#038;show_teaser=true&#038;visual=true\"><\/iframe><\/p>\n<div style=\"font-size: 10px; color: #cccccc;line-break: anywhere;word-break: normal;overflow: hidden;white-space: nowrap;text-overflow: ellipsis; font-family: Interstate,Lucida Grande,Lucida Sans Unicode,Lucida Sans,Garuda,Verdana,Tahoma,sans-serif;font-weight: 100;\"><a href=\"https:\/\/soundcloud.com\/radiounrc\" title=\"RadioUNRC\" target=\"_blank\" style=\"color: #cccccc; text-decoration: none;\" rel=\"noopener\">RadioUNRC<\/a> \u00b7 <a href=\"https:\/\/soundcloud.com\/radiounrc\/franco-goldfarb\" title=\"Franco Goldfarb\" target=\"_blank\" style=\"color: #cccccc; text-decoration: none;\" rel=\"noopener\">Franco Goldfarb<\/a><\/div>\n<p>Desde el centro de estudiantes de la Facultad de Ingenier\u00eda, su presidente Federico Venegas, dijo que hay problem\u00e1ticas comunes entre los distintos centros de estudiantes.<\/p>\n<p><iframe width=\"100%\" height=\"300\" scrolling=\"no\" frameborder=\"no\" allow=\"autoplay\" src=\"https:\/\/w.soundcloud.com\/player\/?url=https%3A\/\/api.soundcloud.com\/tracks\/1818948249&#038;color=%23ff5500&#038;auto_play=false&#038;hide_related=false&#038;show_comments=true&#038;show_user=true&#038;show_reposts=false&#038;show_teaser=true&#038;visual=true\"><\/iframe><\/p>\n<div style=\"font-size: 10px; color: #cccccc;line-break: anywhere;word-break: normal;overflow: hidden;white-space: nowrap;text-overflow: ellipsis; font-family: Interstate,Lucida Grande,Lucida Sans Unicode,Lucida Sans,Garuda,Verdana,Tahoma,sans-serif;font-weight: 100;\"><a href=\"https:\/\/soundcloud.com\/radiounrc\" title=\"RadioUNRC\" target=\"_blank\" style=\"color: #cccccc; text-decoration: none;\" rel=\"noopener\">RadioUNRC<\/a> \u00b7 <a href=\"https:\/\/soundcloud.com\/radiounrc\/venegas-federico\" title=\"Federico Venegas\" target=\"_blank\" style=\"color: #cccccc; text-decoration: none;\" rel=\"noopener\">Federico Venegas<\/a><\/div>\n<p>Desde el centro de estudiantes de la Facultad de Ciencias Econ\u00f3micas esperan entablar un buen v\u00ednculo con el rectorado. Su presidente, Octavio Grassini, enumer\u00f3 algunos de los proyectos para la facultad.<\/p>\n<p><iframe width=\"100%\" height=\"300\" scrolling=\"no\" frameborder=\"no\" allow=\"autoplay\" src=\"https:\/\/w.soundcloud.com\/player\/?url=https%3A\/\/api.soundcloud.com\/tracks\/1818945630&#038;color=%23ff5500&#038;auto_play=false&#038;hide_related=false&#038;show_comments=true&#038;show_user=true&#038;show_reposts=false&#038;show_teaser=true&#038;visual=true\"><\/iframe><\/p>\n<div style=\"font-size: 10px; color: #cccccc;line-break: anywhere;word-break: normal;overflow: hidden;white-space: nowrap;text-overflow: ellipsis; font-family: Interstate,Lucida Grande,Lucida Sans Unicode,Lucida Sans,Garuda,Verdana,Tahoma,sans-serif;font-weight: 100;\"><a href=\"https:\/\/soundcloud.com\/radiounrc\" title=\"RadioUNRC\" target=\"_blank\" style=\"color: #cccccc; text-decoration: none;\" rel=\"noopener\">RadioUNRC<\/a> \u00b7 <a href=\"https:\/\/soundcloud.com\/radiounrc\/octavio-grassini-1\" title=\"Octavio Grassini\" target=\"_blank\" style=\"color: #cccccc; text-decoration: none;\" rel=\"noopener\">Octavio Grassini<\/a><\/div>\n<p>Valentina Herbsoummer, secretaria general del Centro de Estudiantes de Ciencias Humanas, valor\u00f3 la posibilidad de reunirse con el rectorado y con los restantes centros de estudiantes.<\/p>\n<p><iframe width=\"100%\" height=\"300\" scrolling=\"no\" frameborder=\"no\" allow=\"autoplay\" src=\"https:\/\/w.soundcloud.com\/player\/?url=https%3A\/\/api.soundcloud.com\/tracks\/1818945789&#038;color=%23ff5500&#038;auto_play=false&#038;hide_related=false&#038;show_comments=true&#038;show_user=true&#038;show_reposts=false&#038;show_teaser=true&#038;visual=true\"><\/iframe><\/p>\n<div style=\"font-size: 10px; color: #cccccc;line-break: anywhere;word-break: normal;overflow: hidden;white-space: nowrap;text-overflow: ellipsis; font-family: Interstate,Lucida Grande,Lucida Sans Unicode,Lucida Sans,Garuda,Verdana,Tahoma,sans-serif;font-weight: 100;\"><a href=\"https:\/\/soundcloud.com\/radiounrc\" title=\"RadioUNRC\" target=\"_blank\" style=\"color: #cccccc; text-decoration: none;\" rel=\"noopener\">RadioUNRC<\/a> \u00b7 <a href=\"https:\/\/soundcloud.com\/radiounrc\/herbsoumer-valentina\" title=\"Valentina Herbsoummer\" target=\"_blank\" style=\"color: #cccccc; text-decoration: none;\" rel=\"noopener\">Valentina Herbsoummer<\/a><\/div>\n<p>El presidente de la FURC, Valent\u00edn Caglieri, record\u00f3 que desde la federaci\u00f3n han pedido distintos informes sobre la situaci\u00f3n presupuestara de la Universidad.<\/p>\n<p>El dirigente estudiantil se mostr\u00f3 satisfecho con el encuentro con la rectora Marisa Rovera y agreg\u00f3 que una de las principales preocupaciones que tienen es la permanencia de los alumnos en las carreras.<\/p>\n<p><iframe width=\"100%\" height=\"300\" scrolling=\"no\" frameborder=\"no\" allow=\"autoplay\" src=\"https:\/\/w.soundcloud.com\/player\/?url=https%3A\/\/api.soundcloud.com\/tracks\/1818944943&#038;color=%23ff5500&#038;auto_play=false&#038;hide_related=false&#038;show_comments=true&#038;show_user=true&#038;show_reposts=false&#038;show_teaser=true&#038;visual=true\"><\/iframe><\/p>\n<div style=\"font-size: 10px; color: #cccccc;line-break: anywhere;word-break: normal;overflow: hidden;white-space: nowrap;text-overflow: ellipsis; font-family: Interstate,Lucida Grande,Lucida Sans Unicode,Lucida Sans,Garuda,Verdana,Tahoma,sans-serif;font-weight: 100;\"><a href=\"https:\/\/soundcloud.com\/radiounrc\" title=\"RadioUNRC\" target=\"_blank\" style=\"color: #cccccc; text-decoration: none;\" rel=\"noopener\">RadioUNRC<\/a> \u00b7 <a href=\"https:\/\/soundcloud.com\/radiounrc\/valentin-caglieri\" title=\"Valent\u00edn Caglieri\" target=\"_blank\" style=\"color: #cccccc; text-decoration: none;\" rel=\"noopener\">Valent\u00edn Caglieri<\/a><\/div>\n\r\n                <style type=\"text\/css\">\r\n                    \r\n                    #tdi_1  .td-doubleSlider-2 .td-item1 {\r\n                        background: url(https:\/\/radio.unrc.edu.ar\/wp-content\/uploads\/2024\/05\/Imagen-de-WhatsApp-2024-05-10-a-las-09.28.58_76fbb5b2.jpg) 0 0 no-repeat;\r\n                    }\r\n                    #tdi_1  .td-doubleSlider-2 .td-item2 {\r\n                        background: url(https:\/\/radio.unrc.edu.ar\/wp-content\/uploads\/2024\/05\/Imagen-de-WhatsApp-2024-05-10-a-las-09.28.58_b6aba821.jpg) 0 0 no-repeat;\r\n                    }\r\n                    #tdi_1  .td-doubleSlider-2 .td-item3 {\r\n                        background: url(https:\/\/radio.unrc.edu.ar\/wp-content\/uploads\/2024\/05\/Imagen-de-WhatsApp-2024-05-10-a-las-09.28.58_bec2cbb8.jpg) 0 0 no-repeat;\r\n                    }\r\n                    #tdi_1  .td-doubleSlider-2 .td-item4 {\r\n                        background: url(https:\/\/radio.unrc.edu.ar\/wp-content\/uploads\/2024\/05\/Imagen-de-WhatsApp-2024-05-10-a-las-09.28.59_7da116b1.jpg) 0 0 no-repeat;\r\n                    }\r\n                <\/style>\r\n\r\n                <div id=\"tdi_1\" class=\"td-gallery td-slide-on-2-columns\">\r\n                    <div class=\"post_td_gallery\">\r\n                        <div class=\"td-gallery-slide-top\">\r\n                           <div class=\"td-gallery-title\"><\/div>\r\n\r\n                            <div class=\"td-gallery-controls-wrapper\">\r\n                                <div class=\"td-gallery-slide-count\"><span class=\"td-gallery-slide-item-focus\">1<\/span> de 4<\/div>\r\n                                <div class=\"td-gallery-slide-prev-next-but\">\r\n                                    <i class = \"td-icon-left doubleSliderPrevButton\"><\/i>\r\n                                    <i class = \"td-icon-right doubleSliderNextButton\"><\/i>\r\n                                <\/div>\r\n                            <\/div>\r\n                        <\/div>\r\n\r\n                        <div class = \"td-doubleSlider-1 \">\r\n                            <div class = \"td-slider\">\r\n                                \r\n                    <div class = \"td-slide-item td-item1\">\r\n                        <figure class=\"td-slide-galery-figure td-slide-popup-gallery\">\r\n                            <a class=\"slide-gallery-image-link\" href=\"https:\/\/radio.unrc.edu.ar\/wp-content\/uploads\/2024\/05\/Imagen-de-WhatsApp-2024-05-10-a-las-09.28.58_76fbb5b2.jpg\" title=\"Imagen de WhatsApp 2024-05-10 a las 09.28.58_76fbb5b2\"  data-caption=\"\"  data-description=\"\">\r\n                                <img decoding=\"async\" src=\"https:\/\/radio.unrc.edu.ar\/wp-content\/uploads\/2024\/05\/Imagen-de-WhatsApp-2024-05-10-a-las-09.28.58_76fbb5b2.jpg\" srcset=\"https:\/\/radio.unrc.edu.ar\/wp-content\/uploads\/2024\/05\/Imagen-de-WhatsApp-2024-05-10-a-las-09.28.58_76fbb5b2.jpg 1280w, https:\/\/radio.unrc.edu.ar\/wp-content\/uploads\/2024\/05\/Imagen-de-WhatsApp-2024-05-10-a-las-09.28.58_76fbb5b2-300x225.jpg 300w, https:\/\/radio.unrc.edu.ar\/wp-content\/uploads\/2024\/05\/Imagen-de-WhatsApp-2024-05-10-a-las-09.28.58_76fbb5b2-1024x768.jpg 1024w, https:\/\/radio.unrc.edu.ar\/wp-content\/uploads\/2024\/05\/Imagen-de-WhatsApp-2024-05-10-a-las-09.28.58_76fbb5b2-768x576.jpg 768w, https:\/\/radio.unrc.edu.ar\/wp-content\/uploads\/2024\/05\/Imagen-de-WhatsApp-2024-05-10-a-las-09.28.58_76fbb5b2-150x113.jpg 150w, https:\/\/radio.unrc.edu.ar\/wp-content\/uploads\/2024\/05\/Imagen-de-WhatsApp-2024-05-10-a-las-09.28.58_76fbb5b2-696x522.jpg 696w, https:\/\/radio.unrc.edu.ar\/wp-content\/uploads\/2024\/05\/Imagen-de-WhatsApp-2024-05-10-a-las-09.28.58_76fbb5b2-1068x801.jpg 1068w, https:\/\/radio.unrc.edu.ar\/wp-content\/uploads\/2024\/05\/Imagen-de-WhatsApp-2024-05-10-a-las-09.28.58_76fbb5b2-265x198.jpg 265w\" sizes=\"(max-width: 1280px) 100vw, 1280px\" alt=\"\">\r\n                            <\/a>\r\n                            \r\n                        <\/figure>\r\n                    <\/div>\r\n                    <div class = \"td-slide-item td-item2\">\r\n                        <figure class=\"td-slide-galery-figure td-slide-popup-gallery\">\r\n                            <a class=\"slide-gallery-image-link\" href=\"https:\/\/radio.unrc.edu.ar\/wp-content\/uploads\/2024\/05\/Imagen-de-WhatsApp-2024-05-10-a-las-09.28.58_b6aba821.jpg\" title=\"Imagen de WhatsApp 2024-05-10 a las 09.28.58_b6aba821\"  data-caption=\"\"  data-description=\"\">\r\n                                <img decoding=\"async\" src=\"https:\/\/radio.unrc.edu.ar\/wp-content\/uploads\/2024\/05\/Imagen-de-WhatsApp-2024-05-10-a-las-09.28.58_b6aba821.jpg\" srcset=\"https:\/\/radio.unrc.edu.ar\/wp-content\/uploads\/2024\/05\/Imagen-de-WhatsApp-2024-05-10-a-las-09.28.58_b6aba821.jpg 1280w, https:\/\/radio.unrc.edu.ar\/wp-content\/uploads\/2024\/05\/Imagen-de-WhatsApp-2024-05-10-a-las-09.28.58_b6aba821-300x225.jpg 300w, https:\/\/radio.unrc.edu.ar\/wp-content\/uploads\/2024\/05\/Imagen-de-WhatsApp-2024-05-10-a-las-09.28.58_b6aba821-1024x768.jpg 1024w, https:\/\/radio.unrc.edu.ar\/wp-content\/uploads\/2024\/05\/Imagen-de-WhatsApp-2024-05-10-a-las-09.28.58_b6aba821-768x576.jpg 768w, https:\/\/radio.unrc.edu.ar\/wp-content\/uploads\/2024\/05\/Imagen-de-WhatsApp-2024-05-10-a-las-09.28.58_b6aba821-150x113.jpg 150w, https:\/\/radio.unrc.edu.ar\/wp-content\/uploads\/2024\/05\/Imagen-de-WhatsApp-2024-05-10-a-las-09.28.58_b6aba821-696x522.jpg 696w, https:\/\/radio.unrc.edu.ar\/wp-content\/uploads\/2024\/05\/Imagen-de-WhatsApp-2024-05-10-a-las-09.28.58_b6aba821-1068x801.jpg 1068w, https:\/\/radio.unrc.edu.ar\/wp-content\/uploads\/2024\/05\/Imagen-de-WhatsApp-2024-05-10-a-las-09.28.58_b6aba821-265x198.jpg 265w\" sizes=\"(max-width: 1280px) 100vw, 1280px\" alt=\"\">\r\n                            <\/a>\r\n                            \r\n                        <\/figure>\r\n                    <\/div>\r\n                    <div class = \"td-slide-item td-item3\">\r\n                        <figure class=\"td-slide-galery-figure td-slide-popup-gallery\">\r\n                            <a class=\"slide-gallery-image-link\" href=\"https:\/\/radio.unrc.edu.ar\/wp-content\/uploads\/2024\/05\/Imagen-de-WhatsApp-2024-05-10-a-las-09.28.58_bec2cbb8.jpg\" title=\"Imagen de WhatsApp 2024-05-10 a las 09.28.58_bec2cbb8\"  data-caption=\"\"  data-description=\"\">\r\n                                <img decoding=\"async\" src=\"https:\/\/radio.unrc.edu.ar\/wp-content\/uploads\/2024\/05\/Imagen-de-WhatsApp-2024-05-10-a-las-09.28.58_bec2cbb8.jpg\" srcset=\"https:\/\/radio.unrc.edu.ar\/wp-content\/uploads\/2024\/05\/Imagen-de-WhatsApp-2024-05-10-a-las-09.28.58_bec2cbb8.jpg 1280w, https:\/\/radio.unrc.edu.ar\/wp-content\/uploads\/2024\/05\/Imagen-de-WhatsApp-2024-05-10-a-las-09.28.58_bec2cbb8-300x225.jpg 300w, https:\/\/radio.unrc.edu.ar\/wp-content\/uploads\/2024\/05\/Imagen-de-WhatsApp-2024-05-10-a-las-09.28.58_bec2cbb8-1024x768.jpg 1024w, https:\/\/radio.unrc.edu.ar\/wp-content\/uploads\/2024\/05\/Imagen-de-WhatsApp-2024-05-10-a-las-09.28.58_bec2cbb8-768x576.jpg 768w, https:\/\/radio.unrc.edu.ar\/wp-content\/uploads\/2024\/05\/Imagen-de-WhatsApp-2024-05-10-a-las-09.28.58_bec2cbb8-150x113.jpg 150w, https:\/\/radio.unrc.edu.ar\/wp-content\/uploads\/2024\/05\/Imagen-de-WhatsApp-2024-05-10-a-las-09.28.58_bec2cbb8-696x522.jpg 696w, https:\/\/radio.unrc.edu.ar\/wp-content\/uploads\/2024\/05\/Imagen-de-WhatsApp-2024-05-10-a-las-09.28.58_bec2cbb8-1068x801.jpg 1068w, https:\/\/radio.unrc.edu.ar\/wp-content\/uploads\/2024\/05\/Imagen-de-WhatsApp-2024-05-10-a-las-09.28.58_bec2cbb8-265x198.jpg 265w\" sizes=\"(max-width: 1280px) 100vw, 1280px\" alt=\"\">\r\n                            <\/a>\r\n                            \r\n                        <\/figure>\r\n                    <\/div>\r\n                    <div class = \"td-slide-item td-item4\">\r\n                        <figure class=\"td-slide-galery-figure td-slide-popup-gallery\">\r\n                            <a class=\"slide-gallery-image-link\" href=\"https:\/\/radio.unrc.edu.ar\/wp-content\/uploads\/2024\/05\/Imagen-de-WhatsApp-2024-05-10-a-las-09.28.59_7da116b1.jpg\" title=\"Imagen de WhatsApp 2024-05-10 a las 09.28.59_7da116b1\"  data-caption=\"\"  data-description=\"\">\r\n                                <img decoding=\"async\" src=\"https:\/\/radio.unrc.edu.ar\/wp-content\/uploads\/2024\/05\/Imagen-de-WhatsApp-2024-05-10-a-las-09.28.59_7da116b1.jpg\" srcset=\"https:\/\/radio.unrc.edu.ar\/wp-content\/uploads\/2024\/05\/Imagen-de-WhatsApp-2024-05-10-a-las-09.28.59_7da116b1.jpg 1280w, https:\/\/radio.unrc.edu.ar\/wp-content\/uploads\/2024\/05\/Imagen-de-WhatsApp-2024-05-10-a-las-09.28.59_7da116b1-300x225.jpg 300w, https:\/\/radio.unrc.edu.ar\/wp-content\/uploads\/2024\/05\/Imagen-de-WhatsApp-2024-05-10-a-las-09.28.59_7da116b1-1024x768.jpg 1024w, https:\/\/radio.unrc.edu.ar\/wp-content\/uploads\/2024\/05\/Imagen-de-WhatsApp-2024-05-10-a-las-09.28.59_7da116b1-768x576.jpg 768w, https:\/\/radio.unrc.edu.ar\/wp-content\/uploads\/2024\/05\/Imagen-de-WhatsApp-2024-05-10-a-las-09.28.59_7da116b1-150x113.jpg 150w, https:\/\/radio.unrc.edu.ar\/wp-content\/uploads\/2024\/05\/Imagen-de-WhatsApp-2024-05-10-a-las-09.28.59_7da116b1-696x522.jpg 696w, https:\/\/radio.unrc.edu.ar\/wp-content\/uploads\/2024\/05\/Imagen-de-WhatsApp-2024-05-10-a-las-09.28.59_7da116b1-1068x801.jpg 1068w, https:\/\/radio.unrc.edu.ar\/wp-content\/uploads\/2024\/05\/Imagen-de-WhatsApp-2024-05-10-a-las-09.28.59_7da116b1-265x198.jpg 265w\" sizes=\"(max-width: 1280px) 100vw, 1280px\" alt=\"\">\r\n                            <\/a>\r\n                            \r\n                        <\/figure>\r\n                    <\/div>\r\n                            <\/div>\r\n                        <\/div>\r\n\r\n                        <div class = \"td-doubleSlider-2\">\r\n                            <div class = \"td-slider\">\r\n                                \r\n                    <div class = \"td-button td-item1\">\r\n                        <div class = \"td-border\"><\/div>\r\n                    <\/div>\r\n                    <div class = \"td-button td-item2\">\r\n                        <div class = \"td-border\"><\/div>\r\n                    <\/div>\r\n                    <div class = \"td-button td-item3\">\r\n                        <div class = \"td-border\"><\/div>\r\n                    <\/div>\r\n                    <div class = \"td-button td-item4\">\r\n                        <div class = \"td-border\"><\/div>\r\n                    <\/div>\r\n                            <\/div>\r\n                        <\/div>\r\n\r\n                    <\/div>\r\n\r\n                <\/div>\r\n                \n","protected":false},"excerpt":{"rendered":"<p>Se trata de los estudiantes de las cinco facultades que resultaron electos en los comicios que se realizaron en abril. Joaqu\u00edn Mart\u00ednez, presidente del Centro de Estudiantes de Ingenier\u00eda Agron\u00f3mica, dijo que la intenci\u00f3n de estos encuentros es afianzar los lazos con el rectorado. RadioUNRC \u00b7 Joaqu\u00edn Mart\u00ednez Franco Goldfarb, integrante del centro de estudiantes [&hellip;]<\/p>\n","protected":false},"author":2,"featured_media":16550,"comment_status":"open","ping_status":"open","sticky":false,"template":"","format":"standard","meta":{"footnotes":""},"categories":[17],"tags":[],"class_list":{"0":"post-16548","1":"post","2":"type-post","3":"status-publish","4":"format-standard","5":"has-post-thumbnail","7":"category-universitarias"},"yoast_head":"<!-- This site is optimized with the Yoast SEO plugin v21.5 - https:\/\/yoast.com\/wordpress\/plugins\/seo\/ -->\n<title>La rectora de la UNRC recibi\u00f3 a los presidentes de los centros de estudiantes y de la FURC - Radio UNRC<\/title>\n<meta name=\"description\" content=\"La radio que te hace sentir y pensar.\" \/>\n<meta name=\"robots\" content=\"index, follow, max-snippet:-1, max-image-preview:large, max-video-preview:-1\" \/>\n<link rel=\"canonical\" href=\"https:\/\/radio.unrc.edu.ar\/?p=16548\" \/>\n<meta property=\"og:locale\" content=\"es_ES\" \/>\n<meta property=\"og:type\" content=\"article\" \/>\n<meta property=\"og:title\" content=\"La rectora de la UNRC recibi\u00f3 a los presidentes de los centros de estudiantes y de la FURC - Radio UNRC\" \/>\n<meta property=\"og:description\" content=\"La radio que te hace sentir y pensar.\" \/>\n<meta property=\"og:url\" content=\"https:\/\/radio.unrc.edu.ar\/?p=16548\" \/>\n<meta property=\"og:site_name\" content=\"Radio UNRC\" \/>\n<meta property=\"article:publisher\" content=\"https:\/\/www.facebook.com\/radiounrc\" \/>\n<meta property=\"article:published_time\" content=\"2024-05-10T14:45:13+00:00\" \/>\n<meta property=\"article:modified_time\" content=\"2024-05-13T14:48:17+00:00\" \/>\n<meta property=\"og:image\" content=\"https:\/\/radio.unrc.edu.ar\/wp-content\/uploads\/2024\/05\/reunion.jpg\" \/>\n\t<meta property=\"og:image:width\" content=\"1280\" \/>\n\t<meta property=\"og:image:height\" content=\"740\" \/>\n\t<meta property=\"og:image:type\" content=\"image\/jpeg\" \/>\n<meta name=\"author\" content=\"majo\" \/>\n<meta name=\"twitter:card\" content=\"summary_large_image\" \/>\n<meta name=\"twitter:label1\" content=\"Escrito por\" \/>\n\t<meta name=\"twitter:data1\" content=\"majo\" \/>\n\t<meta name=\"twitter:label2\" content=\"Tiempo de lectura\" \/>\n\t<meta name=\"twitter:data2\" content=\"2 minutos\" \/>\n<script type=\"application\/ld+json\" class=\"yoast-schema-graph\">{\"@context\":\"https:\/\/schema.org\",\"@graph\":[{\"@type\":\"Article\",\"@id\":\"https:\/\/radio.unrc.edu.ar\/?p=16548#article\",\"isPartOf\":{\"@id\":\"https:\/\/radio.unrc.edu.ar\/?p=16548\"},\"author\":{\"name\":\"majo\",\"@id\":\"https:\/\/radio.unrc.edu.ar\/#\/schema\/person\/197edd08d015632a43a5e6a515c4f7a6\"},\"headline\":\"La rectora de la UNRC recibi\u00f3 a los presidentes de los centros de estudiantes y de la FURC\",\"datePublished\":\"2024-05-10T14:45:13+00:00\",\"dateModified\":\"2024-05-13T14:48:17+00:00\",\"mainEntityOfPage\":{\"@id\":\"https:\/\/radio.unrc.edu.ar\/?p=16548\"},\"wordCount\":288,\"commentCount\":0,\"publisher\":{\"@id\":\"https:\/\/radio.unrc.edu.ar\/#organization\"},\"articleSection\":[\"Universitarias\"],\"inLanguage\":\"es\",\"potentialAction\":[{\"@type\":\"CommentAction\",\"name\":\"Comment\",\"target\":[\"https:\/\/radio.unrc.edu.ar\/?p=16548#respond\"]}]},{\"@type\":\"WebPage\",\"@id\":\"https:\/\/radio.unrc.edu.ar\/?p=16548\",\"url\":\"https:\/\/radio.unrc.edu.ar\/?p=16548\",\"name\":\"La rectora de la UNRC recibi\u00f3 a los presidentes de los centros de estudiantes y de la FURC - Radio UNRC\",\"isPartOf\":{\"@id\":\"https:\/\/radio.unrc.edu.ar\/#website\"},\"datePublished\":\"2024-05-10T14:45:13+00:00\",\"dateModified\":\"2024-05-13T14:48:17+00:00\",\"description\":\"La radio que te hace sentir y pensar.\",\"breadcrumb\":{\"@id\":\"https:\/\/radio.unrc.edu.ar\/?p=16548#breadcrumb\"},\"inLanguage\":\"es\",\"potentialAction\":[{\"@type\":\"ReadAction\",\"target\":[\"https:\/\/radio.unrc.edu.ar\/?p=16548\"]}]},{\"@type\":\"BreadcrumbList\",\"@id\":\"https:\/\/radio.unrc.edu.ar\/?p=16548#breadcrumb\",\"itemListElement\":[{\"@type\":\"ListItem\",\"position\":1,\"name\":\"Portada\",\"item\":\"https:\/\/radio.unrc.edu.ar\/\"},{\"@type\":\"ListItem\",\"position\":2,\"name\":\"La rectora de la UNRC recibi\u00f3 a los presidentes de los centros de estudiantes y de la FURC\"}]},{\"@type\":\"WebSite\",\"@id\":\"https:\/\/radio.unrc.edu.ar\/#website\",\"url\":\"https:\/\/radio.unrc.edu.ar\/\",\"name\":\"Radio UNRC\",\"description\":\"La Radio de la Uni, la que te hace sentir y pensar\",\"publisher\":{\"@id\":\"https:\/\/radio.unrc.edu.ar\/#organization\"},\"potentialAction\":[{\"@type\":\"SearchAction\",\"target\":{\"@type\":\"EntryPoint\",\"urlTemplate\":\"https:\/\/radio.unrc.edu.ar\/?s={search_term_string}\"},\"query-input\":\"required name=search_term_string\"}],\"inLanguage\":\"es\"},{\"@type\":\"Organization\",\"@id\":\"https:\/\/radio.unrc.edu.ar\/#organization\",\"name\":\"Radio UNRC\",\"url\":\"https:\/\/radio.unrc.edu.ar\/\",\"logo\":{\"@type\":\"ImageObject\",\"inLanguage\":\"es\",\"@id\":\"https:\/\/radio.unrc.edu.ar\/#\/schema\/logo\/image\/\",\"url\":\"https:\/\/radio.unrc.edu.ar\/wp-content\/uploads\/2022\/03\/logo-radio-544.png\",\"contentUrl\":\"https:\/\/radio.unrc.edu.ar\/wp-content\/uploads\/2022\/03\/logo-radio-544.png\",\"width\":544,\"height\":180,\"caption\":\"Radio UNRC\"},\"image\":{\"@id\":\"https:\/\/radio.unrc.edu.ar\/#\/schema\/logo\/image\/\"},\"sameAs\":[\"https:\/\/www.facebook.com\/radiounrc\",\"https:\/\/www.instagram.com\/radiounrc\/\"]},{\"@type\":\"Person\",\"@id\":\"https:\/\/radio.unrc.edu.ar\/#\/schema\/person\/197edd08d015632a43a5e6a515c4f7a6\",\"name\":\"majo\",\"image\":{\"@type\":\"ImageObject\",\"inLanguage\":\"es\",\"@id\":\"https:\/\/radio.unrc.edu.ar\/#\/schema\/person\/image\/\",\"url\":\"https:\/\/secure.gravatar.com\/avatar\/6806165fb7635331b44fb331ffb478c3230b9d62d675244a0e2dfd0cb8d8b503?s=96&d=mm&r=g\",\"contentUrl\":\"https:\/\/secure.gravatar.com\/avatar\/6806165fb7635331b44fb331ffb478c3230b9d62d675244a0e2dfd0cb8d8b503?s=96&d=mm&r=g\",\"caption\":\"majo\"},\"url\":\"https:\/\/radio.unrc.edu.ar\/?author=2\"}]}<\/script>\n<!-- \/ Yoast SEO plugin. -->","yoast_head_json":{"title":"La rectora de la UNRC recibi\u00f3 a los presidentes de los centros de estudiantes y de la FURC - Radio UNRC","description":"La radio que te hace sentir y pensar.","robots":{"index":"index","follow":"follow","max-snippet":"max-snippet:-1","max-image-preview":"max-image-preview:large","max-video-preview":"max-video-preview:-1"},"canonical":"https:\/\/radio.unrc.edu.ar\/?p=16548","og_locale":"es_ES","og_type":"article","og_title":"La rectora de la UNRC recibi\u00f3 a los presidentes de los centros de estudiantes y de la FURC - Radio UNRC","og_description":"La radio que te hace sentir y pensar.","og_url":"https:\/\/radio.unrc.edu.ar\/?p=16548","og_site_name":"Radio UNRC","article_publisher":"https:\/\/www.facebook.com\/radiounrc","article_published_time":"2024-05-10T14:45:13+00:00","article_modified_time":"2024-05-13T14:48:17+00:00","og_image":[{"width":1280,"height":740,"url":"https:\/\/radio.unrc.edu.ar\/wp-content\/uploads\/2024\/05\/reunion.jpg","type":"image\/jpeg"}],"author":"majo","twitter_card":"summary_large_image","twitter_misc":{"Escrito por":"majo","Tiempo de lectura":"2 minutos"},"schema":{"@context":"https:\/\/schema.org","@graph":[{"@type":"Article","@id":"https:\/\/radio.unrc.edu.ar\/?p=16548#article","isPartOf":{"@id":"https:\/\/radio.unrc.edu.ar\/?p=16548"},"author":{"name":"majo","@id":"https:\/\/radio.unrc.edu.ar\/#\/schema\/person\/197edd08d015632a43a5e6a515c4f7a6"},"headline":"La rectora de la UNRC recibi\u00f3 a los presidentes de los centros de estudiantes y de la FURC","datePublished":"2024-05-10T14:45:13+00:00","dateModified":"2024-05-13T14:48:17+00:00","mainEntityOfPage":{"@id":"https:\/\/radio.unrc.edu.ar\/?p=16548"},"wordCount":288,"commentCount":0,"publisher":{"@id":"https:\/\/radio.unrc.edu.ar\/#organization"},"articleSection":["Universitarias"],"inLanguage":"es","potentialAction":[{"@type":"CommentAction","name":"Comment","target":["https:\/\/radio.unrc.edu.ar\/?p=16548#respond"]}]},{"@type":"WebPage","@id":"https:\/\/radio.unrc.edu.ar\/?p=16548","url":"https:\/\/radio.unrc.edu.ar\/?p=16548","name":"La rectora de la UNRC recibi\u00f3 a los presidentes de los centros de estudiantes y de la FURC - Radio UNRC","isPartOf":{"@id":"https:\/\/radio.unrc.edu.ar\/#website"},"datePublished":"2024-05-10T14:45:13+00:00","dateModified":"2024-05-13T14:48:17+00:00","description":"La radio que te hace sentir y pensar.","breadcrumb":{"@id":"https:\/\/radio.unrc.edu.ar\/?p=16548#breadcrumb"},"inLanguage":"es","potentialAction":[{"@type":"ReadAction","target":["https:\/\/radio.unrc.edu.ar\/?p=16548"]}]},{"@type":"BreadcrumbList","@id":"https:\/\/radio.unrc.edu.ar\/?p=16548#breadcrumb","itemListElement":[{"@type":"ListItem","position":1,"name":"Portada","item":"https:\/\/radio.unrc.edu.ar\/"},{"@type":"ListItem","position":2,"name":"La rectora de la UNRC recibi\u00f3 a los presidentes de los centros de estudiantes y de la FURC"}]},{"@type":"WebSite","@id":"https:\/\/radio.unrc.edu.ar\/#website","url":"https:\/\/radio.unrc.edu.ar\/","name":"Radio UNRC","description":"La Radio de la Uni, la que te hace sentir y pensar","publisher":{"@id":"https:\/\/radio.unrc.edu.ar\/#organization"},"potentialAction":[{"@type":"SearchAction","target":{"@type":"EntryPoint","urlTemplate":"https:\/\/radio.unrc.edu.ar\/?s={search_term_string}"},"query-input":"required name=search_term_string"}],"inLanguage":"es"},{"@type":"Organization","@id":"https:\/\/radio.unrc.edu.ar\/#organization","name":"Radio UNRC","url":"https:\/\/radio.unrc.edu.ar\/","logo":{"@type":"ImageObject","inLanguage":"es","@id":"https:\/\/radio.unrc.edu.ar\/#\/schema\/logo\/image\/","url":"https:\/\/radio.unrc.edu.ar\/wp-content\/uploads\/2022\/03\/logo-radio-544.png","contentUrl":"https:\/\/radio.unrc.edu.ar\/wp-content\/uploads\/2022\/03\/logo-radio-544.png","width":544,"height":180,"caption":"Radio UNRC"},"image":{"@id":"https:\/\/radio.unrc.edu.ar\/#\/schema\/logo\/image\/"},"sameAs":["https:\/\/www.facebook.com\/radiounrc","https:\/\/www.instagram.com\/radiounrc\/"]},{"@type":"Person","@id":"https:\/\/radio.unrc.edu.ar\/#\/schema\/person\/197edd08d015632a43a5e6a515c4f7a6","name":"majo","image":{"@type":"ImageObject","inLanguage":"es","@id":"https:\/\/radio.unrc.edu.ar\/#\/schema\/person\/image\/","url":"https:\/\/secure.gravatar.com\/avatar\/6806165fb7635331b44fb331ffb478c3230b9d62d675244a0e2dfd0cb8d8b503?s=96&d=mm&r=g","contentUrl":"https:\/\/secure.gravatar.com\/avatar\/6806165fb7635331b44fb331ffb478c3230b9d62d675244a0e2dfd0cb8d8b503?s=96&d=mm&r=g","caption":"majo"},"url":"https:\/\/radio.unrc.edu.ar\/?author=2"}]}},"_links":{"self":[{"href":"https:\/\/radio.unrc.edu.ar\/index.php?rest_route=\/wp\/v2\/posts\/16548","targetHints":{"allow":["GET"]}}],"collection":[{"href":"https:\/\/radio.unrc.edu.ar\/index.php?rest_route=\/wp\/v2\/posts"}],"about":[{"href":"https:\/\/radio.unrc.edu.ar\/index.php?rest_route=\/wp\/v2\/types\/post"}],"author":[{"embeddable":true,"href":"https:\/\/radio.unrc.edu.ar\/index.php?rest_route=\/wp\/v2\/users\/2"}],"replies":[{"embeddable":true,"href":"https:\/\/radio.unrc.edu.ar\/index.php?rest_route=%2Fwp%2Fv2%2Fcomments&post=16548"}],"version-history":[{"count":6,"href":"https:\/\/radio.unrc.edu.ar\/index.php?rest_route=\/wp\/v2\/posts\/16548\/revisions"}],"predecessor-version":[{"id":16559,"href":"https:\/\/radio.unrc.edu.ar\/index.php?rest_route=\/wp\/v2\/posts\/16548\/revisions\/16559"}],"wp:featuredmedia":[{"embeddable":true,"href":"https:\/\/radio.unrc.edu.ar\/index.php?rest_route=\/wp\/v2\/media\/16550"}],"wp:attachment":[{"href":"https:\/\/radio.unrc.edu.ar\/index.php?rest_route=%2Fwp%2Fv2%2Fmedia&parent=16548"}],"wp:term":[{"taxonomy":"category","embeddable":true,"href":"https:\/\/radio.unrc.edu.ar\/index.php?rest_route=%2Fwp%2Fv2%2Fcategories&post=16548"},{"taxonomy":"post_tag","embeddable":true,"href":"https:\/\/radio.unrc.edu.ar\/index.php?rest_route=%2Fwp%2Fv2%2Ftags&post=16548"}],"curies":[{"name":"wp","href":"https:\/\/api.w.org\/{rel}","templated":true}]}}