{"id":16899,"date":"2024-05-17T10:28:39","date_gmt":"2024-05-17T13:28:39","guid":{"rendered":"https:\/\/radio.unrc.edu.ar\/?p=16899"},"modified":"2024-05-20T10:16:10","modified_gmt":"2024-05-20T13:16:10","slug":"dia-mundial-del-reciclaje-la-unrc-realiza-una-jornada-de-intercambio-de-saberes","status":"publish","type":"post","link":"https:\/\/radio.unrc.edu.ar\/?p=16899","title":{"rendered":"D\u00eda Mundial del Reciclaje: la UNRC realiza una jornada de intercambio de saberes"},"content":{"rendered":"<p>El encuentro se realiza en el campus con cooperativas de recuperadores urbanos. <\/p>\n<p>Se trata de una actividad organizada en el marco del Programa Creando Ambiente de la UNRC. Germ\u00e1n Barros, subsecretario de Extensi\u00f3n de la UNRC, explic\u00f3 en que consiste esta actividad.<\/p>\n<p><iframe width=\"100%\" height=\"300\" scrolling=\"no\" frameborder=\"no\" allow=\"autoplay\" src=\"https:\/\/w.soundcloud.com\/player\/?url=https%3A\/\/api.soundcloud.com\/tracks\/1824118380&#038;color=%23ff5500&#038;auto_play=false&#038;hide_related=false&#038;show_comments=true&#038;show_user=true&#038;show_reposts=false&#038;show_teaser=true&#038;visual=true\"><\/iframe><\/p>\n<div style=\"font-size: 10px; color: #cccccc;line-break: anywhere;word-break: normal;overflow: hidden;white-space: nowrap;text-overflow: ellipsis; font-family: Interstate,Lucida Grande,Lucida Sans Unicode,Lucida Sans,Garuda,Verdana,Tahoma,sans-serif;font-weight: 100;\"><a href=\"https:\/\/soundcloud.com\/radiounrc97-7\" title=\"RadioUNRC97.7\" target=\"_blank\" style=\"color: #cccccc; text-decoration: none;\" rel=\"noopener\">RadioUNRC97.7<\/a> \u00b7 <a href=\"https:\/\/soundcloud.com\/radiounrc97-7\/german-barros\" title=\"Germ\u00e1n Barros\" target=\"_blank\" style=\"color: #cccccc; text-decoration: none;\" rel=\"noopener\">Germ\u00e1n Barros<\/a><\/div>\n<p>La profesora Lorena Tarditto, quien dirige un Proyecto de Extensi\u00f3n vinculado a la Gesti\u00f3n de Residuos, coment\u00f3 que se trata de un proyecto articulado con la Cooperativa de Ambiente de la ciudad y expuso sobre esta actividad.<\/p>\n<p><iframe width=\"100%\" height=\"300\" scrolling=\"no\" frameborder=\"no\" allow=\"autoplay\" src=\"https:\/\/w.soundcloud.com\/player\/?url=https%3A\/\/api.soundcloud.com\/tracks\/1824117714&#038;color=%23ff5500&#038;auto_play=false&#038;hide_related=false&#038;show_comments=true&#038;show_user=true&#038;show_reposts=false&#038;show_teaser=true&#038;visual=true\"><\/iframe><\/p>\n<div style=\"font-size: 10px; color: #cccccc;line-break: anywhere;word-break: normal;overflow: hidden;white-space: nowrap;text-overflow: ellipsis; font-family: Interstate,Lucida Grande,Lucida Sans Unicode,Lucida Sans,Garuda,Verdana,Tahoma,sans-serif;font-weight: 100;\"><a href=\"https:\/\/soundcloud.com\/radiounrc97-7\" title=\"RadioUNRC97.7\" target=\"_blank\" style=\"color: #cccccc; text-decoration: none;\" rel=\"noopener\">RadioUNRC97.7<\/a> \u00b7 <a href=\"https:\/\/soundcloud.com\/radiounrc97-7\/lorena-tarditto\" title=\"Lorena Tarditto\" target=\"_blank\" style=\"color: #cccccc; text-decoration: none;\" rel=\"noopener\">Lorena Tarditto<\/a><\/div>\n<p>Francisco Pertino, coordinador de la Cooperativa de Ambiente de R\u00edo Cuarto, coment\u00f3 que trabajan junto con la carrera de Ingenier\u00eda Qu\u00edmica en el tratamiento de residuos.<\/p>\n<p>Pertino, quien tambi\u00e9n es referente a nivel nacional de recuperadores, indic\u00f3 que el \u00faltimo censo en R\u00edo Cuarto indicaba que alrededor de 700 familias en la ciudad se dedicaban al cartoneo.<\/p>\n<p><iframe width=\"100%\" height=\"300\" scrolling=\"no\" frameborder=\"no\" allow=\"autoplay\" src=\"https:\/\/w.soundcloud.com\/player\/?url=https%3A\/\/api.soundcloud.com\/tracks\/1824136305&#038;color=%23ff5500&#038;auto_play=false&#038;hide_related=false&#038;show_comments=true&#038;show_user=true&#038;show_reposts=false&#038;show_teaser=true&#038;visual=true\"><\/iframe><\/p>\n<div style=\"font-size: 10px; color: #cccccc;line-break: anywhere;word-break: normal;overflow: hidden;white-space: nowrap;text-overflow: ellipsis; font-family: Interstate,Lucida Grande,Lucida Sans Unicode,Lucida Sans,Garuda,Verdana,Tahoma,sans-serif;font-weight: 100;\"><a href=\"https:\/\/soundcloud.com\/radiounrc97-7\" title=\"RadioUNRC97.7\" target=\"_blank\" style=\"color: #cccccc; text-decoration: none;\" rel=\"noopener\">RadioUNRC97.7<\/a> \u00b7 <a href=\"https:\/\/soundcloud.com\/radiounrc97-7\/francisco-pertino\" title=\"Francisco Pertino\" target=\"_blank\" style=\"color: #cccccc; text-decoration: none;\" rel=\"noopener\">Francisco Pertino<\/a><\/div>\n<p><strong>El municipio recibi\u00f3 residuos reciclables en la plaza del Concejo Deliberante<\/strong><\/p>\n<p>La actividad se enmarc\u00f3 en el D\u00eda Mundial del Reciclaje.<\/p>\n<p>Marcelo Bressan, secretario de Servicios P\u00fablicos de la Municipalidad, dijo que se recibieron todo tipo de materiales reciclables, adem\u00e1s de residuos electr\u00f3nicos.<\/p>\n<p><iframe width=\"100%\" height=\"300\" scrolling=\"no\" frameborder=\"no\" allow=\"autoplay\" src=\"https:\/\/w.soundcloud.com\/player\/?url=https%3A\/\/api.soundcloud.com\/tracks\/1824168327&#038;color=%23ff5500&#038;auto_play=false&#038;hide_related=false&#038;show_comments=true&#038;show_user=true&#038;show_reposts=false&#038;show_teaser=true&#038;visual=true\"><\/iframe><\/p>\n<div style=\"font-size: 10px; color: #cccccc;line-break: anywhere;word-break: normal;overflow: hidden;white-space: nowrap;text-overflow: ellipsis; font-family: Interstate,Lucida Grande,Lucida Sans Unicode,Lucida Sans,Garuda,Verdana,Tahoma,sans-serif;font-weight: 100;\"><a href=\"https:\/\/soundcloud.com\/radiounrc97-7\" title=\"RadioUNRC97.7\" target=\"_blank\" style=\"color: #cccccc; text-decoration: none;\" rel=\"noopener\">RadioUNRC97.7<\/a> \u00b7 <a href=\"https:\/\/soundcloud.com\/radiounrc97-7\/marcelo-bressan-2\" title=\"Marcelo Bressan 2\" target=\"_blank\" style=\"color: #cccccc; text-decoration: none;\" rel=\"noopener\">Marcelo Bressan 2<\/a><\/div>\n\r\n                <style type=\"text\/css\">\r\n                    \r\n                    #tdi_1  .td-doubleSlider-2 .td-item1 {\r\n                        background: url(https:\/\/radio.unrc.edu.ar\/wp-content\/uploads\/2024\/05\/Imagen-de-WhatsApp-2024-05-17-a-las-09.39.02_282be8c4.jpg) 0 0 no-repeat;\r\n                    }\r\n                    #tdi_1  .td-doubleSlider-2 .td-item2 {\r\n                        background: url(https:\/\/radio.unrc.edu.ar\/wp-content\/uploads\/2024\/05\/Imagen-de-WhatsApp-2024-05-17-a-las-09.39.05_36ac226b.jpg) 0 0 no-repeat;\r\n                    }\r\n                    #tdi_1  .td-doubleSlider-2 .td-item3 {\r\n                        background: url(https:\/\/radio.unrc.edu.ar\/wp-content\/uploads\/2024\/05\/Imagen-de-WhatsApp-2024-05-17-a-las-09.39.05_3594f284.jpg) 0 0 no-repeat;\r\n                    }\r\n                    #tdi_1  .td-doubleSlider-2 .td-item4 {\r\n                        background: url(https:\/\/radio.unrc.edu.ar\/wp-content\/uploads\/2024\/05\/Imagen-de-WhatsApp-2024-05-17-a-las-09.39.05_dc824411.jpg) 0 0 no-repeat;\r\n                    }\r\n                <\/style>\r\n\r\n                <div id=\"tdi_1\" class=\"td-gallery td-slide-on-2-columns\">\r\n                    <div class=\"post_td_gallery\">\r\n                        <div class=\"td-gallery-slide-top\">\r\n                           <div class=\"td-gallery-title\"><\/div>\r\n\r\n                            <div class=\"td-gallery-controls-wrapper\">\r\n                                <div class=\"td-gallery-slide-count\"><span class=\"td-gallery-slide-item-focus\">1<\/span> de 4<\/div>\r\n                                <div class=\"td-gallery-slide-prev-next-but\">\r\n                                    <i class = \"td-icon-left doubleSliderPrevButton\"><\/i>\r\n                                    <i class = \"td-icon-right doubleSliderNextButton\"><\/i>\r\n                                <\/div>\r\n                            <\/div>\r\n                        <\/div>\r\n\r\n                        <div class = \"td-doubleSlider-1 \">\r\n                            <div class = \"td-slider\">\r\n                                \r\n                    <div class = \"td-slide-item td-item1\">\r\n                        <figure class=\"td-slide-galery-figure td-slide-popup-gallery\">\r\n                            <a class=\"slide-gallery-image-link\" href=\"https:\/\/radio.unrc.edu.ar\/wp-content\/uploads\/2024\/05\/Imagen-de-WhatsApp-2024-05-17-a-las-09.39.02_282be8c4.jpg\" title=\"Imagen de WhatsApp 2024-05-17 a las 09.39.02_282be8c4\"  data-caption=\"\"  data-description=\"\">\r\n                                <img decoding=\"async\" src=\"https:\/\/radio.unrc.edu.ar\/wp-content\/uploads\/2024\/05\/Imagen-de-WhatsApp-2024-05-17-a-las-09.39.02_282be8c4.jpg\" srcset=\"https:\/\/radio.unrc.edu.ar\/wp-content\/uploads\/2024\/05\/Imagen-de-WhatsApp-2024-05-17-a-las-09.39.02_282be8c4.jpg 1280w, https:\/\/radio.unrc.edu.ar\/wp-content\/uploads\/2024\/05\/Imagen-de-WhatsApp-2024-05-17-a-las-09.39.02_282be8c4-300x225.jpg 300w, https:\/\/radio.unrc.edu.ar\/wp-content\/uploads\/2024\/05\/Imagen-de-WhatsApp-2024-05-17-a-las-09.39.02_282be8c4-1024x768.jpg 1024w, https:\/\/radio.unrc.edu.ar\/wp-content\/uploads\/2024\/05\/Imagen-de-WhatsApp-2024-05-17-a-las-09.39.02_282be8c4-768x576.jpg 768w, https:\/\/radio.unrc.edu.ar\/wp-content\/uploads\/2024\/05\/Imagen-de-WhatsApp-2024-05-17-a-las-09.39.02_282be8c4-150x113.jpg 150w, https:\/\/radio.unrc.edu.ar\/wp-content\/uploads\/2024\/05\/Imagen-de-WhatsApp-2024-05-17-a-las-09.39.02_282be8c4-696x522.jpg 696w, https:\/\/radio.unrc.edu.ar\/wp-content\/uploads\/2024\/05\/Imagen-de-WhatsApp-2024-05-17-a-las-09.39.02_282be8c4-1068x801.jpg 1068w, https:\/\/radio.unrc.edu.ar\/wp-content\/uploads\/2024\/05\/Imagen-de-WhatsApp-2024-05-17-a-las-09.39.02_282be8c4-265x198.jpg 265w\" sizes=\"(max-width: 1280px) 100vw, 1280px\" alt=\"\">\r\n                            <\/a>\r\n                            \r\n                        <\/figure>\r\n                    <\/div>\r\n                    <div class = \"td-slide-item td-item2\">\r\n                        <figure class=\"td-slide-galery-figure td-slide-popup-gallery\">\r\n                            <a class=\"slide-gallery-image-link\" href=\"https:\/\/radio.unrc.edu.ar\/wp-content\/uploads\/2024\/05\/Imagen-de-WhatsApp-2024-05-17-a-las-09.39.05_36ac226b.jpg\" title=\"Imagen de WhatsApp 2024-05-17 a las 09.39.05_36ac226b\"  data-caption=\"\"  data-description=\"\">\r\n                                <img decoding=\"async\" src=\"https:\/\/radio.unrc.edu.ar\/wp-content\/uploads\/2024\/05\/Imagen-de-WhatsApp-2024-05-17-a-las-09.39.05_36ac226b.jpg\" srcset=\"https:\/\/radio.unrc.edu.ar\/wp-content\/uploads\/2024\/05\/Imagen-de-WhatsApp-2024-05-17-a-las-09.39.05_36ac226b.jpg 1280w, https:\/\/radio.unrc.edu.ar\/wp-content\/uploads\/2024\/05\/Imagen-de-WhatsApp-2024-05-17-a-las-09.39.05_36ac226b-300x225.jpg 300w, https:\/\/radio.unrc.edu.ar\/wp-content\/uploads\/2024\/05\/Imagen-de-WhatsApp-2024-05-17-a-las-09.39.05_36ac226b-1024x768.jpg 1024w, https:\/\/radio.unrc.edu.ar\/wp-content\/uploads\/2024\/05\/Imagen-de-WhatsApp-2024-05-17-a-las-09.39.05_36ac226b-768x576.jpg 768w, https:\/\/radio.unrc.edu.ar\/wp-content\/uploads\/2024\/05\/Imagen-de-WhatsApp-2024-05-17-a-las-09.39.05_36ac226b-150x113.jpg 150w, https:\/\/radio.unrc.edu.ar\/wp-content\/uploads\/2024\/05\/Imagen-de-WhatsApp-2024-05-17-a-las-09.39.05_36ac226b-696x522.jpg 696w, https:\/\/radio.unrc.edu.ar\/wp-content\/uploads\/2024\/05\/Imagen-de-WhatsApp-2024-05-17-a-las-09.39.05_36ac226b-1068x801.jpg 1068w, https:\/\/radio.unrc.edu.ar\/wp-content\/uploads\/2024\/05\/Imagen-de-WhatsApp-2024-05-17-a-las-09.39.05_36ac226b-265x198.jpg 265w\" sizes=\"(max-width: 1280px) 100vw, 1280px\" alt=\"\">\r\n                            <\/a>\r\n                            \r\n                        <\/figure>\r\n                    <\/div>\r\n                    <div class = \"td-slide-item td-item3\">\r\n                        <figure class=\"td-slide-galery-figure td-slide-popup-gallery\">\r\n                            <a class=\"slide-gallery-image-link\" href=\"https:\/\/radio.unrc.edu.ar\/wp-content\/uploads\/2024\/05\/Imagen-de-WhatsApp-2024-05-17-a-las-09.39.05_3594f284.jpg\" title=\"Imagen de WhatsApp 2024-05-17 a las 09.39.05_3594f284\"  data-caption=\"\"  data-description=\"\">\r\n                                <img decoding=\"async\" src=\"https:\/\/radio.unrc.edu.ar\/wp-content\/uploads\/2024\/05\/Imagen-de-WhatsApp-2024-05-17-a-las-09.39.05_3594f284.jpg\" srcset=\"https:\/\/radio.unrc.edu.ar\/wp-content\/uploads\/2024\/05\/Imagen-de-WhatsApp-2024-05-17-a-las-09.39.05_3594f284.jpg 1280w, https:\/\/radio.unrc.edu.ar\/wp-content\/uploads\/2024\/05\/Imagen-de-WhatsApp-2024-05-17-a-las-09.39.05_3594f284-300x225.jpg 300w, https:\/\/radio.unrc.edu.ar\/wp-content\/uploads\/2024\/05\/Imagen-de-WhatsApp-2024-05-17-a-las-09.39.05_3594f284-1024x768.jpg 1024w, https:\/\/radio.unrc.edu.ar\/wp-content\/uploads\/2024\/05\/Imagen-de-WhatsApp-2024-05-17-a-las-09.39.05_3594f284-768x576.jpg 768w, https:\/\/radio.unrc.edu.ar\/wp-content\/uploads\/2024\/05\/Imagen-de-WhatsApp-2024-05-17-a-las-09.39.05_3594f284-150x113.jpg 150w, https:\/\/radio.unrc.edu.ar\/wp-content\/uploads\/2024\/05\/Imagen-de-WhatsApp-2024-05-17-a-las-09.39.05_3594f284-696x522.jpg 696w, https:\/\/radio.unrc.edu.ar\/wp-content\/uploads\/2024\/05\/Imagen-de-WhatsApp-2024-05-17-a-las-09.39.05_3594f284-1068x801.jpg 1068w, https:\/\/radio.unrc.edu.ar\/wp-content\/uploads\/2024\/05\/Imagen-de-WhatsApp-2024-05-17-a-las-09.39.05_3594f284-265x198.jpg 265w\" sizes=\"(max-width: 1280px) 100vw, 1280px\" alt=\"\">\r\n                            <\/a>\r\n                            \r\n                        <\/figure>\r\n                    <\/div>\r\n                    <div class = \"td-slide-item td-item4\">\r\n                        <figure class=\"td-slide-galery-figure td-slide-popup-gallery\">\r\n                            <a class=\"slide-gallery-image-link\" href=\"https:\/\/radio.unrc.edu.ar\/wp-content\/uploads\/2024\/05\/Imagen-de-WhatsApp-2024-05-17-a-las-09.39.05_dc824411.jpg\" title=\"Imagen de WhatsApp 2024-05-17 a las 09.39.05_dc824411\"  data-caption=\"\"  data-description=\"\">\r\n                                <img decoding=\"async\" src=\"https:\/\/radio.unrc.edu.ar\/wp-content\/uploads\/2024\/05\/Imagen-de-WhatsApp-2024-05-17-a-las-09.39.05_dc824411.jpg\" srcset=\"https:\/\/radio.unrc.edu.ar\/wp-content\/uploads\/2024\/05\/Imagen-de-WhatsApp-2024-05-17-a-las-09.39.05_dc824411.jpg 1280w, https:\/\/radio.unrc.edu.ar\/wp-content\/uploads\/2024\/05\/Imagen-de-WhatsApp-2024-05-17-a-las-09.39.05_dc824411-300x225.jpg 300w, https:\/\/radio.unrc.edu.ar\/wp-content\/uploads\/2024\/05\/Imagen-de-WhatsApp-2024-05-17-a-las-09.39.05_dc824411-1024x768.jpg 1024w, https:\/\/radio.unrc.edu.ar\/wp-content\/uploads\/2024\/05\/Imagen-de-WhatsApp-2024-05-17-a-las-09.39.05_dc824411-768x576.jpg 768w, https:\/\/radio.unrc.edu.ar\/wp-content\/uploads\/2024\/05\/Imagen-de-WhatsApp-2024-05-17-a-las-09.39.05_dc824411-150x113.jpg 150w, https:\/\/radio.unrc.edu.ar\/wp-content\/uploads\/2024\/05\/Imagen-de-WhatsApp-2024-05-17-a-las-09.39.05_dc824411-696x522.jpg 696w, https:\/\/radio.unrc.edu.ar\/wp-content\/uploads\/2024\/05\/Imagen-de-WhatsApp-2024-05-17-a-las-09.39.05_dc824411-1068x801.jpg 1068w, https:\/\/radio.unrc.edu.ar\/wp-content\/uploads\/2024\/05\/Imagen-de-WhatsApp-2024-05-17-a-las-09.39.05_dc824411-265x198.jpg 265w\" sizes=\"(max-width: 1280px) 100vw, 1280px\" alt=\"\">\r\n                            <\/a>\r\n                            \r\n                        <\/figure>\r\n                    <\/div>\r\n                            <\/div>\r\n                        <\/div>\r\n\r\n                        <div class = \"td-doubleSlider-2\">\r\n                            <div class = \"td-slider\">\r\n                                \r\n                    <div class = \"td-button td-item1\">\r\n                        <div class = \"td-border\"><\/div>\r\n                    <\/div>\r\n                    <div class = \"td-button td-item2\">\r\n                        <div class = \"td-border\"><\/div>\r\n                    <\/div>\r\n                    <div class = \"td-button td-item3\">\r\n                        <div class = \"td-border\"><\/div>\r\n                    <\/div>\r\n                    <div class = \"td-button td-item4\">\r\n                        <div class = \"td-border\"><\/div>\r\n                    <\/div>\r\n                            <\/div>\r\n                        <\/div>\r\n\r\n                    <\/div>\r\n\r\n                <\/div>\r\n                \n","protected":false},"excerpt":{"rendered":"<p>El encuentro se realiza en el campus con cooperativas de recuperadores urbanos. Se trata de una actividad organizada en el marco del Programa Creando Ambiente de la UNRC. Germ\u00e1n Barros, subsecretario de Extensi\u00f3n de la UNRC, explic\u00f3 en que consiste esta actividad. RadioUNRC97.7 \u00b7 Germ\u00e1n Barros La profesora Lorena Tarditto, quien dirige un Proyecto de [&hellip;]<\/p>\n","protected":false},"author":2,"featured_media":16900,"comment_status":"open","ping_status":"open","sticky":false,"template":"","format":"standard","meta":{"footnotes":""},"categories":[17],"tags":[],"class_list":{"0":"post-16899","1":"post","2":"type-post","3":"status-publish","4":"format-standard","5":"has-post-thumbnail","7":"category-universitarias"},"yoast_head":"<!-- This site is optimized with the Yoast SEO plugin v21.5 - https:\/\/yoast.com\/wordpress\/plugins\/seo\/ -->\n<title>D\u00eda Mundial del Reciclaje: la UNRC realiza una jornada de intercambio de saberes - Radio UNRC<\/title>\n<meta name=\"description\" content=\"La radio que te hace sentir y pensar.\" \/>\n<meta name=\"robots\" content=\"index, follow, max-snippet:-1, max-image-preview:large, max-video-preview:-1\" \/>\n<link rel=\"canonical\" href=\"https:\/\/radio.unrc.edu.ar\/?p=16899\" \/>\n<meta property=\"og:locale\" content=\"es_ES\" \/>\n<meta property=\"og:type\" content=\"article\" \/>\n<meta property=\"og:title\" content=\"D\u00eda Mundial del Reciclaje: la UNRC realiza una jornada de intercambio de saberes - Radio UNRC\" \/>\n<meta property=\"og:description\" content=\"La radio que te hace sentir y pensar.\" \/>\n<meta property=\"og:url\" content=\"https:\/\/radio.unrc.edu.ar\/?p=16899\" \/>\n<meta property=\"og:site_name\" content=\"Radio UNRC\" \/>\n<meta property=\"article:publisher\" content=\"https:\/\/www.facebook.com\/radiounrc\" \/>\n<meta property=\"article:published_time\" content=\"2024-05-17T13:28:39+00:00\" \/>\n<meta property=\"article:modified_time\" content=\"2024-05-20T13:16:10+00:00\" \/>\n<meta property=\"og:image\" content=\"https:\/\/radio.unrc.edu.ar\/wp-content\/uploads\/2024\/05\/reciclaje.jpg\" \/>\n\t<meta property=\"og:image:width\" content=\"1280\" \/>\n\t<meta property=\"og:image:height\" content=\"740\" \/>\n\t<meta property=\"og:image:type\" content=\"image\/jpeg\" \/>\n<meta name=\"author\" content=\"majo\" \/>\n<meta name=\"twitter:card\" content=\"summary_large_image\" \/>\n<meta name=\"twitter:label1\" content=\"Escrito por\" \/>\n\t<meta name=\"twitter:data1\" content=\"majo\" \/>\n\t<meta name=\"twitter:label2\" content=\"Tiempo de lectura\" \/>\n\t<meta name=\"twitter:data2\" content=\"1 minuto\" \/>\n<script type=\"application\/ld+json\" class=\"yoast-schema-graph\">{\"@context\":\"https:\/\/schema.org\",\"@graph\":[{\"@type\":\"Article\",\"@id\":\"https:\/\/radio.unrc.edu.ar\/?p=16899#article\",\"isPartOf\":{\"@id\":\"https:\/\/radio.unrc.edu.ar\/?p=16899\"},\"author\":{\"name\":\"majo\",\"@id\":\"https:\/\/radio.unrc.edu.ar\/#\/schema\/person\/197edd08d015632a43a5e6a515c4f7a6\"},\"headline\":\"D\u00eda Mundial del Reciclaje: la UNRC realiza una jornada de intercambio de saberes\",\"datePublished\":\"2024-05-17T13:28:39+00:00\",\"dateModified\":\"2024-05-20T13:16:10+00:00\",\"mainEntityOfPage\":{\"@id\":\"https:\/\/radio.unrc.edu.ar\/?p=16899\"},\"wordCount\":227,\"commentCount\":0,\"publisher\":{\"@id\":\"https:\/\/radio.unrc.edu.ar\/#organization\"},\"articleSection\":[\"Universitarias\"],\"inLanguage\":\"es\",\"potentialAction\":[{\"@type\":\"CommentAction\",\"name\":\"Comment\",\"target\":[\"https:\/\/radio.unrc.edu.ar\/?p=16899#respond\"]}]},{\"@type\":\"WebPage\",\"@id\":\"https:\/\/radio.unrc.edu.ar\/?p=16899\",\"url\":\"https:\/\/radio.unrc.edu.ar\/?p=16899\",\"name\":\"D\u00eda Mundial del Reciclaje: la UNRC realiza una jornada de intercambio de saberes - Radio UNRC\",\"isPartOf\":{\"@id\":\"https:\/\/radio.unrc.edu.ar\/#website\"},\"datePublished\":\"2024-05-17T13:28:39+00:00\",\"dateModified\":\"2024-05-20T13:16:10+00:00\",\"description\":\"La radio que te hace sentir y pensar.\",\"breadcrumb\":{\"@id\":\"https:\/\/radio.unrc.edu.ar\/?p=16899#breadcrumb\"},\"inLanguage\":\"es\",\"potentialAction\":[{\"@type\":\"ReadAction\",\"target\":[\"https:\/\/radio.unrc.edu.ar\/?p=16899\"]}]},{\"@type\":\"BreadcrumbList\",\"@id\":\"https:\/\/radio.unrc.edu.ar\/?p=16899#breadcrumb\",\"itemListElement\":[{\"@type\":\"ListItem\",\"position\":1,\"name\":\"Portada\",\"item\":\"https:\/\/radio.unrc.edu.ar\/\"},{\"@type\":\"ListItem\",\"position\":2,\"name\":\"D\u00eda Mundial del Reciclaje: la UNRC realiza una jornada de intercambio de saberes\"}]},{\"@type\":\"WebSite\",\"@id\":\"https:\/\/radio.unrc.edu.ar\/#website\",\"url\":\"https:\/\/radio.unrc.edu.ar\/\",\"name\":\"Radio UNRC\",\"description\":\"La Radio de la Uni, la que te hace sentir y pensar\",\"publisher\":{\"@id\":\"https:\/\/radio.unrc.edu.ar\/#organization\"},\"potentialAction\":[{\"@type\":\"SearchAction\",\"target\":{\"@type\":\"EntryPoint\",\"urlTemplate\":\"https:\/\/radio.unrc.edu.ar\/?s={search_term_string}\"},\"query-input\":\"required name=search_term_string\"}],\"inLanguage\":\"es\"},{\"@type\":\"Organization\",\"@id\":\"https:\/\/radio.unrc.edu.ar\/#organization\",\"name\":\"Radio UNRC\",\"url\":\"https:\/\/radio.unrc.edu.ar\/\",\"logo\":{\"@type\":\"ImageObject\",\"inLanguage\":\"es\",\"@id\":\"https:\/\/radio.unrc.edu.ar\/#\/schema\/logo\/image\/\",\"url\":\"https:\/\/radio.unrc.edu.ar\/wp-content\/uploads\/2022\/03\/logo-radio-544.png\",\"contentUrl\":\"https:\/\/radio.unrc.edu.ar\/wp-content\/uploads\/2022\/03\/logo-radio-544.png\",\"width\":544,\"height\":180,\"caption\":\"Radio UNRC\"},\"image\":{\"@id\":\"https:\/\/radio.unrc.edu.ar\/#\/schema\/logo\/image\/\"},\"sameAs\":[\"https:\/\/www.facebook.com\/radiounrc\",\"https:\/\/www.instagram.com\/radiounrc\/\"]},{\"@type\":\"Person\",\"@id\":\"https:\/\/radio.unrc.edu.ar\/#\/schema\/person\/197edd08d015632a43a5e6a515c4f7a6\",\"name\":\"majo\",\"image\":{\"@type\":\"ImageObject\",\"inLanguage\":\"es\",\"@id\":\"https:\/\/radio.unrc.edu.ar\/#\/schema\/person\/image\/\",\"url\":\"https:\/\/secure.gravatar.com\/avatar\/6806165fb7635331b44fb331ffb478c3230b9d62d675244a0e2dfd0cb8d8b503?s=96&d=mm&r=g\",\"contentUrl\":\"https:\/\/secure.gravatar.com\/avatar\/6806165fb7635331b44fb331ffb478c3230b9d62d675244a0e2dfd0cb8d8b503?s=96&d=mm&r=g\",\"caption\":\"majo\"},\"url\":\"https:\/\/radio.unrc.edu.ar\/?author=2\"}]}<\/script>\n<!-- \/ Yoast SEO plugin. -->","yoast_head_json":{"title":"D\u00eda Mundial del Reciclaje: la UNRC realiza una jornada de intercambio de saberes - Radio UNRC","description":"La radio que te hace sentir y pensar.","robots":{"index":"index","follow":"follow","max-snippet":"max-snippet:-1","max-image-preview":"max-image-preview:large","max-video-preview":"max-video-preview:-1"},"canonical":"https:\/\/radio.unrc.edu.ar\/?p=16899","og_locale":"es_ES","og_type":"article","og_title":"D\u00eda Mundial del Reciclaje: la UNRC realiza una jornada de intercambio de saberes - Radio UNRC","og_description":"La radio que te hace sentir y pensar.","og_url":"https:\/\/radio.unrc.edu.ar\/?p=16899","og_site_name":"Radio UNRC","article_publisher":"https:\/\/www.facebook.com\/radiounrc","article_published_time":"2024-05-17T13:28:39+00:00","article_modified_time":"2024-05-20T13:16:10+00:00","og_image":[{"width":1280,"height":740,"url":"https:\/\/radio.unrc.edu.ar\/wp-content\/uploads\/2024\/05\/reciclaje.jpg","type":"image\/jpeg"}],"author":"majo","twitter_card":"summary_large_image","twitter_misc":{"Escrito por":"majo","Tiempo de lectura":"1 minuto"},"schema":{"@context":"https:\/\/schema.org","@graph":[{"@type":"Article","@id":"https:\/\/radio.unrc.edu.ar\/?p=16899#article","isPartOf":{"@id":"https:\/\/radio.unrc.edu.ar\/?p=16899"},"author":{"name":"majo","@id":"https:\/\/radio.unrc.edu.ar\/#\/schema\/person\/197edd08d015632a43a5e6a515c4f7a6"},"headline":"D\u00eda Mundial del Reciclaje: la UNRC realiza una jornada de intercambio de saberes","datePublished":"2024-05-17T13:28:39+00:00","dateModified":"2024-05-20T13:16:10+00:00","mainEntityOfPage":{"@id":"https:\/\/radio.unrc.edu.ar\/?p=16899"},"wordCount":227,"commentCount":0,"publisher":{"@id":"https:\/\/radio.unrc.edu.ar\/#organization"},"articleSection":["Universitarias"],"inLanguage":"es","potentialAction":[{"@type":"CommentAction","name":"Comment","target":["https:\/\/radio.unrc.edu.ar\/?p=16899#respond"]}]},{"@type":"WebPage","@id":"https:\/\/radio.unrc.edu.ar\/?p=16899","url":"https:\/\/radio.unrc.edu.ar\/?p=16899","name":"D\u00eda Mundial del Reciclaje: la UNRC realiza una jornada de intercambio de saberes - Radio UNRC","isPartOf":{"@id":"https:\/\/radio.unrc.edu.ar\/#website"},"datePublished":"2024-05-17T13:28:39+00:00","dateModified":"2024-05-20T13:16:10+00:00","description":"La radio que te hace sentir y pensar.","breadcrumb":{"@id":"https:\/\/radio.unrc.edu.ar\/?p=16899#breadcrumb"},"inLanguage":"es","potentialAction":[{"@type":"ReadAction","target":["https:\/\/radio.unrc.edu.ar\/?p=16899"]}]},{"@type":"BreadcrumbList","@id":"https:\/\/radio.unrc.edu.ar\/?p=16899#breadcrumb","itemListElement":[{"@type":"ListItem","position":1,"name":"Portada","item":"https:\/\/radio.unrc.edu.ar\/"},{"@type":"ListItem","position":2,"name":"D\u00eda Mundial del Reciclaje: la UNRC realiza una jornada de intercambio de saberes"}]},{"@type":"WebSite","@id":"https:\/\/radio.unrc.edu.ar\/#website","url":"https:\/\/radio.unrc.edu.ar\/","name":"Radio UNRC","description":"La Radio de la Uni, la que te hace sentir y pensar","publisher":{"@id":"https:\/\/radio.unrc.edu.ar\/#organization"},"potentialAction":[{"@type":"SearchAction","target":{"@type":"EntryPoint","urlTemplate":"https:\/\/radio.unrc.edu.ar\/?s={search_term_string}"},"query-input":"required name=search_term_string"}],"inLanguage":"es"},{"@type":"Organization","@id":"https:\/\/radio.unrc.edu.ar\/#organization","name":"Radio UNRC","url":"https:\/\/radio.unrc.edu.ar\/","logo":{"@type":"ImageObject","inLanguage":"es","@id":"https:\/\/radio.unrc.edu.ar\/#\/schema\/logo\/image\/","url":"https:\/\/radio.unrc.edu.ar\/wp-content\/uploads\/2022\/03\/logo-radio-544.png","contentUrl":"https:\/\/radio.unrc.edu.ar\/wp-content\/uploads\/2022\/03\/logo-radio-544.png","width":544,"height":180,"caption":"Radio UNRC"},"image":{"@id":"https:\/\/radio.unrc.edu.ar\/#\/schema\/logo\/image\/"},"sameAs":["https:\/\/www.facebook.com\/radiounrc","https:\/\/www.instagram.com\/radiounrc\/"]},{"@type":"Person","@id":"https:\/\/radio.unrc.edu.ar\/#\/schema\/person\/197edd08d015632a43a5e6a515c4f7a6","name":"majo","image":{"@type":"ImageObject","inLanguage":"es","@id":"https:\/\/radio.unrc.edu.ar\/#\/schema\/person\/image\/","url":"https:\/\/secure.gravatar.com\/avatar\/6806165fb7635331b44fb331ffb478c3230b9d62d675244a0e2dfd0cb8d8b503?s=96&d=mm&r=g","contentUrl":"https:\/\/secure.gravatar.com\/avatar\/6806165fb7635331b44fb331ffb478c3230b9d62d675244a0e2dfd0cb8d8b503?s=96&d=mm&r=g","caption":"majo"},"url":"https:\/\/radio.unrc.edu.ar\/?author=2"}]}},"_links":{"self":[{"href":"https:\/\/radio.unrc.edu.ar\/index.php?rest_route=\/wp\/v2\/posts\/16899","targetHints":{"allow":["GET"]}}],"collection":[{"href":"https:\/\/radio.unrc.edu.ar\/index.php?rest_route=\/wp\/v2\/posts"}],"about":[{"href":"https:\/\/radio.unrc.edu.ar\/index.php?rest_route=\/wp\/v2\/types\/post"}],"author":[{"embeddable":true,"href":"https:\/\/radio.unrc.edu.ar\/index.php?rest_route=\/wp\/v2\/users\/2"}],"replies":[{"embeddable":true,"href":"https:\/\/radio.unrc.edu.ar\/index.php?rest_route=%2Fwp%2Fv2%2Fcomments&post=16899"}],"version-history":[{"count":4,"href":"https:\/\/radio.unrc.edu.ar\/index.php?rest_route=\/wp\/v2\/posts\/16899\/revisions"}],"predecessor-version":[{"id":16920,"href":"https:\/\/radio.unrc.edu.ar\/index.php?rest_route=\/wp\/v2\/posts\/16899\/revisions\/16920"}],"wp:featuredmedia":[{"embeddable":true,"href":"https:\/\/radio.unrc.edu.ar\/index.php?rest_route=\/wp\/v2\/media\/16900"}],"wp:attachment":[{"href":"https:\/\/radio.unrc.edu.ar\/index.php?rest_route=%2Fwp%2Fv2%2Fmedia&parent=16899"}],"wp:term":[{"taxonomy":"category","embeddable":true,"href":"https:\/\/radio.unrc.edu.ar\/index.php?rest_route=%2Fwp%2Fv2%2Fcategories&post=16899"},{"taxonomy":"post_tag","embeddable":true,"href":"https:\/\/radio.unrc.edu.ar\/index.php?rest_route=%2Fwp%2Fv2%2Ftags&post=16899"}],"curies":[{"name":"wp","href":"https:\/\/api.w.org\/{rel}","templated":true}]}}