{"id":17172,"date":"2024-05-24T11:33:34","date_gmt":"2024-05-24T14:33:34","guid":{"rendered":"https:\/\/radio.unrc.edu.ar\/?p=17172"},"modified":"2024-05-27T10:26:24","modified_gmt":"2024-05-27T13:26:24","slug":"25-de-mayo-autoridades-de-la-universidad-izaron-el-pabellon-nacional","status":"publish","type":"post","link":"https:\/\/radio.unrc.edu.ar\/?p=17172","title":{"rendered":"25 de Mayo: autoridades de la Universidad izaron el Pabell\u00f3n Nacional"},"content":{"rendered":"<p>En el marco de la celebraci\u00f3n del Primer Gobierno Patrio, las autoridades de la Universidad Nacional de R\u00edo Cuarto izaron la bandera en el Anfiteatro General San Mart\u00edn, espacio emblem\u00e1tico de nuestro campus.<\/p>\n<p>La rectora Marisa Rovera dijo que es una fecha para mirar hacia atr\u00e1s y proyectar un futuro consolidando soberan\u00eda y derechos por el pueblo argentino. <\/p>\n<p><iframe width=\"560\" height=\"315\" src=\"https:\/\/www.youtube.com\/embed\/gvbEsiyXNP4?si=GjRHC6BkYpZY4O4k\" title=\"YouTube video player\" frameborder=\"0\" allow=\"accelerometer; autoplay; clipboard-write; encrypted-media; gyroscope; picture-in-picture; web-share\" referrerpolicy=\"strict-origin-when-cross-origin\" allowfullscreen><\/iframe><\/p>\n\r\n                <style type=\"text\/css\">\r\n                    \r\n                    #tdi_1  .td-doubleSlider-2 .td-item1 {\r\n                        background: url(https:\/\/radio.unrc.edu.ar\/wp-content\/uploads\/2024\/05\/2024_Rectorado_Izamiento-de-la-bandera-13.jpg) 0 0 no-repeat;\r\n                    }\r\n                    #tdi_1  .td-doubleSlider-2 .td-item2 {\r\n                        background: url(https:\/\/radio.unrc.edu.ar\/wp-content\/uploads\/2024\/05\/2024_Rectorado_Izamiento-de-la-bandera-15.jpg) 0 0 no-repeat;\r\n                    }\r\n                    #tdi_1  .td-doubleSlider-2 .td-item3 {\r\n                        background: url(https:\/\/radio.unrc.edu.ar\/wp-content\/uploads\/2024\/05\/2024_Rectorado_Izamiento-de-la-bandera-21.jpg) 0 0 no-repeat;\r\n                    }\r\n                    #tdi_1  .td-doubleSlider-2 .td-item4 {\r\n                        background: url(https:\/\/radio.unrc.edu.ar\/wp-content\/uploads\/2024\/05\/2024_Rectorado_Izamiento-de-la-bandera-35.jpg) 0 0 no-repeat;\r\n                    }\r\n                <\/style>\r\n\r\n                <div id=\"tdi_1\" class=\"td-gallery td-slide-on-2-columns\">\r\n                    <div class=\"post_td_gallery\">\r\n                        <div class=\"td-gallery-slide-top\">\r\n                           <div class=\"td-gallery-title\"><\/div>\r\n\r\n                            <div class=\"td-gallery-controls-wrapper\">\r\n                                <div class=\"td-gallery-slide-count\"><span class=\"td-gallery-slide-item-focus\">1<\/span> de 4<\/div>\r\n                                <div class=\"td-gallery-slide-prev-next-but\">\r\n                                    <i class = \"td-icon-left doubleSliderPrevButton\"><\/i>\r\n                                    <i class = \"td-icon-right doubleSliderNextButton\"><\/i>\r\n                                <\/div>\r\n                            <\/div>\r\n                        <\/div>\r\n\r\n                        <div class = \"td-doubleSlider-1 \">\r\n                            <div class = \"td-slider\">\r\n                                \r\n                    <div class = \"td-slide-item td-item1\">\r\n                        <figure class=\"td-slide-galery-figure td-slide-popup-gallery\">\r\n                            <a class=\"slide-gallery-image-link\" href=\"https:\/\/radio.unrc.edu.ar\/wp-content\/uploads\/2024\/05\/2024_Rectorado_Izamiento-de-la-bandera-13.jpg\" title=\"2024_Rectorado_Izamiento de la bandera (13)\"  data-caption=\"\"  data-description=\"\">\r\n                                <img decoding=\"async\" src=\"https:\/\/radio.unrc.edu.ar\/wp-content\/uploads\/2024\/05\/2024_Rectorado_Izamiento-de-la-bandera-13.jpg\" srcset=\"https:\/\/radio.unrc.edu.ar\/wp-content\/uploads\/2024\/05\/2024_Rectorado_Izamiento-de-la-bandera-13.jpg 1772w, https:\/\/radio.unrc.edu.ar\/wp-content\/uploads\/2024\/05\/2024_Rectorado_Izamiento-de-la-bandera-13-300x200.jpg 300w, https:\/\/radio.unrc.edu.ar\/wp-content\/uploads\/2024\/05\/2024_Rectorado_Izamiento-de-la-bandera-13-1024x682.jpg 1024w, https:\/\/radio.unrc.edu.ar\/wp-content\/uploads\/2024\/05\/2024_Rectorado_Izamiento-de-la-bandera-13-768x512.jpg 768w, https:\/\/radio.unrc.edu.ar\/wp-content\/uploads\/2024\/05\/2024_Rectorado_Izamiento-de-la-bandera-13-1536x1024.jpg 1536w, https:\/\/radio.unrc.edu.ar\/wp-content\/uploads\/2024\/05\/2024_Rectorado_Izamiento-de-la-bandera-13-150x100.jpg 150w, https:\/\/radio.unrc.edu.ar\/wp-content\/uploads\/2024\/05\/2024_Rectorado_Izamiento-de-la-bandera-13-696x464.jpg 696w, https:\/\/radio.unrc.edu.ar\/wp-content\/uploads\/2024\/05\/2024_Rectorado_Izamiento-de-la-bandera-13-1068x712.jpg 1068w\" sizes=\"(max-width: 1772px) 100vw, 1772px\" alt=\"\">\r\n                            <\/a>\r\n                            \r\n                        <\/figure>\r\n                    <\/div>\r\n                    <div class = \"td-slide-item td-item2\">\r\n                        <figure class=\"td-slide-galery-figure td-slide-popup-gallery\">\r\n                            <a class=\"slide-gallery-image-link\" href=\"https:\/\/radio.unrc.edu.ar\/wp-content\/uploads\/2024\/05\/2024_Rectorado_Izamiento-de-la-bandera-15.jpg\" title=\"2024_Rectorado_Izamiento de la bandera (15)\"  data-caption=\"\"  data-description=\"\">\r\n                                <img decoding=\"async\" src=\"https:\/\/radio.unrc.edu.ar\/wp-content\/uploads\/2024\/05\/2024_Rectorado_Izamiento-de-la-bandera-15.jpg\" srcset=\"https:\/\/radio.unrc.edu.ar\/wp-content\/uploads\/2024\/05\/2024_Rectorado_Izamiento-de-la-bandera-15.jpg 1772w, https:\/\/radio.unrc.edu.ar\/wp-content\/uploads\/2024\/05\/2024_Rectorado_Izamiento-de-la-bandera-15-300x200.jpg 300w, https:\/\/radio.unrc.edu.ar\/wp-content\/uploads\/2024\/05\/2024_Rectorado_Izamiento-de-la-bandera-15-1024x682.jpg 1024w, https:\/\/radio.unrc.edu.ar\/wp-content\/uploads\/2024\/05\/2024_Rectorado_Izamiento-de-la-bandera-15-768x512.jpg 768w, https:\/\/radio.unrc.edu.ar\/wp-content\/uploads\/2024\/05\/2024_Rectorado_Izamiento-de-la-bandera-15-1536x1024.jpg 1536w, https:\/\/radio.unrc.edu.ar\/wp-content\/uploads\/2024\/05\/2024_Rectorado_Izamiento-de-la-bandera-15-150x100.jpg 150w, https:\/\/radio.unrc.edu.ar\/wp-content\/uploads\/2024\/05\/2024_Rectorado_Izamiento-de-la-bandera-15-696x464.jpg 696w, https:\/\/radio.unrc.edu.ar\/wp-content\/uploads\/2024\/05\/2024_Rectorado_Izamiento-de-la-bandera-15-1068x712.jpg 1068w\" sizes=\"(max-width: 1772px) 100vw, 1772px\" alt=\"\">\r\n                            <\/a>\r\n                            \r\n                        <\/figure>\r\n                    <\/div>\r\n                    <div class = \"td-slide-item td-item3\">\r\n                        <figure class=\"td-slide-galery-figure td-slide-popup-gallery\">\r\n                            <a class=\"slide-gallery-image-link\" href=\"https:\/\/radio.unrc.edu.ar\/wp-content\/uploads\/2024\/05\/2024_Rectorado_Izamiento-de-la-bandera-21.jpg\" title=\"2024_Rectorado_Izamiento de la bandera (21)\"  data-caption=\"\"  data-description=\"\">\r\n                                <img decoding=\"async\" src=\"https:\/\/radio.unrc.edu.ar\/wp-content\/uploads\/2024\/05\/2024_Rectorado_Izamiento-de-la-bandera-21.jpg\" srcset=\"https:\/\/radio.unrc.edu.ar\/wp-content\/uploads\/2024\/05\/2024_Rectorado_Izamiento-de-la-bandera-21.jpg 1772w, https:\/\/radio.unrc.edu.ar\/wp-content\/uploads\/2024\/05\/2024_Rectorado_Izamiento-de-la-bandera-21-300x200.jpg 300w, https:\/\/radio.unrc.edu.ar\/wp-content\/uploads\/2024\/05\/2024_Rectorado_Izamiento-de-la-bandera-21-1024x682.jpg 1024w, https:\/\/radio.unrc.edu.ar\/wp-content\/uploads\/2024\/05\/2024_Rectorado_Izamiento-de-la-bandera-21-768x512.jpg 768w, https:\/\/radio.unrc.edu.ar\/wp-content\/uploads\/2024\/05\/2024_Rectorado_Izamiento-de-la-bandera-21-1536x1024.jpg 1536w, https:\/\/radio.unrc.edu.ar\/wp-content\/uploads\/2024\/05\/2024_Rectorado_Izamiento-de-la-bandera-21-150x100.jpg 150w, https:\/\/radio.unrc.edu.ar\/wp-content\/uploads\/2024\/05\/2024_Rectorado_Izamiento-de-la-bandera-21-696x464.jpg 696w, https:\/\/radio.unrc.edu.ar\/wp-content\/uploads\/2024\/05\/2024_Rectorado_Izamiento-de-la-bandera-21-1068x712.jpg 1068w\" sizes=\"(max-width: 1772px) 100vw, 1772px\" alt=\"\">\r\n                            <\/a>\r\n                            \r\n                        <\/figure>\r\n                    <\/div>\r\n                    <div class = \"td-slide-item td-item4\">\r\n                        <figure class=\"td-slide-galery-figure td-slide-popup-gallery\">\r\n                            <a class=\"slide-gallery-image-link\" href=\"https:\/\/radio.unrc.edu.ar\/wp-content\/uploads\/2024\/05\/2024_Rectorado_Izamiento-de-la-bandera-35.jpg\" title=\"2024_Rectorado_Izamiento de la bandera (35)\"  data-caption=\"\"  data-description=\"\">\r\n                                <img decoding=\"async\" src=\"https:\/\/radio.unrc.edu.ar\/wp-content\/uploads\/2024\/05\/2024_Rectorado_Izamiento-de-la-bandera-35.jpg\" srcset=\"https:\/\/radio.unrc.edu.ar\/wp-content\/uploads\/2024\/05\/2024_Rectorado_Izamiento-de-la-bandera-35.jpg 1772w, https:\/\/radio.unrc.edu.ar\/wp-content\/uploads\/2024\/05\/2024_Rectorado_Izamiento-de-la-bandera-35-300x200.jpg 300w, https:\/\/radio.unrc.edu.ar\/wp-content\/uploads\/2024\/05\/2024_Rectorado_Izamiento-de-la-bandera-35-1024x682.jpg 1024w, https:\/\/radio.unrc.edu.ar\/wp-content\/uploads\/2024\/05\/2024_Rectorado_Izamiento-de-la-bandera-35-768x512.jpg 768w, https:\/\/radio.unrc.edu.ar\/wp-content\/uploads\/2024\/05\/2024_Rectorado_Izamiento-de-la-bandera-35-1536x1024.jpg 1536w, https:\/\/radio.unrc.edu.ar\/wp-content\/uploads\/2024\/05\/2024_Rectorado_Izamiento-de-la-bandera-35-150x100.jpg 150w, https:\/\/radio.unrc.edu.ar\/wp-content\/uploads\/2024\/05\/2024_Rectorado_Izamiento-de-la-bandera-35-696x464.jpg 696w, https:\/\/radio.unrc.edu.ar\/wp-content\/uploads\/2024\/05\/2024_Rectorado_Izamiento-de-la-bandera-35-1068x712.jpg 1068w\" sizes=\"(max-width: 1772px) 100vw, 1772px\" alt=\"\">\r\n                            <\/a>\r\n                            \r\n                        <\/figure>\r\n                    <\/div>\r\n                            <\/div>\r\n                        <\/div>\r\n\r\n                        <div class = \"td-doubleSlider-2\">\r\n                            <div class = \"td-slider\">\r\n                                \r\n                    <div class = \"td-button td-item1\">\r\n                        <div class = \"td-border\"><\/div>\r\n                    <\/div>\r\n                    <div class = \"td-button td-item2\">\r\n                        <div class = \"td-border\"><\/div>\r\n                    <\/div>\r\n                    <div class = \"td-button td-item3\">\r\n                        <div class = \"td-border\"><\/div>\r\n                    <\/div>\r\n                    <div class = \"td-button td-item4\">\r\n                        <div class = \"td-border\"><\/div>\r\n                    <\/div>\r\n                            <\/div>\r\n                        <\/div>\r\n\r\n                    <\/div>\r\n\r\n                <\/div>\r\n                \n<p><strong>Gentileza UniR\u00edo TV<\/strong><\/p>\n","protected":false},"excerpt":{"rendered":"<p>En el marco de la celebraci\u00f3n del Primer Gobierno Patrio, las autoridades de la Universidad Nacional de R\u00edo Cuarto izaron la bandera en el Anfiteatro General San Mart\u00edn, espacio emblem\u00e1tico de nuestro campus. La rectora Marisa Rovera dijo que es una fecha para mirar hacia atr\u00e1s y proyectar un futuro consolidando soberan\u00eda y derechos por [&hellip;]<\/p>\n","protected":false},"author":2,"featured_media":17177,"comment_status":"open","ping_status":"open","sticky":false,"template":"","format":"standard","meta":{"footnotes":""},"categories":[17],"tags":[],"class_list":{"0":"post-17172","1":"post","2":"type-post","3":"status-publish","4":"format-standard","5":"has-post-thumbnail","7":"category-universitarias"},"yoast_head":"<!-- This site is optimized with the Yoast SEO plugin v21.5 - https:\/\/yoast.com\/wordpress\/plugins\/seo\/ -->\n<title>25 de Mayo: autoridades de la Universidad izaron el Pabell\u00f3n Nacional - Radio UNRC<\/title>\n<meta name=\"description\" content=\"La radio que te hace sentir y pensar.\" \/>\n<meta name=\"robots\" content=\"index, follow, max-snippet:-1, max-image-preview:large, max-video-preview:-1\" \/>\n<link rel=\"canonical\" href=\"https:\/\/radio.unrc.edu.ar\/?p=17172\" \/>\n<meta property=\"og:locale\" content=\"es_ES\" \/>\n<meta property=\"og:type\" content=\"article\" \/>\n<meta property=\"og:title\" content=\"25 de Mayo: autoridades de la Universidad izaron el Pabell\u00f3n Nacional - Radio UNRC\" \/>\n<meta property=\"og:description\" content=\"La radio que te hace sentir y pensar.\" \/>\n<meta property=\"og:url\" content=\"https:\/\/radio.unrc.edu.ar\/?p=17172\" \/>\n<meta property=\"og:site_name\" content=\"Radio UNRC\" \/>\n<meta property=\"article:publisher\" content=\"https:\/\/www.facebook.com\/radiounrc\" \/>\n<meta property=\"article:published_time\" content=\"2024-05-24T14:33:34+00:00\" \/>\n<meta property=\"article:modified_time\" content=\"2024-05-27T13:26:24+00:00\" \/>\n<meta property=\"og:image\" content=\"https:\/\/radio.unrc.edu.ar\/wp-content\/uploads\/2024\/05\/bandera.jpg\" \/>\n\t<meta property=\"og:image:width\" content=\"1280\" \/>\n\t<meta property=\"og:image:height\" content=\"740\" \/>\n\t<meta property=\"og:image:type\" content=\"image\/jpeg\" \/>\n<meta name=\"author\" content=\"majo\" \/>\n<meta name=\"twitter:card\" content=\"summary_large_image\" \/>\n<meta name=\"twitter:label1\" content=\"Escrito por\" \/>\n\t<meta name=\"twitter:data1\" content=\"majo\" \/>\n\t<meta name=\"twitter:label2\" content=\"Tiempo de lectura\" \/>\n\t<meta name=\"twitter:data2\" content=\"1 minuto\" \/>\n<script type=\"application\/ld+json\" class=\"yoast-schema-graph\">{\"@context\":\"https:\/\/schema.org\",\"@graph\":[{\"@type\":\"Article\",\"@id\":\"https:\/\/radio.unrc.edu.ar\/?p=17172#article\",\"isPartOf\":{\"@id\":\"https:\/\/radio.unrc.edu.ar\/?p=17172\"},\"author\":{\"name\":\"majo\",\"@id\":\"https:\/\/radio.unrc.edu.ar\/#\/schema\/person\/197edd08d015632a43a5e6a515c4f7a6\"},\"headline\":\"25 de Mayo: autoridades de la Universidad izaron el Pabell\u00f3n Nacional\",\"datePublished\":\"2024-05-24T14:33:34+00:00\",\"dateModified\":\"2024-05-27T13:26:24+00:00\",\"mainEntityOfPage\":{\"@id\":\"https:\/\/radio.unrc.edu.ar\/?p=17172\"},\"wordCount\":88,\"commentCount\":0,\"publisher\":{\"@id\":\"https:\/\/radio.unrc.edu.ar\/#organization\"},\"articleSection\":[\"Universitarias\"],\"inLanguage\":\"es\",\"potentialAction\":[{\"@type\":\"CommentAction\",\"name\":\"Comment\",\"target\":[\"https:\/\/radio.unrc.edu.ar\/?p=17172#respond\"]}]},{\"@type\":\"WebPage\",\"@id\":\"https:\/\/radio.unrc.edu.ar\/?p=17172\",\"url\":\"https:\/\/radio.unrc.edu.ar\/?p=17172\",\"name\":\"25 de Mayo: autoridades de la Universidad izaron el Pabell\u00f3n Nacional - Radio UNRC\",\"isPartOf\":{\"@id\":\"https:\/\/radio.unrc.edu.ar\/#website\"},\"datePublished\":\"2024-05-24T14:33:34+00:00\",\"dateModified\":\"2024-05-27T13:26:24+00:00\",\"description\":\"La radio que te hace sentir y pensar.\",\"breadcrumb\":{\"@id\":\"https:\/\/radio.unrc.edu.ar\/?p=17172#breadcrumb\"},\"inLanguage\":\"es\",\"potentialAction\":[{\"@type\":\"ReadAction\",\"target\":[\"https:\/\/radio.unrc.edu.ar\/?p=17172\"]}]},{\"@type\":\"BreadcrumbList\",\"@id\":\"https:\/\/radio.unrc.edu.ar\/?p=17172#breadcrumb\",\"itemListElement\":[{\"@type\":\"ListItem\",\"position\":1,\"name\":\"Portada\",\"item\":\"https:\/\/radio.unrc.edu.ar\/\"},{\"@type\":\"ListItem\",\"position\":2,\"name\":\"25 de Mayo: autoridades de la Universidad izaron el Pabell\u00f3n Nacional\"}]},{\"@type\":\"WebSite\",\"@id\":\"https:\/\/radio.unrc.edu.ar\/#website\",\"url\":\"https:\/\/radio.unrc.edu.ar\/\",\"name\":\"Radio UNRC\",\"description\":\"La Radio de la Uni, la que te hace sentir y pensar\",\"publisher\":{\"@id\":\"https:\/\/radio.unrc.edu.ar\/#organization\"},\"potentialAction\":[{\"@type\":\"SearchAction\",\"target\":{\"@type\":\"EntryPoint\",\"urlTemplate\":\"https:\/\/radio.unrc.edu.ar\/?s={search_term_string}\"},\"query-input\":\"required name=search_term_string\"}],\"inLanguage\":\"es\"},{\"@type\":\"Organization\",\"@id\":\"https:\/\/radio.unrc.edu.ar\/#organization\",\"name\":\"Radio UNRC\",\"url\":\"https:\/\/radio.unrc.edu.ar\/\",\"logo\":{\"@type\":\"ImageObject\",\"inLanguage\":\"es\",\"@id\":\"https:\/\/radio.unrc.edu.ar\/#\/schema\/logo\/image\/\",\"url\":\"https:\/\/radio.unrc.edu.ar\/wp-content\/uploads\/2022\/03\/logo-radio-544.png\",\"contentUrl\":\"https:\/\/radio.unrc.edu.ar\/wp-content\/uploads\/2022\/03\/logo-radio-544.png\",\"width\":544,\"height\":180,\"caption\":\"Radio UNRC\"},\"image\":{\"@id\":\"https:\/\/radio.unrc.edu.ar\/#\/schema\/logo\/image\/\"},\"sameAs\":[\"https:\/\/www.facebook.com\/radiounrc\",\"https:\/\/www.instagram.com\/radiounrc\/\"]},{\"@type\":\"Person\",\"@id\":\"https:\/\/radio.unrc.edu.ar\/#\/schema\/person\/197edd08d015632a43a5e6a515c4f7a6\",\"name\":\"majo\",\"image\":{\"@type\":\"ImageObject\",\"inLanguage\":\"es\",\"@id\":\"https:\/\/radio.unrc.edu.ar\/#\/schema\/person\/image\/\",\"url\":\"https:\/\/secure.gravatar.com\/avatar\/6806165fb7635331b44fb331ffb478c3230b9d62d675244a0e2dfd0cb8d8b503?s=96&d=mm&r=g\",\"contentUrl\":\"https:\/\/secure.gravatar.com\/avatar\/6806165fb7635331b44fb331ffb478c3230b9d62d675244a0e2dfd0cb8d8b503?s=96&d=mm&r=g\",\"caption\":\"majo\"},\"url\":\"https:\/\/radio.unrc.edu.ar\/?author=2\"}]}<\/script>\n<!-- \/ Yoast SEO plugin. -->","yoast_head_json":{"title":"25 de Mayo: autoridades de la Universidad izaron el Pabell\u00f3n Nacional - Radio UNRC","description":"La radio que te hace sentir y pensar.","robots":{"index":"index","follow":"follow","max-snippet":"max-snippet:-1","max-image-preview":"max-image-preview:large","max-video-preview":"max-video-preview:-1"},"canonical":"https:\/\/radio.unrc.edu.ar\/?p=17172","og_locale":"es_ES","og_type":"article","og_title":"25 de Mayo: autoridades de la Universidad izaron el Pabell\u00f3n Nacional - Radio UNRC","og_description":"La radio que te hace sentir y pensar.","og_url":"https:\/\/radio.unrc.edu.ar\/?p=17172","og_site_name":"Radio UNRC","article_publisher":"https:\/\/www.facebook.com\/radiounrc","article_published_time":"2024-05-24T14:33:34+00:00","article_modified_time":"2024-05-27T13:26:24+00:00","og_image":[{"width":1280,"height":740,"url":"https:\/\/radio.unrc.edu.ar\/wp-content\/uploads\/2024\/05\/bandera.jpg","type":"image\/jpeg"}],"author":"majo","twitter_card":"summary_large_image","twitter_misc":{"Escrito por":"majo","Tiempo de lectura":"1 minuto"},"schema":{"@context":"https:\/\/schema.org","@graph":[{"@type":"Article","@id":"https:\/\/radio.unrc.edu.ar\/?p=17172#article","isPartOf":{"@id":"https:\/\/radio.unrc.edu.ar\/?p=17172"},"author":{"name":"majo","@id":"https:\/\/radio.unrc.edu.ar\/#\/schema\/person\/197edd08d015632a43a5e6a515c4f7a6"},"headline":"25 de Mayo: autoridades de la Universidad izaron el Pabell\u00f3n Nacional","datePublished":"2024-05-24T14:33:34+00:00","dateModified":"2024-05-27T13:26:24+00:00","mainEntityOfPage":{"@id":"https:\/\/radio.unrc.edu.ar\/?p=17172"},"wordCount":88,"commentCount":0,"publisher":{"@id":"https:\/\/radio.unrc.edu.ar\/#organization"},"articleSection":["Universitarias"],"inLanguage":"es","potentialAction":[{"@type":"CommentAction","name":"Comment","target":["https:\/\/radio.unrc.edu.ar\/?p=17172#respond"]}]},{"@type":"WebPage","@id":"https:\/\/radio.unrc.edu.ar\/?p=17172","url":"https:\/\/radio.unrc.edu.ar\/?p=17172","name":"25 de Mayo: autoridades de la Universidad izaron el Pabell\u00f3n Nacional - Radio UNRC","isPartOf":{"@id":"https:\/\/radio.unrc.edu.ar\/#website"},"datePublished":"2024-05-24T14:33:34+00:00","dateModified":"2024-05-27T13:26:24+00:00","description":"La radio que te hace sentir y pensar.","breadcrumb":{"@id":"https:\/\/radio.unrc.edu.ar\/?p=17172#breadcrumb"},"inLanguage":"es","potentialAction":[{"@type":"ReadAction","target":["https:\/\/radio.unrc.edu.ar\/?p=17172"]}]},{"@type":"BreadcrumbList","@id":"https:\/\/radio.unrc.edu.ar\/?p=17172#breadcrumb","itemListElement":[{"@type":"ListItem","position":1,"name":"Portada","item":"https:\/\/radio.unrc.edu.ar\/"},{"@type":"ListItem","position":2,"name":"25 de Mayo: autoridades de la Universidad izaron el Pabell\u00f3n Nacional"}]},{"@type":"WebSite","@id":"https:\/\/radio.unrc.edu.ar\/#website","url":"https:\/\/radio.unrc.edu.ar\/","name":"Radio UNRC","description":"La Radio de la Uni, la que te hace sentir y pensar","publisher":{"@id":"https:\/\/radio.unrc.edu.ar\/#organization"},"potentialAction":[{"@type":"SearchAction","target":{"@type":"EntryPoint","urlTemplate":"https:\/\/radio.unrc.edu.ar\/?s={search_term_string}"},"query-input":"required name=search_term_string"}],"inLanguage":"es"},{"@type":"Organization","@id":"https:\/\/radio.unrc.edu.ar\/#organization","name":"Radio UNRC","url":"https:\/\/radio.unrc.edu.ar\/","logo":{"@type":"ImageObject","inLanguage":"es","@id":"https:\/\/radio.unrc.edu.ar\/#\/schema\/logo\/image\/","url":"https:\/\/radio.unrc.edu.ar\/wp-content\/uploads\/2022\/03\/logo-radio-544.png","contentUrl":"https:\/\/radio.unrc.edu.ar\/wp-content\/uploads\/2022\/03\/logo-radio-544.png","width":544,"height":180,"caption":"Radio UNRC"},"image":{"@id":"https:\/\/radio.unrc.edu.ar\/#\/schema\/logo\/image\/"},"sameAs":["https:\/\/www.facebook.com\/radiounrc","https:\/\/www.instagram.com\/radiounrc\/"]},{"@type":"Person","@id":"https:\/\/radio.unrc.edu.ar\/#\/schema\/person\/197edd08d015632a43a5e6a515c4f7a6","name":"majo","image":{"@type":"ImageObject","inLanguage":"es","@id":"https:\/\/radio.unrc.edu.ar\/#\/schema\/person\/image\/","url":"https:\/\/secure.gravatar.com\/avatar\/6806165fb7635331b44fb331ffb478c3230b9d62d675244a0e2dfd0cb8d8b503?s=96&d=mm&r=g","contentUrl":"https:\/\/secure.gravatar.com\/avatar\/6806165fb7635331b44fb331ffb478c3230b9d62d675244a0e2dfd0cb8d8b503?s=96&d=mm&r=g","caption":"majo"},"url":"https:\/\/radio.unrc.edu.ar\/?author=2"}]}},"_links":{"self":[{"href":"https:\/\/radio.unrc.edu.ar\/index.php?rest_route=\/wp\/v2\/posts\/17172","targetHints":{"allow":["GET"]}}],"collection":[{"href":"https:\/\/radio.unrc.edu.ar\/index.php?rest_route=\/wp\/v2\/posts"}],"about":[{"href":"https:\/\/radio.unrc.edu.ar\/index.php?rest_route=\/wp\/v2\/types\/post"}],"author":[{"embeddable":true,"href":"https:\/\/radio.unrc.edu.ar\/index.php?rest_route=\/wp\/v2\/users\/2"}],"replies":[{"embeddable":true,"href":"https:\/\/radio.unrc.edu.ar\/index.php?rest_route=%2Fwp%2Fv2%2Fcomments&post=17172"}],"version-history":[{"count":2,"href":"https:\/\/radio.unrc.edu.ar\/index.php?rest_route=\/wp\/v2\/posts\/17172\/revisions"}],"predecessor-version":[{"id":17179,"href":"https:\/\/radio.unrc.edu.ar\/index.php?rest_route=\/wp\/v2\/posts\/17172\/revisions\/17179"}],"wp:featuredmedia":[{"embeddable":true,"href":"https:\/\/radio.unrc.edu.ar\/index.php?rest_route=\/wp\/v2\/media\/17177"}],"wp:attachment":[{"href":"https:\/\/radio.unrc.edu.ar\/index.php?rest_route=%2Fwp%2Fv2%2Fmedia&parent=17172"}],"wp:term":[{"taxonomy":"category","embeddable":true,"href":"https:\/\/radio.unrc.edu.ar\/index.php?rest_route=%2Fwp%2Fv2%2Fcategories&post=17172"},{"taxonomy":"post_tag","embeddable":true,"href":"https:\/\/radio.unrc.edu.ar\/index.php?rest_route=%2Fwp%2Fv2%2Ftags&post=17172"}],"curies":[{"name":"wp","href":"https:\/\/api.w.org\/{rel}","templated":true}]}}