{"id":18030,"date":"2024-06-24T20:48:21","date_gmt":"2024-06-24T23:48:21","guid":{"rendered":"https:\/\/radio.unrc.edu.ar\/?p=18030"},"modified":"2024-06-25T10:10:59","modified_gmt":"2024-06-25T13:10:59","slug":"el-municipio-de-los-cisnes-firmo-un-protocolo-de-trabajo-con-la-unrc","status":"publish","type":"post","link":"https:\/\/radio.unrc.edu.ar\/?p=18030","title":{"rendered":"El municipio de Los Cisnes firm\u00f3 un protocolo de trabajo con la UNRC"},"content":{"rendered":"<p>El objetivo es que la localidad cuente con una planificaci\u00f3n territorial integral.<\/p>\n<p>Este acuerdo, parte de un convenio de cooperaci\u00f3n, fue suscripto por la decana Carmen Cholaky, en representaci\u00f3n de la Facultad de Agronom\u00eda y Veterinaria, y el intendente de Los Cisnes, Aldo Truant.<\/p>\n<p><iframe width=\"100%\" height=\"300\" scrolling=\"no\" frameborder=\"no\" allow=\"autoplay\" src=\"https:\/\/w.soundcloud.com\/player\/?url=https%3A\/\/api.soundcloud.com\/tracks\/1856147109&#038;color=%23ff5500&#038;auto_play=false&#038;hide_related=false&#038;show_comments=true&#038;show_user=true&#038;show_reposts=false&#038;show_teaser=true&#038;visual=true\"><\/iframe><\/p>\n<div style=\"font-size: 10px; color: #cccccc;line-break: anywhere;word-break: normal;overflow: hidden;white-space: nowrap;text-overflow: ellipsis; font-family: Interstate,Lucida Grande,Lucida Sans Unicode,Lucida Sans,Garuda,Verdana,Tahoma,sans-serif;font-weight: 100;\"><a href=\"https:\/\/soundcloud.com\/unrcradio\" title=\"UNRCRadio\" target=\"_blank\" style=\"color: #cccccc; text-decoration: none;\" rel=\"noopener\">UNRCRadio<\/a> \u00b7 <a href=\"https:\/\/soundcloud.com\/unrcradio\/aldo-truant\" title=\"Aldo  Truant\" target=\"_blank\" style=\"color: #cccccc; text-decoration: none;\" rel=\"noopener\">Aldo  Truant<\/a><\/div>\n","protected":false},"excerpt":{"rendered":"<p>El objetivo es que la localidad cuente con una planificaci\u00f3n territorial integral. Este acuerdo, parte de un convenio de cooperaci\u00f3n, fue suscripto por la decana Carmen Cholaky, en representaci\u00f3n de la Facultad de Agronom\u00eda y Veterinaria, y el intendente de Los Cisnes, Aldo Truant. UNRCRadio \u00b7 Aldo Truant<\/p>\n","protected":false},"author":3,"featured_media":18031,"comment_status":"open","ping_status":"open","sticky":false,"template":"","format":"standard","meta":{"footnotes":""},"categories":[19,17],"tags":[],"class_list":{"0":"post-18030","1":"post","2":"type-post","3":"status-publish","4":"format-standard","5":"has-post-thumbnail","7":"category-nacionales","8":"category-universitarias"},"yoast_head":"<!-- This site is optimized with the Yoast SEO plugin v21.5 - https:\/\/yoast.com\/wordpress\/plugins\/seo\/ -->\n<title>El municipio de Los Cisnes firm\u00f3 un protocolo de trabajo con la UNRC - Radio UNRC<\/title>\n<meta name=\"description\" content=\"La radio que te hace sentir y pensar.\" \/>\n<meta name=\"robots\" content=\"index, follow, max-snippet:-1, max-image-preview:large, max-video-preview:-1\" \/>\n<link rel=\"canonical\" href=\"https:\/\/radio.unrc.edu.ar\/?p=18030\" \/>\n<meta property=\"og:locale\" content=\"es_ES\" \/>\n<meta property=\"og:type\" content=\"article\" \/>\n<meta property=\"og:title\" content=\"El municipio de Los Cisnes firm\u00f3 un protocolo de trabajo con la UNRC - Radio UNRC\" \/>\n<meta property=\"og:description\" content=\"La radio que te hace sentir y pensar.\" \/>\n<meta property=\"og:url\" content=\"https:\/\/radio.unrc.edu.ar\/?p=18030\" \/>\n<meta property=\"og:site_name\" content=\"Radio UNRC\" \/>\n<meta property=\"article:publisher\" content=\"https:\/\/www.facebook.com\/radiounrc\" \/>\n<meta property=\"article:published_time\" content=\"2024-06-24T23:48:21+00:00\" \/>\n<meta property=\"article:modified_time\" content=\"2024-06-25T13:10:59+00:00\" \/>\n<meta property=\"og:image\" content=\"https:\/\/radio.unrc.edu.ar\/wp-content\/uploads\/2024\/06\/448758269_994424402689363_4340320062822209649_n-e1719272566457.jpg\" \/>\n\t<meta property=\"og:image:width\" content=\"1764\" \/>\n\t<meta property=\"og:image:height\" content=\"1136\" \/>\n\t<meta property=\"og:image:type\" content=\"image\/jpeg\" \/>\n<meta name=\"author\" content=\"emiliano\" \/>\n<meta name=\"twitter:card\" content=\"summary_large_image\" \/>\n<meta name=\"twitter:label1\" content=\"Escrito por\" \/>\n\t<meta name=\"twitter:data1\" content=\"emiliano\" \/>\n\t<meta name=\"twitter:label2\" content=\"Tiempo de lectura\" \/>\n\t<meta name=\"twitter:data2\" content=\"1 minuto\" \/>\n<script type=\"application\/ld+json\" class=\"yoast-schema-graph\">{\"@context\":\"https:\/\/schema.org\",\"@graph\":[{\"@type\":\"Article\",\"@id\":\"https:\/\/radio.unrc.edu.ar\/?p=18030#article\",\"isPartOf\":{\"@id\":\"https:\/\/radio.unrc.edu.ar\/?p=18030\"},\"author\":{\"name\":\"emiliano\",\"@id\":\"https:\/\/radio.unrc.edu.ar\/#\/schema\/person\/33c70d97cd2981bc6512850c2abf21ff\"},\"headline\":\"El municipio de Los Cisnes firm\u00f3 un protocolo de trabajo con la UNRC\",\"datePublished\":\"2024-06-24T23:48:21+00:00\",\"dateModified\":\"2024-06-25T13:10:59+00:00\",\"mainEntityOfPage\":{\"@id\":\"https:\/\/radio.unrc.edu.ar\/?p=18030\"},\"wordCount\":64,\"commentCount\":0,\"publisher\":{\"@id\":\"https:\/\/radio.unrc.edu.ar\/#organization\"},\"articleSection\":[\"Nacionales\",\"Universitarias\"],\"inLanguage\":\"es\",\"potentialAction\":[{\"@type\":\"CommentAction\",\"name\":\"Comment\",\"target\":[\"https:\/\/radio.unrc.edu.ar\/?p=18030#respond\"]}]},{\"@type\":\"WebPage\",\"@id\":\"https:\/\/radio.unrc.edu.ar\/?p=18030\",\"url\":\"https:\/\/radio.unrc.edu.ar\/?p=18030\",\"name\":\"El municipio de Los Cisnes firm\u00f3 un protocolo de trabajo con la UNRC - Radio UNRC\",\"isPartOf\":{\"@id\":\"https:\/\/radio.unrc.edu.ar\/#website\"},\"datePublished\":\"2024-06-24T23:48:21+00:00\",\"dateModified\":\"2024-06-25T13:10:59+00:00\",\"description\":\"La radio que te hace sentir y pensar.\",\"breadcrumb\":{\"@id\":\"https:\/\/radio.unrc.edu.ar\/?p=18030#breadcrumb\"},\"inLanguage\":\"es\",\"potentialAction\":[{\"@type\":\"ReadAction\",\"target\":[\"https:\/\/radio.unrc.edu.ar\/?p=18030\"]}]},{\"@type\":\"BreadcrumbList\",\"@id\":\"https:\/\/radio.unrc.edu.ar\/?p=18030#breadcrumb\",\"itemListElement\":[{\"@type\":\"ListItem\",\"position\":1,\"name\":\"Portada\",\"item\":\"https:\/\/radio.unrc.edu.ar\/\"},{\"@type\":\"ListItem\",\"position\":2,\"name\":\"El municipio de Los Cisnes firm\u00f3 un protocolo de trabajo con la UNRC\"}]},{\"@type\":\"WebSite\",\"@id\":\"https:\/\/radio.unrc.edu.ar\/#website\",\"url\":\"https:\/\/radio.unrc.edu.ar\/\",\"name\":\"Radio UNRC\",\"description\":\"La Radio de la Uni, la que te hace sentir y pensar\",\"publisher\":{\"@id\":\"https:\/\/radio.unrc.edu.ar\/#organization\"},\"potentialAction\":[{\"@type\":\"SearchAction\",\"target\":{\"@type\":\"EntryPoint\",\"urlTemplate\":\"https:\/\/radio.unrc.edu.ar\/?s={search_term_string}\"},\"query-input\":\"required name=search_term_string\"}],\"inLanguage\":\"es\"},{\"@type\":\"Organization\",\"@id\":\"https:\/\/radio.unrc.edu.ar\/#organization\",\"name\":\"Radio UNRC\",\"url\":\"https:\/\/radio.unrc.edu.ar\/\",\"logo\":{\"@type\":\"ImageObject\",\"inLanguage\":\"es\",\"@id\":\"https:\/\/radio.unrc.edu.ar\/#\/schema\/logo\/image\/\",\"url\":\"https:\/\/radio.unrc.edu.ar\/wp-content\/uploads\/2022\/03\/logo-radio-544.png\",\"contentUrl\":\"https:\/\/radio.unrc.edu.ar\/wp-content\/uploads\/2022\/03\/logo-radio-544.png\",\"width\":544,\"height\":180,\"caption\":\"Radio UNRC\"},\"image\":{\"@id\":\"https:\/\/radio.unrc.edu.ar\/#\/schema\/logo\/image\/\"},\"sameAs\":[\"https:\/\/www.facebook.com\/radiounrc\",\"https:\/\/www.instagram.com\/radiounrc\/\"]},{\"@type\":\"Person\",\"@id\":\"https:\/\/radio.unrc.edu.ar\/#\/schema\/person\/33c70d97cd2981bc6512850c2abf21ff\",\"name\":\"emiliano\",\"image\":{\"@type\":\"ImageObject\",\"inLanguage\":\"es\",\"@id\":\"https:\/\/radio.unrc.edu.ar\/#\/schema\/person\/image\/\",\"url\":\"https:\/\/secure.gravatar.com\/avatar\/96c203a9f3ab9e14fb64d9e099de90f736c89b4da443326dbe2e55610962893e?s=96&d=mm&r=g\",\"contentUrl\":\"https:\/\/secure.gravatar.com\/avatar\/96c203a9f3ab9e14fb64d9e099de90f736c89b4da443326dbe2e55610962893e?s=96&d=mm&r=g\",\"caption\":\"emiliano\"},\"url\":\"https:\/\/radio.unrc.edu.ar\/?author=3\"}]}<\/script>\n<!-- \/ Yoast SEO plugin. -->","yoast_head_json":{"title":"El municipio de Los Cisnes firm\u00f3 un protocolo de trabajo con la UNRC - Radio UNRC","description":"La radio que te hace sentir y pensar.","robots":{"index":"index","follow":"follow","max-snippet":"max-snippet:-1","max-image-preview":"max-image-preview:large","max-video-preview":"max-video-preview:-1"},"canonical":"https:\/\/radio.unrc.edu.ar\/?p=18030","og_locale":"es_ES","og_type":"article","og_title":"El municipio de Los Cisnes firm\u00f3 un protocolo de trabajo con la UNRC - Radio UNRC","og_description":"La radio que te hace sentir y pensar.","og_url":"https:\/\/radio.unrc.edu.ar\/?p=18030","og_site_name":"Radio UNRC","article_publisher":"https:\/\/www.facebook.com\/radiounrc","article_published_time":"2024-06-24T23:48:21+00:00","article_modified_time":"2024-06-25T13:10:59+00:00","og_image":[{"width":1764,"height":1136,"url":"https:\/\/radio.unrc.edu.ar\/wp-content\/uploads\/2024\/06\/448758269_994424402689363_4340320062822209649_n-e1719272566457.jpg","type":"image\/jpeg"}],"author":"emiliano","twitter_card":"summary_large_image","twitter_misc":{"Escrito por":"emiliano","Tiempo de lectura":"1 minuto"},"schema":{"@context":"https:\/\/schema.org","@graph":[{"@type":"Article","@id":"https:\/\/radio.unrc.edu.ar\/?p=18030#article","isPartOf":{"@id":"https:\/\/radio.unrc.edu.ar\/?p=18030"},"author":{"name":"emiliano","@id":"https:\/\/radio.unrc.edu.ar\/#\/schema\/person\/33c70d97cd2981bc6512850c2abf21ff"},"headline":"El municipio de Los Cisnes firm\u00f3 un protocolo de trabajo con la UNRC","datePublished":"2024-06-24T23:48:21+00:00","dateModified":"2024-06-25T13:10:59+00:00","mainEntityOfPage":{"@id":"https:\/\/radio.unrc.edu.ar\/?p=18030"},"wordCount":64,"commentCount":0,"publisher":{"@id":"https:\/\/radio.unrc.edu.ar\/#organization"},"articleSection":["Nacionales","Universitarias"],"inLanguage":"es","potentialAction":[{"@type":"CommentAction","name":"Comment","target":["https:\/\/radio.unrc.edu.ar\/?p=18030#respond"]}]},{"@type":"WebPage","@id":"https:\/\/radio.unrc.edu.ar\/?p=18030","url":"https:\/\/radio.unrc.edu.ar\/?p=18030","name":"El municipio de Los Cisnes firm\u00f3 un protocolo de trabajo con la UNRC - Radio UNRC","isPartOf":{"@id":"https:\/\/radio.unrc.edu.ar\/#website"},"datePublished":"2024-06-24T23:48:21+00:00","dateModified":"2024-06-25T13:10:59+00:00","description":"La radio que te hace sentir y pensar.","breadcrumb":{"@id":"https:\/\/radio.unrc.edu.ar\/?p=18030#breadcrumb"},"inLanguage":"es","potentialAction":[{"@type":"ReadAction","target":["https:\/\/radio.unrc.edu.ar\/?p=18030"]}]},{"@type":"BreadcrumbList","@id":"https:\/\/radio.unrc.edu.ar\/?p=18030#breadcrumb","itemListElement":[{"@type":"ListItem","position":1,"name":"Portada","item":"https:\/\/radio.unrc.edu.ar\/"},{"@type":"ListItem","position":2,"name":"El municipio de Los Cisnes firm\u00f3 un protocolo de trabajo con la UNRC"}]},{"@type":"WebSite","@id":"https:\/\/radio.unrc.edu.ar\/#website","url":"https:\/\/radio.unrc.edu.ar\/","name":"Radio UNRC","description":"La Radio de la Uni, la que te hace sentir y pensar","publisher":{"@id":"https:\/\/radio.unrc.edu.ar\/#organization"},"potentialAction":[{"@type":"SearchAction","target":{"@type":"EntryPoint","urlTemplate":"https:\/\/radio.unrc.edu.ar\/?s={search_term_string}"},"query-input":"required name=search_term_string"}],"inLanguage":"es"},{"@type":"Organization","@id":"https:\/\/radio.unrc.edu.ar\/#organization","name":"Radio UNRC","url":"https:\/\/radio.unrc.edu.ar\/","logo":{"@type":"ImageObject","inLanguage":"es","@id":"https:\/\/radio.unrc.edu.ar\/#\/schema\/logo\/image\/","url":"https:\/\/radio.unrc.edu.ar\/wp-content\/uploads\/2022\/03\/logo-radio-544.png","contentUrl":"https:\/\/radio.unrc.edu.ar\/wp-content\/uploads\/2022\/03\/logo-radio-544.png","width":544,"height":180,"caption":"Radio UNRC"},"image":{"@id":"https:\/\/radio.unrc.edu.ar\/#\/schema\/logo\/image\/"},"sameAs":["https:\/\/www.facebook.com\/radiounrc","https:\/\/www.instagram.com\/radiounrc\/"]},{"@type":"Person","@id":"https:\/\/radio.unrc.edu.ar\/#\/schema\/person\/33c70d97cd2981bc6512850c2abf21ff","name":"emiliano","image":{"@type":"ImageObject","inLanguage":"es","@id":"https:\/\/radio.unrc.edu.ar\/#\/schema\/person\/image\/","url":"https:\/\/secure.gravatar.com\/avatar\/96c203a9f3ab9e14fb64d9e099de90f736c89b4da443326dbe2e55610962893e?s=96&d=mm&r=g","contentUrl":"https:\/\/secure.gravatar.com\/avatar\/96c203a9f3ab9e14fb64d9e099de90f736c89b4da443326dbe2e55610962893e?s=96&d=mm&r=g","caption":"emiliano"},"url":"https:\/\/radio.unrc.edu.ar\/?author=3"}]}},"_links":{"self":[{"href":"https:\/\/radio.unrc.edu.ar\/index.php?rest_route=\/wp\/v2\/posts\/18030","targetHints":{"allow":["GET"]}}],"collection":[{"href":"https:\/\/radio.unrc.edu.ar\/index.php?rest_route=\/wp\/v2\/posts"}],"about":[{"href":"https:\/\/radio.unrc.edu.ar\/index.php?rest_route=\/wp\/v2\/types\/post"}],"author":[{"embeddable":true,"href":"https:\/\/radio.unrc.edu.ar\/index.php?rest_route=\/wp\/v2\/users\/3"}],"replies":[{"embeddable":true,"href":"https:\/\/radio.unrc.edu.ar\/index.php?rest_route=%2Fwp%2Fv2%2Fcomments&post=18030"}],"version-history":[{"count":2,"href":"https:\/\/radio.unrc.edu.ar\/index.php?rest_route=\/wp\/v2\/posts\/18030\/revisions"}],"predecessor-version":[{"id":18033,"href":"https:\/\/radio.unrc.edu.ar\/index.php?rest_route=\/wp\/v2\/posts\/18030\/revisions\/18033"}],"wp:featuredmedia":[{"embeddable":true,"href":"https:\/\/radio.unrc.edu.ar\/index.php?rest_route=\/wp\/v2\/media\/18031"}],"wp:attachment":[{"href":"https:\/\/radio.unrc.edu.ar\/index.php?rest_route=%2Fwp%2Fv2%2Fmedia&parent=18030"}],"wp:term":[{"taxonomy":"category","embeddable":true,"href":"https:\/\/radio.unrc.edu.ar\/index.php?rest_route=%2Fwp%2Fv2%2Fcategories&post=18030"},{"taxonomy":"post_tag","embeddable":true,"href":"https:\/\/radio.unrc.edu.ar\/index.php?rest_route=%2Fwp%2Fv2%2Ftags&post=18030"}],"curies":[{"name":"wp","href":"https:\/\/api.w.org\/{rel}","templated":true}]}}