{"id":1946,"date":"2022-12-16T21:24:00","date_gmt":"2022-12-16T21:24:00","guid":{"rendered":"https:\/\/radio.unrc.edu.ar\/?p=1946"},"modified":"2022-12-19T13:45:30","modified_gmt":"2022-12-19T13:45:30","slug":"la-unrc-celebro-la-ultima-colacion-de-grado-del-ano","status":"publish","type":"post","link":"https:\/\/radio.unrc.edu.ar\/?p=1946","title":{"rendered":"La UNRC celebr\u00f3 la \u00faltima colaci\u00f3n de grado del a\u00f1o"},"content":{"rendered":"<p>El rector Roberto Rovere inst\u00f3 a los graduados a utilizar los conocimientos para erradicar problem\u00e1ticas sociales como la pobreza y el analfabetismo.<\/p>\n<p>En dos ceremonias, recibieron sus titulo de grado y posgrado m\u00e1s de 100 flamantes profesionales. La autoridad universitaria agradeci\u00f3 la confianza de graduados y familiares depositada en la educaci\u00f3n p\u00fablica.<\/p>\n<p><iframe src=\"https:\/\/w.soundcloud.com\/player\/?url=https%3A\/\/api.soundcloud.com\/tracks\/1404302185&amp;color=%23ff5500&amp;auto_play=false&amp;hide_related=false&amp;show_comments=true&amp;show_user=true&amp;show_reposts=false&amp;show_teaser=true&amp;visual=true\" width=\"100%\" height=\"300\" frameborder=\"no\" scrolling=\"no\"><\/iframe><\/p>\n<div style=\"font-size: 10px; color: #cccccc; line-break: anywhere; word-break: normal; overflow: hidden; white-space: nowrap; text-overflow: ellipsis; font-family: Interstate,Lucida Grande,Lucida Sans Unicode,Lucida Sans,Garuda,Verdana,Tahoma,sans-serif; font-weight: 100;\"><a style=\"color: #cccccc; text-decoration: none;\" title=\"UNRCRadio\" href=\"https:\/\/soundcloud.com\/unrcradio\" target=\"_blank\" rel=\"noopener\">UNRCRadio<\/a> \u00b7 <a style=\"color: #cccccc; text-decoration: none;\" title=\"Roberto Rovere\" href=\"https:\/\/soundcloud.com\/unrcradio\/roberto-rovere\" target=\"_blank\" rel=\"noopener\">Roberto Rovere<\/a><\/div>\n<p>Por su parte, Juan Tobares, flamante ingeniero agr\u00f3nomo, se mostr\u00f3 orgulloso por el logro de la titulaci\u00f3n.<\/p>\n<p>Agradeci\u00f3 el apoyo de las familias de cada uno de los graduados. Y remarc\u00f3 la importancia de defender el \u00abtesoro de la educaci\u00f3n p\u00fablica\u00bb.<\/p>\n<p><iframe src=\"https:\/\/w.soundcloud.com\/player\/?url=https%3A\/\/api.soundcloud.com\/tracks\/1404302455&amp;color=%23ff5500&amp;auto_play=false&amp;hide_related=false&amp;show_comments=true&amp;show_user=true&amp;show_reposts=false&amp;show_teaser=true&amp;visual=true\" width=\"100%\" height=\"300\" frameborder=\"no\" scrolling=\"no\"><\/iframe><\/p>\n<div style=\"font-size: 10px; color: #cccccc; line-break: anywhere; word-break: normal; overflow: hidden; white-space: nowrap; text-overflow: ellipsis; font-family: Interstate,Lucida Grande,Lucida Sans Unicode,Lucida Sans,Garuda,Verdana,Tahoma,sans-serif; font-weight: 100;\"><a style=\"color: #cccccc; text-decoration: none;\" title=\"UNRCRadio\" href=\"https:\/\/soundcloud.com\/unrcradio\" target=\"_blank\" rel=\"noopener\">UNRCRadio<\/a> \u00b7 <a style=\"color: #cccccc; text-decoration: none;\" title=\"Juan Marcelo Tobares\" href=\"https:\/\/soundcloud.com\/unrcradio\/juan-marcelo-tobares\" target=\"_blank\" rel=\"noopener\">Juan Marcelo Tobares<\/a><\/div>\n\r\n                <style type=\"text\/css\">\r\n                    \r\n                    #tdi_1  .td-doubleSlider-2 .td-item1 {\r\n                        background: url(https:\/\/radio.unrc.edu.ar\/wp-content\/uploads\/2022\/12\/2-4.jpg) 0 0 no-repeat;\r\n                    }\r\n                    #tdi_1  .td-doubleSlider-2 .td-item2 {\r\n                        background: url(https:\/\/radio.unrc.edu.ar\/wp-content\/uploads\/2022\/12\/1-5.jpg) 0 0 no-repeat;\r\n                    }\r\n                    #tdi_1  .td-doubleSlider-2 .td-item3 {\r\n                        background: url(https:\/\/radio.unrc.edu.ar\/wp-content\/uploads\/2022\/12\/4-2.jpg) 0 0 no-repeat;\r\n                    }\r\n                    #tdi_1  .td-doubleSlider-2 .td-item4 {\r\n                        background: url(https:\/\/radio.unrc.edu.ar\/wp-content\/uploads\/2022\/12\/6-1.jpg) 0 0 no-repeat;\r\n                    }\r\n                    #tdi_1  .td-doubleSlider-2 .td-item5 {\r\n                        background: url(https:\/\/radio.unrc.edu.ar\/wp-content\/uploads\/2022\/12\/3-4.jpg) 0 0 no-repeat;\r\n                    }\r\n                <\/style>\r\n\r\n                <div id=\"tdi_1\" class=\"td-gallery td-slide-on-2-columns\">\r\n                    <div class=\"post_td_gallery\">\r\n                        <div class=\"td-gallery-slide-top\">\r\n                           <div class=\"td-gallery-title\"><\/div>\r\n\r\n                            <div class=\"td-gallery-controls-wrapper\">\r\n                                <div class=\"td-gallery-slide-count\"><span class=\"td-gallery-slide-item-focus\">1<\/span> de 5<\/div>\r\n                                <div class=\"td-gallery-slide-prev-next-but\">\r\n                                    <i class = \"td-icon-left doubleSliderPrevButton\"><\/i>\r\n                                    <i class = \"td-icon-right doubleSliderNextButton\"><\/i>\r\n                                <\/div>\r\n                            <\/div>\r\n                        <\/div>\r\n\r\n                        <div class = \"td-doubleSlider-1 \">\r\n                            <div class = \"td-slider\">\r\n                                \r\n                    <div class = \"td-slide-item td-item1\">\r\n                        <figure class=\"td-slide-galery-figure td-slide-popup-gallery\">\r\n                            <a class=\"slide-gallery-image-link\" href=\"https:\/\/radio.unrc.edu.ar\/wp-content\/uploads\/2022\/12\/2-4.jpg\" title=\"2\"  data-caption=\"\"  data-description=\"\">\r\n                                <img decoding=\"async\" src=\"https:\/\/radio.unrc.edu.ar\/wp-content\/uploads\/2022\/12\/2-4.jpg\" srcset=\"https:\/\/radio.unrc.edu.ar\/wp-content\/uploads\/2022\/12\/2-4.jpg 2048w, https:\/\/radio.unrc.edu.ar\/wp-content\/uploads\/2022\/12\/2-4-300x199.jpg 300w, https:\/\/radio.unrc.edu.ar\/wp-content\/uploads\/2022\/12\/2-4-1024x680.jpg 1024w, https:\/\/radio.unrc.edu.ar\/wp-content\/uploads\/2022\/12\/2-4-768x510.jpg 768w, https:\/\/radio.unrc.edu.ar\/wp-content\/uploads\/2022\/12\/2-4-1536x1020.jpg 1536w, https:\/\/radio.unrc.edu.ar\/wp-content\/uploads\/2022\/12\/2-4-150x100.jpg 150w, https:\/\/radio.unrc.edu.ar\/wp-content\/uploads\/2022\/12\/2-4-696x462.jpg 696w, https:\/\/radio.unrc.edu.ar\/wp-content\/uploads\/2022\/12\/2-4-1068x709.jpg 1068w, https:\/\/radio.unrc.edu.ar\/wp-content\/uploads\/2022\/12\/2-4-1920x1275.jpg 1920w\" sizes=\"(max-width: 2048px) 100vw, 2048px\" alt=\"\">\r\n                            <\/a>\r\n                            \r\n                        <\/figure>\r\n                    <\/div>\r\n                    <div class = \"td-slide-item td-item2\">\r\n                        <figure class=\"td-slide-galery-figure td-slide-popup-gallery\">\r\n                            <a class=\"slide-gallery-image-link\" href=\"https:\/\/radio.unrc.edu.ar\/wp-content\/uploads\/2022\/12\/1-5.jpg\" title=\"1\"  data-caption=\"\"  data-description=\"\">\r\n                                <img decoding=\"async\" src=\"https:\/\/radio.unrc.edu.ar\/wp-content\/uploads\/2022\/12\/1-5.jpg\" srcset=\"https:\/\/radio.unrc.edu.ar\/wp-content\/uploads\/2022\/12\/1-5.jpg 2048w, https:\/\/radio.unrc.edu.ar\/wp-content\/uploads\/2022\/12\/1-5-300x199.jpg 300w, https:\/\/radio.unrc.edu.ar\/wp-content\/uploads\/2022\/12\/1-5-1024x680.jpg 1024w, https:\/\/radio.unrc.edu.ar\/wp-content\/uploads\/2022\/12\/1-5-768x510.jpg 768w, https:\/\/radio.unrc.edu.ar\/wp-content\/uploads\/2022\/12\/1-5-1536x1020.jpg 1536w, https:\/\/radio.unrc.edu.ar\/wp-content\/uploads\/2022\/12\/1-5-150x100.jpg 150w, https:\/\/radio.unrc.edu.ar\/wp-content\/uploads\/2022\/12\/1-5-696x462.jpg 696w, https:\/\/radio.unrc.edu.ar\/wp-content\/uploads\/2022\/12\/1-5-1068x709.jpg 1068w, https:\/\/radio.unrc.edu.ar\/wp-content\/uploads\/2022\/12\/1-5-1920x1275.jpg 1920w\" sizes=\"(max-width: 2048px) 100vw, 2048px\" alt=\"\">\r\n                            <\/a>\r\n                            \r\n                        <\/figure>\r\n                    <\/div>\r\n                    <div class = \"td-slide-item td-item3\">\r\n                        <figure class=\"td-slide-galery-figure td-slide-popup-gallery\">\r\n                            <a class=\"slide-gallery-image-link\" href=\"https:\/\/radio.unrc.edu.ar\/wp-content\/uploads\/2022\/12\/4-2.jpg\" title=\"4\"  data-caption=\"\"  data-description=\"\">\r\n                                <img decoding=\"async\" src=\"https:\/\/radio.unrc.edu.ar\/wp-content\/uploads\/2022\/12\/4-2.jpg\" srcset=\"https:\/\/radio.unrc.edu.ar\/wp-content\/uploads\/2022\/12\/4-2.jpg 2048w, https:\/\/radio.unrc.edu.ar\/wp-content\/uploads\/2022\/12\/4-2-300x199.jpg 300w, https:\/\/radio.unrc.edu.ar\/wp-content\/uploads\/2022\/12\/4-2-1024x680.jpg 1024w, https:\/\/radio.unrc.edu.ar\/wp-content\/uploads\/2022\/12\/4-2-768x510.jpg 768w, https:\/\/radio.unrc.edu.ar\/wp-content\/uploads\/2022\/12\/4-2-1536x1020.jpg 1536w, https:\/\/radio.unrc.edu.ar\/wp-content\/uploads\/2022\/12\/4-2-150x100.jpg 150w, https:\/\/radio.unrc.edu.ar\/wp-content\/uploads\/2022\/12\/4-2-696x462.jpg 696w, https:\/\/radio.unrc.edu.ar\/wp-content\/uploads\/2022\/12\/4-2-1068x709.jpg 1068w, https:\/\/radio.unrc.edu.ar\/wp-content\/uploads\/2022\/12\/4-2-1920x1275.jpg 1920w\" sizes=\"(max-width: 2048px) 100vw, 2048px\" alt=\"\">\r\n                            <\/a>\r\n                            \r\n                        <\/figure>\r\n                    <\/div>\r\n                    <div class = \"td-slide-item td-item4\">\r\n                        <figure class=\"td-slide-galery-figure td-slide-popup-gallery\">\r\n                            <a class=\"slide-gallery-image-link\" href=\"https:\/\/radio.unrc.edu.ar\/wp-content\/uploads\/2022\/12\/6-1.jpg\" title=\"6\"  data-caption=\"\"  data-description=\"\">\r\n                                <img decoding=\"async\" src=\"https:\/\/radio.unrc.edu.ar\/wp-content\/uploads\/2022\/12\/6-1.jpg\" srcset=\"https:\/\/radio.unrc.edu.ar\/wp-content\/uploads\/2022\/12\/6-1.jpg 2048w, https:\/\/radio.unrc.edu.ar\/wp-content\/uploads\/2022\/12\/6-1-300x199.jpg 300w, https:\/\/radio.unrc.edu.ar\/wp-content\/uploads\/2022\/12\/6-1-1024x680.jpg 1024w, https:\/\/radio.unrc.edu.ar\/wp-content\/uploads\/2022\/12\/6-1-768x510.jpg 768w, https:\/\/radio.unrc.edu.ar\/wp-content\/uploads\/2022\/12\/6-1-1536x1020.jpg 1536w, https:\/\/radio.unrc.edu.ar\/wp-content\/uploads\/2022\/12\/6-1-150x100.jpg 150w, https:\/\/radio.unrc.edu.ar\/wp-content\/uploads\/2022\/12\/6-1-696x462.jpg 696w, https:\/\/radio.unrc.edu.ar\/wp-content\/uploads\/2022\/12\/6-1-1068x709.jpg 1068w, https:\/\/radio.unrc.edu.ar\/wp-content\/uploads\/2022\/12\/6-1-1920x1275.jpg 1920w\" sizes=\"(max-width: 2048px) 100vw, 2048px\" alt=\"\">\r\n                            <\/a>\r\n                            \r\n                        <\/figure>\r\n                    <\/div>\r\n                    <div class = \"td-slide-item td-item5\">\r\n                        <figure class=\"td-slide-galery-figure td-slide-popup-gallery\">\r\n                            <a class=\"slide-gallery-image-link\" href=\"https:\/\/radio.unrc.edu.ar\/wp-content\/uploads\/2022\/12\/3-4.jpg\" title=\"3\"  data-caption=\"\"  data-description=\"\">\r\n                                <img decoding=\"async\" src=\"https:\/\/radio.unrc.edu.ar\/wp-content\/uploads\/2022\/12\/3-4.jpg\" srcset=\"https:\/\/radio.unrc.edu.ar\/wp-content\/uploads\/2022\/12\/3-4.jpg 2048w, https:\/\/radio.unrc.edu.ar\/wp-content\/uploads\/2022\/12\/3-4-300x199.jpg 300w, https:\/\/radio.unrc.edu.ar\/wp-content\/uploads\/2022\/12\/3-4-1024x680.jpg 1024w, https:\/\/radio.unrc.edu.ar\/wp-content\/uploads\/2022\/12\/3-4-768x510.jpg 768w, https:\/\/radio.unrc.edu.ar\/wp-content\/uploads\/2022\/12\/3-4-1536x1020.jpg 1536w, https:\/\/radio.unrc.edu.ar\/wp-content\/uploads\/2022\/12\/3-4-150x100.jpg 150w, https:\/\/radio.unrc.edu.ar\/wp-content\/uploads\/2022\/12\/3-4-696x462.jpg 696w, https:\/\/radio.unrc.edu.ar\/wp-content\/uploads\/2022\/12\/3-4-1068x709.jpg 1068w, https:\/\/radio.unrc.edu.ar\/wp-content\/uploads\/2022\/12\/3-4-1920x1275.jpg 1920w\" sizes=\"(max-width: 2048px) 100vw, 2048px\" alt=\"\">\r\n                            <\/a>\r\n                            \r\n                        <\/figure>\r\n                    <\/div>\r\n                            <\/div>\r\n                        <\/div>\r\n\r\n                        <div class = \"td-doubleSlider-2\">\r\n                            <div class = \"td-slider\">\r\n                                \r\n                    <div class = \"td-button td-item1\">\r\n                        <div class = \"td-border\"><\/div>\r\n                    <\/div>\r\n                    <div class = \"td-button td-item2\">\r\n                        <div class = \"td-border\"><\/div>\r\n                    <\/div>\r\n                    <div class = \"td-button td-item3\">\r\n                        <div class = \"td-border\"><\/div>\r\n                    <\/div>\r\n                    <div class = \"td-button td-item4\">\r\n                        <div class = \"td-border\"><\/div>\r\n                    <\/div>\r\n                    <div class = \"td-button td-item5\">\r\n                        <div class = \"td-border\"><\/div>\r\n                    <\/div>\r\n                            <\/div>\r\n                        <\/div>\r\n\r\n                    <\/div>\r\n\r\n                <\/div>\r\n                \n","protected":false},"excerpt":{"rendered":"<p>El rector Roberto Rovere inst\u00f3 a los graduados a utilizar los conocimientos para erradicar problem\u00e1ticas sociales como la pobreza y el analfabetismo. En dos ceremonias, recibieron sus titulo de grado y posgrado m\u00e1s de 100 flamantes profesionales. La autoridad universitaria agradeci\u00f3 la confianza de graduados y familiares depositada en la educaci\u00f3n p\u00fablica. UNRCRadio \u00b7 Roberto [&hellip;]<\/p>\n","protected":false},"author":3,"featured_media":1956,"comment_status":"open","ping_status":"open","sticky":false,"template":"","format":"standard","meta":{"footnotes":""},"categories":[17],"tags":[],"class_list":{"0":"post-1946","1":"post","2":"type-post","3":"status-publish","4":"format-standard","5":"has-post-thumbnail","7":"category-universitarias"},"yoast_head":"<!-- This site is optimized with the Yoast SEO plugin v21.5 - https:\/\/yoast.com\/wordpress\/plugins\/seo\/ -->\n<title>La UNRC celebr\u00f3 la \u00faltima colaci\u00f3n de grado del a\u00f1o - Radio UNRC<\/title>\n<meta name=\"description\" content=\"La radio que te hace sentir y pensar.\" \/>\n<meta name=\"robots\" content=\"index, follow, max-snippet:-1, max-image-preview:large, max-video-preview:-1\" \/>\n<link rel=\"canonical\" href=\"https:\/\/radio.unrc.edu.ar\/?p=1946\" \/>\n<meta property=\"og:locale\" content=\"es_ES\" \/>\n<meta property=\"og:type\" content=\"article\" \/>\n<meta property=\"og:title\" content=\"La UNRC celebr\u00f3 la \u00faltima colaci\u00f3n de grado del a\u00f1o - Radio UNRC\" \/>\n<meta property=\"og:description\" content=\"La radio que te hace sentir y pensar.\" \/>\n<meta property=\"og:url\" content=\"https:\/\/radio.unrc.edu.ar\/?p=1946\" \/>\n<meta property=\"og:site_name\" content=\"Radio UNRC\" \/>\n<meta property=\"article:publisher\" content=\"https:\/\/www.facebook.com\/radiounrc\" \/>\n<meta property=\"article:published_time\" content=\"2022-12-16T21:24:00+00:00\" \/>\n<meta property=\"article:modified_time\" content=\"2022-12-19T13:45:30+00:00\" \/>\n<meta property=\"og:image\" content=\"https:\/\/radio.unrc.edu.ar\/wp-content\/uploads\/2022\/12\/asda.jpg\" \/>\n\t<meta property=\"og:image:width\" content=\"1280\" \/>\n\t<meta property=\"og:image:height\" content=\"740\" \/>\n\t<meta property=\"og:image:type\" content=\"image\/jpeg\" \/>\n<meta name=\"author\" content=\"emiliano\" \/>\n<meta name=\"twitter:card\" content=\"summary_large_image\" \/>\n<meta name=\"twitter:label1\" content=\"Escrito por\" \/>\n\t<meta name=\"twitter:data1\" content=\"emiliano\" \/>\n\t<meta name=\"twitter:label2\" content=\"Tiempo de lectura\" \/>\n\t<meta name=\"twitter:data2\" content=\"1 minuto\" \/>\n<script type=\"application\/ld+json\" class=\"yoast-schema-graph\">{\"@context\":\"https:\/\/schema.org\",\"@graph\":[{\"@type\":\"Article\",\"@id\":\"https:\/\/radio.unrc.edu.ar\/?p=1946#article\",\"isPartOf\":{\"@id\":\"https:\/\/radio.unrc.edu.ar\/?p=1946\"},\"author\":{\"name\":\"emiliano\",\"@id\":\"https:\/\/radio.unrc.edu.ar\/#\/schema\/person\/33c70d97cd2981bc6512850c2abf21ff\"},\"headline\":\"La UNRC celebr\u00f3 la \u00faltima colaci\u00f3n de grado del a\u00f1o\",\"datePublished\":\"2022-12-16T21:24:00+00:00\",\"dateModified\":\"2022-12-19T13:45:30+00:00\",\"mainEntityOfPage\":{\"@id\":\"https:\/\/radio.unrc.edu.ar\/?p=1946\"},\"wordCount\":126,\"commentCount\":0,\"publisher\":{\"@id\":\"https:\/\/radio.unrc.edu.ar\/#organization\"},\"articleSection\":[\"Universitarias\"],\"inLanguage\":\"es\",\"potentialAction\":[{\"@type\":\"CommentAction\",\"name\":\"Comment\",\"target\":[\"https:\/\/radio.unrc.edu.ar\/?p=1946#respond\"]}]},{\"@type\":\"WebPage\",\"@id\":\"https:\/\/radio.unrc.edu.ar\/?p=1946\",\"url\":\"https:\/\/radio.unrc.edu.ar\/?p=1946\",\"name\":\"La UNRC celebr\u00f3 la \u00faltima colaci\u00f3n de grado del a\u00f1o - Radio UNRC\",\"isPartOf\":{\"@id\":\"https:\/\/radio.unrc.edu.ar\/#website\"},\"datePublished\":\"2022-12-16T21:24:00+00:00\",\"dateModified\":\"2022-12-19T13:45:30+00:00\",\"description\":\"La radio que te hace sentir y pensar.\",\"breadcrumb\":{\"@id\":\"https:\/\/radio.unrc.edu.ar\/?p=1946#breadcrumb\"},\"inLanguage\":\"es\",\"potentialAction\":[{\"@type\":\"ReadAction\",\"target\":[\"https:\/\/radio.unrc.edu.ar\/?p=1946\"]}]},{\"@type\":\"BreadcrumbList\",\"@id\":\"https:\/\/radio.unrc.edu.ar\/?p=1946#breadcrumb\",\"itemListElement\":[{\"@type\":\"ListItem\",\"position\":1,\"name\":\"Portada\",\"item\":\"https:\/\/radio.unrc.edu.ar\/\"},{\"@type\":\"ListItem\",\"position\":2,\"name\":\"La UNRC celebr\u00f3 la \u00faltima colaci\u00f3n de grado del a\u00f1o\"}]},{\"@type\":\"WebSite\",\"@id\":\"https:\/\/radio.unrc.edu.ar\/#website\",\"url\":\"https:\/\/radio.unrc.edu.ar\/\",\"name\":\"Radio UNRC\",\"description\":\"La Radio de la Uni, la que te hace sentir y pensar\",\"publisher\":{\"@id\":\"https:\/\/radio.unrc.edu.ar\/#organization\"},\"potentialAction\":[{\"@type\":\"SearchAction\",\"target\":{\"@type\":\"EntryPoint\",\"urlTemplate\":\"https:\/\/radio.unrc.edu.ar\/?s={search_term_string}\"},\"query-input\":\"required name=search_term_string\"}],\"inLanguage\":\"es\"},{\"@type\":\"Organization\",\"@id\":\"https:\/\/radio.unrc.edu.ar\/#organization\",\"name\":\"Radio UNRC\",\"url\":\"https:\/\/radio.unrc.edu.ar\/\",\"logo\":{\"@type\":\"ImageObject\",\"inLanguage\":\"es\",\"@id\":\"https:\/\/radio.unrc.edu.ar\/#\/schema\/logo\/image\/\",\"url\":\"https:\/\/radio.unrc.edu.ar\/wp-content\/uploads\/2022\/03\/logo-radio-544.png\",\"contentUrl\":\"https:\/\/radio.unrc.edu.ar\/wp-content\/uploads\/2022\/03\/logo-radio-544.png\",\"width\":544,\"height\":180,\"caption\":\"Radio UNRC\"},\"image\":{\"@id\":\"https:\/\/radio.unrc.edu.ar\/#\/schema\/logo\/image\/\"},\"sameAs\":[\"https:\/\/www.facebook.com\/radiounrc\",\"https:\/\/www.instagram.com\/radiounrc\/\"]},{\"@type\":\"Person\",\"@id\":\"https:\/\/radio.unrc.edu.ar\/#\/schema\/person\/33c70d97cd2981bc6512850c2abf21ff\",\"name\":\"emiliano\",\"image\":{\"@type\":\"ImageObject\",\"inLanguage\":\"es\",\"@id\":\"https:\/\/radio.unrc.edu.ar\/#\/schema\/person\/image\/\",\"url\":\"https:\/\/secure.gravatar.com\/avatar\/96c203a9f3ab9e14fb64d9e099de90f736c89b4da443326dbe2e55610962893e?s=96&d=mm&r=g\",\"contentUrl\":\"https:\/\/secure.gravatar.com\/avatar\/96c203a9f3ab9e14fb64d9e099de90f736c89b4da443326dbe2e55610962893e?s=96&d=mm&r=g\",\"caption\":\"emiliano\"},\"url\":\"https:\/\/radio.unrc.edu.ar\/?author=3\"}]}<\/script>\n<!-- \/ Yoast SEO plugin. -->","yoast_head_json":{"title":"La UNRC celebr\u00f3 la \u00faltima colaci\u00f3n de grado del a\u00f1o - Radio UNRC","description":"La radio que te hace sentir y pensar.","robots":{"index":"index","follow":"follow","max-snippet":"max-snippet:-1","max-image-preview":"max-image-preview:large","max-video-preview":"max-video-preview:-1"},"canonical":"https:\/\/radio.unrc.edu.ar\/?p=1946","og_locale":"es_ES","og_type":"article","og_title":"La UNRC celebr\u00f3 la \u00faltima colaci\u00f3n de grado del a\u00f1o - Radio UNRC","og_description":"La radio que te hace sentir y pensar.","og_url":"https:\/\/radio.unrc.edu.ar\/?p=1946","og_site_name":"Radio UNRC","article_publisher":"https:\/\/www.facebook.com\/radiounrc","article_published_time":"2022-12-16T21:24:00+00:00","article_modified_time":"2022-12-19T13:45:30+00:00","og_image":[{"width":1280,"height":740,"url":"https:\/\/radio.unrc.edu.ar\/wp-content\/uploads\/2022\/12\/asda.jpg","type":"image\/jpeg"}],"author":"emiliano","twitter_card":"summary_large_image","twitter_misc":{"Escrito por":"emiliano","Tiempo de lectura":"1 minuto"},"schema":{"@context":"https:\/\/schema.org","@graph":[{"@type":"Article","@id":"https:\/\/radio.unrc.edu.ar\/?p=1946#article","isPartOf":{"@id":"https:\/\/radio.unrc.edu.ar\/?p=1946"},"author":{"name":"emiliano","@id":"https:\/\/radio.unrc.edu.ar\/#\/schema\/person\/33c70d97cd2981bc6512850c2abf21ff"},"headline":"La UNRC celebr\u00f3 la \u00faltima colaci\u00f3n de grado del a\u00f1o","datePublished":"2022-12-16T21:24:00+00:00","dateModified":"2022-12-19T13:45:30+00:00","mainEntityOfPage":{"@id":"https:\/\/radio.unrc.edu.ar\/?p=1946"},"wordCount":126,"commentCount":0,"publisher":{"@id":"https:\/\/radio.unrc.edu.ar\/#organization"},"articleSection":["Universitarias"],"inLanguage":"es","potentialAction":[{"@type":"CommentAction","name":"Comment","target":["https:\/\/radio.unrc.edu.ar\/?p=1946#respond"]}]},{"@type":"WebPage","@id":"https:\/\/radio.unrc.edu.ar\/?p=1946","url":"https:\/\/radio.unrc.edu.ar\/?p=1946","name":"La UNRC celebr\u00f3 la \u00faltima colaci\u00f3n de grado del a\u00f1o - Radio UNRC","isPartOf":{"@id":"https:\/\/radio.unrc.edu.ar\/#website"},"datePublished":"2022-12-16T21:24:00+00:00","dateModified":"2022-12-19T13:45:30+00:00","description":"La radio que te hace sentir y pensar.","breadcrumb":{"@id":"https:\/\/radio.unrc.edu.ar\/?p=1946#breadcrumb"},"inLanguage":"es","potentialAction":[{"@type":"ReadAction","target":["https:\/\/radio.unrc.edu.ar\/?p=1946"]}]},{"@type":"BreadcrumbList","@id":"https:\/\/radio.unrc.edu.ar\/?p=1946#breadcrumb","itemListElement":[{"@type":"ListItem","position":1,"name":"Portada","item":"https:\/\/radio.unrc.edu.ar\/"},{"@type":"ListItem","position":2,"name":"La UNRC celebr\u00f3 la \u00faltima colaci\u00f3n de grado del a\u00f1o"}]},{"@type":"WebSite","@id":"https:\/\/radio.unrc.edu.ar\/#website","url":"https:\/\/radio.unrc.edu.ar\/","name":"Radio UNRC","description":"La Radio de la Uni, la que te hace sentir y pensar","publisher":{"@id":"https:\/\/radio.unrc.edu.ar\/#organization"},"potentialAction":[{"@type":"SearchAction","target":{"@type":"EntryPoint","urlTemplate":"https:\/\/radio.unrc.edu.ar\/?s={search_term_string}"},"query-input":"required name=search_term_string"}],"inLanguage":"es"},{"@type":"Organization","@id":"https:\/\/radio.unrc.edu.ar\/#organization","name":"Radio UNRC","url":"https:\/\/radio.unrc.edu.ar\/","logo":{"@type":"ImageObject","inLanguage":"es","@id":"https:\/\/radio.unrc.edu.ar\/#\/schema\/logo\/image\/","url":"https:\/\/radio.unrc.edu.ar\/wp-content\/uploads\/2022\/03\/logo-radio-544.png","contentUrl":"https:\/\/radio.unrc.edu.ar\/wp-content\/uploads\/2022\/03\/logo-radio-544.png","width":544,"height":180,"caption":"Radio UNRC"},"image":{"@id":"https:\/\/radio.unrc.edu.ar\/#\/schema\/logo\/image\/"},"sameAs":["https:\/\/www.facebook.com\/radiounrc","https:\/\/www.instagram.com\/radiounrc\/"]},{"@type":"Person","@id":"https:\/\/radio.unrc.edu.ar\/#\/schema\/person\/33c70d97cd2981bc6512850c2abf21ff","name":"emiliano","image":{"@type":"ImageObject","inLanguage":"es","@id":"https:\/\/radio.unrc.edu.ar\/#\/schema\/person\/image\/","url":"https:\/\/secure.gravatar.com\/avatar\/96c203a9f3ab9e14fb64d9e099de90f736c89b4da443326dbe2e55610962893e?s=96&d=mm&r=g","contentUrl":"https:\/\/secure.gravatar.com\/avatar\/96c203a9f3ab9e14fb64d9e099de90f736c89b4da443326dbe2e55610962893e?s=96&d=mm&r=g","caption":"emiliano"},"url":"https:\/\/radio.unrc.edu.ar\/?author=3"}]}},"_links":{"self":[{"href":"https:\/\/radio.unrc.edu.ar\/index.php?rest_route=\/wp\/v2\/posts\/1946","targetHints":{"allow":["GET"]}}],"collection":[{"href":"https:\/\/radio.unrc.edu.ar\/index.php?rest_route=\/wp\/v2\/posts"}],"about":[{"href":"https:\/\/radio.unrc.edu.ar\/index.php?rest_route=\/wp\/v2\/types\/post"}],"author":[{"embeddable":true,"href":"https:\/\/radio.unrc.edu.ar\/index.php?rest_route=\/wp\/v2\/users\/3"}],"replies":[{"embeddable":true,"href":"https:\/\/radio.unrc.edu.ar\/index.php?rest_route=%2Fwp%2Fv2%2Fcomments&post=1946"}],"version-history":[{"count":4,"href":"https:\/\/radio.unrc.edu.ar\/index.php?rest_route=\/wp\/v2\/posts\/1946\/revisions"}],"predecessor-version":[{"id":1958,"href":"https:\/\/radio.unrc.edu.ar\/index.php?rest_route=\/wp\/v2\/posts\/1946\/revisions\/1958"}],"wp:featuredmedia":[{"embeddable":true,"href":"https:\/\/radio.unrc.edu.ar\/index.php?rest_route=\/wp\/v2\/media\/1956"}],"wp:attachment":[{"href":"https:\/\/radio.unrc.edu.ar\/index.php?rest_route=%2Fwp%2Fv2%2Fmedia&parent=1946"}],"wp:term":[{"taxonomy":"category","embeddable":true,"href":"https:\/\/radio.unrc.edu.ar\/index.php?rest_route=%2Fwp%2Fv2%2Fcategories&post=1946"},{"taxonomy":"post_tag","embeddable":true,"href":"https:\/\/radio.unrc.edu.ar\/index.php?rest_route=%2Fwp%2Fv2%2Ftags&post=1946"}],"curies":[{"name":"wp","href":"https:\/\/api.w.org\/{rel}","templated":true}]}}