{"id":19578,"date":"2024-08-22T15:50:52","date_gmt":"2024-08-22T18:50:52","guid":{"rendered":"https:\/\/radio.unrc.edu.ar\/?p=19578"},"modified":"2024-08-23T11:36:30","modified_gmt":"2024-08-23T14:36:30","slug":"autoridades-del-conicet-expusieron-su-trabajo-en-la-unrc","status":"publish","type":"post","link":"https:\/\/radio.unrc.edu.ar\/?p=19578","title":{"rendered":"Autoridades del Conicet expusieron su trabajo en la UNRC"},"content":{"rendered":"<p>Es una jornada que incluye exposiciones de investigadores e investigadoras de institutos de doble dependencia y recorrida por las Unidades Ejecutoras del Conicet en la universidad.<\/p>\n<p>La rectora Marisa Rovera valor\u00f3 la consolidaci\u00f3n de los institutos de doble dependencia en nuestra casa de estudios. Hizo menci\u00f3n a la necesidad de la inversi\u00f3n para el sistema cient\u00edfico nacional. <\/p>\n<p>\u00abHay un capital humano muy valioso en nuestra universidad\u00bb, sostuvo Rovera, al repasar la participaci\u00f3n de becarios, docentes y estudiantes de posgrado en el universo Conicet.<\/p>\n<p><iframe width=\"100%\" height=\"300\" scrolling=\"no\" frameborder=\"no\" allow=\"autoplay\" src=\"https:\/\/w.soundcloud.com\/player\/?url=https%3A\/\/api.soundcloud.com\/tracks\/1902310509&#038;color=%23ff5500&#038;auto_play=false&#038;hide_related=false&#038;show_comments=true&#038;show_user=true&#038;show_reposts=false&#038;show_teaser=true&#038;visual=true\"><\/iframe><\/p>\n<div style=\"font-size: 10px; color: #cccccc;line-break: anywhere;word-break: normal;overflow: hidden;white-space: nowrap;text-overflow: ellipsis; font-family: Interstate,Lucida Grande,Lucida Sans Unicode,Lucida Sans,Garuda,Verdana,Tahoma,sans-serif;font-weight: 100;\"><a href=\"https:\/\/soundcloud.com\/radiounrc97-7\" title=\"RadioUNRC97.7\" target=\"_blank\" style=\"color: #cccccc; text-decoration: none;\" rel=\"noopener\">RadioUNRC97.7<\/a> \u00b7 <a href=\"https:\/\/soundcloud.com\/radiounrc97-7\/rovera-1\" title=\"Marisa Rovera\" target=\"_blank\" style=\"color: #cccccc; text-decoration: none;\" rel=\"noopener\">Marisa Rovera<\/a><\/div>\n<p>\u00abLa idea es transmitirle a la sociedad el verdadero rol de Conicet\u00bb, sostuvo el Dr. C\u00e9sar Barbero<\/p>\n<p>El director del Instituto de Investigaci\u00f3n en Tecnolog\u00edas Energ\u00e9ticas y Materiales Avanzados (IITEMA UNRC\u2013CONICET) valor\u00f3 la realizaci\u00f3n de la Jornada. <\/p>\n<p>Opin\u00f3 que quiz\u00e1s sea responsabilidad de los propios cient\u00edficos parte del desconocimiento que hay. Barbero dijo que con estas reuniones el sector pol\u00edtico tambi\u00e9n puede ver lo que se hace en el campo cient\u00edfico.<\/p>\n<p><iframe width=\"100%\" height=\"300\" scrolling=\"no\" frameborder=\"no\" allow=\"autoplay\" src=\"https:\/\/w.soundcloud.com\/player\/?url=https%3A\/\/api.soundcloud.com\/tracks\/1902311208&#038;color=%23ff5500&#038;auto_play=false&#038;hide_related=false&#038;show_comments=true&#038;show_user=true&#038;show_reposts=false&#038;show_teaser=true&#038;visual=true\"><\/iframe><\/p>\n<div style=\"font-size: 10px; color: #cccccc;line-break: anywhere;word-break: normal;overflow: hidden;white-space: nowrap;text-overflow: ellipsis; font-family: Interstate,Lucida Grande,Lucida Sans Unicode,Lucida Sans,Garuda,Verdana,Tahoma,sans-serif;font-weight: 100;\"><a href=\"https:\/\/soundcloud.com\/radiounrc97-7\" title=\"RadioUNRC97.7\" target=\"_blank\" style=\"color: #cccccc; text-decoration: none;\" rel=\"noopener\">RadioUNRC97.7<\/a> \u00b7 <a href=\"https:\/\/soundcloud.com\/radiounrc97-7\/barbero-cesar\" title=\"C\u00e9sar Barbero\" target=\"_blank\" style=\"color: #cccccc; text-decoration: none;\" rel=\"noopener\">C\u00e9sar Barbero<\/a><\/div>\n<p>El vicepresidente de Asuntos Tecnol\u00f3gicos del Conicet, Alberto Baruj, se\u00f1al\u00f3 que se trata de un encuentro con los integrantes de los institutos de investigaci\u00f3n de la Universidad Nacional de R\u00edo Cuarto. <\/p>\n<p>Baruj coment\u00f3 que el Conicet no escapa a lo que est\u00e1 pasando con muchas de las pol\u00edticas nacionales donde se ha aplicado un fuerte ajuste.<\/p>\n<p><iframe width=\"100%\" height=\"300\" scrolling=\"no\" frameborder=\"no\" allow=\"autoplay\" src=\"https:\/\/w.soundcloud.com\/player\/?url=https%3A\/\/api.soundcloud.com\/tracks\/1902135861&#038;color=%23ff5500&#038;auto_play=false&#038;hide_related=false&#038;show_comments=true&#038;show_user=true&#038;show_reposts=false&#038;show_teaser=true&#038;visual=true\"><\/iframe><\/p>\n<div style=\"font-size: 10px; color: #cccccc;line-break: anywhere;word-break: normal;overflow: hidden;white-space: nowrap;text-overflow: ellipsis; font-family: Interstate,Lucida Grande,Lucida Sans Unicode,Lucida Sans,Garuda,Verdana,Tahoma,sans-serif;font-weight: 100;\"><a href=\"https:\/\/soundcloud.com\/radiounrc97-7\" title=\"RadioUNRC97.7\" target=\"_blank\" style=\"color: #cccccc; text-decoration: none;\" rel=\"noopener\">RadioUNRC97.7<\/a> \u00b7 <a href=\"https:\/\/soundcloud.com\/radiounrc97-7\/2024-08-22_125351a\" title=\"Alberto Baruj\" target=\"_blank\" style=\"color: #cccccc; text-decoration: none;\" rel=\"noopener\">Alberto Baruj<\/a><\/div>\n<p>M\u00f3nica Balzarini, del Conicet C\u00f3rdoba, se\u00f1al\u00f3 que el organismo ha aprobado m\u00e1s de 200 becas para la provincia de C\u00f3rdoba, de las cuales unas 50 son para investigadores de R\u00edo Cuarto.<\/p>\n<p>Balzarini indic\u00f3 que el problema de financiamiento actualmente es para la ejecuci\u00f3n de proyectos.<\/p>\n<p><iframe width=\"100%\" height=\"300\" scrolling=\"no\" frameborder=\"no\" allow=\"autoplay\" src=\"https:\/\/w.soundcloud.com\/player\/?url=https%3A\/\/api.soundcloud.com\/tracks\/1902134892&#038;color=%23ff5500&#038;auto_play=false&#038;hide_related=false&#038;show_comments=true&#038;show_user=true&#038;show_reposts=false&#038;show_teaser=true&#038;visual=true\"><\/iframe><\/p>\n<div style=\"font-size: 10px; color: #cccccc;line-break: anywhere;word-break: normal;overflow: hidden;white-space: nowrap;text-overflow: ellipsis; font-family: Interstate,Lucida Grande,Lucida Sans Unicode,Lucida Sans,Garuda,Verdana,Tahoma,sans-serif;font-weight: 100;\"><a href=\"https:\/\/soundcloud.com\/radiounrc97-7\" title=\"RadioUNRC97.7\" target=\"_blank\" style=\"color: #cccccc; text-decoration: none;\" rel=\"noopener\">RadioUNRC97.7<\/a> \u00b7 <a href=\"https:\/\/soundcloud.com\/radiounrc97-7\/2024-08-22_130103a\" title=\"M\u00f3nica Balzarini\" target=\"_blank\" style=\"color: #cccccc; text-decoration: none;\" rel=\"noopener\">M\u00f3nica Balzarini<\/a><\/div>\n\r\n                <style type=\"text\/css\">\r\n                    \r\n                    #tdi_1  .td-doubleSlider-2 .td-item1 {\r\n                        background: url(https:\/\/radio.unrc.edu.ar\/wp-content\/uploads\/2024\/08\/Imagen-de-WhatsApp-2024-08-22-a-las-15.57.45_cc54f696.jpg) 0 0 no-repeat;\r\n                    }\r\n                    #tdi_1  .td-doubleSlider-2 .td-item2 {\r\n                        background: url(https:\/\/radio.unrc.edu.ar\/wp-content\/uploads\/2024\/08\/Imagen-de-WhatsApp-2024-08-22-a-las-15.57.58_01e493d1.jpg) 0 0 no-repeat;\r\n                    }\r\n                <\/style>\r\n\r\n                <div id=\"tdi_1\" class=\"td-gallery td-slide-on-2-columns\">\r\n                    <div class=\"post_td_gallery\">\r\n                        <div class=\"td-gallery-slide-top\">\r\n                           <div class=\"td-gallery-title\"><\/div>\r\n\r\n                            <div class=\"td-gallery-controls-wrapper\">\r\n                                <div class=\"td-gallery-slide-count\"><span class=\"td-gallery-slide-item-focus\">1<\/span> de 2<\/div>\r\n                                <div class=\"td-gallery-slide-prev-next-but\">\r\n                                    <i class = \"td-icon-left doubleSliderPrevButton\"><\/i>\r\n                                    <i class = \"td-icon-right doubleSliderNextButton\"><\/i>\r\n                                <\/div>\r\n                            <\/div>\r\n                        <\/div>\r\n\r\n                        <div class = \"td-doubleSlider-1 \">\r\n                            <div class = \"td-slider\">\r\n                                \r\n                    <div class = \"td-slide-item td-item1\">\r\n                        <figure class=\"td-slide-galery-figure td-slide-popup-gallery\">\r\n                            <a class=\"slide-gallery-image-link\" href=\"https:\/\/radio.unrc.edu.ar\/wp-content\/uploads\/2024\/08\/Imagen-de-WhatsApp-2024-08-22-a-las-15.57.45_cc54f696.jpg\" title=\"Imagen de WhatsApp 2024-08-22 a las 15.57.45_cc54f696\"  data-caption=\"\"  data-description=\"\">\r\n                                <img decoding=\"async\" src=\"https:\/\/radio.unrc.edu.ar\/wp-content\/uploads\/2024\/08\/Imagen-de-WhatsApp-2024-08-22-a-las-15.57.45_cc54f696.jpg\" srcset=\"https:\/\/radio.unrc.edu.ar\/wp-content\/uploads\/2024\/08\/Imagen-de-WhatsApp-2024-08-22-a-las-15.57.45_cc54f696.jpg 899w, https:\/\/radio.unrc.edu.ar\/wp-content\/uploads\/2024\/08\/Imagen-de-WhatsApp-2024-08-22-a-las-15.57.45_cc54f696-169x300.jpg 169w, https:\/\/radio.unrc.edu.ar\/wp-content\/uploads\/2024\/08\/Imagen-de-WhatsApp-2024-08-22-a-las-15.57.45_cc54f696-576x1024.jpg 576w, https:\/\/radio.unrc.edu.ar\/wp-content\/uploads\/2024\/08\/Imagen-de-WhatsApp-2024-08-22-a-las-15.57.45_cc54f696-768x1366.jpg 768w, https:\/\/radio.unrc.edu.ar\/wp-content\/uploads\/2024\/08\/Imagen-de-WhatsApp-2024-08-22-a-las-15.57.45_cc54f696-864x1536.jpg 864w, https:\/\/radio.unrc.edu.ar\/wp-content\/uploads\/2024\/08\/Imagen-de-WhatsApp-2024-08-22-a-las-15.57.45_cc54f696-150x267.jpg 150w, https:\/\/radio.unrc.edu.ar\/wp-content\/uploads\/2024\/08\/Imagen-de-WhatsApp-2024-08-22-a-las-15.57.45_cc54f696-300x534.jpg 300w, https:\/\/radio.unrc.edu.ar\/wp-content\/uploads\/2024\/08\/Imagen-de-WhatsApp-2024-08-22-a-las-15.57.45_cc54f696-696x1238.jpg 696w\" sizes=\"(max-width: 899px) 100vw, 899px\" alt=\"\">\r\n                            <\/a>\r\n                            \r\n                        <\/figure>\r\n                    <\/div>\r\n                    <div class = \"td-slide-item td-item2\">\r\n                        <figure class=\"td-slide-galery-figure td-slide-popup-gallery\">\r\n                            <a class=\"slide-gallery-image-link\" href=\"https:\/\/radio.unrc.edu.ar\/wp-content\/uploads\/2024\/08\/Imagen-de-WhatsApp-2024-08-22-a-las-15.57.58_01e493d1.jpg\" title=\"Imagen de WhatsApp 2024-08-22 a las 15.57.58_01e493d1\"  data-caption=\"\"  data-description=\"\">\r\n                                <img decoding=\"async\" src=\"https:\/\/radio.unrc.edu.ar\/wp-content\/uploads\/2024\/08\/Imagen-de-WhatsApp-2024-08-22-a-las-15.57.58_01e493d1.jpg\" srcset=\"https:\/\/radio.unrc.edu.ar\/wp-content\/uploads\/2024\/08\/Imagen-de-WhatsApp-2024-08-22-a-las-15.57.58_01e493d1.jpg 899w, https:\/\/radio.unrc.edu.ar\/wp-content\/uploads\/2024\/08\/Imagen-de-WhatsApp-2024-08-22-a-las-15.57.58_01e493d1-169x300.jpg 169w, https:\/\/radio.unrc.edu.ar\/wp-content\/uploads\/2024\/08\/Imagen-de-WhatsApp-2024-08-22-a-las-15.57.58_01e493d1-576x1024.jpg 576w, https:\/\/radio.unrc.edu.ar\/wp-content\/uploads\/2024\/08\/Imagen-de-WhatsApp-2024-08-22-a-las-15.57.58_01e493d1-768x1366.jpg 768w, https:\/\/radio.unrc.edu.ar\/wp-content\/uploads\/2024\/08\/Imagen-de-WhatsApp-2024-08-22-a-las-15.57.58_01e493d1-864x1536.jpg 864w, https:\/\/radio.unrc.edu.ar\/wp-content\/uploads\/2024\/08\/Imagen-de-WhatsApp-2024-08-22-a-las-15.57.58_01e493d1-150x267.jpg 150w, https:\/\/radio.unrc.edu.ar\/wp-content\/uploads\/2024\/08\/Imagen-de-WhatsApp-2024-08-22-a-las-15.57.58_01e493d1-300x534.jpg 300w, https:\/\/radio.unrc.edu.ar\/wp-content\/uploads\/2024\/08\/Imagen-de-WhatsApp-2024-08-22-a-las-15.57.58_01e493d1-696x1238.jpg 696w\" sizes=\"(max-width: 899px) 100vw, 899px\" alt=\"\">\r\n                            <\/a>\r\n                            \r\n                        <\/figure>\r\n                    <\/div>\r\n                            <\/div>\r\n                        <\/div>\r\n\r\n                        <div class = \"td-doubleSlider-2\">\r\n                            <div class = \"td-slider\">\r\n                                \r\n                    <div class = \"td-button td-item1\">\r\n                        <div class = \"td-border\"><\/div>\r\n                    <\/div>\r\n                    <div class = \"td-button td-item2\">\r\n                        <div class = \"td-border\"><\/div>\r\n                    <\/div>\r\n                            <\/div>\r\n                        <\/div>\r\n\r\n                    <\/div>\r\n\r\n                <\/div>\r\n                \n","protected":false},"excerpt":{"rendered":"<p>Es una jornada que incluye exposiciones de investigadores e investigadoras de institutos de doble dependencia y recorrida por las Unidades Ejecutoras del Conicet en la universidad. La rectora Marisa Rovera valor\u00f3 la consolidaci\u00f3n de los institutos de doble dependencia en nuestra casa de estudios. Hizo menci\u00f3n a la necesidad de la inversi\u00f3n para el sistema [&hellip;]<\/p>\n","protected":false},"author":2,"featured_media":19581,"comment_status":"open","ping_status":"open","sticky":false,"template":"","format":"standard","meta":{"footnotes":""},"categories":[17],"tags":[],"class_list":{"0":"post-19578","1":"post","2":"type-post","3":"status-publish","4":"format-standard","5":"has-post-thumbnail","7":"category-universitarias"},"yoast_head":"<!-- This site is optimized with the Yoast SEO plugin v21.5 - https:\/\/yoast.com\/wordpress\/plugins\/seo\/ -->\n<title>Autoridades del Conicet expusieron su trabajo en la UNRC - Radio UNRC<\/title>\n<meta name=\"description\" content=\"La radio que te hace sentir y pensar.\" \/>\n<meta name=\"robots\" content=\"index, follow, max-snippet:-1, max-image-preview:large, max-video-preview:-1\" \/>\n<link rel=\"canonical\" href=\"https:\/\/radio.unrc.edu.ar\/?p=19578\" \/>\n<meta property=\"og:locale\" content=\"es_ES\" \/>\n<meta property=\"og:type\" content=\"article\" \/>\n<meta property=\"og:title\" content=\"Autoridades del Conicet expusieron su trabajo en la UNRC - Radio UNRC\" \/>\n<meta property=\"og:description\" content=\"La radio que te hace sentir y pensar.\" \/>\n<meta property=\"og:url\" content=\"https:\/\/radio.unrc.edu.ar\/?p=19578\" \/>\n<meta property=\"og:site_name\" content=\"Radio UNRC\" \/>\n<meta property=\"article:publisher\" content=\"https:\/\/www.facebook.com\/radiounrc\" \/>\n<meta property=\"article:published_time\" content=\"2024-08-22T18:50:52+00:00\" \/>\n<meta property=\"article:modified_time\" content=\"2024-08-23T14:36:30+00:00\" \/>\n<meta property=\"og:image\" content=\"https:\/\/radio.unrc.edu.ar\/wp-content\/uploads\/2024\/08\/conicett.jpg\" \/>\n\t<meta property=\"og:image:width\" content=\"1280\" \/>\n\t<meta property=\"og:image:height\" content=\"740\" \/>\n\t<meta property=\"og:image:type\" content=\"image\/jpeg\" \/>\n<meta name=\"author\" content=\"majo\" \/>\n<meta name=\"twitter:card\" content=\"summary_large_image\" \/>\n<meta name=\"twitter:label1\" content=\"Escrito por\" \/>\n\t<meta name=\"twitter:data1\" content=\"majo\" \/>\n\t<meta name=\"twitter:label2\" content=\"Tiempo de lectura\" \/>\n\t<meta name=\"twitter:data2\" content=\"2 minutos\" \/>\n<script type=\"application\/ld+json\" class=\"yoast-schema-graph\">{\"@context\":\"https:\/\/schema.org\",\"@graph\":[{\"@type\":\"Article\",\"@id\":\"https:\/\/radio.unrc.edu.ar\/?p=19578#article\",\"isPartOf\":{\"@id\":\"https:\/\/radio.unrc.edu.ar\/?p=19578\"},\"author\":{\"name\":\"majo\",\"@id\":\"https:\/\/radio.unrc.edu.ar\/#\/schema\/person\/197edd08d015632a43a5e6a515c4f7a6\"},\"headline\":\"Autoridades del Conicet expusieron su trabajo en la UNRC\",\"datePublished\":\"2024-08-22T18:50:52+00:00\",\"dateModified\":\"2024-08-23T14:36:30+00:00\",\"mainEntityOfPage\":{\"@id\":\"https:\/\/radio.unrc.edu.ar\/?p=19578\"},\"wordCount\":313,\"commentCount\":0,\"publisher\":{\"@id\":\"https:\/\/radio.unrc.edu.ar\/#organization\"},\"articleSection\":[\"Universitarias\"],\"inLanguage\":\"es\",\"potentialAction\":[{\"@type\":\"CommentAction\",\"name\":\"Comment\",\"target\":[\"https:\/\/radio.unrc.edu.ar\/?p=19578#respond\"]}]},{\"@type\":\"WebPage\",\"@id\":\"https:\/\/radio.unrc.edu.ar\/?p=19578\",\"url\":\"https:\/\/radio.unrc.edu.ar\/?p=19578\",\"name\":\"Autoridades del Conicet expusieron su trabajo en la UNRC - Radio UNRC\",\"isPartOf\":{\"@id\":\"https:\/\/radio.unrc.edu.ar\/#website\"},\"datePublished\":\"2024-08-22T18:50:52+00:00\",\"dateModified\":\"2024-08-23T14:36:30+00:00\",\"description\":\"La radio que te hace sentir y pensar.\",\"breadcrumb\":{\"@id\":\"https:\/\/radio.unrc.edu.ar\/?p=19578#breadcrumb\"},\"inLanguage\":\"es\",\"potentialAction\":[{\"@type\":\"ReadAction\",\"target\":[\"https:\/\/radio.unrc.edu.ar\/?p=19578\"]}]},{\"@type\":\"BreadcrumbList\",\"@id\":\"https:\/\/radio.unrc.edu.ar\/?p=19578#breadcrumb\",\"itemListElement\":[{\"@type\":\"ListItem\",\"position\":1,\"name\":\"Portada\",\"item\":\"https:\/\/radio.unrc.edu.ar\/\"},{\"@type\":\"ListItem\",\"position\":2,\"name\":\"Autoridades del Conicet expusieron su trabajo en la UNRC\"}]},{\"@type\":\"WebSite\",\"@id\":\"https:\/\/radio.unrc.edu.ar\/#website\",\"url\":\"https:\/\/radio.unrc.edu.ar\/\",\"name\":\"Radio UNRC\",\"description\":\"La Radio de la Uni, la que te hace sentir y pensar\",\"publisher\":{\"@id\":\"https:\/\/radio.unrc.edu.ar\/#organization\"},\"potentialAction\":[{\"@type\":\"SearchAction\",\"target\":{\"@type\":\"EntryPoint\",\"urlTemplate\":\"https:\/\/radio.unrc.edu.ar\/?s={search_term_string}\"},\"query-input\":\"required name=search_term_string\"}],\"inLanguage\":\"es\"},{\"@type\":\"Organization\",\"@id\":\"https:\/\/radio.unrc.edu.ar\/#organization\",\"name\":\"Radio UNRC\",\"url\":\"https:\/\/radio.unrc.edu.ar\/\",\"logo\":{\"@type\":\"ImageObject\",\"inLanguage\":\"es\",\"@id\":\"https:\/\/radio.unrc.edu.ar\/#\/schema\/logo\/image\/\",\"url\":\"https:\/\/radio.unrc.edu.ar\/wp-content\/uploads\/2022\/03\/logo-radio-544.png\",\"contentUrl\":\"https:\/\/radio.unrc.edu.ar\/wp-content\/uploads\/2022\/03\/logo-radio-544.png\",\"width\":544,\"height\":180,\"caption\":\"Radio UNRC\"},\"image\":{\"@id\":\"https:\/\/radio.unrc.edu.ar\/#\/schema\/logo\/image\/\"},\"sameAs\":[\"https:\/\/www.facebook.com\/radiounrc\",\"https:\/\/www.instagram.com\/radiounrc\/\"]},{\"@type\":\"Person\",\"@id\":\"https:\/\/radio.unrc.edu.ar\/#\/schema\/person\/197edd08d015632a43a5e6a515c4f7a6\",\"name\":\"majo\",\"image\":{\"@type\":\"ImageObject\",\"inLanguage\":\"es\",\"@id\":\"https:\/\/radio.unrc.edu.ar\/#\/schema\/person\/image\/\",\"url\":\"https:\/\/secure.gravatar.com\/avatar\/6806165fb7635331b44fb331ffb478c3230b9d62d675244a0e2dfd0cb8d8b503?s=96&d=mm&r=g\",\"contentUrl\":\"https:\/\/secure.gravatar.com\/avatar\/6806165fb7635331b44fb331ffb478c3230b9d62d675244a0e2dfd0cb8d8b503?s=96&d=mm&r=g\",\"caption\":\"majo\"},\"url\":\"https:\/\/radio.unrc.edu.ar\/?author=2\"}]}<\/script>\n<!-- \/ Yoast SEO plugin. -->","yoast_head_json":{"title":"Autoridades del Conicet expusieron su trabajo en la UNRC - Radio UNRC","description":"La radio que te hace sentir y pensar.","robots":{"index":"index","follow":"follow","max-snippet":"max-snippet:-1","max-image-preview":"max-image-preview:large","max-video-preview":"max-video-preview:-1"},"canonical":"https:\/\/radio.unrc.edu.ar\/?p=19578","og_locale":"es_ES","og_type":"article","og_title":"Autoridades del Conicet expusieron su trabajo en la UNRC - Radio UNRC","og_description":"La radio que te hace sentir y pensar.","og_url":"https:\/\/radio.unrc.edu.ar\/?p=19578","og_site_name":"Radio UNRC","article_publisher":"https:\/\/www.facebook.com\/radiounrc","article_published_time":"2024-08-22T18:50:52+00:00","article_modified_time":"2024-08-23T14:36:30+00:00","og_image":[{"width":1280,"height":740,"url":"https:\/\/radio.unrc.edu.ar\/wp-content\/uploads\/2024\/08\/conicett.jpg","type":"image\/jpeg"}],"author":"majo","twitter_card":"summary_large_image","twitter_misc":{"Escrito por":"majo","Tiempo de lectura":"2 minutos"},"schema":{"@context":"https:\/\/schema.org","@graph":[{"@type":"Article","@id":"https:\/\/radio.unrc.edu.ar\/?p=19578#article","isPartOf":{"@id":"https:\/\/radio.unrc.edu.ar\/?p=19578"},"author":{"name":"majo","@id":"https:\/\/radio.unrc.edu.ar\/#\/schema\/person\/197edd08d015632a43a5e6a515c4f7a6"},"headline":"Autoridades del Conicet expusieron su trabajo en la UNRC","datePublished":"2024-08-22T18:50:52+00:00","dateModified":"2024-08-23T14:36:30+00:00","mainEntityOfPage":{"@id":"https:\/\/radio.unrc.edu.ar\/?p=19578"},"wordCount":313,"commentCount":0,"publisher":{"@id":"https:\/\/radio.unrc.edu.ar\/#organization"},"articleSection":["Universitarias"],"inLanguage":"es","potentialAction":[{"@type":"CommentAction","name":"Comment","target":["https:\/\/radio.unrc.edu.ar\/?p=19578#respond"]}]},{"@type":"WebPage","@id":"https:\/\/radio.unrc.edu.ar\/?p=19578","url":"https:\/\/radio.unrc.edu.ar\/?p=19578","name":"Autoridades del Conicet expusieron su trabajo en la UNRC - Radio UNRC","isPartOf":{"@id":"https:\/\/radio.unrc.edu.ar\/#website"},"datePublished":"2024-08-22T18:50:52+00:00","dateModified":"2024-08-23T14:36:30+00:00","description":"La radio que te hace sentir y pensar.","breadcrumb":{"@id":"https:\/\/radio.unrc.edu.ar\/?p=19578#breadcrumb"},"inLanguage":"es","potentialAction":[{"@type":"ReadAction","target":["https:\/\/radio.unrc.edu.ar\/?p=19578"]}]},{"@type":"BreadcrumbList","@id":"https:\/\/radio.unrc.edu.ar\/?p=19578#breadcrumb","itemListElement":[{"@type":"ListItem","position":1,"name":"Portada","item":"https:\/\/radio.unrc.edu.ar\/"},{"@type":"ListItem","position":2,"name":"Autoridades del Conicet expusieron su trabajo en la UNRC"}]},{"@type":"WebSite","@id":"https:\/\/radio.unrc.edu.ar\/#website","url":"https:\/\/radio.unrc.edu.ar\/","name":"Radio UNRC","description":"La Radio de la Uni, la que te hace sentir y pensar","publisher":{"@id":"https:\/\/radio.unrc.edu.ar\/#organization"},"potentialAction":[{"@type":"SearchAction","target":{"@type":"EntryPoint","urlTemplate":"https:\/\/radio.unrc.edu.ar\/?s={search_term_string}"},"query-input":"required name=search_term_string"}],"inLanguage":"es"},{"@type":"Organization","@id":"https:\/\/radio.unrc.edu.ar\/#organization","name":"Radio UNRC","url":"https:\/\/radio.unrc.edu.ar\/","logo":{"@type":"ImageObject","inLanguage":"es","@id":"https:\/\/radio.unrc.edu.ar\/#\/schema\/logo\/image\/","url":"https:\/\/radio.unrc.edu.ar\/wp-content\/uploads\/2022\/03\/logo-radio-544.png","contentUrl":"https:\/\/radio.unrc.edu.ar\/wp-content\/uploads\/2022\/03\/logo-radio-544.png","width":544,"height":180,"caption":"Radio UNRC"},"image":{"@id":"https:\/\/radio.unrc.edu.ar\/#\/schema\/logo\/image\/"},"sameAs":["https:\/\/www.facebook.com\/radiounrc","https:\/\/www.instagram.com\/radiounrc\/"]},{"@type":"Person","@id":"https:\/\/radio.unrc.edu.ar\/#\/schema\/person\/197edd08d015632a43a5e6a515c4f7a6","name":"majo","image":{"@type":"ImageObject","inLanguage":"es","@id":"https:\/\/radio.unrc.edu.ar\/#\/schema\/person\/image\/","url":"https:\/\/secure.gravatar.com\/avatar\/6806165fb7635331b44fb331ffb478c3230b9d62d675244a0e2dfd0cb8d8b503?s=96&d=mm&r=g","contentUrl":"https:\/\/secure.gravatar.com\/avatar\/6806165fb7635331b44fb331ffb478c3230b9d62d675244a0e2dfd0cb8d8b503?s=96&d=mm&r=g","caption":"majo"},"url":"https:\/\/radio.unrc.edu.ar\/?author=2"}]}},"_links":{"self":[{"href":"https:\/\/radio.unrc.edu.ar\/index.php?rest_route=\/wp\/v2\/posts\/19578","targetHints":{"allow":["GET"]}}],"collection":[{"href":"https:\/\/radio.unrc.edu.ar\/index.php?rest_route=\/wp\/v2\/posts"}],"about":[{"href":"https:\/\/radio.unrc.edu.ar\/index.php?rest_route=\/wp\/v2\/types\/post"}],"author":[{"embeddable":true,"href":"https:\/\/radio.unrc.edu.ar\/index.php?rest_route=\/wp\/v2\/users\/2"}],"replies":[{"embeddable":true,"href":"https:\/\/radio.unrc.edu.ar\/index.php?rest_route=%2Fwp%2Fv2%2Fcomments&post=19578"}],"version-history":[{"count":4,"href":"https:\/\/radio.unrc.edu.ar\/index.php?rest_route=\/wp\/v2\/posts\/19578\/revisions"}],"predecessor-version":[{"id":19587,"href":"https:\/\/radio.unrc.edu.ar\/index.php?rest_route=\/wp\/v2\/posts\/19578\/revisions\/19587"}],"wp:featuredmedia":[{"embeddable":true,"href":"https:\/\/radio.unrc.edu.ar\/index.php?rest_route=\/wp\/v2\/media\/19581"}],"wp:attachment":[{"href":"https:\/\/radio.unrc.edu.ar\/index.php?rest_route=%2Fwp%2Fv2%2Fmedia&parent=19578"}],"wp:term":[{"taxonomy":"category","embeddable":true,"href":"https:\/\/radio.unrc.edu.ar\/index.php?rest_route=%2Fwp%2Fv2%2Fcategories&post=19578"},{"taxonomy":"post_tag","embeddable":true,"href":"https:\/\/radio.unrc.edu.ar\/index.php?rest_route=%2Fwp%2Fv2%2Ftags&post=19578"}],"curies":[{"name":"wp","href":"https:\/\/api.w.org\/{rel}","templated":true}]}}