{"id":19763,"date":"2024-08-28T10:35:30","date_gmt":"2024-08-28T13:35:30","guid":{"rendered":"https:\/\/radio.unrc.edu.ar\/?p=19763"},"modified":"2024-08-28T10:37:23","modified_gmt":"2024-08-28T13:37:23","slug":"unrc-alumnos-del-peam-participan-de-la-recoleccion-de-plasticos-destinados-al-reciclaje","status":"publish","type":"post","link":"https:\/\/radio.unrc.edu.ar\/?p=19763","title":{"rendered":"UNRC: alumnos del PEAM participan de la recolecci\u00f3n de pl\u00e1sticos destinados al reciclaje"},"content":{"rendered":"<p>Lo realizan a trav\u00e9s del <a href=\"https:\/\/www.facebook.com\/unrcpeam\">Programa Educativo de Adultos Mayores<\/a> con un convenio con Mujeres Empresarias del CECIS que llevan adelante esta iniciativa.<\/p>\n<p>Carolina Garello, una de las coordinadoras del PEAM, dijo que se busca colaborar con la econom\u00eda circular y agreg\u00f3 que se han superado los 70 kilos de pl\u00e1stico recuperado.<\/p>\n<p>Garello coment\u00f3 que este material volver\u00e1 a instituciones educativas a partir de la fabricaci\u00f3n de borradores y juegos did\u00e1cticos.<\/p>\n<p><iframe width=\"100%\" height=\"300\" scrolling=\"no\" frameborder=\"no\" allow=\"autoplay\" src=\"https:\/\/w.soundcloud.com\/player\/?url=https%3A\/\/api.soundcloud.com\/tracks\/1905541313&#038;color=%23ff5500&#038;auto_play=false&#038;hide_related=false&#038;show_comments=true&#038;show_user=true&#038;show_reposts=false&#038;show_teaser=true&#038;visual=true\"><\/iframe><\/p>\n<div style=\"font-size: 10px; color: #cccccc;line-break: anywhere;word-break: normal;overflow: hidden;white-space: nowrap;text-overflow: ellipsis; font-family: Interstate,Lucida Grande,Lucida Sans Unicode,Lucida Sans,Garuda,Verdana,Tahoma,sans-serif;font-weight: 100;\"><a href=\"https:\/\/soundcloud.com\/unrcradio\" title=\"UNRCRadio\" target=\"_blank\" style=\"color: #cccccc; text-decoration: none;\" rel=\"noopener\">UNRCRadio<\/a> \u00b7 <a href=\"https:\/\/soundcloud.com\/unrcradio\/garello-uno\" title=\"Carolina Garello 1\" target=\"_blank\" style=\"color: #cccccc; text-decoration: none;\" rel=\"noopener\">Carolina Garello 1<\/a><\/div>\n\r\n                <style type=\"text\/css\">\r\n                    \r\n                    #tdi_1  .td-doubleSlider-2 .td-item1 {\r\n                        background: url(https:\/\/radio.unrc.edu.ar\/wp-content\/uploads\/2024\/08\/Imagen-de-WhatsApp-2024-08-28-a-las-08.35.50_bdbc218e.jpg) 0 0 no-repeat;\r\n                    }\r\n                    #tdi_1  .td-doubleSlider-2 .td-item2 {\r\n                        background: url(https:\/\/radio.unrc.edu.ar\/wp-content\/uploads\/2024\/08\/Imagen-de-WhatsApp-2024-08-28-a-las-08.35.50_bf8c2860.jpg) 0 0 no-repeat;\r\n                    }\r\n                    #tdi_1  .td-doubleSlider-2 .td-item3 {\r\n                        background: url(https:\/\/radio.unrc.edu.ar\/wp-content\/uploads\/2024\/08\/Imagen-de-WhatsApp-2024-08-28-a-las-08.45.40_ef38e338.jpg) 0 0 no-repeat;\r\n                    }\r\n                <\/style>\r\n\r\n                <div id=\"tdi_1\" class=\"td-gallery td-slide-on-2-columns\">\r\n                    <div class=\"post_td_gallery\">\r\n                        <div class=\"td-gallery-slide-top\">\r\n                           <div class=\"td-gallery-title\"><\/div>\r\n\r\n                            <div class=\"td-gallery-controls-wrapper\">\r\n                                <div class=\"td-gallery-slide-count\"><span class=\"td-gallery-slide-item-focus\">1<\/span> de 3<\/div>\r\n                                <div class=\"td-gallery-slide-prev-next-but\">\r\n                                    <i class = \"td-icon-left doubleSliderPrevButton\"><\/i>\r\n                                    <i class = \"td-icon-right doubleSliderNextButton\"><\/i>\r\n                                <\/div>\r\n                            <\/div>\r\n                        <\/div>\r\n\r\n                        <div class = \"td-doubleSlider-1 \">\r\n                            <div class = \"td-slider\">\r\n                                \r\n                    <div class = \"td-slide-item td-item1\">\r\n                        <figure class=\"td-slide-galery-figure td-slide-popup-gallery\">\r\n                            <a class=\"slide-gallery-image-link\" href=\"https:\/\/radio.unrc.edu.ar\/wp-content\/uploads\/2024\/08\/Imagen-de-WhatsApp-2024-08-28-a-las-08.35.50_bdbc218e.jpg\" title=\"Imagen de WhatsApp 2024-08-28 a las 08.35.50_bdbc218e\"  data-caption=\"\"  data-description=\"\">\r\n                                <img decoding=\"async\" src=\"https:\/\/radio.unrc.edu.ar\/wp-content\/uploads\/2024\/08\/Imagen-de-WhatsApp-2024-08-28-a-las-08.35.50_bdbc218e.jpg\" srcset=\"https:\/\/radio.unrc.edu.ar\/wp-content\/uploads\/2024\/08\/Imagen-de-WhatsApp-2024-08-28-a-las-08.35.50_bdbc218e.jpg 1600w, https:\/\/radio.unrc.edu.ar\/wp-content\/uploads\/2024\/08\/Imagen-de-WhatsApp-2024-08-28-a-las-08.35.50_bdbc218e-300x211.jpg 300w, https:\/\/radio.unrc.edu.ar\/wp-content\/uploads\/2024\/08\/Imagen-de-WhatsApp-2024-08-28-a-las-08.35.50_bdbc218e-1024x721.jpg 1024w, https:\/\/radio.unrc.edu.ar\/wp-content\/uploads\/2024\/08\/Imagen-de-WhatsApp-2024-08-28-a-las-08.35.50_bdbc218e-768x540.jpg 768w, https:\/\/radio.unrc.edu.ar\/wp-content\/uploads\/2024\/08\/Imagen-de-WhatsApp-2024-08-28-a-las-08.35.50_bdbc218e-1536x1081.jpg 1536w, https:\/\/radio.unrc.edu.ar\/wp-content\/uploads\/2024\/08\/Imagen-de-WhatsApp-2024-08-28-a-las-08.35.50_bdbc218e-150x106.jpg 150w, https:\/\/radio.unrc.edu.ar\/wp-content\/uploads\/2024\/08\/Imagen-de-WhatsApp-2024-08-28-a-las-08.35.50_bdbc218e-696x490.jpg 696w, https:\/\/radio.unrc.edu.ar\/wp-content\/uploads\/2024\/08\/Imagen-de-WhatsApp-2024-08-28-a-las-08.35.50_bdbc218e-1068x752.jpg 1068w\" sizes=\"(max-width: 1600px) 100vw, 1600px\" alt=\"\">\r\n                            <\/a>\r\n                            \r\n                        <\/figure>\r\n                    <\/div>\r\n                    <div class = \"td-slide-item td-item2\">\r\n                        <figure class=\"td-slide-galery-figure td-slide-popup-gallery\">\r\n                            <a class=\"slide-gallery-image-link\" href=\"https:\/\/radio.unrc.edu.ar\/wp-content\/uploads\/2024\/08\/Imagen-de-WhatsApp-2024-08-28-a-las-08.35.50_bf8c2860.jpg\" title=\"Imagen de WhatsApp 2024-08-28 a las 08.35.50_bf8c2860\"  data-caption=\"\"  data-description=\"\">\r\n                                <img decoding=\"async\" src=\"https:\/\/radio.unrc.edu.ar\/wp-content\/uploads\/2024\/08\/Imagen-de-WhatsApp-2024-08-28-a-las-08.35.50_bf8c2860.jpg\" srcset=\"https:\/\/radio.unrc.edu.ar\/wp-content\/uploads\/2024\/08\/Imagen-de-WhatsApp-2024-08-28-a-las-08.35.50_bf8c2860.jpg 899w, https:\/\/radio.unrc.edu.ar\/wp-content\/uploads\/2024\/08\/Imagen-de-WhatsApp-2024-08-28-a-las-08.35.50_bf8c2860-169x300.jpg 169w, https:\/\/radio.unrc.edu.ar\/wp-content\/uploads\/2024\/08\/Imagen-de-WhatsApp-2024-08-28-a-las-08.35.50_bf8c2860-575x1024.jpg 575w, https:\/\/radio.unrc.edu.ar\/wp-content\/uploads\/2024\/08\/Imagen-de-WhatsApp-2024-08-28-a-las-08.35.50_bf8c2860-768x1367.jpg 768w, https:\/\/radio.unrc.edu.ar\/wp-content\/uploads\/2024\/08\/Imagen-de-WhatsApp-2024-08-28-a-las-08.35.50_bf8c2860-863x1536.jpg 863w, https:\/\/radio.unrc.edu.ar\/wp-content\/uploads\/2024\/08\/Imagen-de-WhatsApp-2024-08-28-a-las-08.35.50_bf8c2860-150x267.jpg 150w, https:\/\/radio.unrc.edu.ar\/wp-content\/uploads\/2024\/08\/Imagen-de-WhatsApp-2024-08-28-a-las-08.35.50_bf8c2860-300x534.jpg 300w, https:\/\/radio.unrc.edu.ar\/wp-content\/uploads\/2024\/08\/Imagen-de-WhatsApp-2024-08-28-a-las-08.35.50_bf8c2860-696x1239.jpg 696w\" sizes=\"(max-width: 899px) 100vw, 899px\" alt=\"\">\r\n                            <\/a>\r\n                            \r\n                        <\/figure>\r\n                    <\/div>\r\n                    <div class = \"td-slide-item td-item3\">\r\n                        <figure class=\"td-slide-galery-figure td-slide-popup-gallery\">\r\n                            <a class=\"slide-gallery-image-link\" href=\"https:\/\/radio.unrc.edu.ar\/wp-content\/uploads\/2024\/08\/Imagen-de-WhatsApp-2024-08-28-a-las-08.45.40_ef38e338.jpg\" title=\"Imagen de WhatsApp 2024-08-28 a las 08.45.40_ef38e338\"  data-caption=\"\"  data-description=\"\">\r\n                                <img decoding=\"async\" src=\"https:\/\/radio.unrc.edu.ar\/wp-content\/uploads\/2024\/08\/Imagen-de-WhatsApp-2024-08-28-a-las-08.45.40_ef38e338.jpg\" srcset=\"https:\/\/radio.unrc.edu.ar\/wp-content\/uploads\/2024\/08\/Imagen-de-WhatsApp-2024-08-28-a-las-08.45.40_ef38e338.jpg 901w, https:\/\/radio.unrc.edu.ar\/wp-content\/uploads\/2024\/08\/Imagen-de-WhatsApp-2024-08-28-a-las-08.45.40_ef38e338-169x300.jpg 169w, https:\/\/radio.unrc.edu.ar\/wp-content\/uploads\/2024\/08\/Imagen-de-WhatsApp-2024-08-28-a-las-08.45.40_ef38e338-577x1024.jpg 577w, https:\/\/radio.unrc.edu.ar\/wp-content\/uploads\/2024\/08\/Imagen-de-WhatsApp-2024-08-28-a-las-08.45.40_ef38e338-768x1364.jpg 768w, https:\/\/radio.unrc.edu.ar\/wp-content\/uploads\/2024\/08\/Imagen-de-WhatsApp-2024-08-28-a-las-08.45.40_ef38e338-865x1536.jpg 865w, https:\/\/radio.unrc.edu.ar\/wp-content\/uploads\/2024\/08\/Imagen-de-WhatsApp-2024-08-28-a-las-08.45.40_ef38e338-150x266.jpg 150w, https:\/\/radio.unrc.edu.ar\/wp-content\/uploads\/2024\/08\/Imagen-de-WhatsApp-2024-08-28-a-las-08.45.40_ef38e338-300x533.jpg 300w, https:\/\/radio.unrc.edu.ar\/wp-content\/uploads\/2024\/08\/Imagen-de-WhatsApp-2024-08-28-a-las-08.45.40_ef38e338-696x1236.jpg 696w\" sizes=\"(max-width: 901px) 100vw, 901px\" alt=\"\">\r\n                            <\/a>\r\n                            \r\n                        <\/figure>\r\n                    <\/div>\r\n                            <\/div>\r\n                        <\/div>\r\n\r\n                        <div class = \"td-doubleSlider-2\">\r\n                            <div class = \"td-slider\">\r\n                                \r\n                    <div class = \"td-button td-item1\">\r\n                        <div class = \"td-border\"><\/div>\r\n                    <\/div>\r\n                    <div class = \"td-button td-item2\">\r\n                        <div class = \"td-border\"><\/div>\r\n                    <\/div>\r\n                    <div class = \"td-button td-item3\">\r\n                        <div class = \"td-border\"><\/div>\r\n                    <\/div>\r\n                            <\/div>\r\n                        <\/div>\r\n\r\n                    <\/div>\r\n\r\n                <\/div>\r\n                \n<p><iframe src=\"https:\/\/www.facebook.com\/plugins\/post.php?href=https%3A%2F%2Fwww.facebook.com%2Funrcpeam%2Fposts%2Fpfbid032Ewt9XB9ZxjU51o1C2VYAkeWDxyJhAAQEbqHQ2BJ2qD5HWiw3LjitE1vC1Ju9Mqml&#038;show_text=true&#038;width=500\" width=\"500\" height=\"466\" style=\"border:none;overflow:hidden\" scrolling=\"no\" frameborder=\"0\" allowfullscreen=\"true\" allow=\"autoplay; clipboard-write; encrypted-media; picture-in-picture; web-share\"><\/iframe><\/p>\n","protected":false},"excerpt":{"rendered":"<p>Lo realizan a trav\u00e9s del Programa Educativo de Adultos Mayores con un convenio con Mujeres Empresarias del CECIS que llevan adelante esta iniciativa. Carolina Garello, una de las coordinadoras del PEAM, dijo que se busca colaborar con la econom\u00eda circular y agreg\u00f3 que se han superado los 70 kilos de pl\u00e1stico recuperado. Garello coment\u00f3 que [&hellip;]<\/p>\n","protected":false},"author":2,"featured_media":19767,"comment_status":"open","ping_status":"open","sticky":false,"template":"","format":"standard","meta":{"footnotes":""},"categories":[17],"tags":[26],"class_list":{"0":"post-19763","1":"post","2":"type-post","3":"status-publish","4":"format-standard","5":"has-post-thumbnail","7":"category-universitarias","8":"tag-destacadas"},"yoast_head":"<!-- This site is optimized with the Yoast SEO plugin v21.5 - https:\/\/yoast.com\/wordpress\/plugins\/seo\/ -->\n<title>UNRC: alumnos del PEAM participan de la recolecci\u00f3n de pl\u00e1sticos destinados al reciclaje - Radio UNRC<\/title>\n<meta name=\"description\" content=\"La radio que te hace sentir y pensar.\" \/>\n<meta name=\"robots\" content=\"index, follow, max-snippet:-1, max-image-preview:large, max-video-preview:-1\" \/>\n<link rel=\"canonical\" href=\"https:\/\/radio.unrc.edu.ar\/?p=19763\" \/>\n<meta property=\"og:locale\" content=\"es_ES\" \/>\n<meta property=\"og:type\" content=\"article\" \/>\n<meta property=\"og:title\" content=\"UNRC: alumnos del PEAM participan de la recolecci\u00f3n de pl\u00e1sticos destinados al reciclaje - Radio UNRC\" \/>\n<meta property=\"og:description\" content=\"La radio que te hace sentir y pensar.\" \/>\n<meta property=\"og:url\" content=\"https:\/\/radio.unrc.edu.ar\/?p=19763\" \/>\n<meta property=\"og:site_name\" content=\"Radio UNRC\" \/>\n<meta property=\"article:publisher\" content=\"https:\/\/www.facebook.com\/radiounrc\" \/>\n<meta property=\"article:published_time\" content=\"2024-08-28T13:35:30+00:00\" \/>\n<meta property=\"article:modified_time\" content=\"2024-08-28T13:37:23+00:00\" \/>\n<meta property=\"og:image\" content=\"https:\/\/radio.unrc.edu.ar\/wp-content\/uploads\/2024\/08\/peam-2.jpg\" \/>\n\t<meta property=\"og:image:width\" content=\"1280\" \/>\n\t<meta property=\"og:image:height\" content=\"740\" \/>\n\t<meta property=\"og:image:type\" content=\"image\/jpeg\" \/>\n<meta name=\"author\" content=\"majo\" \/>\n<meta name=\"twitter:card\" content=\"summary_large_image\" \/>\n<meta name=\"twitter:label1\" content=\"Escrito por\" \/>\n\t<meta name=\"twitter:data1\" content=\"majo\" \/>\n\t<meta name=\"twitter:label2\" content=\"Tiempo de lectura\" \/>\n\t<meta name=\"twitter:data2\" content=\"1 minuto\" \/>\n<script type=\"application\/ld+json\" class=\"yoast-schema-graph\">{\"@context\":\"https:\/\/schema.org\",\"@graph\":[{\"@type\":\"Article\",\"@id\":\"https:\/\/radio.unrc.edu.ar\/?p=19763#article\",\"isPartOf\":{\"@id\":\"https:\/\/radio.unrc.edu.ar\/?p=19763\"},\"author\":{\"name\":\"majo\",\"@id\":\"https:\/\/radio.unrc.edu.ar\/#\/schema\/person\/197edd08d015632a43a5e6a515c4f7a6\"},\"headline\":\"UNRC: alumnos del PEAM participan de la recolecci\u00f3n de pl\u00e1sticos destinados al reciclaje\",\"datePublished\":\"2024-08-28T13:35:30+00:00\",\"dateModified\":\"2024-08-28T13:37:23+00:00\",\"mainEntityOfPage\":{\"@id\":\"https:\/\/radio.unrc.edu.ar\/?p=19763\"},\"wordCount\":102,\"commentCount\":0,\"publisher\":{\"@id\":\"https:\/\/radio.unrc.edu.ar\/#organization\"},\"keywords\":[\"Destacadas\"],\"articleSection\":[\"Universitarias\"],\"inLanguage\":\"es\",\"potentialAction\":[{\"@type\":\"CommentAction\",\"name\":\"Comment\",\"target\":[\"https:\/\/radio.unrc.edu.ar\/?p=19763#respond\"]}]},{\"@type\":\"WebPage\",\"@id\":\"https:\/\/radio.unrc.edu.ar\/?p=19763\",\"url\":\"https:\/\/radio.unrc.edu.ar\/?p=19763\",\"name\":\"UNRC: alumnos del PEAM participan de la recolecci\u00f3n de pl\u00e1sticos destinados al reciclaje - Radio UNRC\",\"isPartOf\":{\"@id\":\"https:\/\/radio.unrc.edu.ar\/#website\"},\"datePublished\":\"2024-08-28T13:35:30+00:00\",\"dateModified\":\"2024-08-28T13:37:23+00:00\",\"description\":\"La radio que te hace sentir y pensar.\",\"breadcrumb\":{\"@id\":\"https:\/\/radio.unrc.edu.ar\/?p=19763#breadcrumb\"},\"inLanguage\":\"es\",\"potentialAction\":[{\"@type\":\"ReadAction\",\"target\":[\"https:\/\/radio.unrc.edu.ar\/?p=19763\"]}]},{\"@type\":\"BreadcrumbList\",\"@id\":\"https:\/\/radio.unrc.edu.ar\/?p=19763#breadcrumb\",\"itemListElement\":[{\"@type\":\"ListItem\",\"position\":1,\"name\":\"Portada\",\"item\":\"https:\/\/radio.unrc.edu.ar\/\"},{\"@type\":\"ListItem\",\"position\":2,\"name\":\"UNRC: alumnos del PEAM participan de la recolecci\u00f3n de pl\u00e1sticos destinados al reciclaje\"}]},{\"@type\":\"WebSite\",\"@id\":\"https:\/\/radio.unrc.edu.ar\/#website\",\"url\":\"https:\/\/radio.unrc.edu.ar\/\",\"name\":\"Radio UNRC\",\"description\":\"La Radio de la Uni, la que te hace sentir y pensar\",\"publisher\":{\"@id\":\"https:\/\/radio.unrc.edu.ar\/#organization\"},\"potentialAction\":[{\"@type\":\"SearchAction\",\"target\":{\"@type\":\"EntryPoint\",\"urlTemplate\":\"https:\/\/radio.unrc.edu.ar\/?s={search_term_string}\"},\"query-input\":\"required name=search_term_string\"}],\"inLanguage\":\"es\"},{\"@type\":\"Organization\",\"@id\":\"https:\/\/radio.unrc.edu.ar\/#organization\",\"name\":\"Radio UNRC\",\"url\":\"https:\/\/radio.unrc.edu.ar\/\",\"logo\":{\"@type\":\"ImageObject\",\"inLanguage\":\"es\",\"@id\":\"https:\/\/radio.unrc.edu.ar\/#\/schema\/logo\/image\/\",\"url\":\"https:\/\/radio.unrc.edu.ar\/wp-content\/uploads\/2022\/03\/logo-radio-544.png\",\"contentUrl\":\"https:\/\/radio.unrc.edu.ar\/wp-content\/uploads\/2022\/03\/logo-radio-544.png\",\"width\":544,\"height\":180,\"caption\":\"Radio UNRC\"},\"image\":{\"@id\":\"https:\/\/radio.unrc.edu.ar\/#\/schema\/logo\/image\/\"},\"sameAs\":[\"https:\/\/www.facebook.com\/radiounrc\",\"https:\/\/www.instagram.com\/radiounrc\/\"]},{\"@type\":\"Person\",\"@id\":\"https:\/\/radio.unrc.edu.ar\/#\/schema\/person\/197edd08d015632a43a5e6a515c4f7a6\",\"name\":\"majo\",\"image\":{\"@type\":\"ImageObject\",\"inLanguage\":\"es\",\"@id\":\"https:\/\/radio.unrc.edu.ar\/#\/schema\/person\/image\/\",\"url\":\"https:\/\/secure.gravatar.com\/avatar\/6806165fb7635331b44fb331ffb478c3230b9d62d675244a0e2dfd0cb8d8b503?s=96&d=mm&r=g\",\"contentUrl\":\"https:\/\/secure.gravatar.com\/avatar\/6806165fb7635331b44fb331ffb478c3230b9d62d675244a0e2dfd0cb8d8b503?s=96&d=mm&r=g\",\"caption\":\"majo\"},\"url\":\"https:\/\/radio.unrc.edu.ar\/?author=2\"}]}<\/script>\n<!-- \/ Yoast SEO plugin. -->","yoast_head_json":{"title":"UNRC: alumnos del PEAM participan de la recolecci\u00f3n de pl\u00e1sticos destinados al reciclaje - Radio UNRC","description":"La radio que te hace sentir y pensar.","robots":{"index":"index","follow":"follow","max-snippet":"max-snippet:-1","max-image-preview":"max-image-preview:large","max-video-preview":"max-video-preview:-1"},"canonical":"https:\/\/radio.unrc.edu.ar\/?p=19763","og_locale":"es_ES","og_type":"article","og_title":"UNRC: alumnos del PEAM participan de la recolecci\u00f3n de pl\u00e1sticos destinados al reciclaje - Radio UNRC","og_description":"La radio que te hace sentir y pensar.","og_url":"https:\/\/radio.unrc.edu.ar\/?p=19763","og_site_name":"Radio UNRC","article_publisher":"https:\/\/www.facebook.com\/radiounrc","article_published_time":"2024-08-28T13:35:30+00:00","article_modified_time":"2024-08-28T13:37:23+00:00","og_image":[{"width":1280,"height":740,"url":"https:\/\/radio.unrc.edu.ar\/wp-content\/uploads\/2024\/08\/peam-2.jpg","type":"image\/jpeg"}],"author":"majo","twitter_card":"summary_large_image","twitter_misc":{"Escrito por":"majo","Tiempo de lectura":"1 minuto"},"schema":{"@context":"https:\/\/schema.org","@graph":[{"@type":"Article","@id":"https:\/\/radio.unrc.edu.ar\/?p=19763#article","isPartOf":{"@id":"https:\/\/radio.unrc.edu.ar\/?p=19763"},"author":{"name":"majo","@id":"https:\/\/radio.unrc.edu.ar\/#\/schema\/person\/197edd08d015632a43a5e6a515c4f7a6"},"headline":"UNRC: alumnos del PEAM participan de la recolecci\u00f3n de pl\u00e1sticos destinados al reciclaje","datePublished":"2024-08-28T13:35:30+00:00","dateModified":"2024-08-28T13:37:23+00:00","mainEntityOfPage":{"@id":"https:\/\/radio.unrc.edu.ar\/?p=19763"},"wordCount":102,"commentCount":0,"publisher":{"@id":"https:\/\/radio.unrc.edu.ar\/#organization"},"keywords":["Destacadas"],"articleSection":["Universitarias"],"inLanguage":"es","potentialAction":[{"@type":"CommentAction","name":"Comment","target":["https:\/\/radio.unrc.edu.ar\/?p=19763#respond"]}]},{"@type":"WebPage","@id":"https:\/\/radio.unrc.edu.ar\/?p=19763","url":"https:\/\/radio.unrc.edu.ar\/?p=19763","name":"UNRC: alumnos del PEAM participan de la recolecci\u00f3n de pl\u00e1sticos destinados al reciclaje - Radio UNRC","isPartOf":{"@id":"https:\/\/radio.unrc.edu.ar\/#website"},"datePublished":"2024-08-28T13:35:30+00:00","dateModified":"2024-08-28T13:37:23+00:00","description":"La radio que te hace sentir y pensar.","breadcrumb":{"@id":"https:\/\/radio.unrc.edu.ar\/?p=19763#breadcrumb"},"inLanguage":"es","potentialAction":[{"@type":"ReadAction","target":["https:\/\/radio.unrc.edu.ar\/?p=19763"]}]},{"@type":"BreadcrumbList","@id":"https:\/\/radio.unrc.edu.ar\/?p=19763#breadcrumb","itemListElement":[{"@type":"ListItem","position":1,"name":"Portada","item":"https:\/\/radio.unrc.edu.ar\/"},{"@type":"ListItem","position":2,"name":"UNRC: alumnos del PEAM participan de la recolecci\u00f3n de pl\u00e1sticos destinados al reciclaje"}]},{"@type":"WebSite","@id":"https:\/\/radio.unrc.edu.ar\/#website","url":"https:\/\/radio.unrc.edu.ar\/","name":"Radio UNRC","description":"La Radio de la Uni, la que te hace sentir y pensar","publisher":{"@id":"https:\/\/radio.unrc.edu.ar\/#organization"},"potentialAction":[{"@type":"SearchAction","target":{"@type":"EntryPoint","urlTemplate":"https:\/\/radio.unrc.edu.ar\/?s={search_term_string}"},"query-input":"required name=search_term_string"}],"inLanguage":"es"},{"@type":"Organization","@id":"https:\/\/radio.unrc.edu.ar\/#organization","name":"Radio UNRC","url":"https:\/\/radio.unrc.edu.ar\/","logo":{"@type":"ImageObject","inLanguage":"es","@id":"https:\/\/radio.unrc.edu.ar\/#\/schema\/logo\/image\/","url":"https:\/\/radio.unrc.edu.ar\/wp-content\/uploads\/2022\/03\/logo-radio-544.png","contentUrl":"https:\/\/radio.unrc.edu.ar\/wp-content\/uploads\/2022\/03\/logo-radio-544.png","width":544,"height":180,"caption":"Radio UNRC"},"image":{"@id":"https:\/\/radio.unrc.edu.ar\/#\/schema\/logo\/image\/"},"sameAs":["https:\/\/www.facebook.com\/radiounrc","https:\/\/www.instagram.com\/radiounrc\/"]},{"@type":"Person","@id":"https:\/\/radio.unrc.edu.ar\/#\/schema\/person\/197edd08d015632a43a5e6a515c4f7a6","name":"majo","image":{"@type":"ImageObject","inLanguage":"es","@id":"https:\/\/radio.unrc.edu.ar\/#\/schema\/person\/image\/","url":"https:\/\/secure.gravatar.com\/avatar\/6806165fb7635331b44fb331ffb478c3230b9d62d675244a0e2dfd0cb8d8b503?s=96&d=mm&r=g","contentUrl":"https:\/\/secure.gravatar.com\/avatar\/6806165fb7635331b44fb331ffb478c3230b9d62d675244a0e2dfd0cb8d8b503?s=96&d=mm&r=g","caption":"majo"},"url":"https:\/\/radio.unrc.edu.ar\/?author=2"}]}},"_links":{"self":[{"href":"https:\/\/radio.unrc.edu.ar\/index.php?rest_route=\/wp\/v2\/posts\/19763","targetHints":{"allow":["GET"]}}],"collection":[{"href":"https:\/\/radio.unrc.edu.ar\/index.php?rest_route=\/wp\/v2\/posts"}],"about":[{"href":"https:\/\/radio.unrc.edu.ar\/index.php?rest_route=\/wp\/v2\/types\/post"}],"author":[{"embeddable":true,"href":"https:\/\/radio.unrc.edu.ar\/index.php?rest_route=\/wp\/v2\/users\/2"}],"replies":[{"embeddable":true,"href":"https:\/\/radio.unrc.edu.ar\/index.php?rest_route=%2Fwp%2Fv2%2Fcomments&post=19763"}],"version-history":[{"count":2,"href":"https:\/\/radio.unrc.edu.ar\/index.php?rest_route=\/wp\/v2\/posts\/19763\/revisions"}],"predecessor-version":[{"id":19769,"href":"https:\/\/radio.unrc.edu.ar\/index.php?rest_route=\/wp\/v2\/posts\/19763\/revisions\/19769"}],"wp:featuredmedia":[{"embeddable":true,"href":"https:\/\/radio.unrc.edu.ar\/index.php?rest_route=\/wp\/v2\/media\/19767"}],"wp:attachment":[{"href":"https:\/\/radio.unrc.edu.ar\/index.php?rest_route=%2Fwp%2Fv2%2Fmedia&parent=19763"}],"wp:term":[{"taxonomy":"category","embeddable":true,"href":"https:\/\/radio.unrc.edu.ar\/index.php?rest_route=%2Fwp%2Fv2%2Fcategories&post=19763"},{"taxonomy":"post_tag","embeddable":true,"href":"https:\/\/radio.unrc.edu.ar\/index.php?rest_route=%2Fwp%2Fv2%2Ftags&post=19763"}],"curies":[{"name":"wp","href":"https:\/\/api.w.org\/{rel}","templated":true}]}}