{"id":20174,"date":"2024-09-09T11:31:55","date_gmt":"2024-09-09T14:31:55","guid":{"rendered":"https:\/\/radio.unrc.edu.ar\/?p=20174"},"modified":"2024-09-10T10:17:42","modified_gmt":"2024-09-10T13:17:42","slug":"el-intendente-de-rivas-dijo-estar-comprometido-con-la-educacion-publica","status":"publish","type":"post","link":"https:\/\/radio.unrc.edu.ar\/?p=20174","title":{"rendered":"El intendente De Rivas dijo estar comprometido con la educaci\u00f3n p\u00fablica"},"content":{"rendered":"<p>En el acto tradicional acto que se realiza en la plaza Sarmiento por el D\u00eda del Maestro y la Maestra, Guillermo De Rivas dijo estar comprometido con la educaci\u00f3n p\u00fablica.<\/p>\n<p>El intendente coment\u00f3 que hay 400 personas de su gesti\u00f3n que trabajan en los distintos programas educativos que desarrolla el municipio.<\/p>\n<p><iframe width=\"100%\" height=\"300\" scrolling=\"no\" frameborder=\"no\" allow=\"autoplay\" src=\"https:\/\/w.soundcloud.com\/player\/?url=https%3A\/\/api.soundcloud.com\/tracks\/1913136554&#038;color=%23ff5500&#038;auto_play=false&#038;hide_related=false&#038;show_comments=true&#038;show_user=true&#038;show_reposts=false&#038;show_teaser=true&#038;visual=true\"><\/iframe><\/p>\n<div style=\"font-size: 10px; color: #cccccc;line-break: anywhere;word-break: normal;overflow: hidden;white-space: nowrap;text-overflow: ellipsis; font-family: Interstate,Lucida Grande,Lucida Sans Unicode,Lucida Sans,Garuda,Verdana,Tahoma,sans-serif;font-weight: 100;\"><a href=\"https:\/\/soundcloud.com\/radiounrc\" title=\"RadioUNRC\" target=\"_blank\" style=\"color: #cccccc; text-decoration: none;\" rel=\"noopener\">RadioUNRC<\/a> \u00b7 <a href=\"https:\/\/soundcloud.com\/radiounrc\/de-rivas-uno\" title=\"Guillermo De Rivas\" target=\"_blank\" style=\"color: #cccccc; text-decoration: none;\" rel=\"noopener\">Guillermo De Rivas<\/a><\/div>\n<p>El subsecretario de Educaci\u00f3n, Adri\u00e1n Guti\u00e9rrez, coment\u00f3 que durante todo el mes realizar\u00e1n actividades vinculadas con la educaci\u00f3n, y destac\u00f3 la importancia de los distintos proyectos y programas del municipio.<\/p>\n<p><iframe width=\"100%\" height=\"300\" scrolling=\"no\" frameborder=\"no\" allow=\"autoplay\" src=\"https:\/\/w.soundcloud.com\/player\/?url=https%3A\/\/api.soundcloud.com\/tracks\/1913136644&#038;color=%23ff5500&#038;auto_play=false&#038;hide_related=false&#038;show_comments=true&#038;show_user=true&#038;show_reposts=false&#038;show_teaser=true&#038;visual=true\"><\/iframe><\/p>\n<div style=\"font-size: 10px; color: #cccccc;line-break: anywhere;word-break: normal;overflow: hidden;white-space: nowrap;text-overflow: ellipsis; font-family: Interstate,Lucida Grande,Lucida Sans Unicode,Lucida Sans,Garuda,Verdana,Tahoma,sans-serif;font-weight: 100;\"><a href=\"https:\/\/soundcloud.com\/radiounrc\" title=\"RadioUNRC\" target=\"_blank\" style=\"color: #cccccc; text-decoration: none;\" rel=\"noopener\">RadioUNRC<\/a> \u00b7 <a href=\"https:\/\/soundcloud.com\/radiounrc\/gutierrez\" title=\"Adri\u00e1n Guti\u00e9rrez\" target=\"_blank\" style=\"color: #cccccc; text-decoration: none;\" rel=\"noopener\">Adri\u00e1n Guti\u00e9rrez<\/a><\/div>\n<p>Por su parte, el subdirector general de la Cuarta Regi\u00f3n Escolar, Eduardo Madini, dijo que la educaci\u00f3n busca actualizarse en el contexto social actual y tambi\u00e9n ante las nuevas tecnolog\u00edas que atraviesan la sociedad.<\/p>\n<p><iframe width=\"100%\" height=\"300\" scrolling=\"no\" frameborder=\"no\" allow=\"autoplay\" src=\"https:\/\/w.soundcloud.com\/player\/?url=https%3A\/\/api.soundcloud.com\/tracks\/1913136761&#038;color=%23ff5500&#038;auto_play=false&#038;hide_related=false&#038;show_comments=true&#038;show_user=true&#038;show_reposts=false&#038;show_teaser=true&#038;visual=true\"><\/iframe><\/p>\n<div style=\"font-size: 10px; color: #cccccc;line-break: anywhere;word-break: normal;overflow: hidden;white-space: nowrap;text-overflow: ellipsis; font-family: Interstate,Lucida Grande,Lucida Sans Unicode,Lucida Sans,Garuda,Verdana,Tahoma,sans-serif;font-weight: 100;\"><a href=\"https:\/\/soundcloud.com\/radiounrc\" title=\"RadioUNRC\" target=\"_blank\" style=\"color: #cccccc; text-decoration: none;\" rel=\"noopener\">RadioUNRC<\/a> \u00b7 <a href=\"https:\/\/soundcloud.com\/radiounrc\/madini-eduardo\" title=\"Eduardo Madini\" target=\"_blank\" style=\"color: #cccccc; text-decoration: none;\" rel=\"noopener\">Eduardo Madini<\/a><\/div>\n\r\n                <style type=\"text\/css\">\r\n                    \r\n                    #tdi_1  .td-doubleSlider-2 .td-item1 {\r\n                        background: url(https:\/\/radio.unrc.edu.ar\/wp-content\/uploads\/2024\/09\/Imagen-de-WhatsApp-2024-09-09-a-las-10.06.49_43da12fb.jpg) 0 0 no-repeat;\r\n                    }\r\n                    #tdi_1  .td-doubleSlider-2 .td-item2 {\r\n                        background: url(https:\/\/radio.unrc.edu.ar\/wp-content\/uploads\/2024\/09\/Imagen-de-WhatsApp-2024-09-09-a-las-10.06.22_ea74cffd.jpg) 0 0 no-repeat;\r\n                    }\r\n                    #tdi_1  .td-doubleSlider-2 .td-item3 {\r\n                        background: url(https:\/\/radio.unrc.edu.ar\/wp-content\/uploads\/2024\/09\/Imagen-de-WhatsApp-2024-09-09-a-las-10.05.53_370899a9.jpg) 0 0 no-repeat;\r\n                    }\r\n                    #tdi_1  .td-doubleSlider-2 .td-item4 {\r\n                        background: url(https:\/\/radio.unrc.edu.ar\/wp-content\/uploads\/2024\/09\/Imagen-de-WhatsApp-2024-09-09-a-las-09.42.30_947c2220.jpg) 0 0 no-repeat;\r\n                    }\r\n                <\/style>\r\n\r\n                <div id=\"tdi_1\" class=\"td-gallery td-slide-on-2-columns\">\r\n                    <div class=\"post_td_gallery\">\r\n                        <div class=\"td-gallery-slide-top\">\r\n                           <div class=\"td-gallery-title\"><\/div>\r\n\r\n                            <div class=\"td-gallery-controls-wrapper\">\r\n                                <div class=\"td-gallery-slide-count\"><span class=\"td-gallery-slide-item-focus\">1<\/span> de 4<\/div>\r\n                                <div class=\"td-gallery-slide-prev-next-but\">\r\n                                    <i class = \"td-icon-left doubleSliderPrevButton\"><\/i>\r\n                                    <i class = \"td-icon-right doubleSliderNextButton\"><\/i>\r\n                                <\/div>\r\n                            <\/div>\r\n                        <\/div>\r\n\r\n                        <div class = \"td-doubleSlider-1 \">\r\n                            <div class = \"td-slider\">\r\n                                \r\n                    <div class = \"td-slide-item td-item1\">\r\n                        <figure class=\"td-slide-galery-figure td-slide-popup-gallery\">\r\n                            <a class=\"slide-gallery-image-link\" href=\"https:\/\/radio.unrc.edu.ar\/wp-content\/uploads\/2024\/09\/Imagen-de-WhatsApp-2024-09-09-a-las-10.06.49_43da12fb.jpg\" title=\"Imagen de WhatsApp 2024-09-09 a las 10.06.49_43da12fb\"  data-caption=\"\"  data-description=\"\">\r\n                                <img decoding=\"async\" src=\"https:\/\/radio.unrc.edu.ar\/wp-content\/uploads\/2024\/09\/Imagen-de-WhatsApp-2024-09-09-a-las-10.06.49_43da12fb.jpg\" srcset=\"https:\/\/radio.unrc.edu.ar\/wp-content\/uploads\/2024\/09\/Imagen-de-WhatsApp-2024-09-09-a-las-10.06.49_43da12fb.jpg 899w, https:\/\/radio.unrc.edu.ar\/wp-content\/uploads\/2024\/09\/Imagen-de-WhatsApp-2024-09-09-a-las-10.06.49_43da12fb-169x300.jpg 169w, https:\/\/radio.unrc.edu.ar\/wp-content\/uploads\/2024\/09\/Imagen-de-WhatsApp-2024-09-09-a-las-10.06.49_43da12fb-576x1024.jpg 576w, https:\/\/radio.unrc.edu.ar\/wp-content\/uploads\/2024\/09\/Imagen-de-WhatsApp-2024-09-09-a-las-10.06.49_43da12fb-768x1366.jpg 768w, https:\/\/radio.unrc.edu.ar\/wp-content\/uploads\/2024\/09\/Imagen-de-WhatsApp-2024-09-09-a-las-10.06.49_43da12fb-864x1536.jpg 864w, https:\/\/radio.unrc.edu.ar\/wp-content\/uploads\/2024\/09\/Imagen-de-WhatsApp-2024-09-09-a-las-10.06.49_43da12fb-150x267.jpg 150w, https:\/\/radio.unrc.edu.ar\/wp-content\/uploads\/2024\/09\/Imagen-de-WhatsApp-2024-09-09-a-las-10.06.49_43da12fb-300x534.jpg 300w, https:\/\/radio.unrc.edu.ar\/wp-content\/uploads\/2024\/09\/Imagen-de-WhatsApp-2024-09-09-a-las-10.06.49_43da12fb-696x1238.jpg 696w\" sizes=\"(max-width: 899px) 100vw, 899px\" alt=\"\">\r\n                            <\/a>\r\n                            \r\n                        <\/figure>\r\n                    <\/div>\r\n                    <div class = \"td-slide-item td-item2\">\r\n                        <figure class=\"td-slide-galery-figure td-slide-popup-gallery\">\r\n                            <a class=\"slide-gallery-image-link\" href=\"https:\/\/radio.unrc.edu.ar\/wp-content\/uploads\/2024\/09\/Imagen-de-WhatsApp-2024-09-09-a-las-10.06.22_ea74cffd.jpg\" title=\"Imagen de WhatsApp 2024-09-09 a las 10.06.22_ea74cffd\"  data-caption=\"\"  data-description=\"\">\r\n                                <img decoding=\"async\" src=\"https:\/\/radio.unrc.edu.ar\/wp-content\/uploads\/2024\/09\/Imagen-de-WhatsApp-2024-09-09-a-las-10.06.22_ea74cffd.jpg\" srcset=\"https:\/\/radio.unrc.edu.ar\/wp-content\/uploads\/2024\/09\/Imagen-de-WhatsApp-2024-09-09-a-las-10.06.22_ea74cffd.jpg 1599w, https:\/\/radio.unrc.edu.ar\/wp-content\/uploads\/2024\/09\/Imagen-de-WhatsApp-2024-09-09-a-las-10.06.22_ea74cffd-300x169.jpg 300w, https:\/\/radio.unrc.edu.ar\/wp-content\/uploads\/2024\/09\/Imagen-de-WhatsApp-2024-09-09-a-las-10.06.22_ea74cffd-1024x576.jpg 1024w, https:\/\/radio.unrc.edu.ar\/wp-content\/uploads\/2024\/09\/Imagen-de-WhatsApp-2024-09-09-a-las-10.06.22_ea74cffd-768x432.jpg 768w, https:\/\/radio.unrc.edu.ar\/wp-content\/uploads\/2024\/09\/Imagen-de-WhatsApp-2024-09-09-a-las-10.06.22_ea74cffd-1536x864.jpg 1536w, https:\/\/radio.unrc.edu.ar\/wp-content\/uploads\/2024\/09\/Imagen-de-WhatsApp-2024-09-09-a-las-10.06.22_ea74cffd-150x84.jpg 150w, https:\/\/radio.unrc.edu.ar\/wp-content\/uploads\/2024\/09\/Imagen-de-WhatsApp-2024-09-09-a-las-10.06.22_ea74cffd-696x391.jpg 696w, https:\/\/radio.unrc.edu.ar\/wp-content\/uploads\/2024\/09\/Imagen-de-WhatsApp-2024-09-09-a-las-10.06.22_ea74cffd-1068x600.jpg 1068w\" sizes=\"(max-width: 1599px) 100vw, 1599px\" alt=\"\">\r\n                            <\/a>\r\n                            \r\n                        <\/figure>\r\n                    <\/div>\r\n                    <div class = \"td-slide-item td-item3\">\r\n                        <figure class=\"td-slide-galery-figure td-slide-popup-gallery\">\r\n                            <a class=\"slide-gallery-image-link\" href=\"https:\/\/radio.unrc.edu.ar\/wp-content\/uploads\/2024\/09\/Imagen-de-WhatsApp-2024-09-09-a-las-10.05.53_370899a9.jpg\" title=\"Imagen de WhatsApp 2024-09-09 a las 10.05.53_370899a9\"  data-caption=\"\"  data-description=\"\">\r\n                                <img decoding=\"async\" src=\"https:\/\/radio.unrc.edu.ar\/wp-content\/uploads\/2024\/09\/Imagen-de-WhatsApp-2024-09-09-a-las-10.05.53_370899a9.jpg\" srcset=\"https:\/\/radio.unrc.edu.ar\/wp-content\/uploads\/2024\/09\/Imagen-de-WhatsApp-2024-09-09-a-las-10.05.53_370899a9.jpg 1600w, https:\/\/radio.unrc.edu.ar\/wp-content\/uploads\/2024\/09\/Imagen-de-WhatsApp-2024-09-09-a-las-10.05.53_370899a9-300x225.jpg 300w, https:\/\/radio.unrc.edu.ar\/wp-content\/uploads\/2024\/09\/Imagen-de-WhatsApp-2024-09-09-a-las-10.05.53_370899a9-1024x768.jpg 1024w, https:\/\/radio.unrc.edu.ar\/wp-content\/uploads\/2024\/09\/Imagen-de-WhatsApp-2024-09-09-a-las-10.05.53_370899a9-768x576.jpg 768w, https:\/\/radio.unrc.edu.ar\/wp-content\/uploads\/2024\/09\/Imagen-de-WhatsApp-2024-09-09-a-las-10.05.53_370899a9-1536x1152.jpg 1536w, https:\/\/radio.unrc.edu.ar\/wp-content\/uploads\/2024\/09\/Imagen-de-WhatsApp-2024-09-09-a-las-10.05.53_370899a9-150x113.jpg 150w, https:\/\/radio.unrc.edu.ar\/wp-content\/uploads\/2024\/09\/Imagen-de-WhatsApp-2024-09-09-a-las-10.05.53_370899a9-696x522.jpg 696w, https:\/\/radio.unrc.edu.ar\/wp-content\/uploads\/2024\/09\/Imagen-de-WhatsApp-2024-09-09-a-las-10.05.53_370899a9-1068x801.jpg 1068w, https:\/\/radio.unrc.edu.ar\/wp-content\/uploads\/2024\/09\/Imagen-de-WhatsApp-2024-09-09-a-las-10.05.53_370899a9-265x198.jpg 265w\" sizes=\"(max-width: 1600px) 100vw, 1600px\" alt=\"\">\r\n                            <\/a>\r\n                            \r\n                        <\/figure>\r\n                    <\/div>\r\n                    <div class = \"td-slide-item td-item4\">\r\n                        <figure class=\"td-slide-galery-figure td-slide-popup-gallery\">\r\n                            <a class=\"slide-gallery-image-link\" href=\"https:\/\/radio.unrc.edu.ar\/wp-content\/uploads\/2024\/09\/Imagen-de-WhatsApp-2024-09-09-a-las-09.42.30_947c2220.jpg\" title=\"Imagen de WhatsApp 2024-09-09 a las 09.42.30_947c2220\"  data-caption=\"\"  data-description=\"\">\r\n                                <img decoding=\"async\" src=\"https:\/\/radio.unrc.edu.ar\/wp-content\/uploads\/2024\/09\/Imagen-de-WhatsApp-2024-09-09-a-las-09.42.30_947c2220.jpg\" srcset=\"https:\/\/radio.unrc.edu.ar\/wp-content\/uploads\/2024\/09\/Imagen-de-WhatsApp-2024-09-09-a-las-09.42.30_947c2220.jpg 1599w, https:\/\/radio.unrc.edu.ar\/wp-content\/uploads\/2024\/09\/Imagen-de-WhatsApp-2024-09-09-a-las-09.42.30_947c2220-300x169.jpg 300w, https:\/\/radio.unrc.edu.ar\/wp-content\/uploads\/2024\/09\/Imagen-de-WhatsApp-2024-09-09-a-las-09.42.30_947c2220-1024x576.jpg 1024w, https:\/\/radio.unrc.edu.ar\/wp-content\/uploads\/2024\/09\/Imagen-de-WhatsApp-2024-09-09-a-las-09.42.30_947c2220-768x432.jpg 768w, https:\/\/radio.unrc.edu.ar\/wp-content\/uploads\/2024\/09\/Imagen-de-WhatsApp-2024-09-09-a-las-09.42.30_947c2220-1536x864.jpg 1536w, https:\/\/radio.unrc.edu.ar\/wp-content\/uploads\/2024\/09\/Imagen-de-WhatsApp-2024-09-09-a-las-09.42.30_947c2220-150x84.jpg 150w, https:\/\/radio.unrc.edu.ar\/wp-content\/uploads\/2024\/09\/Imagen-de-WhatsApp-2024-09-09-a-las-09.42.30_947c2220-696x391.jpg 696w, https:\/\/radio.unrc.edu.ar\/wp-content\/uploads\/2024\/09\/Imagen-de-WhatsApp-2024-09-09-a-las-09.42.30_947c2220-1068x600.jpg 1068w\" sizes=\"(max-width: 1599px) 100vw, 1599px\" alt=\"\">\r\n                            <\/a>\r\n                            \r\n                        <\/figure>\r\n                    <\/div>\r\n                            <\/div>\r\n                        <\/div>\r\n\r\n                        <div class = \"td-doubleSlider-2\">\r\n                            <div class = \"td-slider\">\r\n                                \r\n                    <div class = \"td-button td-item1\">\r\n                        <div class = \"td-border\"><\/div>\r\n                    <\/div>\r\n                    <div class = \"td-button td-item2\">\r\n                        <div class = \"td-border\"><\/div>\r\n                    <\/div>\r\n                    <div class = \"td-button td-item3\">\r\n                        <div class = \"td-border\"><\/div>\r\n                    <\/div>\r\n                    <div class = \"td-button td-item4\">\r\n                        <div class = \"td-border\"><\/div>\r\n                    <\/div>\r\n                            <\/div>\r\n                        <\/div>\r\n\r\n                    <\/div>\r\n\r\n                <\/div>\r\n                \n","protected":false},"excerpt":{"rendered":"<p>En el acto tradicional acto que se realiza en la plaza Sarmiento por el D\u00eda del Maestro y la Maestra, Guillermo De Rivas dijo estar comprometido con la educaci\u00f3n p\u00fablica. El intendente coment\u00f3 que hay 400 personas de su gesti\u00f3n que trabajan en los distintos programas educativos que desarrolla el municipio. RadioUNRC \u00b7 Guillermo De [&hellip;]<\/p>\n","protected":false},"author":2,"featured_media":20179,"comment_status":"open","ping_status":"open","sticky":false,"template":"","format":"standard","meta":{"footnotes":""},"categories":[18],"tags":[],"class_list":{"0":"post-20174","1":"post","2":"type-post","3":"status-publish","4":"format-standard","5":"has-post-thumbnail","7":"category-locales"},"yoast_head":"<!-- This site is optimized with the Yoast SEO plugin v21.5 - https:\/\/yoast.com\/wordpress\/plugins\/seo\/ -->\n<title>El intendente De Rivas dijo estar comprometido con la educaci\u00f3n p\u00fablica - Radio UNRC<\/title>\n<meta name=\"description\" content=\"La radio que te hace sentir y pensar.\" \/>\n<meta name=\"robots\" content=\"index, follow, max-snippet:-1, max-image-preview:large, max-video-preview:-1\" \/>\n<link rel=\"canonical\" href=\"https:\/\/radio.unrc.edu.ar\/?p=20174\" \/>\n<meta property=\"og:locale\" content=\"es_ES\" \/>\n<meta property=\"og:type\" content=\"article\" \/>\n<meta property=\"og:title\" content=\"El intendente De Rivas dijo estar comprometido con la educaci\u00f3n p\u00fablica - Radio UNRC\" \/>\n<meta property=\"og:description\" content=\"La radio que te hace sentir y pensar.\" \/>\n<meta property=\"og:url\" content=\"https:\/\/radio.unrc.edu.ar\/?p=20174\" \/>\n<meta property=\"og:site_name\" content=\"Radio UNRC\" \/>\n<meta property=\"article:publisher\" content=\"https:\/\/www.facebook.com\/radiounrc\" \/>\n<meta property=\"article:published_time\" content=\"2024-09-09T14:31:55+00:00\" \/>\n<meta property=\"article:modified_time\" content=\"2024-09-10T13:17:42+00:00\" \/>\n<meta property=\"og:image\" content=\"https:\/\/radio.unrc.edu.ar\/wp-content\/uploads\/2024\/09\/escuela.jpg\" \/>\n\t<meta property=\"og:image:width\" content=\"1280\" \/>\n\t<meta property=\"og:image:height\" content=\"740\" \/>\n\t<meta property=\"og:image:type\" content=\"image\/jpeg\" \/>\n<meta name=\"author\" content=\"majo\" \/>\n<meta name=\"twitter:card\" content=\"summary_large_image\" \/>\n<meta name=\"twitter:label1\" content=\"Escrito por\" \/>\n\t<meta name=\"twitter:data1\" content=\"majo\" \/>\n\t<meta name=\"twitter:label2\" content=\"Tiempo de lectura\" \/>\n\t<meta name=\"twitter:data2\" content=\"1 minuto\" \/>\n<script type=\"application\/ld+json\" class=\"yoast-schema-graph\">{\"@context\":\"https:\/\/schema.org\",\"@graph\":[{\"@type\":\"Article\",\"@id\":\"https:\/\/radio.unrc.edu.ar\/?p=20174#article\",\"isPartOf\":{\"@id\":\"https:\/\/radio.unrc.edu.ar\/?p=20174\"},\"author\":{\"name\":\"majo\",\"@id\":\"https:\/\/radio.unrc.edu.ar\/#\/schema\/person\/197edd08d015632a43a5e6a515c4f7a6\"},\"headline\":\"El intendente De Rivas dijo estar comprometido con la educaci\u00f3n p\u00fablica\",\"datePublished\":\"2024-09-09T14:31:55+00:00\",\"dateModified\":\"2024-09-10T13:17:42+00:00\",\"mainEntityOfPage\":{\"@id\":\"https:\/\/radio.unrc.edu.ar\/?p=20174\"},\"wordCount\":161,\"commentCount\":0,\"publisher\":{\"@id\":\"https:\/\/radio.unrc.edu.ar\/#organization\"},\"articleSection\":[\"Locales\"],\"inLanguage\":\"es\",\"potentialAction\":[{\"@type\":\"CommentAction\",\"name\":\"Comment\",\"target\":[\"https:\/\/radio.unrc.edu.ar\/?p=20174#respond\"]}]},{\"@type\":\"WebPage\",\"@id\":\"https:\/\/radio.unrc.edu.ar\/?p=20174\",\"url\":\"https:\/\/radio.unrc.edu.ar\/?p=20174\",\"name\":\"El intendente De Rivas dijo estar comprometido con la educaci\u00f3n p\u00fablica - Radio UNRC\",\"isPartOf\":{\"@id\":\"https:\/\/radio.unrc.edu.ar\/#website\"},\"datePublished\":\"2024-09-09T14:31:55+00:00\",\"dateModified\":\"2024-09-10T13:17:42+00:00\",\"description\":\"La radio que te hace sentir y pensar.\",\"breadcrumb\":{\"@id\":\"https:\/\/radio.unrc.edu.ar\/?p=20174#breadcrumb\"},\"inLanguage\":\"es\",\"potentialAction\":[{\"@type\":\"ReadAction\",\"target\":[\"https:\/\/radio.unrc.edu.ar\/?p=20174\"]}]},{\"@type\":\"BreadcrumbList\",\"@id\":\"https:\/\/radio.unrc.edu.ar\/?p=20174#breadcrumb\",\"itemListElement\":[{\"@type\":\"ListItem\",\"position\":1,\"name\":\"Portada\",\"item\":\"https:\/\/radio.unrc.edu.ar\/\"},{\"@type\":\"ListItem\",\"position\":2,\"name\":\"El intendente De Rivas dijo estar comprometido con la educaci\u00f3n p\u00fablica\"}]},{\"@type\":\"WebSite\",\"@id\":\"https:\/\/radio.unrc.edu.ar\/#website\",\"url\":\"https:\/\/radio.unrc.edu.ar\/\",\"name\":\"Radio UNRC\",\"description\":\"La Radio de la Uni, la que te hace sentir y pensar\",\"publisher\":{\"@id\":\"https:\/\/radio.unrc.edu.ar\/#organization\"},\"potentialAction\":[{\"@type\":\"SearchAction\",\"target\":{\"@type\":\"EntryPoint\",\"urlTemplate\":\"https:\/\/radio.unrc.edu.ar\/?s={search_term_string}\"},\"query-input\":\"required name=search_term_string\"}],\"inLanguage\":\"es\"},{\"@type\":\"Organization\",\"@id\":\"https:\/\/radio.unrc.edu.ar\/#organization\",\"name\":\"Radio UNRC\",\"url\":\"https:\/\/radio.unrc.edu.ar\/\",\"logo\":{\"@type\":\"ImageObject\",\"inLanguage\":\"es\",\"@id\":\"https:\/\/radio.unrc.edu.ar\/#\/schema\/logo\/image\/\",\"url\":\"https:\/\/radio.unrc.edu.ar\/wp-content\/uploads\/2022\/03\/logo-radio-544.png\",\"contentUrl\":\"https:\/\/radio.unrc.edu.ar\/wp-content\/uploads\/2022\/03\/logo-radio-544.png\",\"width\":544,\"height\":180,\"caption\":\"Radio UNRC\"},\"image\":{\"@id\":\"https:\/\/radio.unrc.edu.ar\/#\/schema\/logo\/image\/\"},\"sameAs\":[\"https:\/\/www.facebook.com\/radiounrc\",\"https:\/\/www.instagram.com\/radiounrc\/\"]},{\"@type\":\"Person\",\"@id\":\"https:\/\/radio.unrc.edu.ar\/#\/schema\/person\/197edd08d015632a43a5e6a515c4f7a6\",\"name\":\"majo\",\"image\":{\"@type\":\"ImageObject\",\"inLanguage\":\"es\",\"@id\":\"https:\/\/radio.unrc.edu.ar\/#\/schema\/person\/image\/\",\"url\":\"https:\/\/secure.gravatar.com\/avatar\/6806165fb7635331b44fb331ffb478c3230b9d62d675244a0e2dfd0cb8d8b503?s=96&d=mm&r=g\",\"contentUrl\":\"https:\/\/secure.gravatar.com\/avatar\/6806165fb7635331b44fb331ffb478c3230b9d62d675244a0e2dfd0cb8d8b503?s=96&d=mm&r=g\",\"caption\":\"majo\"},\"url\":\"https:\/\/radio.unrc.edu.ar\/?author=2\"}]}<\/script>\n<!-- \/ Yoast SEO plugin. -->","yoast_head_json":{"title":"El intendente De Rivas dijo estar comprometido con la educaci\u00f3n p\u00fablica - Radio UNRC","description":"La radio que te hace sentir y pensar.","robots":{"index":"index","follow":"follow","max-snippet":"max-snippet:-1","max-image-preview":"max-image-preview:large","max-video-preview":"max-video-preview:-1"},"canonical":"https:\/\/radio.unrc.edu.ar\/?p=20174","og_locale":"es_ES","og_type":"article","og_title":"El intendente De Rivas dijo estar comprometido con la educaci\u00f3n p\u00fablica - Radio UNRC","og_description":"La radio que te hace sentir y pensar.","og_url":"https:\/\/radio.unrc.edu.ar\/?p=20174","og_site_name":"Radio UNRC","article_publisher":"https:\/\/www.facebook.com\/radiounrc","article_published_time":"2024-09-09T14:31:55+00:00","article_modified_time":"2024-09-10T13:17:42+00:00","og_image":[{"width":1280,"height":740,"url":"https:\/\/radio.unrc.edu.ar\/wp-content\/uploads\/2024\/09\/escuela.jpg","type":"image\/jpeg"}],"author":"majo","twitter_card":"summary_large_image","twitter_misc":{"Escrito por":"majo","Tiempo de lectura":"1 minuto"},"schema":{"@context":"https:\/\/schema.org","@graph":[{"@type":"Article","@id":"https:\/\/radio.unrc.edu.ar\/?p=20174#article","isPartOf":{"@id":"https:\/\/radio.unrc.edu.ar\/?p=20174"},"author":{"name":"majo","@id":"https:\/\/radio.unrc.edu.ar\/#\/schema\/person\/197edd08d015632a43a5e6a515c4f7a6"},"headline":"El intendente De Rivas dijo estar comprometido con la educaci\u00f3n p\u00fablica","datePublished":"2024-09-09T14:31:55+00:00","dateModified":"2024-09-10T13:17:42+00:00","mainEntityOfPage":{"@id":"https:\/\/radio.unrc.edu.ar\/?p=20174"},"wordCount":161,"commentCount":0,"publisher":{"@id":"https:\/\/radio.unrc.edu.ar\/#organization"},"articleSection":["Locales"],"inLanguage":"es","potentialAction":[{"@type":"CommentAction","name":"Comment","target":["https:\/\/radio.unrc.edu.ar\/?p=20174#respond"]}]},{"@type":"WebPage","@id":"https:\/\/radio.unrc.edu.ar\/?p=20174","url":"https:\/\/radio.unrc.edu.ar\/?p=20174","name":"El intendente De Rivas dijo estar comprometido con la educaci\u00f3n p\u00fablica - Radio UNRC","isPartOf":{"@id":"https:\/\/radio.unrc.edu.ar\/#website"},"datePublished":"2024-09-09T14:31:55+00:00","dateModified":"2024-09-10T13:17:42+00:00","description":"La radio que te hace sentir y pensar.","breadcrumb":{"@id":"https:\/\/radio.unrc.edu.ar\/?p=20174#breadcrumb"},"inLanguage":"es","potentialAction":[{"@type":"ReadAction","target":["https:\/\/radio.unrc.edu.ar\/?p=20174"]}]},{"@type":"BreadcrumbList","@id":"https:\/\/radio.unrc.edu.ar\/?p=20174#breadcrumb","itemListElement":[{"@type":"ListItem","position":1,"name":"Portada","item":"https:\/\/radio.unrc.edu.ar\/"},{"@type":"ListItem","position":2,"name":"El intendente De Rivas dijo estar comprometido con la educaci\u00f3n p\u00fablica"}]},{"@type":"WebSite","@id":"https:\/\/radio.unrc.edu.ar\/#website","url":"https:\/\/radio.unrc.edu.ar\/","name":"Radio UNRC","description":"La Radio de la Uni, la que te hace sentir y pensar","publisher":{"@id":"https:\/\/radio.unrc.edu.ar\/#organization"},"potentialAction":[{"@type":"SearchAction","target":{"@type":"EntryPoint","urlTemplate":"https:\/\/radio.unrc.edu.ar\/?s={search_term_string}"},"query-input":"required name=search_term_string"}],"inLanguage":"es"},{"@type":"Organization","@id":"https:\/\/radio.unrc.edu.ar\/#organization","name":"Radio UNRC","url":"https:\/\/radio.unrc.edu.ar\/","logo":{"@type":"ImageObject","inLanguage":"es","@id":"https:\/\/radio.unrc.edu.ar\/#\/schema\/logo\/image\/","url":"https:\/\/radio.unrc.edu.ar\/wp-content\/uploads\/2022\/03\/logo-radio-544.png","contentUrl":"https:\/\/radio.unrc.edu.ar\/wp-content\/uploads\/2022\/03\/logo-radio-544.png","width":544,"height":180,"caption":"Radio UNRC"},"image":{"@id":"https:\/\/radio.unrc.edu.ar\/#\/schema\/logo\/image\/"},"sameAs":["https:\/\/www.facebook.com\/radiounrc","https:\/\/www.instagram.com\/radiounrc\/"]},{"@type":"Person","@id":"https:\/\/radio.unrc.edu.ar\/#\/schema\/person\/197edd08d015632a43a5e6a515c4f7a6","name":"majo","image":{"@type":"ImageObject","inLanguage":"es","@id":"https:\/\/radio.unrc.edu.ar\/#\/schema\/person\/image\/","url":"https:\/\/secure.gravatar.com\/avatar\/6806165fb7635331b44fb331ffb478c3230b9d62d675244a0e2dfd0cb8d8b503?s=96&d=mm&r=g","contentUrl":"https:\/\/secure.gravatar.com\/avatar\/6806165fb7635331b44fb331ffb478c3230b9d62d675244a0e2dfd0cb8d8b503?s=96&d=mm&r=g","caption":"majo"},"url":"https:\/\/radio.unrc.edu.ar\/?author=2"}]}},"_links":{"self":[{"href":"https:\/\/radio.unrc.edu.ar\/index.php?rest_route=\/wp\/v2\/posts\/20174","targetHints":{"allow":["GET"]}}],"collection":[{"href":"https:\/\/radio.unrc.edu.ar\/index.php?rest_route=\/wp\/v2\/posts"}],"about":[{"href":"https:\/\/radio.unrc.edu.ar\/index.php?rest_route=\/wp\/v2\/types\/post"}],"author":[{"embeddable":true,"href":"https:\/\/radio.unrc.edu.ar\/index.php?rest_route=\/wp\/v2\/users\/2"}],"replies":[{"embeddable":true,"href":"https:\/\/radio.unrc.edu.ar\/index.php?rest_route=%2Fwp%2Fv2%2Fcomments&post=20174"}],"version-history":[{"count":1,"href":"https:\/\/radio.unrc.edu.ar\/index.php?rest_route=\/wp\/v2\/posts\/20174\/revisions"}],"predecessor-version":[{"id":20180,"href":"https:\/\/radio.unrc.edu.ar\/index.php?rest_route=\/wp\/v2\/posts\/20174\/revisions\/20180"}],"wp:featuredmedia":[{"embeddable":true,"href":"https:\/\/radio.unrc.edu.ar\/index.php?rest_route=\/wp\/v2\/media\/20179"}],"wp:attachment":[{"href":"https:\/\/radio.unrc.edu.ar\/index.php?rest_route=%2Fwp%2Fv2%2Fmedia&parent=20174"}],"wp:term":[{"taxonomy":"category","embeddable":true,"href":"https:\/\/radio.unrc.edu.ar\/index.php?rest_route=%2Fwp%2Fv2%2Fcategories&post=20174"},{"taxonomy":"post_tag","embeddable":true,"href":"https:\/\/radio.unrc.edu.ar\/index.php?rest_route=%2Fwp%2Fv2%2Ftags&post=20174"}],"curies":[{"name":"wp","href":"https:\/\/api.w.org\/{rel}","templated":true}]}}