{"id":20450,"date":"2024-09-16T10:55:02","date_gmt":"2024-09-16T13:55:02","guid":{"rendered":"https:\/\/radio.unrc.edu.ar\/?p=20450"},"modified":"2024-09-17T10:33:59","modified_gmt":"2024-09-17T13:33:59","slug":"el-equipo-de-trabajo-de-humanas-esta-integrado-por-representantes-de-distintos-departamentos","status":"publish","type":"post","link":"https:\/\/radio.unrc.edu.ar\/?p=20450","title":{"rendered":"El equipo de trabajo de Humanas est\u00e1 integrado por representantes de distintos departamentos"},"content":{"rendered":"<p>El decano Cristian Santos, dijo que el equipo de gesti\u00f3n que los acompa\u00f1a en la Facultad de Ciencias Humanas tiene representantes de los distintos departamentos de esa unidad acad\u00e9mica. <\/p>\n<p>Santos destac\u00f3 que algunos tienen mucha experiencia en gesti\u00f3n y otros que se vienen incorporando.<\/p>\n<p>El decano consider\u00f3 que es un equilibrio interesante que conforma un equipo pertinente para el contexto actual.<\/p>\n<p><iframe width=\"100%\" height=\"300\" scrolling=\"no\" frameborder=\"no\" allow=\"autoplay\" src=\"https:\/\/w.soundcloud.com\/player\/?url=https%3A\/\/api.soundcloud.com\/tracks\/1917550502&#038;color=%23ff5500&#038;auto_play=false&#038;hide_related=false&#038;show_comments=true&#038;show_user=true&#038;show_reposts=false&#038;show_teaser=true&#038;visual=true\"><\/iframe><\/p>\n<div style=\"font-size: 10px; color: #cccccc;line-break: anywhere;word-break: normal;overflow: hidden;white-space: nowrap;text-overflow: ellipsis; font-family: Interstate,Lucida Grande,Lucida Sans Unicode,Lucida Sans,Garuda,Verdana,Tahoma,sans-serif;font-weight: 100;\"><a href=\"https:\/\/soundcloud.com\/radiounrc97-7\" title=\"RadioUNRC97.7\" target=\"_blank\" style=\"color: #cccccc; text-decoration: none;\" rel=\"noopener\">RadioUNRC97.7<\/a> \u00b7 <a href=\"https:\/\/soundcloud.com\/radiounrc97-7\/santos-uno\" title=\"Cristian Santos 1\" target=\"_blank\" style=\"color: #cccccc; text-decoration: none;\" rel=\"noopener\">Cristian Santos 1<\/a><\/div>\n<p>En el \u00e1mbito acad\u00e9mico, una de las principales preocupaciones en la Facultad de Ciencias Humanas es el ingreso de estudiantes, dijo la vicedecana Silvina Barroso, quien se\u00f1al\u00f3 que la baja de ingresantes se inscribe en el descr\u00e9dito general de las Ciencias Sociales.<\/p>\n<p>La docente agreg\u00f3 que la permanencia y el egreso forma parte de la misma preocupaci\u00f3n. <\/p>\n<p>Barroso destac\u00f3 que se ha conformado un programa de acompa\u00f1amiento a los estudiantes y la actualizaci\u00f3n de los planes de estudio.<\/p>\n<p><iframe width=\"100%\" height=\"300\" scrolling=\"no\" frameborder=\"no\" allow=\"autoplay\" src=\"https:\/\/w.soundcloud.com\/player\/?url=https%3A\/\/api.soundcloud.com\/tracks\/1917550112&#038;color=%23ff5500&#038;auto_play=false&#038;hide_related=false&#038;show_comments=true&#038;show_user=true&#038;show_reposts=false&#038;show_teaser=true&#038;visual=true\"><\/iframe><\/p>\n<div style=\"font-size: 10px; color: #cccccc;line-break: anywhere;word-break: normal;overflow: hidden;white-space: nowrap;text-overflow: ellipsis; font-family: Interstate,Lucida Grande,Lucida Sans Unicode,Lucida Sans,Garuda,Verdana,Tahoma,sans-serif;font-weight: 100;\"><a href=\"https:\/\/soundcloud.com\/radiounrc97-7\" title=\"RadioUNRC97.7\" target=\"_blank\" style=\"color: #cccccc; text-decoration: none;\" rel=\"noopener\">RadioUNRC97.7<\/a> \u00b7 <a href=\"https:\/\/soundcloud.com\/radiounrc97-7\/barroso-uno\" title=\"Silvina Barroso 1\" target=\"_blank\" style=\"color: #cccccc; text-decoration: none;\" rel=\"noopener\">Silvina Barroso 1<\/a><\/div>\n<p><strong>Fondos para la Facultad de Ciencias Humanas<\/strong><\/p>\n<p>Todav\u00eda no cuentan con la asignaci\u00f3n presupuestaria y el tema ser\u00e1 analizado en la pr\u00f3xima reuni\u00f3n de Consejo Directivo.<\/p>\n<p>El responsable de esa unidad acad\u00e9mica, Cristian Santos, se\u00f1al\u00f3 que elaborar\u00e1n una propuesta de asignaci\u00f3n para que los departamentos puedan tener previsibilidad hasta fin de a\u00f1o.<\/p>\n<p>El decano tambi\u00e9n explic\u00f3 que otra de las inquietudes est\u00e1 vinculada con la consolidaci\u00f3n de la planta docente.<\/p>\n<p><iframe width=\"100%\" height=\"300\" scrolling=\"no\" frameborder=\"no\" allow=\"autoplay\" src=\"https:\/\/w.soundcloud.com\/player\/?url=https%3A\/\/api.soundcloud.com\/tracks\/1917571202&#038;color=%23ff5500&#038;auto_play=false&#038;hide_related=false&#038;show_comments=true&#038;show_user=true&#038;show_reposts=false&#038;show_teaser=true&#038;visual=true\"><\/iframe><\/p>\n<div style=\"font-size: 10px; color: #cccccc;line-break: anywhere;word-break: normal;overflow: hidden;white-space: nowrap;text-overflow: ellipsis; font-family: Interstate,Lucida Grande,Lucida Sans Unicode,Lucida Sans,Garuda,Verdana,Tahoma,sans-serif;font-weight: 100;\"><a href=\"https:\/\/soundcloud.com\/radiounrc97-7\" title=\"RadioUNRC97.7\" target=\"_blank\" style=\"color: #cccccc; text-decoration: none;\" rel=\"noopener\">RadioUNRC97.7<\/a> \u00b7 <a href=\"https:\/\/soundcloud.com\/radiounrc97-7\/santos-dos\" title=\"Cristian Santos 2\" target=\"_blank\" style=\"color: #cccccc; text-decoration: none;\" rel=\"noopener\">Cristian Santos 2<\/a><\/div>\n<p><strong>Humanas avanza en un programa de acompa\u00f1amiento para victimas de violencia de g\u00e9nero<\/strong><\/p>\n<p>La vicedecana Silvina Barroso, explic\u00f3 que la facultad no es ajena a estas situaciones y que atraviesa a todas las poblaciones. <\/p>\n<p>Barroso agreg\u00f3 que se conformar\u00e1 una comisi\u00f3n especial en el Consejo Directivo para que aborde estos temas y se impulsar\u00e1 la formaci\u00f3n en esta \u00e1rea.<\/p>\n<p><iframe width=\"100%\" height=\"300\" scrolling=\"no\" frameborder=\"no\" allow=\"autoplay\" src=\"https:\/\/w.soundcloud.com\/player\/?url=https%3A\/\/api.soundcloud.com\/tracks\/1917570863&#038;color=%23ff5500&#038;auto_play=false&#038;hide_related=false&#038;show_comments=true&#038;show_user=true&#038;show_reposts=false&#038;show_teaser=true&#038;visual=true\"><\/iframe><\/p>\n<div style=\"font-size: 10px; color: #cccccc;line-break: anywhere;word-break: normal;overflow: hidden;white-space: nowrap;text-overflow: ellipsis; font-family: Interstate,Lucida Grande,Lucida Sans Unicode,Lucida Sans,Garuda,Verdana,Tahoma,sans-serif;font-weight: 100;\"><a href=\"https:\/\/soundcloud.com\/radiounrc97-7\" title=\"RadioUNRC97.7\" target=\"_blank\" style=\"color: #cccccc; text-decoration: none;\" rel=\"noopener\">RadioUNRC97.7<\/a> \u00b7 <a href=\"https:\/\/soundcloud.com\/radiounrc97-7\/barroso-dos\" title=\"Silvina Barroso 2\" target=\"_blank\" style=\"color: #cccccc; text-decoration: none;\" rel=\"noopener\">Silvina Barroso 2<\/a><\/div>\n\r\n                <style type=\"text\/css\">\r\n                    \r\n                    #tdi_1  .td-doubleSlider-2 .td-item1 {\r\n                        background: url(https:\/\/radio.unrc.edu.ar\/wp-content\/uploads\/2024\/09\/IMG-20240916-WA0001.jpg) 0 0 no-repeat;\r\n                    }\r\n                    #tdi_1  .td-doubleSlider-2 .td-item2 {\r\n                        background: url(https:\/\/radio.unrc.edu.ar\/wp-content\/uploads\/2024\/09\/IMG-20240916-WA0002.jpg) 0 0 no-repeat;\r\n                    }\r\n                    #tdi_1  .td-doubleSlider-2 .td-item3 {\r\n                        background: url(https:\/\/radio.unrc.edu.ar\/wp-content\/uploads\/2024\/09\/IMG-20240916-WA0003.jpg) 0 0 no-repeat;\r\n                    }\r\n                    #tdi_1  .td-doubleSlider-2 .td-item4 {\r\n                        background: url(https:\/\/radio.unrc.edu.ar\/wp-content\/uploads\/2024\/09\/IMG-20240916-WA0004.jpg) 0 0 no-repeat;\r\n                    }\r\n                    #tdi_1  .td-doubleSlider-2 .td-item5 {\r\n                        background: url(https:\/\/radio.unrc.edu.ar\/wp-content\/uploads\/2024\/09\/IMG-20240916-WA0005.jpg) 0 0 no-repeat;\r\n                    }\r\n                    #tdi_1  .td-doubleSlider-2 .td-item6 {\r\n                        background: url(https:\/\/radio.unrc.edu.ar\/wp-content\/uploads\/2024\/09\/IMG-20240916-WA0006.jpg) 0 0 no-repeat;\r\n                    }\r\n                <\/style>\r\n\r\n                <div id=\"tdi_1\" class=\"td-gallery td-slide-on-2-columns\">\r\n                    <div class=\"post_td_gallery\">\r\n                        <div class=\"td-gallery-slide-top\">\r\n                           <div class=\"td-gallery-title\"><\/div>\r\n\r\n                            <div class=\"td-gallery-controls-wrapper\">\r\n                                <div class=\"td-gallery-slide-count\"><span class=\"td-gallery-slide-item-focus\">1<\/span> de 6<\/div>\r\n                                <div class=\"td-gallery-slide-prev-next-but\">\r\n                                    <i class = \"td-icon-left doubleSliderPrevButton\"><\/i>\r\n                                    <i class = \"td-icon-right doubleSliderNextButton\"><\/i>\r\n                                <\/div>\r\n                            <\/div>\r\n                        <\/div>\r\n\r\n                        <div class = \"td-doubleSlider-1 \">\r\n                            <div class = \"td-slider\">\r\n                                \r\n                    <div class = \"td-slide-item td-item1\">\r\n                        <figure class=\"td-slide-galery-figure td-slide-popup-gallery\">\r\n                            <a class=\"slide-gallery-image-link\" href=\"https:\/\/radio.unrc.edu.ar\/wp-content\/uploads\/2024\/09\/IMG-20240916-WA0001.jpg\" title=\"IMG-20240916-WA0001\"  data-caption=\"\"  data-description=\"\">\r\n                                <img decoding=\"async\" src=\"https:\/\/radio.unrc.edu.ar\/wp-content\/uploads\/2024\/09\/IMG-20240916-WA0001.jpg\" srcset=\"https:\/\/radio.unrc.edu.ar\/wp-content\/uploads\/2024\/09\/IMG-20240916-WA0001.jpg 1200w, https:\/\/radio.unrc.edu.ar\/wp-content\/uploads\/2024\/09\/IMG-20240916-WA0001-225x300.jpg 225w, https:\/\/radio.unrc.edu.ar\/wp-content\/uploads\/2024\/09\/IMG-20240916-WA0001-768x1024.jpg 768w, https:\/\/radio.unrc.edu.ar\/wp-content\/uploads\/2024\/09\/IMG-20240916-WA0001-1152x1536.jpg 1152w, https:\/\/radio.unrc.edu.ar\/wp-content\/uploads\/2024\/09\/IMG-20240916-WA0001-150x200.jpg 150w, https:\/\/radio.unrc.edu.ar\/wp-content\/uploads\/2024\/09\/IMG-20240916-WA0001-300x400.jpg 300w, https:\/\/radio.unrc.edu.ar\/wp-content\/uploads\/2024\/09\/IMG-20240916-WA0001-696x928.jpg 696w, https:\/\/radio.unrc.edu.ar\/wp-content\/uploads\/2024\/09\/IMG-20240916-WA0001-1068x1424.jpg 1068w\" sizes=\"(max-width: 1200px) 100vw, 1200px\" alt=\"\">\r\n                            <\/a>\r\n                            \r\n                        <\/figure>\r\n                    <\/div>\r\n                    <div class = \"td-slide-item td-item2\">\r\n                        <figure class=\"td-slide-galery-figure td-slide-popup-gallery\">\r\n                            <a class=\"slide-gallery-image-link\" href=\"https:\/\/radio.unrc.edu.ar\/wp-content\/uploads\/2024\/09\/IMG-20240916-WA0002.jpg\" title=\"IMG-20240916-WA0002\"  data-caption=\"\"  data-description=\"\">\r\n                                <img decoding=\"async\" src=\"https:\/\/radio.unrc.edu.ar\/wp-content\/uploads\/2024\/09\/IMG-20240916-WA0002.jpg\" srcset=\"https:\/\/radio.unrc.edu.ar\/wp-content\/uploads\/2024\/09\/IMG-20240916-WA0002.jpg 1200w, https:\/\/radio.unrc.edu.ar\/wp-content\/uploads\/2024\/09\/IMG-20240916-WA0002-225x300.jpg 225w, https:\/\/radio.unrc.edu.ar\/wp-content\/uploads\/2024\/09\/IMG-20240916-WA0002-768x1024.jpg 768w, https:\/\/radio.unrc.edu.ar\/wp-content\/uploads\/2024\/09\/IMG-20240916-WA0002-1152x1536.jpg 1152w, https:\/\/radio.unrc.edu.ar\/wp-content\/uploads\/2024\/09\/IMG-20240916-WA0002-150x200.jpg 150w, https:\/\/radio.unrc.edu.ar\/wp-content\/uploads\/2024\/09\/IMG-20240916-WA0002-300x400.jpg 300w, https:\/\/radio.unrc.edu.ar\/wp-content\/uploads\/2024\/09\/IMG-20240916-WA0002-696x928.jpg 696w, https:\/\/radio.unrc.edu.ar\/wp-content\/uploads\/2024\/09\/IMG-20240916-WA0002-1068x1424.jpg 1068w\" sizes=\"(max-width: 1200px) 100vw, 1200px\" alt=\"\">\r\n                            <\/a>\r\n                            \r\n                        <\/figure>\r\n                    <\/div>\r\n                    <div class = \"td-slide-item td-item3\">\r\n                        <figure class=\"td-slide-galery-figure td-slide-popup-gallery\">\r\n                            <a class=\"slide-gallery-image-link\" href=\"https:\/\/radio.unrc.edu.ar\/wp-content\/uploads\/2024\/09\/IMG-20240916-WA0003.jpg\" title=\"IMG-20240916-WA0003\"  data-caption=\"\"  data-description=\"\">\r\n                                <img decoding=\"async\" src=\"https:\/\/radio.unrc.edu.ar\/wp-content\/uploads\/2024\/09\/IMG-20240916-WA0003.jpg\" srcset=\"https:\/\/radio.unrc.edu.ar\/wp-content\/uploads\/2024\/09\/IMG-20240916-WA0003.jpg 1600w, https:\/\/radio.unrc.edu.ar\/wp-content\/uploads\/2024\/09\/IMG-20240916-WA0003-300x226.jpg 300w, https:\/\/radio.unrc.edu.ar\/wp-content\/uploads\/2024\/09\/IMG-20240916-WA0003-1024x771.jpg 1024w, https:\/\/radio.unrc.edu.ar\/wp-content\/uploads\/2024\/09\/IMG-20240916-WA0003-768x578.jpg 768w, https:\/\/radio.unrc.edu.ar\/wp-content\/uploads\/2024\/09\/IMG-20240916-WA0003-1536x1156.jpg 1536w, https:\/\/radio.unrc.edu.ar\/wp-content\/uploads\/2024\/09\/IMG-20240916-WA0003-150x113.jpg 150w, https:\/\/radio.unrc.edu.ar\/wp-content\/uploads\/2024\/09\/IMG-20240916-WA0003-696x524.jpg 696w, https:\/\/radio.unrc.edu.ar\/wp-content\/uploads\/2024\/09\/IMG-20240916-WA0003-1068x804.jpg 1068w, https:\/\/radio.unrc.edu.ar\/wp-content\/uploads\/2024\/09\/IMG-20240916-WA0003-265x198.jpg 265w\" sizes=\"(max-width: 1600px) 100vw, 1600px\" alt=\"\">\r\n                            <\/a>\r\n                            \r\n                        <\/figure>\r\n                    <\/div>\r\n                    <div class = \"td-slide-item td-item4\">\r\n                        <figure class=\"td-slide-galery-figure td-slide-popup-gallery\">\r\n                            <a class=\"slide-gallery-image-link\" href=\"https:\/\/radio.unrc.edu.ar\/wp-content\/uploads\/2024\/09\/IMG-20240916-WA0004.jpg\" title=\"IMG-20240916-WA0004\"  data-caption=\"\"  data-description=\"\">\r\n                                <img decoding=\"async\" src=\"https:\/\/radio.unrc.edu.ar\/wp-content\/uploads\/2024\/09\/IMG-20240916-WA0004.jpg\" srcset=\"https:\/\/radio.unrc.edu.ar\/wp-content\/uploads\/2024\/09\/IMG-20240916-WA0004.jpg 1600w, https:\/\/radio.unrc.edu.ar\/wp-content\/uploads\/2024\/09\/IMG-20240916-WA0004-300x226.jpg 300w, https:\/\/radio.unrc.edu.ar\/wp-content\/uploads\/2024\/09\/IMG-20240916-WA0004-1024x771.jpg 1024w, https:\/\/radio.unrc.edu.ar\/wp-content\/uploads\/2024\/09\/IMG-20240916-WA0004-768x578.jpg 768w, https:\/\/radio.unrc.edu.ar\/wp-content\/uploads\/2024\/09\/IMG-20240916-WA0004-1536x1156.jpg 1536w, https:\/\/radio.unrc.edu.ar\/wp-content\/uploads\/2024\/09\/IMG-20240916-WA0004-150x113.jpg 150w, https:\/\/radio.unrc.edu.ar\/wp-content\/uploads\/2024\/09\/IMG-20240916-WA0004-696x524.jpg 696w, https:\/\/radio.unrc.edu.ar\/wp-content\/uploads\/2024\/09\/IMG-20240916-WA0004-1068x804.jpg 1068w, https:\/\/radio.unrc.edu.ar\/wp-content\/uploads\/2024\/09\/IMG-20240916-WA0004-265x198.jpg 265w\" sizes=\"(max-width: 1600px) 100vw, 1600px\" alt=\"\">\r\n                            <\/a>\r\n                            \r\n                        <\/figure>\r\n                    <\/div>\r\n                    <div class = \"td-slide-item td-item5\">\r\n                        <figure class=\"td-slide-galery-figure td-slide-popup-gallery\">\r\n                            <a class=\"slide-gallery-image-link\" href=\"https:\/\/radio.unrc.edu.ar\/wp-content\/uploads\/2024\/09\/IMG-20240916-WA0005.jpg\" title=\"IMG-20240916-WA0005\"  data-caption=\"\"  data-description=\"\">\r\n                                <img decoding=\"async\" src=\"https:\/\/radio.unrc.edu.ar\/wp-content\/uploads\/2024\/09\/IMG-20240916-WA0005.jpg\" srcset=\"https:\/\/radio.unrc.edu.ar\/wp-content\/uploads\/2024\/09\/IMG-20240916-WA0005.jpg 1204w, https:\/\/radio.unrc.edu.ar\/wp-content\/uploads\/2024\/09\/IMG-20240916-WA0005-226x300.jpg 226w, https:\/\/radio.unrc.edu.ar\/wp-content\/uploads\/2024\/09\/IMG-20240916-WA0005-771x1024.jpg 771w, https:\/\/radio.unrc.edu.ar\/wp-content\/uploads\/2024\/09\/IMG-20240916-WA0005-768x1021.jpg 768w, https:\/\/radio.unrc.edu.ar\/wp-content\/uploads\/2024\/09\/IMG-20240916-WA0005-1156x1536.jpg 1156w, https:\/\/radio.unrc.edu.ar\/wp-content\/uploads\/2024\/09\/IMG-20240916-WA0005-150x199.jpg 150w, https:\/\/radio.unrc.edu.ar\/wp-content\/uploads\/2024\/09\/IMG-20240916-WA0005-300x399.jpg 300w, https:\/\/radio.unrc.edu.ar\/wp-content\/uploads\/2024\/09\/IMG-20240916-WA0005-696x925.jpg 696w, https:\/\/radio.unrc.edu.ar\/wp-content\/uploads\/2024\/09\/IMG-20240916-WA0005-1068x1419.jpg 1068w\" sizes=\"(max-width: 1204px) 100vw, 1204px\" alt=\"\">\r\n                            <\/a>\r\n                            \r\n                        <\/figure>\r\n                    <\/div>\r\n                    <div class = \"td-slide-item td-item6\">\r\n                        <figure class=\"td-slide-galery-figure td-slide-popup-gallery\">\r\n                            <a class=\"slide-gallery-image-link\" href=\"https:\/\/radio.unrc.edu.ar\/wp-content\/uploads\/2024\/09\/IMG-20240916-WA0006.jpg\" title=\"IMG-20240916-WA0006\"  data-caption=\"\"  data-description=\"\">\r\n                                <img decoding=\"async\" src=\"https:\/\/radio.unrc.edu.ar\/wp-content\/uploads\/2024\/09\/IMG-20240916-WA0006.jpg\" srcset=\"https:\/\/radio.unrc.edu.ar\/wp-content\/uploads\/2024\/09\/IMG-20240916-WA0006.jpg 1204w, https:\/\/radio.unrc.edu.ar\/wp-content\/uploads\/2024\/09\/IMG-20240916-WA0006-226x300.jpg 226w, https:\/\/radio.unrc.edu.ar\/wp-content\/uploads\/2024\/09\/IMG-20240916-WA0006-771x1024.jpg 771w, https:\/\/radio.unrc.edu.ar\/wp-content\/uploads\/2024\/09\/IMG-20240916-WA0006-768x1021.jpg 768w, https:\/\/radio.unrc.edu.ar\/wp-content\/uploads\/2024\/09\/IMG-20240916-WA0006-1156x1536.jpg 1156w, https:\/\/radio.unrc.edu.ar\/wp-content\/uploads\/2024\/09\/IMG-20240916-WA0006-150x199.jpg 150w, https:\/\/radio.unrc.edu.ar\/wp-content\/uploads\/2024\/09\/IMG-20240916-WA0006-300x399.jpg 300w, https:\/\/radio.unrc.edu.ar\/wp-content\/uploads\/2024\/09\/IMG-20240916-WA0006-696x925.jpg 696w, https:\/\/radio.unrc.edu.ar\/wp-content\/uploads\/2024\/09\/IMG-20240916-WA0006-1068x1419.jpg 1068w\" sizes=\"(max-width: 1204px) 100vw, 1204px\" alt=\"\">\r\n                            <\/a>\r\n                            \r\n                        <\/figure>\r\n                    <\/div>\r\n                            <\/div>\r\n                        <\/div>\r\n\r\n                        <div class = \"td-doubleSlider-2\">\r\n                            <div class = \"td-slider\">\r\n                                \r\n                    <div class = \"td-button td-item1\">\r\n                        <div class = \"td-border\"><\/div>\r\n                    <\/div>\r\n                    <div class = \"td-button td-item2\">\r\n                        <div class = \"td-border\"><\/div>\r\n                    <\/div>\r\n                    <div class = \"td-button td-item3\">\r\n                        <div class = \"td-border\"><\/div>\r\n                    <\/div>\r\n                    <div class = \"td-button td-item4\">\r\n                        <div class = \"td-border\"><\/div>\r\n                    <\/div>\r\n                    <div class = \"td-button td-item5\">\r\n                        <div class = \"td-border\"><\/div>\r\n                    <\/div>\r\n                    <div class = \"td-button td-item6\">\r\n                        <div class = \"td-border\"><\/div>\r\n                    <\/div>\r\n                            <\/div>\r\n                        <\/div>\r\n\r\n                    <\/div>\r\n\r\n                <\/div>\r\n                \n<p><iframe src=\"https:\/\/www.facebook.com\/plugins\/post.php?href=https%3A%2F%2Fwww.facebook.com%2Fhumanasunrc%2Fposts%2Fpfbid02SW8Yvzpu2vp2tCNn6axDigsKyzwtmUbXzgbq1BqHdDsd3U3K8HW2n8A1VGrtaeSFl&#038;show_text=true&#038;width=500\" width=\"500\" height=\"613\" style=\"border:none;overflow:hidden\" scrolling=\"no\" frameborder=\"0\" allowfullscreen=\"true\" allow=\"autoplay; clipboard-write; encrypted-media; picture-in-picture; web-share\"><\/iframe><\/p>\n","protected":false},"excerpt":{"rendered":"<p>El decano Cristian Santos, dijo que el equipo de gesti\u00f3n que los acompa\u00f1a en la Facultad de Ciencias Humanas tiene representantes de los distintos departamentos de esa unidad acad\u00e9mica. Santos destac\u00f3 que algunos tienen mucha experiencia en gesti\u00f3n y otros que se vienen incorporando. El decano consider\u00f3 que es un equilibrio interesante que conforma un [&hellip;]<\/p>\n","protected":false},"author":2,"featured_media":20451,"comment_status":"open","ping_status":"open","sticky":false,"template":"","format":"standard","meta":{"footnotes":""},"categories":[17],"tags":[],"class_list":{"0":"post-20450","1":"post","2":"type-post","3":"status-publish","4":"format-standard","5":"has-post-thumbnail","7":"category-universitarias"},"yoast_head":"<!-- This site is optimized with the Yoast SEO plugin v21.5 - https:\/\/yoast.com\/wordpress\/plugins\/seo\/ -->\n<title>El equipo de trabajo de Humanas est\u00e1 integrado por representantes de distintos departamentos - Radio UNRC<\/title>\n<meta name=\"description\" content=\"La radio que te hace sentir y pensar.\" \/>\n<meta name=\"robots\" content=\"index, follow, max-snippet:-1, max-image-preview:large, max-video-preview:-1\" \/>\n<link rel=\"canonical\" href=\"https:\/\/radio.unrc.edu.ar\/?p=20450\" \/>\n<meta property=\"og:locale\" content=\"es_ES\" \/>\n<meta property=\"og:type\" content=\"article\" \/>\n<meta property=\"og:title\" content=\"El equipo de trabajo de Humanas est\u00e1 integrado por representantes de distintos departamentos - Radio UNRC\" \/>\n<meta property=\"og:description\" content=\"La radio que te hace sentir y pensar.\" \/>\n<meta property=\"og:url\" content=\"https:\/\/radio.unrc.edu.ar\/?p=20450\" \/>\n<meta property=\"og:site_name\" content=\"Radio UNRC\" \/>\n<meta property=\"article:publisher\" content=\"https:\/\/www.facebook.com\/radiounrc\" \/>\n<meta property=\"article:published_time\" content=\"2024-09-16T13:55:02+00:00\" \/>\n<meta property=\"article:modified_time\" content=\"2024-09-17T13:33:59+00:00\" \/>\n<meta property=\"og:image\" content=\"https:\/\/radio.unrc.edu.ar\/wp-content\/uploads\/2024\/09\/humanas-1.jpg\" \/>\n\t<meta property=\"og:image:width\" content=\"1280\" \/>\n\t<meta property=\"og:image:height\" content=\"740\" \/>\n\t<meta property=\"og:image:type\" content=\"image\/jpeg\" \/>\n<meta name=\"author\" content=\"majo\" \/>\n<meta name=\"twitter:card\" content=\"summary_large_image\" \/>\n<meta name=\"twitter:label1\" content=\"Escrito por\" \/>\n\t<meta name=\"twitter:data1\" content=\"majo\" \/>\n\t<meta name=\"twitter:label2\" content=\"Tiempo de lectura\" \/>\n\t<meta name=\"twitter:data2\" content=\"2 minutos\" \/>\n<script type=\"application\/ld+json\" class=\"yoast-schema-graph\">{\"@context\":\"https:\/\/schema.org\",\"@graph\":[{\"@type\":\"Article\",\"@id\":\"https:\/\/radio.unrc.edu.ar\/?p=20450#article\",\"isPartOf\":{\"@id\":\"https:\/\/radio.unrc.edu.ar\/?p=20450\"},\"author\":{\"name\":\"majo\",\"@id\":\"https:\/\/radio.unrc.edu.ar\/#\/schema\/person\/197edd08d015632a43a5e6a515c4f7a6\"},\"headline\":\"El equipo de trabajo de Humanas est\u00e1 integrado por representantes de distintos departamentos\",\"datePublished\":\"2024-09-16T13:55:02+00:00\",\"dateModified\":\"2024-09-17T13:33:59+00:00\",\"mainEntityOfPage\":{\"@id\":\"https:\/\/radio.unrc.edu.ar\/?p=20450\"},\"wordCount\":327,\"commentCount\":0,\"publisher\":{\"@id\":\"https:\/\/radio.unrc.edu.ar\/#organization\"},\"articleSection\":[\"Universitarias\"],\"inLanguage\":\"es\",\"potentialAction\":[{\"@type\":\"CommentAction\",\"name\":\"Comment\",\"target\":[\"https:\/\/radio.unrc.edu.ar\/?p=20450#respond\"]}]},{\"@type\":\"WebPage\",\"@id\":\"https:\/\/radio.unrc.edu.ar\/?p=20450\",\"url\":\"https:\/\/radio.unrc.edu.ar\/?p=20450\",\"name\":\"El equipo de trabajo de Humanas est\u00e1 integrado por representantes de distintos departamentos - Radio UNRC\",\"isPartOf\":{\"@id\":\"https:\/\/radio.unrc.edu.ar\/#website\"},\"datePublished\":\"2024-09-16T13:55:02+00:00\",\"dateModified\":\"2024-09-17T13:33:59+00:00\",\"description\":\"La radio que te hace sentir y pensar.\",\"breadcrumb\":{\"@id\":\"https:\/\/radio.unrc.edu.ar\/?p=20450#breadcrumb\"},\"inLanguage\":\"es\",\"potentialAction\":[{\"@type\":\"ReadAction\",\"target\":[\"https:\/\/radio.unrc.edu.ar\/?p=20450\"]}]},{\"@type\":\"BreadcrumbList\",\"@id\":\"https:\/\/radio.unrc.edu.ar\/?p=20450#breadcrumb\",\"itemListElement\":[{\"@type\":\"ListItem\",\"position\":1,\"name\":\"Portada\",\"item\":\"https:\/\/radio.unrc.edu.ar\/\"},{\"@type\":\"ListItem\",\"position\":2,\"name\":\"El equipo de trabajo de Humanas est\u00e1 integrado por representantes de distintos departamentos\"}]},{\"@type\":\"WebSite\",\"@id\":\"https:\/\/radio.unrc.edu.ar\/#website\",\"url\":\"https:\/\/radio.unrc.edu.ar\/\",\"name\":\"Radio UNRC\",\"description\":\"La Radio de la Uni, la que te hace sentir y pensar\",\"publisher\":{\"@id\":\"https:\/\/radio.unrc.edu.ar\/#organization\"},\"potentialAction\":[{\"@type\":\"SearchAction\",\"target\":{\"@type\":\"EntryPoint\",\"urlTemplate\":\"https:\/\/radio.unrc.edu.ar\/?s={search_term_string}\"},\"query-input\":\"required name=search_term_string\"}],\"inLanguage\":\"es\"},{\"@type\":\"Organization\",\"@id\":\"https:\/\/radio.unrc.edu.ar\/#organization\",\"name\":\"Radio UNRC\",\"url\":\"https:\/\/radio.unrc.edu.ar\/\",\"logo\":{\"@type\":\"ImageObject\",\"inLanguage\":\"es\",\"@id\":\"https:\/\/radio.unrc.edu.ar\/#\/schema\/logo\/image\/\",\"url\":\"https:\/\/radio.unrc.edu.ar\/wp-content\/uploads\/2022\/03\/logo-radio-544.png\",\"contentUrl\":\"https:\/\/radio.unrc.edu.ar\/wp-content\/uploads\/2022\/03\/logo-radio-544.png\",\"width\":544,\"height\":180,\"caption\":\"Radio UNRC\"},\"image\":{\"@id\":\"https:\/\/radio.unrc.edu.ar\/#\/schema\/logo\/image\/\"},\"sameAs\":[\"https:\/\/www.facebook.com\/radiounrc\",\"https:\/\/www.instagram.com\/radiounrc\/\"]},{\"@type\":\"Person\",\"@id\":\"https:\/\/radio.unrc.edu.ar\/#\/schema\/person\/197edd08d015632a43a5e6a515c4f7a6\",\"name\":\"majo\",\"image\":{\"@type\":\"ImageObject\",\"inLanguage\":\"es\",\"@id\":\"https:\/\/radio.unrc.edu.ar\/#\/schema\/person\/image\/\",\"url\":\"https:\/\/secure.gravatar.com\/avatar\/6806165fb7635331b44fb331ffb478c3230b9d62d675244a0e2dfd0cb8d8b503?s=96&d=mm&r=g\",\"contentUrl\":\"https:\/\/secure.gravatar.com\/avatar\/6806165fb7635331b44fb331ffb478c3230b9d62d675244a0e2dfd0cb8d8b503?s=96&d=mm&r=g\",\"caption\":\"majo\"},\"url\":\"https:\/\/radio.unrc.edu.ar\/?author=2\"}]}<\/script>\n<!-- \/ Yoast SEO plugin. -->","yoast_head_json":{"title":"El equipo de trabajo de Humanas est\u00e1 integrado por representantes de distintos departamentos - Radio UNRC","description":"La radio que te hace sentir y pensar.","robots":{"index":"index","follow":"follow","max-snippet":"max-snippet:-1","max-image-preview":"max-image-preview:large","max-video-preview":"max-video-preview:-1"},"canonical":"https:\/\/radio.unrc.edu.ar\/?p=20450","og_locale":"es_ES","og_type":"article","og_title":"El equipo de trabajo de Humanas est\u00e1 integrado por representantes de distintos departamentos - Radio UNRC","og_description":"La radio que te hace sentir y pensar.","og_url":"https:\/\/radio.unrc.edu.ar\/?p=20450","og_site_name":"Radio UNRC","article_publisher":"https:\/\/www.facebook.com\/radiounrc","article_published_time":"2024-09-16T13:55:02+00:00","article_modified_time":"2024-09-17T13:33:59+00:00","og_image":[{"width":1280,"height":740,"url":"https:\/\/radio.unrc.edu.ar\/wp-content\/uploads\/2024\/09\/humanas-1.jpg","type":"image\/jpeg"}],"author":"majo","twitter_card":"summary_large_image","twitter_misc":{"Escrito por":"majo","Tiempo de lectura":"2 minutos"},"schema":{"@context":"https:\/\/schema.org","@graph":[{"@type":"Article","@id":"https:\/\/radio.unrc.edu.ar\/?p=20450#article","isPartOf":{"@id":"https:\/\/radio.unrc.edu.ar\/?p=20450"},"author":{"name":"majo","@id":"https:\/\/radio.unrc.edu.ar\/#\/schema\/person\/197edd08d015632a43a5e6a515c4f7a6"},"headline":"El equipo de trabajo de Humanas est\u00e1 integrado por representantes de distintos departamentos","datePublished":"2024-09-16T13:55:02+00:00","dateModified":"2024-09-17T13:33:59+00:00","mainEntityOfPage":{"@id":"https:\/\/radio.unrc.edu.ar\/?p=20450"},"wordCount":327,"commentCount":0,"publisher":{"@id":"https:\/\/radio.unrc.edu.ar\/#organization"},"articleSection":["Universitarias"],"inLanguage":"es","potentialAction":[{"@type":"CommentAction","name":"Comment","target":["https:\/\/radio.unrc.edu.ar\/?p=20450#respond"]}]},{"@type":"WebPage","@id":"https:\/\/radio.unrc.edu.ar\/?p=20450","url":"https:\/\/radio.unrc.edu.ar\/?p=20450","name":"El equipo de trabajo de Humanas est\u00e1 integrado por representantes de distintos departamentos - Radio UNRC","isPartOf":{"@id":"https:\/\/radio.unrc.edu.ar\/#website"},"datePublished":"2024-09-16T13:55:02+00:00","dateModified":"2024-09-17T13:33:59+00:00","description":"La radio que te hace sentir y pensar.","breadcrumb":{"@id":"https:\/\/radio.unrc.edu.ar\/?p=20450#breadcrumb"},"inLanguage":"es","potentialAction":[{"@type":"ReadAction","target":["https:\/\/radio.unrc.edu.ar\/?p=20450"]}]},{"@type":"BreadcrumbList","@id":"https:\/\/radio.unrc.edu.ar\/?p=20450#breadcrumb","itemListElement":[{"@type":"ListItem","position":1,"name":"Portada","item":"https:\/\/radio.unrc.edu.ar\/"},{"@type":"ListItem","position":2,"name":"El equipo de trabajo de Humanas est\u00e1 integrado por representantes de distintos departamentos"}]},{"@type":"WebSite","@id":"https:\/\/radio.unrc.edu.ar\/#website","url":"https:\/\/radio.unrc.edu.ar\/","name":"Radio UNRC","description":"La Radio de la Uni, la que te hace sentir y pensar","publisher":{"@id":"https:\/\/radio.unrc.edu.ar\/#organization"},"potentialAction":[{"@type":"SearchAction","target":{"@type":"EntryPoint","urlTemplate":"https:\/\/radio.unrc.edu.ar\/?s={search_term_string}"},"query-input":"required name=search_term_string"}],"inLanguage":"es"},{"@type":"Organization","@id":"https:\/\/radio.unrc.edu.ar\/#organization","name":"Radio UNRC","url":"https:\/\/radio.unrc.edu.ar\/","logo":{"@type":"ImageObject","inLanguage":"es","@id":"https:\/\/radio.unrc.edu.ar\/#\/schema\/logo\/image\/","url":"https:\/\/radio.unrc.edu.ar\/wp-content\/uploads\/2022\/03\/logo-radio-544.png","contentUrl":"https:\/\/radio.unrc.edu.ar\/wp-content\/uploads\/2022\/03\/logo-radio-544.png","width":544,"height":180,"caption":"Radio UNRC"},"image":{"@id":"https:\/\/radio.unrc.edu.ar\/#\/schema\/logo\/image\/"},"sameAs":["https:\/\/www.facebook.com\/radiounrc","https:\/\/www.instagram.com\/radiounrc\/"]},{"@type":"Person","@id":"https:\/\/radio.unrc.edu.ar\/#\/schema\/person\/197edd08d015632a43a5e6a515c4f7a6","name":"majo","image":{"@type":"ImageObject","inLanguage":"es","@id":"https:\/\/radio.unrc.edu.ar\/#\/schema\/person\/image\/","url":"https:\/\/secure.gravatar.com\/avatar\/6806165fb7635331b44fb331ffb478c3230b9d62d675244a0e2dfd0cb8d8b503?s=96&d=mm&r=g","contentUrl":"https:\/\/secure.gravatar.com\/avatar\/6806165fb7635331b44fb331ffb478c3230b9d62d675244a0e2dfd0cb8d8b503?s=96&d=mm&r=g","caption":"majo"},"url":"https:\/\/radio.unrc.edu.ar\/?author=2"}]}},"_links":{"self":[{"href":"https:\/\/radio.unrc.edu.ar\/index.php?rest_route=\/wp\/v2\/posts\/20450","targetHints":{"allow":["GET"]}}],"collection":[{"href":"https:\/\/radio.unrc.edu.ar\/index.php?rest_route=\/wp\/v2\/posts"}],"about":[{"href":"https:\/\/radio.unrc.edu.ar\/index.php?rest_route=\/wp\/v2\/types\/post"}],"author":[{"embeddable":true,"href":"https:\/\/radio.unrc.edu.ar\/index.php?rest_route=\/wp\/v2\/users\/2"}],"replies":[{"embeddable":true,"href":"https:\/\/radio.unrc.edu.ar\/index.php?rest_route=%2Fwp%2Fv2%2Fcomments&post=20450"}],"version-history":[{"count":3,"href":"https:\/\/radio.unrc.edu.ar\/index.php?rest_route=\/wp\/v2\/posts\/20450\/revisions"}],"predecessor-version":[{"id":20463,"href":"https:\/\/radio.unrc.edu.ar\/index.php?rest_route=\/wp\/v2\/posts\/20450\/revisions\/20463"}],"wp:featuredmedia":[{"embeddable":true,"href":"https:\/\/radio.unrc.edu.ar\/index.php?rest_route=\/wp\/v2\/media\/20451"}],"wp:attachment":[{"href":"https:\/\/radio.unrc.edu.ar\/index.php?rest_route=%2Fwp%2Fv2%2Fmedia&parent=20450"}],"wp:term":[{"taxonomy":"category","embeddable":true,"href":"https:\/\/radio.unrc.edu.ar\/index.php?rest_route=%2Fwp%2Fv2%2Fcategories&post=20450"},{"taxonomy":"post_tag","embeddable":true,"href":"https:\/\/radio.unrc.edu.ar\/index.php?rest_route=%2Fwp%2Fv2%2Ftags&post=20450"}],"curies":[{"name":"wp","href":"https:\/\/api.w.org\/{rel}","templated":true}]}}