{"id":27021,"date":"2025-05-09T11:27:03","date_gmt":"2025-05-09T14:27:03","guid":{"rendered":"https:\/\/radio.unrc.edu.ar\/?p=27021"},"modified":"2025-05-12T10:40:43","modified_gmt":"2025-05-12T13:40:43","slug":"este-9-de-mayo-se-conmemora-el-dia-del-graduado-de-la-unrc-2","status":"publish","type":"post","link":"https:\/\/radio.unrc.edu.ar\/?p=27021","title":{"rendered":"Este 9 de mayo se conmemora el D\u00eda del Graduado de la UNRC"},"content":{"rendered":"<p>Cada 9 de mayo se conmemora el D\u00eda del Graduado de la UNRC en referencia a la primera colaci\u00f3n de grados que se realiz\u00f3 en la casa de estudios. Adem\u00e1s, se presenta la \u00abCredencial del Graduado\u00bb a la que pueden acceder todos los egresados de la universidad local.<\/p>\n<p>Jerem\u00edas Biglia, del \u00c1rea Graduados de la UNRC, dio algunos detalles de esta identificaci\u00f3n que debe tramitarse via online.<\/p>\n<p><iframe width=\"100%\" height=\"300\" scrolling=\"no\" frameborder=\"no\" allow=\"autoplay\" src=\"https:\/\/w.soundcloud.com\/player\/?url=https%3A\/\/api.soundcloud.com\/tracks\/2092894041&#038;color=%23ff5500&#038;auto_play=false&#038;hide_related=false&#038;show_comments=true&#038;show_user=true&#038;show_reposts=false&#038;show_teaser=true&#038;visual=true\"><\/iframe><\/p>\n<div style=\"font-size: 10px; color: #cccccc;line-break: anywhere;word-break: normal;overflow: hidden;white-space: nowrap;text-overflow: ellipsis; font-family: Interstate,Lucida Grande,Lucida Sans Unicode,Lucida Sans,Garuda,Verdana,Tahoma,sans-serif;font-weight: 100;\"><a href=\"https:\/\/soundcloud.com\/radiounrc97-7\" title=\"RadioUNRC97.7\" target=\"_blank\" style=\"color: #cccccc; text-decoration: none;\">RadioUNRC97.7<\/a> \u00b7 <a href=\"https:\/\/soundcloud.com\/radiounrc97-7\/jeremias-biglia\" title=\"Jerem\u00edas Biglia\" target=\"_blank\" style=\"color: #cccccc; text-decoration: none;\">Jerem\u00edas Biglia<\/a><\/div>\n<p>\u00abSiempre es un buen momento para recordar el esfuerzo de los graduados\u00bb, dijo Fabiana Deramo, secretaria de Extensi\u00f3n de la UNRC, quien dio algunos detalles sobre la credencial y coment\u00f3 que muchas empresas privadas se mostraron interesadas en participar.<\/p>\n<p><iframe width=\"100%\" height=\"300\" scrolling=\"no\" frameborder=\"no\" allow=\"autoplay\" src=\"https:\/\/w.soundcloud.com\/player\/?url=https%3A\/\/api.soundcloud.com\/tracks\/2092897497&#038;color=%23ff5500&#038;auto_play=false&#038;hide_related=false&#038;show_comments=true&#038;show_user=true&#038;show_reposts=false&#038;show_teaser=true&#038;visual=true\"><\/iframe><\/p>\n<div style=\"font-size: 10px; color: #cccccc;line-break: anywhere;word-break: normal;overflow: hidden;white-space: nowrap;text-overflow: ellipsis; font-family: Interstate,Lucida Grande,Lucida Sans Unicode,Lucida Sans,Garuda,Verdana,Tahoma,sans-serif;font-weight: 100;\"><a href=\"https:\/\/soundcloud.com\/radiounrc97-7\" title=\"RadioUNRC97.7\" target=\"_blank\" style=\"color: #cccccc; text-decoration: none;\">RadioUNRC97.7<\/a> \u00b7 <a href=\"https:\/\/soundcloud.com\/radiounrc97-7\/fabiana-deramo\" title=\"Fabiana Deramo\" target=\"_blank\" style=\"color: #cccccc; text-decoration: none;\">Fabiana Deramo<\/a><\/div>\n<p>Uno de los graduados, el contador Miguel Rasmussen, dijo que ve a la UNRC en constante ascenso y agreg\u00f3 que se trata de una universidad destacada en el pa\u00eds.<\/p>\n<p><iframe width=\"100%\" height=\"300\" scrolling=\"no\" frameborder=\"no\" allow=\"autoplay\" src=\"https:\/\/w.soundcloud.com\/player\/?url=https%3A\/\/api.soundcloud.com\/tracks\/2092902780&#038;color=%23ff5500&#038;auto_play=false&#038;hide_related=false&#038;show_comments=true&#038;show_user=true&#038;show_reposts=false&#038;show_teaser=true&#038;visual=true\"><\/iframe><\/p>\n<div style=\"font-size: 10px; color: #cccccc;line-break: anywhere;word-break: normal;overflow: hidden;white-space: nowrap;text-overflow: ellipsis; font-family: Interstate,Lucida Grande,Lucida Sans Unicode,Lucida Sans,Garuda,Verdana,Tahoma,sans-serif;font-weight: 100;\"><a href=\"https:\/\/soundcloud.com\/radiounrc97-7\" title=\"RadioUNRC97.7\" target=\"_blank\" style=\"color: #cccccc; text-decoration: none;\">RadioUNRC97.7<\/a> \u00b7 <a href=\"https:\/\/soundcloud.com\/radiounrc97-7\/miguel-rasmussen\" title=\"Miguel Rasmussen\" target=\"_blank\" style=\"color: #cccccc; text-decoration: none;\">Miguel Rasmussen<\/a><\/div>\n\r\n                <style type=\"text\/css\">\r\n                    \r\n                    #tdi_1  .td-doubleSlider-2 .td-item1 {\r\n                        background: url(https:\/\/radio.unrc.edu.ar\/wp-content\/uploads\/2025\/05\/2025_Sec.-Extension_Area-Graduados_Dia-del-graduado-7.jpg) 0 0 no-repeat;\r\n                    }\r\n                    #tdi_1  .td-doubleSlider-2 .td-item2 {\r\n                        background: url(https:\/\/radio.unrc.edu.ar\/wp-content\/uploads\/2025\/05\/2025_Sec.-Extension_Area-Graduados_Dia-del-graduado-22.jpg) 0 0 no-repeat;\r\n                    }\r\n                    #tdi_1  .td-doubleSlider-2 .td-item3 {\r\n                        background: url(https:\/\/radio.unrc.edu.ar\/wp-content\/uploads\/2025\/05\/2025_Sec.-Extension_Area-Graduados_Dia-del-graduado-44.jpg) 0 0 no-repeat;\r\n                    }\r\n                    #tdi_1  .td-doubleSlider-2 .td-item4 {\r\n                        background: url(https:\/\/radio.unrc.edu.ar\/wp-content\/uploads\/2025\/05\/2025_Sec.-Extension_Area-Graduados_Dia-del-graduado-47.jpg) 0 0 no-repeat;\r\n                    }\r\n                    #tdi_1  .td-doubleSlider-2 .td-item5 {\r\n                        background: url(https:\/\/radio.unrc.edu.ar\/wp-content\/uploads\/2025\/05\/2025_Sec.-Extension_Area-Graduados_Dia-del-graduado-56.jpg) 0 0 no-repeat;\r\n                    }\r\n                    #tdi_1  .td-doubleSlider-2 .td-item6 {\r\n                        background: url(https:\/\/radio.unrc.edu.ar\/wp-content\/uploads\/2025\/05\/2025_Sec.-Extension_Area-Graduados_Dia-del-graduado-63.jpg) 0 0 no-repeat;\r\n                    }\r\n                    #tdi_1  .td-doubleSlider-2 .td-item7 {\r\n                        background: url(https:\/\/radio.unrc.edu.ar\/wp-content\/uploads\/2025\/05\/2025_Sec.-Extension_Area-Graduados_Dia-del-graduado-69.jpg) 0 0 no-repeat;\r\n                    }\r\n                    #tdi_1  .td-doubleSlider-2 .td-item8 {\r\n                        background: url(https:\/\/radio.unrc.edu.ar\/wp-content\/uploads\/2025\/05\/2025_Sec.-Extension_Area-Graduados_Dia-del-graduado-107.jpg) 0 0 no-repeat;\r\n                    }\r\n                <\/style>\r\n\r\n                <div id=\"tdi_1\" class=\"td-gallery td-slide-on-2-columns\">\r\n                    <div class=\"post_td_gallery\">\r\n                        <div class=\"td-gallery-slide-top\">\r\n                           <div class=\"td-gallery-title\"><\/div>\r\n\r\n                            <div class=\"td-gallery-controls-wrapper\">\r\n                                <div class=\"td-gallery-slide-count\"><span class=\"td-gallery-slide-item-focus\">1<\/span> de 8<\/div>\r\n                                <div class=\"td-gallery-slide-prev-next-but\">\r\n                                    <i class = \"td-icon-left doubleSliderPrevButton\"><\/i>\r\n                                    <i class = \"td-icon-right doubleSliderNextButton\"><\/i>\r\n                                <\/div>\r\n                            <\/div>\r\n                        <\/div>\r\n\r\n                        <div class = \"td-doubleSlider-1 \">\r\n                            <div class = \"td-slider\">\r\n                                \r\n                    <div class = \"td-slide-item td-item1\">\r\n                        <figure class=\"td-slide-galery-figure td-slide-popup-gallery\">\r\n                            <a class=\"slide-gallery-image-link\" href=\"https:\/\/radio.unrc.edu.ar\/wp-content\/uploads\/2025\/05\/2025_Sec.-Extension_Area-Graduados_Dia-del-graduado-7.jpg\" title=\"2025_Sec. Extension_Area Graduados_Dia del graduado (7)\"  data-caption=\"\"  data-description=\"\">\r\n                                <img decoding=\"async\" src=\"https:\/\/radio.unrc.edu.ar\/wp-content\/uploads\/2025\/05\/2025_Sec.-Extension_Area-Graduados_Dia-del-graduado-7.jpg\" srcset=\"https:\/\/radio.unrc.edu.ar\/wp-content\/uploads\/2025\/05\/2025_Sec.-Extension_Area-Graduados_Dia-del-graduado-7.jpg 1772w, https:\/\/radio.unrc.edu.ar\/wp-content\/uploads\/2025\/05\/2025_Sec.-Extension_Area-Graduados_Dia-del-graduado-7-300x200.jpg 300w, https:\/\/radio.unrc.edu.ar\/wp-content\/uploads\/2025\/05\/2025_Sec.-Extension_Area-Graduados_Dia-del-graduado-7-1024x682.jpg 1024w, https:\/\/radio.unrc.edu.ar\/wp-content\/uploads\/2025\/05\/2025_Sec.-Extension_Area-Graduados_Dia-del-graduado-7-768x512.jpg 768w, https:\/\/radio.unrc.edu.ar\/wp-content\/uploads\/2025\/05\/2025_Sec.-Extension_Area-Graduados_Dia-del-graduado-7-1536x1024.jpg 1536w, https:\/\/radio.unrc.edu.ar\/wp-content\/uploads\/2025\/05\/2025_Sec.-Extension_Area-Graduados_Dia-del-graduado-7-150x100.jpg 150w, https:\/\/radio.unrc.edu.ar\/wp-content\/uploads\/2025\/05\/2025_Sec.-Extension_Area-Graduados_Dia-del-graduado-7-696x464.jpg 696w, https:\/\/radio.unrc.edu.ar\/wp-content\/uploads\/2025\/05\/2025_Sec.-Extension_Area-Graduados_Dia-del-graduado-7-1068x712.jpg 1068w\" sizes=\"(max-width: 1772px) 100vw, 1772px\" alt=\"\">\r\n                            <\/a>\r\n                            \r\n                        <\/figure>\r\n                    <\/div>\r\n                    <div class = \"td-slide-item td-item2\">\r\n                        <figure class=\"td-slide-galery-figure td-slide-popup-gallery\">\r\n                            <a class=\"slide-gallery-image-link\" href=\"https:\/\/radio.unrc.edu.ar\/wp-content\/uploads\/2025\/05\/2025_Sec.-Extension_Area-Graduados_Dia-del-graduado-22.jpg\" title=\"2025_Sec. Extension_Area Graduados_Dia del graduado (22)\"  data-caption=\"\"  data-description=\"\">\r\n                                <img decoding=\"async\" src=\"https:\/\/radio.unrc.edu.ar\/wp-content\/uploads\/2025\/05\/2025_Sec.-Extension_Area-Graduados_Dia-del-graduado-22.jpg\" srcset=\"https:\/\/radio.unrc.edu.ar\/wp-content\/uploads\/2025\/05\/2025_Sec.-Extension_Area-Graduados_Dia-del-graduado-22.jpg 1181w, https:\/\/radio.unrc.edu.ar\/wp-content\/uploads\/2025\/05\/2025_Sec.-Extension_Area-Graduados_Dia-del-graduado-22-235x300.jpg 235w, https:\/\/radio.unrc.edu.ar\/wp-content\/uploads\/2025\/05\/2025_Sec.-Extension_Area-Graduados_Dia-del-graduado-22-802x1024.jpg 802w, https:\/\/radio.unrc.edu.ar\/wp-content\/uploads\/2025\/05\/2025_Sec.-Extension_Area-Graduados_Dia-del-graduado-22-768x981.jpg 768w, https:\/\/radio.unrc.edu.ar\/wp-content\/uploads\/2025\/05\/2025_Sec.-Extension_Area-Graduados_Dia-del-graduado-22-150x192.jpg 150w, https:\/\/radio.unrc.edu.ar\/wp-content\/uploads\/2025\/05\/2025_Sec.-Extension_Area-Graduados_Dia-del-graduado-22-300x383.jpg 300w, https:\/\/radio.unrc.edu.ar\/wp-content\/uploads\/2025\/05\/2025_Sec.-Extension_Area-Graduados_Dia-del-graduado-22-696x889.jpg 696w, https:\/\/radio.unrc.edu.ar\/wp-content\/uploads\/2025\/05\/2025_Sec.-Extension_Area-Graduados_Dia-del-graduado-22-1068x1364.jpg 1068w\" sizes=\"(max-width: 1181px) 100vw, 1181px\" alt=\"\">\r\n                            <\/a>\r\n                            \r\n                        <\/figure>\r\n                    <\/div>\r\n                    <div class = \"td-slide-item td-item3\">\r\n                        <figure class=\"td-slide-galery-figure td-slide-popup-gallery\">\r\n                            <a class=\"slide-gallery-image-link\" href=\"https:\/\/radio.unrc.edu.ar\/wp-content\/uploads\/2025\/05\/2025_Sec.-Extension_Area-Graduados_Dia-del-graduado-44.jpg\" title=\"2025_Sec. Extension_Area Graduados_Dia del graduado (44)\"  data-caption=\"\"  data-description=\"\">\r\n                                <img decoding=\"async\" src=\"https:\/\/radio.unrc.edu.ar\/wp-content\/uploads\/2025\/05\/2025_Sec.-Extension_Area-Graduados_Dia-del-graduado-44.jpg\" srcset=\"https:\/\/radio.unrc.edu.ar\/wp-content\/uploads\/2025\/05\/2025_Sec.-Extension_Area-Graduados_Dia-del-graduado-44.jpg 2338w, https:\/\/radio.unrc.edu.ar\/wp-content\/uploads\/2025\/05\/2025_Sec.-Extension_Area-Graduados_Dia-del-graduado-44-300x152.jpg 300w, https:\/\/radio.unrc.edu.ar\/wp-content\/uploads\/2025\/05\/2025_Sec.-Extension_Area-Graduados_Dia-del-graduado-44-1024x517.jpg 1024w, https:\/\/radio.unrc.edu.ar\/wp-content\/uploads\/2025\/05\/2025_Sec.-Extension_Area-Graduados_Dia-del-graduado-44-768x388.jpg 768w, https:\/\/radio.unrc.edu.ar\/wp-content\/uploads\/2025\/05\/2025_Sec.-Extension_Area-Graduados_Dia-del-graduado-44-1536x776.jpg 1536w, https:\/\/radio.unrc.edu.ar\/wp-content\/uploads\/2025\/05\/2025_Sec.-Extension_Area-Graduados_Dia-del-graduado-44-2048x1035.jpg 2048w, https:\/\/radio.unrc.edu.ar\/wp-content\/uploads\/2025\/05\/2025_Sec.-Extension_Area-Graduados_Dia-del-graduado-44-150x76.jpg 150w, https:\/\/radio.unrc.edu.ar\/wp-content\/uploads\/2025\/05\/2025_Sec.-Extension_Area-Graduados_Dia-del-graduado-44-696x352.jpg 696w, https:\/\/radio.unrc.edu.ar\/wp-content\/uploads\/2025\/05\/2025_Sec.-Extension_Area-Graduados_Dia-del-graduado-44-1068x539.jpg 1068w, https:\/\/radio.unrc.edu.ar\/wp-content\/uploads\/2025\/05\/2025_Sec.-Extension_Area-Graduados_Dia-del-graduado-44-1920x970.jpg 1920w\" sizes=\"(max-width: 2338px) 100vw, 2338px\" alt=\"\">\r\n                            <\/a>\r\n                            \r\n                        <\/figure>\r\n                    <\/div>\r\n                    <div class = \"td-slide-item td-item4\">\r\n                        <figure class=\"td-slide-galery-figure td-slide-popup-gallery\">\r\n                            <a class=\"slide-gallery-image-link\" href=\"https:\/\/radio.unrc.edu.ar\/wp-content\/uploads\/2025\/05\/2025_Sec.-Extension_Area-Graduados_Dia-del-graduado-47.jpg\" title=\"2025_Sec. Extension_Area Graduados_Dia del graduado (47)\"  data-caption=\"\"  data-description=\"\">\r\n                                <img decoding=\"async\" src=\"https:\/\/radio.unrc.edu.ar\/wp-content\/uploads\/2025\/05\/2025_Sec.-Extension_Area-Graduados_Dia-del-graduado-47.jpg\" srcset=\"https:\/\/radio.unrc.edu.ar\/wp-content\/uploads\/2025\/05\/2025_Sec.-Extension_Area-Graduados_Dia-del-graduado-47.jpg 1772w, https:\/\/radio.unrc.edu.ar\/wp-content\/uploads\/2025\/05\/2025_Sec.-Extension_Area-Graduados_Dia-del-graduado-47-300x200.jpg 300w, https:\/\/radio.unrc.edu.ar\/wp-content\/uploads\/2025\/05\/2025_Sec.-Extension_Area-Graduados_Dia-del-graduado-47-1024x682.jpg 1024w, https:\/\/radio.unrc.edu.ar\/wp-content\/uploads\/2025\/05\/2025_Sec.-Extension_Area-Graduados_Dia-del-graduado-47-768x512.jpg 768w, https:\/\/radio.unrc.edu.ar\/wp-content\/uploads\/2025\/05\/2025_Sec.-Extension_Area-Graduados_Dia-del-graduado-47-1536x1024.jpg 1536w, https:\/\/radio.unrc.edu.ar\/wp-content\/uploads\/2025\/05\/2025_Sec.-Extension_Area-Graduados_Dia-del-graduado-47-150x100.jpg 150w, https:\/\/radio.unrc.edu.ar\/wp-content\/uploads\/2025\/05\/2025_Sec.-Extension_Area-Graduados_Dia-del-graduado-47-696x464.jpg 696w, https:\/\/radio.unrc.edu.ar\/wp-content\/uploads\/2025\/05\/2025_Sec.-Extension_Area-Graduados_Dia-del-graduado-47-1068x712.jpg 1068w\" sizes=\"(max-width: 1772px) 100vw, 1772px\" alt=\"\">\r\n                            <\/a>\r\n                            \r\n                        <\/figure>\r\n                    <\/div>\r\n                    <div class = \"td-slide-item td-item5\">\r\n                        <figure class=\"td-slide-galery-figure td-slide-popup-gallery\">\r\n                            <a class=\"slide-gallery-image-link\" href=\"https:\/\/radio.unrc.edu.ar\/wp-content\/uploads\/2025\/05\/2025_Sec.-Extension_Area-Graduados_Dia-del-graduado-56.jpg\" title=\"2025_Sec. Extension_Area Graduados_Dia del graduado (56)\"  data-caption=\"\"  data-description=\"\">\r\n                                <img decoding=\"async\" src=\"https:\/\/radio.unrc.edu.ar\/wp-content\/uploads\/2025\/05\/2025_Sec.-Extension_Area-Graduados_Dia-del-graduado-56.jpg\" srcset=\"https:\/\/radio.unrc.edu.ar\/wp-content\/uploads\/2025\/05\/2025_Sec.-Extension_Area-Graduados_Dia-del-graduado-56.jpg 1772w, https:\/\/radio.unrc.edu.ar\/wp-content\/uploads\/2025\/05\/2025_Sec.-Extension_Area-Graduados_Dia-del-graduado-56-300x200.jpg 300w, https:\/\/radio.unrc.edu.ar\/wp-content\/uploads\/2025\/05\/2025_Sec.-Extension_Area-Graduados_Dia-del-graduado-56-1024x682.jpg 1024w, https:\/\/radio.unrc.edu.ar\/wp-content\/uploads\/2025\/05\/2025_Sec.-Extension_Area-Graduados_Dia-del-graduado-56-768x512.jpg 768w, https:\/\/radio.unrc.edu.ar\/wp-content\/uploads\/2025\/05\/2025_Sec.-Extension_Area-Graduados_Dia-del-graduado-56-1536x1024.jpg 1536w, https:\/\/radio.unrc.edu.ar\/wp-content\/uploads\/2025\/05\/2025_Sec.-Extension_Area-Graduados_Dia-del-graduado-56-150x100.jpg 150w, https:\/\/radio.unrc.edu.ar\/wp-content\/uploads\/2025\/05\/2025_Sec.-Extension_Area-Graduados_Dia-del-graduado-56-696x464.jpg 696w, https:\/\/radio.unrc.edu.ar\/wp-content\/uploads\/2025\/05\/2025_Sec.-Extension_Area-Graduados_Dia-del-graduado-56-1068x712.jpg 1068w\" sizes=\"(max-width: 1772px) 100vw, 1772px\" alt=\"\">\r\n                            <\/a>\r\n                            \r\n                        <\/figure>\r\n                    <\/div>\r\n                    <div class = \"td-slide-item td-item6\">\r\n                        <figure class=\"td-slide-galery-figure td-slide-popup-gallery\">\r\n                            <a class=\"slide-gallery-image-link\" href=\"https:\/\/radio.unrc.edu.ar\/wp-content\/uploads\/2025\/05\/2025_Sec.-Extension_Area-Graduados_Dia-del-graduado-63.jpg\" title=\"2025_Sec. Extension_Area Graduados_Dia del graduado (63)\"  data-caption=\"\"  data-description=\"\">\r\n                                <img decoding=\"async\" src=\"https:\/\/radio.unrc.edu.ar\/wp-content\/uploads\/2025\/05\/2025_Sec.-Extension_Area-Graduados_Dia-del-graduado-63.jpg\" srcset=\"https:\/\/radio.unrc.edu.ar\/wp-content\/uploads\/2025\/05\/2025_Sec.-Extension_Area-Graduados_Dia-del-graduado-63.jpg 1622w, https:\/\/radio.unrc.edu.ar\/wp-content\/uploads\/2025\/05\/2025_Sec.-Extension_Area-Graduados_Dia-del-graduado-63-300x218.jpg 300w, https:\/\/radio.unrc.edu.ar\/wp-content\/uploads\/2025\/05\/2025_Sec.-Extension_Area-Graduados_Dia-del-graduado-63-1024x746.jpg 1024w, https:\/\/radio.unrc.edu.ar\/wp-content\/uploads\/2025\/05\/2025_Sec.-Extension_Area-Graduados_Dia-del-graduado-63-768x559.jpg 768w, https:\/\/radio.unrc.edu.ar\/wp-content\/uploads\/2025\/05\/2025_Sec.-Extension_Area-Graduados_Dia-del-graduado-63-1536x1118.jpg 1536w, https:\/\/radio.unrc.edu.ar\/wp-content\/uploads\/2025\/05\/2025_Sec.-Extension_Area-Graduados_Dia-del-graduado-63-150x109.jpg 150w, https:\/\/radio.unrc.edu.ar\/wp-content\/uploads\/2025\/05\/2025_Sec.-Extension_Area-Graduados_Dia-del-graduado-63-696x507.jpg 696w, https:\/\/radio.unrc.edu.ar\/wp-content\/uploads\/2025\/05\/2025_Sec.-Extension_Area-Graduados_Dia-del-graduado-63-1068x778.jpg 1068w\" sizes=\"(max-width: 1622px) 100vw, 1622px\" alt=\"\">\r\n                            <\/a>\r\n                            \r\n                        <\/figure>\r\n                    <\/div>\r\n                    <div class = \"td-slide-item td-item7\">\r\n                        <figure class=\"td-slide-galery-figure td-slide-popup-gallery\">\r\n                            <a class=\"slide-gallery-image-link\" href=\"https:\/\/radio.unrc.edu.ar\/wp-content\/uploads\/2025\/05\/2025_Sec.-Extension_Area-Graduados_Dia-del-graduado-69.jpg\" title=\"2025_Sec. Extension_Area Graduados_Dia del graduado (69)\"  data-caption=\"\"  data-description=\"\">\r\n                                <img decoding=\"async\" src=\"https:\/\/radio.unrc.edu.ar\/wp-content\/uploads\/2025\/05\/2025_Sec.-Extension_Area-Graduados_Dia-del-graduado-69.jpg\" srcset=\"https:\/\/radio.unrc.edu.ar\/wp-content\/uploads\/2025\/05\/2025_Sec.-Extension_Area-Graduados_Dia-del-graduado-69.jpg 1772w, https:\/\/radio.unrc.edu.ar\/wp-content\/uploads\/2025\/05\/2025_Sec.-Extension_Area-Graduados_Dia-del-graduado-69-300x200.jpg 300w, https:\/\/radio.unrc.edu.ar\/wp-content\/uploads\/2025\/05\/2025_Sec.-Extension_Area-Graduados_Dia-del-graduado-69-1024x682.jpg 1024w, https:\/\/radio.unrc.edu.ar\/wp-content\/uploads\/2025\/05\/2025_Sec.-Extension_Area-Graduados_Dia-del-graduado-69-768x512.jpg 768w, https:\/\/radio.unrc.edu.ar\/wp-content\/uploads\/2025\/05\/2025_Sec.-Extension_Area-Graduados_Dia-del-graduado-69-1536x1024.jpg 1536w, https:\/\/radio.unrc.edu.ar\/wp-content\/uploads\/2025\/05\/2025_Sec.-Extension_Area-Graduados_Dia-del-graduado-69-150x100.jpg 150w, https:\/\/radio.unrc.edu.ar\/wp-content\/uploads\/2025\/05\/2025_Sec.-Extension_Area-Graduados_Dia-del-graduado-69-696x464.jpg 696w, https:\/\/radio.unrc.edu.ar\/wp-content\/uploads\/2025\/05\/2025_Sec.-Extension_Area-Graduados_Dia-del-graduado-69-1068x712.jpg 1068w\" sizes=\"(max-width: 1772px) 100vw, 1772px\" alt=\"\">\r\n                            <\/a>\r\n                            \r\n                        <\/figure>\r\n                    <\/div>\r\n                    <div class = \"td-slide-item td-item8\">\r\n                        <figure class=\"td-slide-galery-figure td-slide-popup-gallery\">\r\n                            <a class=\"slide-gallery-image-link\" href=\"https:\/\/radio.unrc.edu.ar\/wp-content\/uploads\/2025\/05\/2025_Sec.-Extension_Area-Graduados_Dia-del-graduado-107.jpg\" title=\"2025_Sec. Extension_Area Graduados_Dia del graduado (107)\"  data-caption=\"\"  data-description=\"\">\r\n                                <img decoding=\"async\" src=\"https:\/\/radio.unrc.edu.ar\/wp-content\/uploads\/2025\/05\/2025_Sec.-Extension_Area-Graduados_Dia-del-graduado-107.jpg\" srcset=\"https:\/\/radio.unrc.edu.ar\/wp-content\/uploads\/2025\/05\/2025_Sec.-Extension_Area-Graduados_Dia-del-graduado-107.jpg 2088w, https:\/\/radio.unrc.edu.ar\/wp-content\/uploads\/2025\/05\/2025_Sec.-Extension_Area-Graduados_Dia-del-graduado-107-300x170.jpg 300w, https:\/\/radio.unrc.edu.ar\/wp-content\/uploads\/2025\/05\/2025_Sec.-Extension_Area-Graduados_Dia-del-graduado-107-1024x579.jpg 1024w, https:\/\/radio.unrc.edu.ar\/wp-content\/uploads\/2025\/05\/2025_Sec.-Extension_Area-Graduados_Dia-del-graduado-107-768x434.jpg 768w, https:\/\/radio.unrc.edu.ar\/wp-content\/uploads\/2025\/05\/2025_Sec.-Extension_Area-Graduados_Dia-del-graduado-107-1536x869.jpg 1536w, https:\/\/radio.unrc.edu.ar\/wp-content\/uploads\/2025\/05\/2025_Sec.-Extension_Area-Graduados_Dia-del-graduado-107-2048x1158.jpg 2048w, https:\/\/radio.unrc.edu.ar\/wp-content\/uploads\/2025\/05\/2025_Sec.-Extension_Area-Graduados_Dia-del-graduado-107-150x85.jpg 150w, https:\/\/radio.unrc.edu.ar\/wp-content\/uploads\/2025\/05\/2025_Sec.-Extension_Area-Graduados_Dia-del-graduado-107-696x394.jpg 696w, https:\/\/radio.unrc.edu.ar\/wp-content\/uploads\/2025\/05\/2025_Sec.-Extension_Area-Graduados_Dia-del-graduado-107-1068x604.jpg 1068w, https:\/\/radio.unrc.edu.ar\/wp-content\/uploads\/2025\/05\/2025_Sec.-Extension_Area-Graduados_Dia-del-graduado-107-1920x1086.jpg 1920w\" sizes=\"(max-width: 2088px) 100vw, 2088px\" alt=\"\">\r\n                            <\/a>\r\n                            \r\n                        <\/figure>\r\n                    <\/div>\r\n                            <\/div>\r\n                        <\/div>\r\n\r\n                        <div class = \"td-doubleSlider-2\">\r\n                            <div class = \"td-slider\">\r\n                                \r\n                    <div class = \"td-button td-item1\">\r\n                        <div class = \"td-border\"><\/div>\r\n                    <\/div>\r\n                    <div class = \"td-button td-item2\">\r\n                        <div class = \"td-border\"><\/div>\r\n                    <\/div>\r\n                    <div class = \"td-button td-item3\">\r\n                        <div class = \"td-border\"><\/div>\r\n                    <\/div>\r\n                    <div class = \"td-button td-item4\">\r\n                        <div class = \"td-border\"><\/div>\r\n                    <\/div>\r\n                    <div class = \"td-button td-item5\">\r\n                        <div class = \"td-border\"><\/div>\r\n                    <\/div>\r\n                    <div class = \"td-button td-item6\">\r\n                        <div class = \"td-border\"><\/div>\r\n                    <\/div>\r\n                    <div class = \"td-button td-item7\">\r\n                        <div class = \"td-border\"><\/div>\r\n                    <\/div>\r\n                    <div class = \"td-button td-item8\">\r\n                        <div class = \"td-border\"><\/div>\r\n                    <\/div>\r\n                            <\/div>\r\n                        <\/div>\r\n\r\n                    <\/div>\r\n\r\n                <\/div>\r\n                \n<p><strong>Mas informaci\u00f3n<\/strong>: <a href=\"https:\/\/radio.unrc.edu.ar\/?p=26863\">Lanzar\u00e1n la Credencial del Graduado de la UNRC<\/a><\/p>\n","protected":false},"excerpt":{"rendered":"<p>Cada 9 de mayo se conmemora el D\u00eda del Graduado de la UNRC en referencia a la primera colaci\u00f3n de grados que se realiz\u00f3 en la casa de estudios. Adem\u00e1s, se presenta la \u00abCredencial del Graduado\u00bb a la que pueden acceder todos los egresados de la universidad local. Jerem\u00edas Biglia, del \u00c1rea Graduados de la [&hellip;]<\/p>\n","protected":false},"author":2,"featured_media":27040,"comment_status":"open","ping_status":"open","sticky":false,"template":"","format":"standard","meta":{"footnotes":""},"categories":[17],"tags":[],"class_list":{"0":"post-27021","1":"post","2":"type-post","3":"status-publish","4":"format-standard","5":"has-post-thumbnail","7":"category-universitarias"},"yoast_head":"<!-- This site is optimized with the Yoast SEO plugin v21.5 - https:\/\/yoast.com\/wordpress\/plugins\/seo\/ -->\n<title>Este 9 de mayo se conmemora el D\u00eda del Graduado de la UNRC - Radio UNRC<\/title>\n<meta name=\"description\" content=\"La radio que te hace sentir y pensar.\" \/>\n<meta name=\"robots\" content=\"index, follow, max-snippet:-1, max-image-preview:large, max-video-preview:-1\" \/>\n<link rel=\"canonical\" href=\"https:\/\/radio.unrc.edu.ar\/?p=27021\" \/>\n<meta property=\"og:locale\" content=\"es_ES\" \/>\n<meta property=\"og:type\" content=\"article\" \/>\n<meta property=\"og:title\" content=\"Este 9 de mayo se conmemora el D\u00eda del Graduado de la UNRC - Radio UNRC\" \/>\n<meta property=\"og:description\" content=\"La radio que te hace sentir y pensar.\" \/>\n<meta property=\"og:url\" content=\"https:\/\/radio.unrc.edu.ar\/?p=27021\" \/>\n<meta property=\"og:site_name\" content=\"Radio UNRC\" \/>\n<meta property=\"article:publisher\" content=\"https:\/\/www.facebook.com\/radiounrc\" \/>\n<meta property=\"article:published_time\" content=\"2025-05-09T14:27:03+00:00\" \/>\n<meta property=\"article:modified_time\" content=\"2025-05-12T13:40:43+00:00\" \/>\n<meta property=\"og:image\" content=\"https:\/\/radio.unrc.edu.ar\/wp-content\/uploads\/2025\/05\/graduados.jpg\" \/>\n\t<meta property=\"og:image:width\" content=\"1280\" \/>\n\t<meta property=\"og:image:height\" content=\"720\" \/>\n\t<meta property=\"og:image:type\" content=\"image\/jpeg\" \/>\n<meta name=\"author\" content=\"majo\" \/>\n<meta name=\"twitter:card\" content=\"summary_large_image\" \/>\n<meta name=\"twitter:label1\" content=\"Escrito por\" \/>\n\t<meta name=\"twitter:data1\" content=\"majo\" \/>\n\t<meta name=\"twitter:label2\" content=\"Tiempo de lectura\" \/>\n\t<meta name=\"twitter:data2\" content=\"1 minuto\" \/>\n<script type=\"application\/ld+json\" class=\"yoast-schema-graph\">{\"@context\":\"https:\/\/schema.org\",\"@graph\":[{\"@type\":\"Article\",\"@id\":\"https:\/\/radio.unrc.edu.ar\/?p=27021#article\",\"isPartOf\":{\"@id\":\"https:\/\/radio.unrc.edu.ar\/?p=27021\"},\"author\":{\"name\":\"majo\",\"@id\":\"https:\/\/radio.unrc.edu.ar\/#\/schema\/person\/197edd08d015632a43a5e6a515c4f7a6\"},\"headline\":\"Este 9 de mayo se conmemora el D\u00eda del Graduado de la UNRC\",\"datePublished\":\"2025-05-09T14:27:03+00:00\",\"dateModified\":\"2025-05-12T13:40:43+00:00\",\"mainEntityOfPage\":{\"@id\":\"https:\/\/radio.unrc.edu.ar\/?p=27021\"},\"wordCount\":185,\"commentCount\":0,\"publisher\":{\"@id\":\"https:\/\/radio.unrc.edu.ar\/#organization\"},\"articleSection\":[\"Universitarias\"],\"inLanguage\":\"es\",\"potentialAction\":[{\"@type\":\"CommentAction\",\"name\":\"Comment\",\"target\":[\"https:\/\/radio.unrc.edu.ar\/?p=27021#respond\"]}]},{\"@type\":\"WebPage\",\"@id\":\"https:\/\/radio.unrc.edu.ar\/?p=27021\",\"url\":\"https:\/\/radio.unrc.edu.ar\/?p=27021\",\"name\":\"Este 9 de mayo se conmemora el D\u00eda del Graduado de la UNRC - Radio UNRC\",\"isPartOf\":{\"@id\":\"https:\/\/radio.unrc.edu.ar\/#website\"},\"datePublished\":\"2025-05-09T14:27:03+00:00\",\"dateModified\":\"2025-05-12T13:40:43+00:00\",\"description\":\"La radio que te hace sentir y pensar.\",\"breadcrumb\":{\"@id\":\"https:\/\/radio.unrc.edu.ar\/?p=27021#breadcrumb\"},\"inLanguage\":\"es\",\"potentialAction\":[{\"@type\":\"ReadAction\",\"target\":[\"https:\/\/radio.unrc.edu.ar\/?p=27021\"]}]},{\"@type\":\"BreadcrumbList\",\"@id\":\"https:\/\/radio.unrc.edu.ar\/?p=27021#breadcrumb\",\"itemListElement\":[{\"@type\":\"ListItem\",\"position\":1,\"name\":\"Portada\",\"item\":\"https:\/\/radio.unrc.edu.ar\/\"},{\"@type\":\"ListItem\",\"position\":2,\"name\":\"Este 9 de mayo se conmemora el D\u00eda del Graduado de la UNRC\"}]},{\"@type\":\"WebSite\",\"@id\":\"https:\/\/radio.unrc.edu.ar\/#website\",\"url\":\"https:\/\/radio.unrc.edu.ar\/\",\"name\":\"Radio UNRC\",\"description\":\"La Radio de la Uni, la que te hace sentir y pensar\",\"publisher\":{\"@id\":\"https:\/\/radio.unrc.edu.ar\/#organization\"},\"potentialAction\":[{\"@type\":\"SearchAction\",\"target\":{\"@type\":\"EntryPoint\",\"urlTemplate\":\"https:\/\/radio.unrc.edu.ar\/?s={search_term_string}\"},\"query-input\":\"required name=search_term_string\"}],\"inLanguage\":\"es\"},{\"@type\":\"Organization\",\"@id\":\"https:\/\/radio.unrc.edu.ar\/#organization\",\"name\":\"Radio UNRC\",\"url\":\"https:\/\/radio.unrc.edu.ar\/\",\"logo\":{\"@type\":\"ImageObject\",\"inLanguage\":\"es\",\"@id\":\"https:\/\/radio.unrc.edu.ar\/#\/schema\/logo\/image\/\",\"url\":\"https:\/\/radio.unrc.edu.ar\/wp-content\/uploads\/2022\/03\/logo-radio-544.png\",\"contentUrl\":\"https:\/\/radio.unrc.edu.ar\/wp-content\/uploads\/2022\/03\/logo-radio-544.png\",\"width\":544,\"height\":180,\"caption\":\"Radio UNRC\"},\"image\":{\"@id\":\"https:\/\/radio.unrc.edu.ar\/#\/schema\/logo\/image\/\"},\"sameAs\":[\"https:\/\/www.facebook.com\/radiounrc\",\"https:\/\/www.instagram.com\/radiounrc\/\"]},{\"@type\":\"Person\",\"@id\":\"https:\/\/radio.unrc.edu.ar\/#\/schema\/person\/197edd08d015632a43a5e6a515c4f7a6\",\"name\":\"majo\",\"image\":{\"@type\":\"ImageObject\",\"inLanguage\":\"es\",\"@id\":\"https:\/\/radio.unrc.edu.ar\/#\/schema\/person\/image\/\",\"url\":\"https:\/\/secure.gravatar.com\/avatar\/6806165fb7635331b44fb331ffb478c3230b9d62d675244a0e2dfd0cb8d8b503?s=96&d=mm&r=g\",\"contentUrl\":\"https:\/\/secure.gravatar.com\/avatar\/6806165fb7635331b44fb331ffb478c3230b9d62d675244a0e2dfd0cb8d8b503?s=96&d=mm&r=g\",\"caption\":\"majo\"},\"url\":\"https:\/\/radio.unrc.edu.ar\/?author=2\"}]}<\/script>\n<!-- \/ Yoast SEO plugin. -->","yoast_head_json":{"title":"Este 9 de mayo se conmemora el D\u00eda del Graduado de la UNRC - Radio UNRC","description":"La radio que te hace sentir y pensar.","robots":{"index":"index","follow":"follow","max-snippet":"max-snippet:-1","max-image-preview":"max-image-preview:large","max-video-preview":"max-video-preview:-1"},"canonical":"https:\/\/radio.unrc.edu.ar\/?p=27021","og_locale":"es_ES","og_type":"article","og_title":"Este 9 de mayo se conmemora el D\u00eda del Graduado de la UNRC - Radio UNRC","og_description":"La radio que te hace sentir y pensar.","og_url":"https:\/\/radio.unrc.edu.ar\/?p=27021","og_site_name":"Radio UNRC","article_publisher":"https:\/\/www.facebook.com\/radiounrc","article_published_time":"2025-05-09T14:27:03+00:00","article_modified_time":"2025-05-12T13:40:43+00:00","og_image":[{"width":1280,"height":720,"url":"https:\/\/radio.unrc.edu.ar\/wp-content\/uploads\/2025\/05\/graduados.jpg","type":"image\/jpeg"}],"author":"majo","twitter_card":"summary_large_image","twitter_misc":{"Escrito por":"majo","Tiempo de lectura":"1 minuto"},"schema":{"@context":"https:\/\/schema.org","@graph":[{"@type":"Article","@id":"https:\/\/radio.unrc.edu.ar\/?p=27021#article","isPartOf":{"@id":"https:\/\/radio.unrc.edu.ar\/?p=27021"},"author":{"name":"majo","@id":"https:\/\/radio.unrc.edu.ar\/#\/schema\/person\/197edd08d015632a43a5e6a515c4f7a6"},"headline":"Este 9 de mayo se conmemora el D\u00eda del Graduado de la UNRC","datePublished":"2025-05-09T14:27:03+00:00","dateModified":"2025-05-12T13:40:43+00:00","mainEntityOfPage":{"@id":"https:\/\/radio.unrc.edu.ar\/?p=27021"},"wordCount":185,"commentCount":0,"publisher":{"@id":"https:\/\/radio.unrc.edu.ar\/#organization"},"articleSection":["Universitarias"],"inLanguage":"es","potentialAction":[{"@type":"CommentAction","name":"Comment","target":["https:\/\/radio.unrc.edu.ar\/?p=27021#respond"]}]},{"@type":"WebPage","@id":"https:\/\/radio.unrc.edu.ar\/?p=27021","url":"https:\/\/radio.unrc.edu.ar\/?p=27021","name":"Este 9 de mayo se conmemora el D\u00eda del Graduado de la UNRC - Radio UNRC","isPartOf":{"@id":"https:\/\/radio.unrc.edu.ar\/#website"},"datePublished":"2025-05-09T14:27:03+00:00","dateModified":"2025-05-12T13:40:43+00:00","description":"La radio que te hace sentir y pensar.","breadcrumb":{"@id":"https:\/\/radio.unrc.edu.ar\/?p=27021#breadcrumb"},"inLanguage":"es","potentialAction":[{"@type":"ReadAction","target":["https:\/\/radio.unrc.edu.ar\/?p=27021"]}]},{"@type":"BreadcrumbList","@id":"https:\/\/radio.unrc.edu.ar\/?p=27021#breadcrumb","itemListElement":[{"@type":"ListItem","position":1,"name":"Portada","item":"https:\/\/radio.unrc.edu.ar\/"},{"@type":"ListItem","position":2,"name":"Este 9 de mayo se conmemora el D\u00eda del Graduado de la UNRC"}]},{"@type":"WebSite","@id":"https:\/\/radio.unrc.edu.ar\/#website","url":"https:\/\/radio.unrc.edu.ar\/","name":"Radio UNRC","description":"La Radio de la Uni, la que te hace sentir y pensar","publisher":{"@id":"https:\/\/radio.unrc.edu.ar\/#organization"},"potentialAction":[{"@type":"SearchAction","target":{"@type":"EntryPoint","urlTemplate":"https:\/\/radio.unrc.edu.ar\/?s={search_term_string}"},"query-input":"required name=search_term_string"}],"inLanguage":"es"},{"@type":"Organization","@id":"https:\/\/radio.unrc.edu.ar\/#organization","name":"Radio UNRC","url":"https:\/\/radio.unrc.edu.ar\/","logo":{"@type":"ImageObject","inLanguage":"es","@id":"https:\/\/radio.unrc.edu.ar\/#\/schema\/logo\/image\/","url":"https:\/\/radio.unrc.edu.ar\/wp-content\/uploads\/2022\/03\/logo-radio-544.png","contentUrl":"https:\/\/radio.unrc.edu.ar\/wp-content\/uploads\/2022\/03\/logo-radio-544.png","width":544,"height":180,"caption":"Radio UNRC"},"image":{"@id":"https:\/\/radio.unrc.edu.ar\/#\/schema\/logo\/image\/"},"sameAs":["https:\/\/www.facebook.com\/radiounrc","https:\/\/www.instagram.com\/radiounrc\/"]},{"@type":"Person","@id":"https:\/\/radio.unrc.edu.ar\/#\/schema\/person\/197edd08d015632a43a5e6a515c4f7a6","name":"majo","image":{"@type":"ImageObject","inLanguage":"es","@id":"https:\/\/radio.unrc.edu.ar\/#\/schema\/person\/image\/","url":"https:\/\/secure.gravatar.com\/avatar\/6806165fb7635331b44fb331ffb478c3230b9d62d675244a0e2dfd0cb8d8b503?s=96&d=mm&r=g","contentUrl":"https:\/\/secure.gravatar.com\/avatar\/6806165fb7635331b44fb331ffb478c3230b9d62d675244a0e2dfd0cb8d8b503?s=96&d=mm&r=g","caption":"majo"},"url":"https:\/\/radio.unrc.edu.ar\/?author=2"}]}},"_links":{"self":[{"href":"https:\/\/radio.unrc.edu.ar\/index.php?rest_route=\/wp\/v2\/posts\/27021","targetHints":{"allow":["GET"]}}],"collection":[{"href":"https:\/\/radio.unrc.edu.ar\/index.php?rest_route=\/wp\/v2\/posts"}],"about":[{"href":"https:\/\/radio.unrc.edu.ar\/index.php?rest_route=\/wp\/v2\/types\/post"}],"author":[{"embeddable":true,"href":"https:\/\/radio.unrc.edu.ar\/index.php?rest_route=\/wp\/v2\/users\/2"}],"replies":[{"embeddable":true,"href":"https:\/\/radio.unrc.edu.ar\/index.php?rest_route=%2Fwp%2Fv2%2Fcomments&post=27021"}],"version-history":[{"count":3,"href":"https:\/\/radio.unrc.edu.ar\/index.php?rest_route=\/wp\/v2\/posts\/27021\/revisions"}],"predecessor-version":[{"id":27041,"href":"https:\/\/radio.unrc.edu.ar\/index.php?rest_route=\/wp\/v2\/posts\/27021\/revisions\/27041"}],"wp:featuredmedia":[{"embeddable":true,"href":"https:\/\/radio.unrc.edu.ar\/index.php?rest_route=\/wp\/v2\/media\/27040"}],"wp:attachment":[{"href":"https:\/\/radio.unrc.edu.ar\/index.php?rest_route=%2Fwp%2Fv2%2Fmedia&parent=27021"}],"wp:term":[{"taxonomy":"category","embeddable":true,"href":"https:\/\/radio.unrc.edu.ar\/index.php?rest_route=%2Fwp%2Fv2%2Fcategories&post=27021"},{"taxonomy":"post_tag","embeddable":true,"href":"https:\/\/radio.unrc.edu.ar\/index.php?rest_route=%2Fwp%2Fv2%2Ftags&post=27021"}],"curies":[{"name":"wp","href":"https:\/\/api.w.org\/{rel}","templated":true}]}}