{"id":27243,"date":"2025-05-15T11:32:42","date_gmt":"2025-05-15T14:32:42","guid":{"rendered":"https:\/\/radio.unrc.edu.ar\/?p=27243"},"modified":"2025-05-16T12:16:55","modified_gmt":"2025-05-16T15:16:55","slug":"presentaron-la-formacion-para-la-guardia-urbana-de-rio-cuarto","status":"publish","type":"post","link":"https:\/\/radio.unrc.edu.ar\/?p=27243","title":{"rendered":"Presentaron la formaci\u00f3n para la Guardia Urbana de R\u00edo Cuarto"},"content":{"rendered":"<p>Se trata de la \u201cFormaci\u00f3n en Detecci\u00f3n Temprana de Conflictos y Facilitaci\u00f3n del Di\u00e1logo Comunitario\u201d destinada a la Guardia Local de R\u00edo Cuarto.<\/p>\n<p>Adem\u00e1s, en el marco de un trabajo articulado en la Mesa de Seguridad Local, se firm\u00f3 un convenio interinstitucional de colaboraci\u00f3n para el desarrollo conjunto de esta propuesta formativa.<\/p>\n<p>La iniciativa est\u00e1 orientada a fortalecer el rol de la Guardia Local en la prevenci\u00f3n de conflictos vecinales y la promoci\u00f3n del di\u00e1logo comunitario.<\/p>\n<p>Daniel Frangie, defensor del Pueblo local, dijo que es necesario construir ciudadan\u00eda en estos tiempos tan dif\u00edciles.<\/p>\n<p><iframe width=\"100%\" height=\"300\" scrolling=\"no\" frameborder=\"no\" allow=\"autoplay\" src=\"https:\/\/w.soundcloud.com\/player\/?url=https%3A\/\/api.soundcloud.com\/tracks\/2096353470&#038;color=%23ff5500&#038;auto_play=false&#038;hide_related=false&#038;show_comments=true&#038;show_user=true&#038;show_reposts=false&#038;show_teaser=true&#038;visual=true\"><\/iframe><\/p>\n<div style=\"font-size: 10px; color: #cccccc;line-break: anywhere;word-break: normal;overflow: hidden;white-space: nowrap;text-overflow: ellipsis; font-family: Interstate,Lucida Grande,Lucida Sans Unicode,Lucida Sans,Garuda,Verdana,Tahoma,sans-serif;font-weight: 100;\"><a href=\"https:\/\/soundcloud.com\/radiounrc\" title=\"RadioUNRC\" target=\"_blank\" style=\"color: #cccccc; text-decoration: none;\">RadioUNRC<\/a> \u00b7 <a href=\"https:\/\/soundcloud.com\/radiounrc\/daniel-frangie-1\" title=\"Daniel Frangie 1\" target=\"_blank\" style=\"color: #cccccc; text-decoration: none;\">Daniel Frangie 1<\/a><\/div>\n<p>Se prev\u00e9n varias etapas con la intenci\u00f3n de favorecer la formaci\u00f3n como mediadores de conflictos.<\/p>\n<p>Frangie explic\u00f3 como se ha estructurado esta formaci\u00f3n y cual es el objetivo.<\/p>\n<p><iframe width=\"100%\" height=\"300\" scrolling=\"no\" frameborder=\"no\" allow=\"autoplay\" src=\"https:\/\/w.soundcloud.com\/player\/?url=https%3A\/\/api.soundcloud.com\/tracks\/2096354475&#038;color=%23ff5500&#038;auto_play=false&#038;hide_related=false&#038;show_comments=true&#038;show_user=true&#038;show_reposts=false&#038;show_teaser=true&#038;visual=true\"><\/iframe><\/p>\n<div style=\"font-size: 10px; color: #cccccc;line-break: anywhere;word-break: normal;overflow: hidden;white-space: nowrap;text-overflow: ellipsis; font-family: Interstate,Lucida Grande,Lucida Sans Unicode,Lucida Sans,Garuda,Verdana,Tahoma,sans-serif;font-weight: 100;\"><a href=\"https:\/\/soundcloud.com\/radiounrc\" title=\"RadioUNRC\" target=\"_blank\" style=\"color: #cccccc; text-decoration: none;\">RadioUNRC<\/a> \u00b7 <a href=\"https:\/\/soundcloud.com\/radiounrc\/daniel-frangie-2\" title=\"Daniel Frangie 2\" target=\"_blank\" style=\"color: #cccccc; text-decoration: none;\">Daniel Frangie 2<\/a><\/div>\n<p>El intendente Guillermo De Rivas, se refiri\u00f3 a la funci\u00f3n de la Guardia Urbana e indic\u00f3 que posibilitar el dialogo es una herramienta importante en materia de inseguridad.<\/p>\n<p>De Rivas se manifest\u00f3 preocupado por las agresiones a agentes de la Guardia Urbana en los \u00faltimos d\u00edas.<\/p>\n<p><iframe width=\"100%\" height=\"300\" scrolling=\"no\" frameborder=\"no\" allow=\"autoplay\" src=\"https:\/\/w.soundcloud.com\/player\/?url=https%3A\/\/api.soundcloud.com\/tracks\/2096365893&#038;color=%23ff5500&#038;auto_play=false&#038;hide_related=false&#038;show_comments=true&#038;show_user=true&#038;show_reposts=false&#038;show_teaser=true&#038;visual=true\"><\/iframe><\/p>\n<div style=\"font-size: 10px; color: #cccccc;line-break: anywhere;word-break: normal;overflow: hidden;white-space: nowrap;text-overflow: ellipsis; font-family: Interstate,Lucida Grande,Lucida Sans Unicode,Lucida Sans,Garuda,Verdana,Tahoma,sans-serif;font-weight: 100;\"><a href=\"https:\/\/soundcloud.com\/radiounrc\" title=\"RadioUNRC\" target=\"_blank\" style=\"color: #cccccc; text-decoration: none;\">RadioUNRC<\/a> \u00b7 <a href=\"https:\/\/soundcloud.com\/radiounrc\/guillermo-de-rivas\" title=\"Guillermo De Rivas\" target=\"_blank\" style=\"color: #cccccc; text-decoration: none;\">Guillermo De Rivas<\/a><\/div>\n<p>La UNRC es una de las instituciones que colabora en esta capacitaci\u00f3n.<\/p>\n<p>Marisa Rovera, rectora de la UNRC, dijo que todas las instituciones deben participar en estas formaciones y agreg\u00f3 que forma parte del compromiso de la instituci\u00f3n en el bien com\u00fan.<\/p>\n<p><iframe width=\"100%\" height=\"300\" scrolling=\"no\" frameborder=\"no\" allow=\"autoplay\" src=\"https:\/\/w.soundcloud.com\/player\/?url=https%3A\/\/api.soundcloud.com\/tracks\/2096378580&#038;color=%23ff5500&#038;auto_play=false&#038;hide_related=false&#038;show_comments=true&#038;show_user=true&#038;show_reposts=false&#038;show_teaser=true&#038;visual=true\"><\/iframe><\/p>\n<div style=\"font-size: 10px; color: #cccccc;line-break: anywhere;word-break: normal;overflow: hidden;white-space: nowrap;text-overflow: ellipsis; font-family: Interstate,Lucida Grande,Lucida Sans Unicode,Lucida Sans,Garuda,Verdana,Tahoma,sans-serif;font-weight: 100;\"><a href=\"https:\/\/soundcloud.com\/radiounrc\" title=\"RadioUNRC\" target=\"_blank\" style=\"color: #cccccc; text-decoration: none;\">RadioUNRC<\/a> \u00b7 <a href=\"https:\/\/soundcloud.com\/radiounrc\/marisa-rovera\" title=\"Marisa Rovera\" target=\"_blank\" style=\"color: #cccccc; text-decoration: none;\">Marisa Rovera<\/a><\/div>\n<p>\u00abEsto es una demostraci\u00f3n de que cuando se unen las instituciones, se pueden afrontar desaf\u00edos\u00bb, dijo Gaston Maldonado, secretario de Prevenci\u00f3n Ciudadana, en el marco de la presentaci\u00f3n de esta capacitaci\u00f3n para la Guardia Urbana local.<\/p>\n<p><iframe width=\"100%\" height=\"300\" scrolling=\"no\" frameborder=\"no\" allow=\"autoplay\" src=\"https:\/\/w.soundcloud.com\/player\/?url=https%3A\/\/api.soundcloud.com\/tracks\/2096379690&#038;color=%23ff5500&#038;auto_play=false&#038;hide_related=false&#038;show_comments=true&#038;show_user=true&#038;show_reposts=false&#038;show_teaser=true&#038;visual=true\"><\/iframe><\/p>\n<div style=\"font-size: 10px; color: #cccccc;line-break: anywhere;word-break: normal;overflow: hidden;white-space: nowrap;text-overflow: ellipsis; font-family: Interstate,Lucida Grande,Lucida Sans Unicode,Lucida Sans,Garuda,Verdana,Tahoma,sans-serif;font-weight: 100;\"><a href=\"https:\/\/soundcloud.com\/radiounrc\" title=\"RadioUNRC\" target=\"_blank\" style=\"color: #cccccc; text-decoration: none;\">RadioUNRC<\/a> \u00b7 <a href=\"https:\/\/soundcloud.com\/radiounrc\/gaston-maldonado\" title=\"Gaston Maldonado\" target=\"_blank\" style=\"color: #cccccc; text-decoration: none;\">Gaston Maldonado<\/a><\/div>\n\r\n                <style type=\"text\/css\">\r\n                    \r\n                    #tdi_1  .td-doubleSlider-2 .td-item1 {\r\n                        background: url(https:\/\/radio.unrc.edu.ar\/wp-content\/uploads\/2025\/05\/Imagen-de-WhatsApp-2025-05-15-a-las-11.34.28_d83ed4c0.jpg) 0 0 no-repeat;\r\n                    }\r\n                    #tdi_1  .td-doubleSlider-2 .td-item2 {\r\n                        background: url(https:\/\/radio.unrc.edu.ar\/wp-content\/uploads\/2025\/05\/Imagen-de-WhatsApp-2025-05-15-a-las-11.57.52_185efa73.jpg) 0 0 no-repeat;\r\n                    }\r\n                    #tdi_1  .td-doubleSlider-2 .td-item3 {\r\n                        background: url(https:\/\/radio.unrc.edu.ar\/wp-content\/uploads\/2025\/05\/Imagen-de-WhatsApp-2025-05-15-a-las-11.57.52_b29499ab.jpg) 0 0 no-repeat;\r\n                    }\r\n                <\/style>\r\n\r\n                <div id=\"tdi_1\" class=\"td-gallery td-slide-on-2-columns\">\r\n                    <div class=\"post_td_gallery\">\r\n                        <div class=\"td-gallery-slide-top\">\r\n                           <div class=\"td-gallery-title\"><\/div>\r\n\r\n                            <div class=\"td-gallery-controls-wrapper\">\r\n                                <div class=\"td-gallery-slide-count\"><span class=\"td-gallery-slide-item-focus\">1<\/span> de 3<\/div>\r\n                                <div class=\"td-gallery-slide-prev-next-but\">\r\n                                    <i class = \"td-icon-left doubleSliderPrevButton\"><\/i>\r\n                                    <i class = \"td-icon-right doubleSliderNextButton\"><\/i>\r\n                                <\/div>\r\n                            <\/div>\r\n                        <\/div>\r\n\r\n                        <div class = \"td-doubleSlider-1 \">\r\n                            <div class = \"td-slider\">\r\n                                \r\n                    <div class = \"td-slide-item td-item1\">\r\n                        <figure class=\"td-slide-galery-figure td-slide-popup-gallery\">\r\n                            <a class=\"slide-gallery-image-link\" href=\"https:\/\/radio.unrc.edu.ar\/wp-content\/uploads\/2025\/05\/Imagen-de-WhatsApp-2025-05-15-a-las-11.34.28_d83ed4c0.jpg\" title=\"Imagen de WhatsApp 2025-05-15 a las 11.34.28_d83ed4c0\"  data-caption=\"\"  data-description=\"\">\r\n                                <img decoding=\"async\" src=\"https:\/\/radio.unrc.edu.ar\/wp-content\/uploads\/2025\/05\/Imagen-de-WhatsApp-2025-05-15-a-las-11.34.28_d83ed4c0.jpg\" srcset=\"https:\/\/radio.unrc.edu.ar\/wp-content\/uploads\/2025\/05\/Imagen-de-WhatsApp-2025-05-15-a-las-11.34.28_d83ed4c0.jpg 1301w, https:\/\/radio.unrc.edu.ar\/wp-content\/uploads\/2025\/05\/Imagen-de-WhatsApp-2025-05-15-a-las-11.34.28_d83ed4c0-300x267.jpg 300w, https:\/\/radio.unrc.edu.ar\/wp-content\/uploads\/2025\/05\/Imagen-de-WhatsApp-2025-05-15-a-las-11.34.28_d83ed4c0-1024x913.jpg 1024w, https:\/\/radio.unrc.edu.ar\/wp-content\/uploads\/2025\/05\/Imagen-de-WhatsApp-2025-05-15-a-las-11.34.28_d83ed4c0-768x685.jpg 768w, https:\/\/radio.unrc.edu.ar\/wp-content\/uploads\/2025\/05\/Imagen-de-WhatsApp-2025-05-15-a-las-11.34.28_d83ed4c0-150x134.jpg 150w, https:\/\/radio.unrc.edu.ar\/wp-content\/uploads\/2025\/05\/Imagen-de-WhatsApp-2025-05-15-a-las-11.34.28_d83ed4c0-696x621.jpg 696w, https:\/\/radio.unrc.edu.ar\/wp-content\/uploads\/2025\/05\/Imagen-de-WhatsApp-2025-05-15-a-las-11.34.28_d83ed4c0-1068x952.jpg 1068w\" sizes=\"(max-width: 1301px) 100vw, 1301px\" alt=\"\">\r\n                            <\/a>\r\n                            \r\n                        <\/figure>\r\n                    <\/div>\r\n                    <div class = \"td-slide-item td-item2\">\r\n                        <figure class=\"td-slide-galery-figure td-slide-popup-gallery\">\r\n                            <a class=\"slide-gallery-image-link\" href=\"https:\/\/radio.unrc.edu.ar\/wp-content\/uploads\/2025\/05\/Imagen-de-WhatsApp-2025-05-15-a-las-11.57.52_185efa73.jpg\" title=\"Imagen de WhatsApp 2025-05-15 a las 11.57.52_185efa73\"  data-caption=\"\"  data-description=\"\">\r\n                                <img decoding=\"async\" src=\"https:\/\/radio.unrc.edu.ar\/wp-content\/uploads\/2025\/05\/Imagen-de-WhatsApp-2025-05-15-a-las-11.57.52_185efa73.jpg\" srcset=\"https:\/\/radio.unrc.edu.ar\/wp-content\/uploads\/2025\/05\/Imagen-de-WhatsApp-2025-05-15-a-las-11.57.52_185efa73.jpg 1600w, https:\/\/radio.unrc.edu.ar\/wp-content\/uploads\/2025\/05\/Imagen-de-WhatsApp-2025-05-15-a-las-11.57.52_185efa73-300x225.jpg 300w, https:\/\/radio.unrc.edu.ar\/wp-content\/uploads\/2025\/05\/Imagen-de-WhatsApp-2025-05-15-a-las-11.57.52_185efa73-1024x768.jpg 1024w, https:\/\/radio.unrc.edu.ar\/wp-content\/uploads\/2025\/05\/Imagen-de-WhatsApp-2025-05-15-a-las-11.57.52_185efa73-768x576.jpg 768w, https:\/\/radio.unrc.edu.ar\/wp-content\/uploads\/2025\/05\/Imagen-de-WhatsApp-2025-05-15-a-las-11.57.52_185efa73-1536x1152.jpg 1536w, https:\/\/radio.unrc.edu.ar\/wp-content\/uploads\/2025\/05\/Imagen-de-WhatsApp-2025-05-15-a-las-11.57.52_185efa73-150x113.jpg 150w, https:\/\/radio.unrc.edu.ar\/wp-content\/uploads\/2025\/05\/Imagen-de-WhatsApp-2025-05-15-a-las-11.57.52_185efa73-696x522.jpg 696w, https:\/\/radio.unrc.edu.ar\/wp-content\/uploads\/2025\/05\/Imagen-de-WhatsApp-2025-05-15-a-las-11.57.52_185efa73-1068x801.jpg 1068w, https:\/\/radio.unrc.edu.ar\/wp-content\/uploads\/2025\/05\/Imagen-de-WhatsApp-2025-05-15-a-las-11.57.52_185efa73-265x198.jpg 265w\" sizes=\"(max-width: 1600px) 100vw, 1600px\" alt=\"\">\r\n                            <\/a>\r\n                            \r\n                        <\/figure>\r\n                    <\/div>\r\n                    <div class = \"td-slide-item td-item3\">\r\n                        <figure class=\"td-slide-galery-figure td-slide-popup-gallery\">\r\n                            <a class=\"slide-gallery-image-link\" href=\"https:\/\/radio.unrc.edu.ar\/wp-content\/uploads\/2025\/05\/Imagen-de-WhatsApp-2025-05-15-a-las-11.57.52_b29499ab.jpg\" title=\"Imagen de WhatsApp 2025-05-15 a las 11.57.52_b29499ab\"  data-caption=\"\"  data-description=\"\">\r\n                                <img decoding=\"async\" src=\"https:\/\/radio.unrc.edu.ar\/wp-content\/uploads\/2025\/05\/Imagen-de-WhatsApp-2025-05-15-a-las-11.57.52_b29499ab.jpg\" srcset=\"https:\/\/radio.unrc.edu.ar\/wp-content\/uploads\/2025\/05\/Imagen-de-WhatsApp-2025-05-15-a-las-11.57.52_b29499ab.jpg 1600w, https:\/\/radio.unrc.edu.ar\/wp-content\/uploads\/2025\/05\/Imagen-de-WhatsApp-2025-05-15-a-las-11.57.52_b29499ab-300x225.jpg 300w, https:\/\/radio.unrc.edu.ar\/wp-content\/uploads\/2025\/05\/Imagen-de-WhatsApp-2025-05-15-a-las-11.57.52_b29499ab-1024x768.jpg 1024w, https:\/\/radio.unrc.edu.ar\/wp-content\/uploads\/2025\/05\/Imagen-de-WhatsApp-2025-05-15-a-las-11.57.52_b29499ab-768x576.jpg 768w, https:\/\/radio.unrc.edu.ar\/wp-content\/uploads\/2025\/05\/Imagen-de-WhatsApp-2025-05-15-a-las-11.57.52_b29499ab-1536x1152.jpg 1536w, https:\/\/radio.unrc.edu.ar\/wp-content\/uploads\/2025\/05\/Imagen-de-WhatsApp-2025-05-15-a-las-11.57.52_b29499ab-150x113.jpg 150w, https:\/\/radio.unrc.edu.ar\/wp-content\/uploads\/2025\/05\/Imagen-de-WhatsApp-2025-05-15-a-las-11.57.52_b29499ab-696x522.jpg 696w, https:\/\/radio.unrc.edu.ar\/wp-content\/uploads\/2025\/05\/Imagen-de-WhatsApp-2025-05-15-a-las-11.57.52_b29499ab-1068x801.jpg 1068w, https:\/\/radio.unrc.edu.ar\/wp-content\/uploads\/2025\/05\/Imagen-de-WhatsApp-2025-05-15-a-las-11.57.52_b29499ab-265x198.jpg 265w\" sizes=\"(max-width: 1600px) 100vw, 1600px\" alt=\"\">\r\n                            <\/a>\r\n                            \r\n                        <\/figure>\r\n                    <\/div>\r\n                            <\/div>\r\n                        <\/div>\r\n\r\n                        <div class = \"td-doubleSlider-2\">\r\n                            <div class = \"td-slider\">\r\n                                \r\n                    <div class = \"td-button td-item1\">\r\n                        <div class = \"td-border\"><\/div>\r\n                    <\/div>\r\n                    <div class = \"td-button td-item2\">\r\n                        <div class = \"td-border\"><\/div>\r\n                    <\/div>\r\n                    <div class = \"td-button td-item3\">\r\n                        <div class = \"td-border\"><\/div>\r\n                    <\/div>\r\n                            <\/div>\r\n                        <\/div>\r\n\r\n                    <\/div>\r\n\r\n                <\/div>\r\n                \n","protected":false},"excerpt":{"rendered":"<p>Se trata de la \u201cFormaci\u00f3n en Detecci\u00f3n Temprana de Conflictos y Facilitaci\u00f3n del Di\u00e1logo Comunitario\u201d destinada a la Guardia Local de R\u00edo Cuarto. Adem\u00e1s, en el marco de un trabajo articulado en la Mesa de Seguridad Local, se firm\u00f3 un convenio interinstitucional de colaboraci\u00f3n para el desarrollo conjunto de esta propuesta formativa. La iniciativa est\u00e1 [&hellip;]<\/p>\n","protected":false},"author":2,"featured_media":27259,"comment_status":"open","ping_status":"open","sticky":false,"template":"","format":"standard","meta":{"footnotes":""},"categories":[18,17],"tags":[],"class_list":{"0":"post-27243","1":"post","2":"type-post","3":"status-publish","4":"format-standard","5":"has-post-thumbnail","7":"category-locales","8":"category-universitarias"},"yoast_head":"<!-- This site is optimized with the Yoast SEO plugin v21.5 - https:\/\/yoast.com\/wordpress\/plugins\/seo\/ -->\n<title>Presentaron la formaci\u00f3n para la Guardia Urbana de R\u00edo Cuarto - Radio UNRC<\/title>\n<meta name=\"description\" content=\"La radio que te hace sentir y pensar.\" \/>\n<meta name=\"robots\" content=\"index, follow, max-snippet:-1, max-image-preview:large, max-video-preview:-1\" \/>\n<link rel=\"canonical\" href=\"https:\/\/radio.unrc.edu.ar\/?p=27243\" \/>\n<meta property=\"og:locale\" content=\"es_ES\" \/>\n<meta property=\"og:type\" content=\"article\" \/>\n<meta property=\"og:title\" content=\"Presentaron la formaci\u00f3n para la Guardia Urbana de R\u00edo Cuarto - Radio UNRC\" \/>\n<meta property=\"og:description\" content=\"La radio que te hace sentir y pensar.\" \/>\n<meta property=\"og:url\" content=\"https:\/\/radio.unrc.edu.ar\/?p=27243\" \/>\n<meta property=\"og:site_name\" content=\"Radio UNRC\" \/>\n<meta property=\"article:publisher\" content=\"https:\/\/www.facebook.com\/radiounrc\" \/>\n<meta property=\"article:published_time\" content=\"2025-05-15T14:32:42+00:00\" \/>\n<meta property=\"article:modified_time\" content=\"2025-05-16T15:16:55+00:00\" \/>\n<meta property=\"og:image\" content=\"https:\/\/radio.unrc.edu.ar\/wp-content\/uploads\/2025\/05\/defensoria.jpg\" \/>\n\t<meta property=\"og:image:width\" content=\"1280\" \/>\n\t<meta property=\"og:image:height\" content=\"720\" \/>\n\t<meta property=\"og:image:type\" content=\"image\/jpeg\" \/>\n<meta name=\"author\" content=\"majo\" \/>\n<meta name=\"twitter:card\" content=\"summary_large_image\" \/>\n<meta name=\"twitter:label1\" content=\"Escrito por\" \/>\n\t<meta name=\"twitter:data1\" content=\"majo\" \/>\n\t<meta name=\"twitter:label2\" content=\"Tiempo de lectura\" \/>\n\t<meta name=\"twitter:data2\" content=\"2 minutos\" \/>\n<script type=\"application\/ld+json\" class=\"yoast-schema-graph\">{\"@context\":\"https:\/\/schema.org\",\"@graph\":[{\"@type\":\"Article\",\"@id\":\"https:\/\/radio.unrc.edu.ar\/?p=27243#article\",\"isPartOf\":{\"@id\":\"https:\/\/radio.unrc.edu.ar\/?p=27243\"},\"author\":{\"name\":\"majo\",\"@id\":\"https:\/\/radio.unrc.edu.ar\/#\/schema\/person\/197edd08d015632a43a5e6a515c4f7a6\"},\"headline\":\"Presentaron la formaci\u00f3n para la Guardia Urbana de R\u00edo Cuarto\",\"datePublished\":\"2025-05-15T14:32:42+00:00\",\"dateModified\":\"2025-05-16T15:16:55+00:00\",\"mainEntityOfPage\":{\"@id\":\"https:\/\/radio.unrc.edu.ar\/?p=27243\"},\"wordCount\":308,\"commentCount\":0,\"publisher\":{\"@id\":\"https:\/\/radio.unrc.edu.ar\/#organization\"},\"articleSection\":[\"Locales\",\"Universitarias\"],\"inLanguage\":\"es\",\"potentialAction\":[{\"@type\":\"CommentAction\",\"name\":\"Comment\",\"target\":[\"https:\/\/radio.unrc.edu.ar\/?p=27243#respond\"]}]},{\"@type\":\"WebPage\",\"@id\":\"https:\/\/radio.unrc.edu.ar\/?p=27243\",\"url\":\"https:\/\/radio.unrc.edu.ar\/?p=27243\",\"name\":\"Presentaron la formaci\u00f3n para la Guardia Urbana de R\u00edo Cuarto - Radio UNRC\",\"isPartOf\":{\"@id\":\"https:\/\/radio.unrc.edu.ar\/#website\"},\"datePublished\":\"2025-05-15T14:32:42+00:00\",\"dateModified\":\"2025-05-16T15:16:55+00:00\",\"description\":\"La radio que te hace sentir y pensar.\",\"breadcrumb\":{\"@id\":\"https:\/\/radio.unrc.edu.ar\/?p=27243#breadcrumb\"},\"inLanguage\":\"es\",\"potentialAction\":[{\"@type\":\"ReadAction\",\"target\":[\"https:\/\/radio.unrc.edu.ar\/?p=27243\"]}]},{\"@type\":\"BreadcrumbList\",\"@id\":\"https:\/\/radio.unrc.edu.ar\/?p=27243#breadcrumb\",\"itemListElement\":[{\"@type\":\"ListItem\",\"position\":1,\"name\":\"Portada\",\"item\":\"https:\/\/radio.unrc.edu.ar\/\"},{\"@type\":\"ListItem\",\"position\":2,\"name\":\"Presentaron la formaci\u00f3n para la Guardia Urbana de R\u00edo Cuarto\"}]},{\"@type\":\"WebSite\",\"@id\":\"https:\/\/radio.unrc.edu.ar\/#website\",\"url\":\"https:\/\/radio.unrc.edu.ar\/\",\"name\":\"Radio UNRC\",\"description\":\"La Radio de la Uni, la que te hace sentir y pensar\",\"publisher\":{\"@id\":\"https:\/\/radio.unrc.edu.ar\/#organization\"},\"potentialAction\":[{\"@type\":\"SearchAction\",\"target\":{\"@type\":\"EntryPoint\",\"urlTemplate\":\"https:\/\/radio.unrc.edu.ar\/?s={search_term_string}\"},\"query-input\":\"required name=search_term_string\"}],\"inLanguage\":\"es\"},{\"@type\":\"Organization\",\"@id\":\"https:\/\/radio.unrc.edu.ar\/#organization\",\"name\":\"Radio UNRC\",\"url\":\"https:\/\/radio.unrc.edu.ar\/\",\"logo\":{\"@type\":\"ImageObject\",\"inLanguage\":\"es\",\"@id\":\"https:\/\/radio.unrc.edu.ar\/#\/schema\/logo\/image\/\",\"url\":\"https:\/\/radio.unrc.edu.ar\/wp-content\/uploads\/2022\/03\/logo-radio-544.png\",\"contentUrl\":\"https:\/\/radio.unrc.edu.ar\/wp-content\/uploads\/2022\/03\/logo-radio-544.png\",\"width\":544,\"height\":180,\"caption\":\"Radio UNRC\"},\"image\":{\"@id\":\"https:\/\/radio.unrc.edu.ar\/#\/schema\/logo\/image\/\"},\"sameAs\":[\"https:\/\/www.facebook.com\/radiounrc\",\"https:\/\/www.instagram.com\/radiounrc\/\"]},{\"@type\":\"Person\",\"@id\":\"https:\/\/radio.unrc.edu.ar\/#\/schema\/person\/197edd08d015632a43a5e6a515c4f7a6\",\"name\":\"majo\",\"image\":{\"@type\":\"ImageObject\",\"inLanguage\":\"es\",\"@id\":\"https:\/\/radio.unrc.edu.ar\/#\/schema\/person\/image\/\",\"url\":\"https:\/\/secure.gravatar.com\/avatar\/6806165fb7635331b44fb331ffb478c3230b9d62d675244a0e2dfd0cb8d8b503?s=96&d=mm&r=g\",\"contentUrl\":\"https:\/\/secure.gravatar.com\/avatar\/6806165fb7635331b44fb331ffb478c3230b9d62d675244a0e2dfd0cb8d8b503?s=96&d=mm&r=g\",\"caption\":\"majo\"},\"url\":\"https:\/\/radio.unrc.edu.ar\/?author=2\"}]}<\/script>\n<!-- \/ Yoast SEO plugin. -->","yoast_head_json":{"title":"Presentaron la formaci\u00f3n para la Guardia Urbana de R\u00edo Cuarto - Radio UNRC","description":"La radio que te hace sentir y pensar.","robots":{"index":"index","follow":"follow","max-snippet":"max-snippet:-1","max-image-preview":"max-image-preview:large","max-video-preview":"max-video-preview:-1"},"canonical":"https:\/\/radio.unrc.edu.ar\/?p=27243","og_locale":"es_ES","og_type":"article","og_title":"Presentaron la formaci\u00f3n para la Guardia Urbana de R\u00edo Cuarto - Radio UNRC","og_description":"La radio que te hace sentir y pensar.","og_url":"https:\/\/radio.unrc.edu.ar\/?p=27243","og_site_name":"Radio UNRC","article_publisher":"https:\/\/www.facebook.com\/radiounrc","article_published_time":"2025-05-15T14:32:42+00:00","article_modified_time":"2025-05-16T15:16:55+00:00","og_image":[{"width":1280,"height":720,"url":"https:\/\/radio.unrc.edu.ar\/wp-content\/uploads\/2025\/05\/defensoria.jpg","type":"image\/jpeg"}],"author":"majo","twitter_card":"summary_large_image","twitter_misc":{"Escrito por":"majo","Tiempo de lectura":"2 minutos"},"schema":{"@context":"https:\/\/schema.org","@graph":[{"@type":"Article","@id":"https:\/\/radio.unrc.edu.ar\/?p=27243#article","isPartOf":{"@id":"https:\/\/radio.unrc.edu.ar\/?p=27243"},"author":{"name":"majo","@id":"https:\/\/radio.unrc.edu.ar\/#\/schema\/person\/197edd08d015632a43a5e6a515c4f7a6"},"headline":"Presentaron la formaci\u00f3n para la Guardia Urbana de R\u00edo Cuarto","datePublished":"2025-05-15T14:32:42+00:00","dateModified":"2025-05-16T15:16:55+00:00","mainEntityOfPage":{"@id":"https:\/\/radio.unrc.edu.ar\/?p=27243"},"wordCount":308,"commentCount":0,"publisher":{"@id":"https:\/\/radio.unrc.edu.ar\/#organization"},"articleSection":["Locales","Universitarias"],"inLanguage":"es","potentialAction":[{"@type":"CommentAction","name":"Comment","target":["https:\/\/radio.unrc.edu.ar\/?p=27243#respond"]}]},{"@type":"WebPage","@id":"https:\/\/radio.unrc.edu.ar\/?p=27243","url":"https:\/\/radio.unrc.edu.ar\/?p=27243","name":"Presentaron la formaci\u00f3n para la Guardia Urbana de R\u00edo Cuarto - Radio UNRC","isPartOf":{"@id":"https:\/\/radio.unrc.edu.ar\/#website"},"datePublished":"2025-05-15T14:32:42+00:00","dateModified":"2025-05-16T15:16:55+00:00","description":"La radio que te hace sentir y pensar.","breadcrumb":{"@id":"https:\/\/radio.unrc.edu.ar\/?p=27243#breadcrumb"},"inLanguage":"es","potentialAction":[{"@type":"ReadAction","target":["https:\/\/radio.unrc.edu.ar\/?p=27243"]}]},{"@type":"BreadcrumbList","@id":"https:\/\/radio.unrc.edu.ar\/?p=27243#breadcrumb","itemListElement":[{"@type":"ListItem","position":1,"name":"Portada","item":"https:\/\/radio.unrc.edu.ar\/"},{"@type":"ListItem","position":2,"name":"Presentaron la formaci\u00f3n para la Guardia Urbana de R\u00edo Cuarto"}]},{"@type":"WebSite","@id":"https:\/\/radio.unrc.edu.ar\/#website","url":"https:\/\/radio.unrc.edu.ar\/","name":"Radio UNRC","description":"La Radio de la Uni, la que te hace sentir y pensar","publisher":{"@id":"https:\/\/radio.unrc.edu.ar\/#organization"},"potentialAction":[{"@type":"SearchAction","target":{"@type":"EntryPoint","urlTemplate":"https:\/\/radio.unrc.edu.ar\/?s={search_term_string}"},"query-input":"required name=search_term_string"}],"inLanguage":"es"},{"@type":"Organization","@id":"https:\/\/radio.unrc.edu.ar\/#organization","name":"Radio UNRC","url":"https:\/\/radio.unrc.edu.ar\/","logo":{"@type":"ImageObject","inLanguage":"es","@id":"https:\/\/radio.unrc.edu.ar\/#\/schema\/logo\/image\/","url":"https:\/\/radio.unrc.edu.ar\/wp-content\/uploads\/2022\/03\/logo-radio-544.png","contentUrl":"https:\/\/radio.unrc.edu.ar\/wp-content\/uploads\/2022\/03\/logo-radio-544.png","width":544,"height":180,"caption":"Radio UNRC"},"image":{"@id":"https:\/\/radio.unrc.edu.ar\/#\/schema\/logo\/image\/"},"sameAs":["https:\/\/www.facebook.com\/radiounrc","https:\/\/www.instagram.com\/radiounrc\/"]},{"@type":"Person","@id":"https:\/\/radio.unrc.edu.ar\/#\/schema\/person\/197edd08d015632a43a5e6a515c4f7a6","name":"majo","image":{"@type":"ImageObject","inLanguage":"es","@id":"https:\/\/radio.unrc.edu.ar\/#\/schema\/person\/image\/","url":"https:\/\/secure.gravatar.com\/avatar\/6806165fb7635331b44fb331ffb478c3230b9d62d675244a0e2dfd0cb8d8b503?s=96&d=mm&r=g","contentUrl":"https:\/\/secure.gravatar.com\/avatar\/6806165fb7635331b44fb331ffb478c3230b9d62d675244a0e2dfd0cb8d8b503?s=96&d=mm&r=g","caption":"majo"},"url":"https:\/\/radio.unrc.edu.ar\/?author=2"}]}},"_links":{"self":[{"href":"https:\/\/radio.unrc.edu.ar\/index.php?rest_route=\/wp\/v2\/posts\/27243","targetHints":{"allow":["GET"]}}],"collection":[{"href":"https:\/\/radio.unrc.edu.ar\/index.php?rest_route=\/wp\/v2\/posts"}],"about":[{"href":"https:\/\/radio.unrc.edu.ar\/index.php?rest_route=\/wp\/v2\/types\/post"}],"author":[{"embeddable":true,"href":"https:\/\/radio.unrc.edu.ar\/index.php?rest_route=\/wp\/v2\/users\/2"}],"replies":[{"embeddable":true,"href":"https:\/\/radio.unrc.edu.ar\/index.php?rest_route=%2Fwp%2Fv2%2Fcomments&post=27243"}],"version-history":[{"count":7,"href":"https:\/\/radio.unrc.edu.ar\/index.php?rest_route=\/wp\/v2\/posts\/27243\/revisions"}],"predecessor-version":[{"id":27260,"href":"https:\/\/radio.unrc.edu.ar\/index.php?rest_route=\/wp\/v2\/posts\/27243\/revisions\/27260"}],"wp:featuredmedia":[{"embeddable":true,"href":"https:\/\/radio.unrc.edu.ar\/index.php?rest_route=\/wp\/v2\/media\/27259"}],"wp:attachment":[{"href":"https:\/\/radio.unrc.edu.ar\/index.php?rest_route=%2Fwp%2Fv2%2Fmedia&parent=27243"}],"wp:term":[{"taxonomy":"category","embeddable":true,"href":"https:\/\/radio.unrc.edu.ar\/index.php?rest_route=%2Fwp%2Fv2%2Fcategories&post=27243"},{"taxonomy":"post_tag","embeddable":true,"href":"https:\/\/radio.unrc.edu.ar\/index.php?rest_route=%2Fwp%2Fv2%2Ftags&post=27243"}],"curies":[{"name":"wp","href":"https:\/\/api.w.org\/{rel}","templated":true}]}}