{"id":27614,"date":"2025-05-26T12:09:34","date_gmt":"2025-05-26T15:09:34","guid":{"rendered":"https:\/\/radio.unrc.edu.ar\/?p=27614"},"modified":"2025-05-26T12:09:34","modified_gmt":"2025-05-26T15:09:34","slug":"condenaron-al-autor-del-crimen-de-un-jubilado-en-banda-norte","status":"publish","type":"post","link":"https:\/\/radio.unrc.edu.ar\/?p=27614","title":{"rendered":"Condenaron al autor del crimen de un jubilado en Banda Norte"},"content":{"rendered":"<p>Fue mediante un juicio abreviado ante un Jurado Popular y los familiares de la v\u00edctima consideraron que no fueron escuchados.<\/p>\n<p>El abogado querellante, Eduardo Viazzi, coment\u00f3 que los familiares de Hugo Bolatti asesinado en enero del a\u00f1o pasado durante un asalto, no quedan conformes con este acuerdo que beneficia al acusado Joaqu\u00edn S\u00e1nchez.<\/p>\n<p>S\u00e1nchez deber\u00e1 purgar 14 a\u00f1os de c\u00e1rcel, 12 correspondientes a este homicidio y otros 2 a\u00f1os por hechos anteriores.<\/p>\n<p><iframe width=\"100%\" height=\"300\" scrolling=\"no\" frameborder=\"no\" allow=\"autoplay\" src=\"https:\/\/w.soundcloud.com\/player\/?url=https%3A\/\/api.soundcloud.com\/tracks\/2102536182&#038;color=%23ff5500&#038;auto_play=false&#038;hide_related=false&#038;show_comments=true&#038;show_user=true&#038;show_reposts=false&#038;show_teaser=true&#038;visual=true\"><\/iframe><\/p>\n<div style=\"font-size: 10px; color: #cccccc;line-break: anywhere;word-break: normal;overflow: hidden;white-space: nowrap;text-overflow: ellipsis; font-family: Interstate,Lucida Grande,Lucida Sans Unicode,Lucida Sans,Garuda,Verdana,Tahoma,sans-serif;font-weight: 100;\"><a href=\"https:\/\/soundcloud.com\/unrcradio\" title=\"UNRCRadio\" target=\"_blank\" style=\"color: #cccccc; text-decoration: none;\">UNRCRadio<\/a> \u00b7 <a href=\"https:\/\/soundcloud.com\/unrcradio\/eduardo-viazzi\" title=\"Eduardo Viazzi\" target=\"_blank\" style=\"color: #cccccc; text-decoration: none;\">Eduardo Viazzi<\/a><\/div>\n\r\n                <style type=\"text\/css\">\r\n                    \r\n                    #tdi_1  .td-doubleSlider-2 .td-item1 {\r\n                        background: url(https:\/\/radio.unrc.edu.ar\/wp-content\/uploads\/2025\/05\/Imagen-de-WhatsApp-2025-05-26-a-las-10.32.23_29ac5200.jpg) 0 0 no-repeat;\r\n                    }\r\n                    #tdi_1  .td-doubleSlider-2 .td-item2 {\r\n                        background: url(https:\/\/radio.unrc.edu.ar\/wp-content\/uploads\/2025\/05\/Imagen-de-WhatsApp-2025-05-26-a-las-10.40.09_db4d2c2d.jpg) 0 0 no-repeat;\r\n                    }\r\n                    #tdi_1  .td-doubleSlider-2 .td-item3 {\r\n                        background: url(https:\/\/radio.unrc.edu.ar\/wp-content\/uploads\/2025\/05\/Imagen-de-WhatsApp-2025-05-26-a-las-10.50.26_3fd471c9.jpg) 0 0 no-repeat;\r\n                    }\r\n                <\/style>\r\n\r\n                <div id=\"tdi_1\" class=\"td-gallery td-slide-on-2-columns\">\r\n                    <div class=\"post_td_gallery\">\r\n                        <div class=\"td-gallery-slide-top\">\r\n                           <div class=\"td-gallery-title\"><\/div>\r\n\r\n                            <div class=\"td-gallery-controls-wrapper\">\r\n                                <div class=\"td-gallery-slide-count\"><span class=\"td-gallery-slide-item-focus\">1<\/span> de 3<\/div>\r\n                                <div class=\"td-gallery-slide-prev-next-but\">\r\n                                    <i class = \"td-icon-left doubleSliderPrevButton\"><\/i>\r\n                                    <i class = \"td-icon-right doubleSliderNextButton\"><\/i>\r\n                                <\/div>\r\n                            <\/div>\r\n                        <\/div>\r\n\r\n                        <div class = \"td-doubleSlider-1 \">\r\n                            <div class = \"td-slider\">\r\n                                \r\n                    <div class = \"td-slide-item td-item1\">\r\n                        <figure class=\"td-slide-galery-figure td-slide-popup-gallery\">\r\n                            <a class=\"slide-gallery-image-link\" href=\"https:\/\/radio.unrc.edu.ar\/wp-content\/uploads\/2025\/05\/Imagen-de-WhatsApp-2025-05-26-a-las-10.32.23_29ac5200.jpg\" title=\"Imagen de WhatsApp 2025-05-26 a las 10.32.23_29ac5200\"  data-caption=\"\"  data-description=\"\">\r\n                                <img decoding=\"async\" src=\"https:\/\/radio.unrc.edu.ar\/wp-content\/uploads\/2025\/05\/Imagen-de-WhatsApp-2025-05-26-a-las-10.32.23_29ac5200.jpg\" srcset=\"https:\/\/radio.unrc.edu.ar\/wp-content\/uploads\/2025\/05\/Imagen-de-WhatsApp-2025-05-26-a-las-10.32.23_29ac5200.jpg 1600w, https:\/\/radio.unrc.edu.ar\/wp-content\/uploads\/2025\/05\/Imagen-de-WhatsApp-2025-05-26-a-las-10.32.23_29ac5200-300x225.jpg 300w, https:\/\/radio.unrc.edu.ar\/wp-content\/uploads\/2025\/05\/Imagen-de-WhatsApp-2025-05-26-a-las-10.32.23_29ac5200-1024x768.jpg 1024w, https:\/\/radio.unrc.edu.ar\/wp-content\/uploads\/2025\/05\/Imagen-de-WhatsApp-2025-05-26-a-las-10.32.23_29ac5200-768x576.jpg 768w, https:\/\/radio.unrc.edu.ar\/wp-content\/uploads\/2025\/05\/Imagen-de-WhatsApp-2025-05-26-a-las-10.32.23_29ac5200-1536x1152.jpg 1536w, https:\/\/radio.unrc.edu.ar\/wp-content\/uploads\/2025\/05\/Imagen-de-WhatsApp-2025-05-26-a-las-10.32.23_29ac5200-150x113.jpg 150w, https:\/\/radio.unrc.edu.ar\/wp-content\/uploads\/2025\/05\/Imagen-de-WhatsApp-2025-05-26-a-las-10.32.23_29ac5200-696x522.jpg 696w, https:\/\/radio.unrc.edu.ar\/wp-content\/uploads\/2025\/05\/Imagen-de-WhatsApp-2025-05-26-a-las-10.32.23_29ac5200-1068x801.jpg 1068w, https:\/\/radio.unrc.edu.ar\/wp-content\/uploads\/2025\/05\/Imagen-de-WhatsApp-2025-05-26-a-las-10.32.23_29ac5200-265x198.jpg 265w\" sizes=\"(max-width: 1600px) 100vw, 1600px\" alt=\"\">\r\n                            <\/a>\r\n                            \r\n                        <\/figure>\r\n                    <\/div>\r\n                    <div class = \"td-slide-item td-item2\">\r\n                        <figure class=\"td-slide-galery-figure td-slide-popup-gallery\">\r\n                            <a class=\"slide-gallery-image-link\" href=\"https:\/\/radio.unrc.edu.ar\/wp-content\/uploads\/2025\/05\/Imagen-de-WhatsApp-2025-05-26-a-las-10.40.09_db4d2c2d.jpg\" title=\"Imagen de WhatsApp 2025-05-26 a las 10.40.09_db4d2c2d\"  data-caption=\"\"  data-description=\"\">\r\n                                <img decoding=\"async\" src=\"https:\/\/radio.unrc.edu.ar\/wp-content\/uploads\/2025\/05\/Imagen-de-WhatsApp-2025-05-26-a-las-10.40.09_db4d2c2d.jpg\" srcset=\"https:\/\/radio.unrc.edu.ar\/wp-content\/uploads\/2025\/05\/Imagen-de-WhatsApp-2025-05-26-a-las-10.40.09_db4d2c2d.jpg 1600w, https:\/\/radio.unrc.edu.ar\/wp-content\/uploads\/2025\/05\/Imagen-de-WhatsApp-2025-05-26-a-las-10.40.09_db4d2c2d-300x225.jpg 300w, https:\/\/radio.unrc.edu.ar\/wp-content\/uploads\/2025\/05\/Imagen-de-WhatsApp-2025-05-26-a-las-10.40.09_db4d2c2d-1024x768.jpg 1024w, https:\/\/radio.unrc.edu.ar\/wp-content\/uploads\/2025\/05\/Imagen-de-WhatsApp-2025-05-26-a-las-10.40.09_db4d2c2d-768x576.jpg 768w, https:\/\/radio.unrc.edu.ar\/wp-content\/uploads\/2025\/05\/Imagen-de-WhatsApp-2025-05-26-a-las-10.40.09_db4d2c2d-1536x1152.jpg 1536w, https:\/\/radio.unrc.edu.ar\/wp-content\/uploads\/2025\/05\/Imagen-de-WhatsApp-2025-05-26-a-las-10.40.09_db4d2c2d-150x113.jpg 150w, https:\/\/radio.unrc.edu.ar\/wp-content\/uploads\/2025\/05\/Imagen-de-WhatsApp-2025-05-26-a-las-10.40.09_db4d2c2d-696x522.jpg 696w, https:\/\/radio.unrc.edu.ar\/wp-content\/uploads\/2025\/05\/Imagen-de-WhatsApp-2025-05-26-a-las-10.40.09_db4d2c2d-1068x801.jpg 1068w, https:\/\/radio.unrc.edu.ar\/wp-content\/uploads\/2025\/05\/Imagen-de-WhatsApp-2025-05-26-a-las-10.40.09_db4d2c2d-265x198.jpg 265w\" sizes=\"(max-width: 1600px) 100vw, 1600px\" alt=\"\">\r\n                            <\/a>\r\n                            \r\n                        <\/figure>\r\n                    <\/div>\r\n                    <div class = \"td-slide-item td-item3\">\r\n                        <figure class=\"td-slide-galery-figure td-slide-popup-gallery\">\r\n                            <a class=\"slide-gallery-image-link\" href=\"https:\/\/radio.unrc.edu.ar\/wp-content\/uploads\/2025\/05\/Imagen-de-WhatsApp-2025-05-26-a-las-10.50.26_3fd471c9.jpg\" title=\"Imagen de WhatsApp 2025-05-26 a las 10.50.26_3fd471c9\"  data-caption=\"\"  data-description=\"\">\r\n                                <img decoding=\"async\" src=\"https:\/\/radio.unrc.edu.ar\/wp-content\/uploads\/2025\/05\/Imagen-de-WhatsApp-2025-05-26-a-las-10.50.26_3fd471c9.jpg\" srcset=\"https:\/\/radio.unrc.edu.ar\/wp-content\/uploads\/2025\/05\/Imagen-de-WhatsApp-2025-05-26-a-las-10.50.26_3fd471c9.jpg 1600w, https:\/\/radio.unrc.edu.ar\/wp-content\/uploads\/2025\/05\/Imagen-de-WhatsApp-2025-05-26-a-las-10.50.26_3fd471c9-300x225.jpg 300w, https:\/\/radio.unrc.edu.ar\/wp-content\/uploads\/2025\/05\/Imagen-de-WhatsApp-2025-05-26-a-las-10.50.26_3fd471c9-1024x768.jpg 1024w, https:\/\/radio.unrc.edu.ar\/wp-content\/uploads\/2025\/05\/Imagen-de-WhatsApp-2025-05-26-a-las-10.50.26_3fd471c9-768x576.jpg 768w, https:\/\/radio.unrc.edu.ar\/wp-content\/uploads\/2025\/05\/Imagen-de-WhatsApp-2025-05-26-a-las-10.50.26_3fd471c9-1536x1152.jpg 1536w, https:\/\/radio.unrc.edu.ar\/wp-content\/uploads\/2025\/05\/Imagen-de-WhatsApp-2025-05-26-a-las-10.50.26_3fd471c9-150x113.jpg 150w, https:\/\/radio.unrc.edu.ar\/wp-content\/uploads\/2025\/05\/Imagen-de-WhatsApp-2025-05-26-a-las-10.50.26_3fd471c9-696x522.jpg 696w, https:\/\/radio.unrc.edu.ar\/wp-content\/uploads\/2025\/05\/Imagen-de-WhatsApp-2025-05-26-a-las-10.50.26_3fd471c9-1068x801.jpg 1068w, https:\/\/radio.unrc.edu.ar\/wp-content\/uploads\/2025\/05\/Imagen-de-WhatsApp-2025-05-26-a-las-10.50.26_3fd471c9-265x198.jpg 265w\" sizes=\"(max-width: 1600px) 100vw, 1600px\" alt=\"\">\r\n                            <\/a>\r\n                            \r\n                        <\/figure>\r\n                    <\/div>\r\n                            <\/div>\r\n                        <\/div>\r\n\r\n                        <div class = \"td-doubleSlider-2\">\r\n                            <div class = \"td-slider\">\r\n                                \r\n                    <div class = \"td-button td-item1\">\r\n                        <div class = \"td-border\"><\/div>\r\n                    <\/div>\r\n                    <div class = \"td-button td-item2\">\r\n                        <div class = \"td-border\"><\/div>\r\n                    <\/div>\r\n                    <div class = \"td-button td-item3\">\r\n                        <div class = \"td-border\"><\/div>\r\n                    <\/div>\r\n                            <\/div>\r\n                        <\/div>\r\n\r\n                    <\/div>\r\n\r\n                <\/div>\r\n                \n","protected":false},"excerpt":{"rendered":"<p>Fue mediante un juicio abreviado ante un Jurado Popular y los familiares de la v\u00edctima consideraron que no fueron escuchados. El abogado querellante, Eduardo Viazzi, coment\u00f3 que los familiares de Hugo Bolatti asesinado en enero del a\u00f1o pasado durante un asalto, no quedan conformes con este acuerdo que beneficia al acusado Joaqu\u00edn S\u00e1nchez. S\u00e1nchez deber\u00e1 [&hellip;]<\/p>\n","protected":false},"author":2,"featured_media":27615,"comment_status":"open","ping_status":"open","sticky":false,"template":"","format":"standard","meta":{"footnotes":""},"categories":[18],"tags":[],"class_list":{"0":"post-27614","1":"post","2":"type-post","3":"status-publish","4":"format-standard","5":"has-post-thumbnail","7":"category-locales"},"yoast_head":"<!-- This site is optimized with the Yoast SEO plugin v21.5 - https:\/\/yoast.com\/wordpress\/plugins\/seo\/ -->\n<title>Condenaron al autor del crimen de un jubilado en Banda Norte - Radio UNRC<\/title>\n<meta name=\"description\" content=\"La radio que te hace sentir y pensar.\" \/>\n<meta name=\"robots\" content=\"index, follow, max-snippet:-1, max-image-preview:large, max-video-preview:-1\" \/>\n<link rel=\"canonical\" href=\"https:\/\/radio.unrc.edu.ar\/?p=27614\" \/>\n<meta property=\"og:locale\" content=\"es_ES\" \/>\n<meta property=\"og:type\" content=\"article\" \/>\n<meta property=\"og:title\" content=\"Condenaron al autor del crimen de un jubilado en Banda Norte - Radio UNRC\" \/>\n<meta property=\"og:description\" content=\"La radio que te hace sentir y pensar.\" \/>\n<meta property=\"og:url\" content=\"https:\/\/radio.unrc.edu.ar\/?p=27614\" \/>\n<meta property=\"og:site_name\" content=\"Radio UNRC\" \/>\n<meta property=\"article:publisher\" content=\"https:\/\/www.facebook.com\/radiounrc\" \/>\n<meta property=\"article:published_time\" content=\"2025-05-26T15:09:34+00:00\" \/>\n<meta property=\"og:image\" content=\"https:\/\/radio.unrc.edu.ar\/wp-content\/uploads\/2025\/05\/crimen.jpg\" \/>\n\t<meta property=\"og:image:width\" content=\"1280\" \/>\n\t<meta property=\"og:image:height\" content=\"740\" \/>\n\t<meta property=\"og:image:type\" content=\"image\/jpeg\" \/>\n<meta name=\"author\" content=\"majo\" \/>\n<meta name=\"twitter:card\" content=\"summary_large_image\" \/>\n<meta name=\"twitter:label1\" content=\"Escrito por\" \/>\n\t<meta name=\"twitter:data1\" content=\"majo\" \/>\n<script type=\"application\/ld+json\" class=\"yoast-schema-graph\">{\"@context\":\"https:\/\/schema.org\",\"@graph\":[{\"@type\":\"Article\",\"@id\":\"https:\/\/radio.unrc.edu.ar\/?p=27614#article\",\"isPartOf\":{\"@id\":\"https:\/\/radio.unrc.edu.ar\/?p=27614\"},\"author\":{\"name\":\"majo\",\"@id\":\"https:\/\/radio.unrc.edu.ar\/#\/schema\/person\/197edd08d015632a43a5e6a515c4f7a6\"},\"headline\":\"Condenaron al autor del crimen de un jubilado en Banda Norte\",\"datePublished\":\"2025-05-26T15:09:34+00:00\",\"dateModified\":\"2025-05-26T15:09:34+00:00\",\"mainEntityOfPage\":{\"@id\":\"https:\/\/radio.unrc.edu.ar\/?p=27614\"},\"wordCount\":100,\"commentCount\":0,\"publisher\":{\"@id\":\"https:\/\/radio.unrc.edu.ar\/#organization\"},\"articleSection\":[\"Locales\"],\"inLanguage\":\"es\",\"potentialAction\":[{\"@type\":\"CommentAction\",\"name\":\"Comment\",\"target\":[\"https:\/\/radio.unrc.edu.ar\/?p=27614#respond\"]}]},{\"@type\":\"WebPage\",\"@id\":\"https:\/\/radio.unrc.edu.ar\/?p=27614\",\"url\":\"https:\/\/radio.unrc.edu.ar\/?p=27614\",\"name\":\"Condenaron al autor del crimen de un jubilado en Banda Norte - Radio UNRC\",\"isPartOf\":{\"@id\":\"https:\/\/radio.unrc.edu.ar\/#website\"},\"datePublished\":\"2025-05-26T15:09:34+00:00\",\"dateModified\":\"2025-05-26T15:09:34+00:00\",\"description\":\"La radio que te hace sentir y pensar.\",\"breadcrumb\":{\"@id\":\"https:\/\/radio.unrc.edu.ar\/?p=27614#breadcrumb\"},\"inLanguage\":\"es\",\"potentialAction\":[{\"@type\":\"ReadAction\",\"target\":[\"https:\/\/radio.unrc.edu.ar\/?p=27614\"]}]},{\"@type\":\"BreadcrumbList\",\"@id\":\"https:\/\/radio.unrc.edu.ar\/?p=27614#breadcrumb\",\"itemListElement\":[{\"@type\":\"ListItem\",\"position\":1,\"name\":\"Portada\",\"item\":\"https:\/\/radio.unrc.edu.ar\/\"},{\"@type\":\"ListItem\",\"position\":2,\"name\":\"Condenaron al autor del crimen de un jubilado en Banda Norte\"}]},{\"@type\":\"WebSite\",\"@id\":\"https:\/\/radio.unrc.edu.ar\/#website\",\"url\":\"https:\/\/radio.unrc.edu.ar\/\",\"name\":\"Radio UNRC\",\"description\":\"La Radio de la Uni, la que te hace sentir y pensar\",\"publisher\":{\"@id\":\"https:\/\/radio.unrc.edu.ar\/#organization\"},\"potentialAction\":[{\"@type\":\"SearchAction\",\"target\":{\"@type\":\"EntryPoint\",\"urlTemplate\":\"https:\/\/radio.unrc.edu.ar\/?s={search_term_string}\"},\"query-input\":\"required name=search_term_string\"}],\"inLanguage\":\"es\"},{\"@type\":\"Organization\",\"@id\":\"https:\/\/radio.unrc.edu.ar\/#organization\",\"name\":\"Radio UNRC\",\"url\":\"https:\/\/radio.unrc.edu.ar\/\",\"logo\":{\"@type\":\"ImageObject\",\"inLanguage\":\"es\",\"@id\":\"https:\/\/radio.unrc.edu.ar\/#\/schema\/logo\/image\/\",\"url\":\"https:\/\/radio.unrc.edu.ar\/wp-content\/uploads\/2022\/03\/logo-radio-544.png\",\"contentUrl\":\"https:\/\/radio.unrc.edu.ar\/wp-content\/uploads\/2022\/03\/logo-radio-544.png\",\"width\":544,\"height\":180,\"caption\":\"Radio UNRC\"},\"image\":{\"@id\":\"https:\/\/radio.unrc.edu.ar\/#\/schema\/logo\/image\/\"},\"sameAs\":[\"https:\/\/www.facebook.com\/radiounrc\",\"https:\/\/www.instagram.com\/radiounrc\/\"]},{\"@type\":\"Person\",\"@id\":\"https:\/\/radio.unrc.edu.ar\/#\/schema\/person\/197edd08d015632a43a5e6a515c4f7a6\",\"name\":\"majo\",\"image\":{\"@type\":\"ImageObject\",\"inLanguage\":\"es\",\"@id\":\"https:\/\/radio.unrc.edu.ar\/#\/schema\/person\/image\/\",\"url\":\"https:\/\/secure.gravatar.com\/avatar\/6806165fb7635331b44fb331ffb478c3230b9d62d675244a0e2dfd0cb8d8b503?s=96&d=mm&r=g\",\"contentUrl\":\"https:\/\/secure.gravatar.com\/avatar\/6806165fb7635331b44fb331ffb478c3230b9d62d675244a0e2dfd0cb8d8b503?s=96&d=mm&r=g\",\"caption\":\"majo\"},\"url\":\"https:\/\/radio.unrc.edu.ar\/?author=2\"}]}<\/script>\n<!-- \/ Yoast SEO plugin. -->","yoast_head_json":{"title":"Condenaron al autor del crimen de un jubilado en Banda Norte - Radio UNRC","description":"La radio que te hace sentir y pensar.","robots":{"index":"index","follow":"follow","max-snippet":"max-snippet:-1","max-image-preview":"max-image-preview:large","max-video-preview":"max-video-preview:-1"},"canonical":"https:\/\/radio.unrc.edu.ar\/?p=27614","og_locale":"es_ES","og_type":"article","og_title":"Condenaron al autor del crimen de un jubilado en Banda Norte - Radio UNRC","og_description":"La radio que te hace sentir y pensar.","og_url":"https:\/\/radio.unrc.edu.ar\/?p=27614","og_site_name":"Radio UNRC","article_publisher":"https:\/\/www.facebook.com\/radiounrc","article_published_time":"2025-05-26T15:09:34+00:00","og_image":[{"width":1280,"height":740,"url":"https:\/\/radio.unrc.edu.ar\/wp-content\/uploads\/2025\/05\/crimen.jpg","type":"image\/jpeg"}],"author":"majo","twitter_card":"summary_large_image","twitter_misc":{"Escrito por":"majo"},"schema":{"@context":"https:\/\/schema.org","@graph":[{"@type":"Article","@id":"https:\/\/radio.unrc.edu.ar\/?p=27614#article","isPartOf":{"@id":"https:\/\/radio.unrc.edu.ar\/?p=27614"},"author":{"name":"majo","@id":"https:\/\/radio.unrc.edu.ar\/#\/schema\/person\/197edd08d015632a43a5e6a515c4f7a6"},"headline":"Condenaron al autor del crimen de un jubilado en Banda Norte","datePublished":"2025-05-26T15:09:34+00:00","dateModified":"2025-05-26T15:09:34+00:00","mainEntityOfPage":{"@id":"https:\/\/radio.unrc.edu.ar\/?p=27614"},"wordCount":100,"commentCount":0,"publisher":{"@id":"https:\/\/radio.unrc.edu.ar\/#organization"},"articleSection":["Locales"],"inLanguage":"es","potentialAction":[{"@type":"CommentAction","name":"Comment","target":["https:\/\/radio.unrc.edu.ar\/?p=27614#respond"]}]},{"@type":"WebPage","@id":"https:\/\/radio.unrc.edu.ar\/?p=27614","url":"https:\/\/radio.unrc.edu.ar\/?p=27614","name":"Condenaron al autor del crimen de un jubilado en Banda Norte - Radio UNRC","isPartOf":{"@id":"https:\/\/radio.unrc.edu.ar\/#website"},"datePublished":"2025-05-26T15:09:34+00:00","dateModified":"2025-05-26T15:09:34+00:00","description":"La radio que te hace sentir y pensar.","breadcrumb":{"@id":"https:\/\/radio.unrc.edu.ar\/?p=27614#breadcrumb"},"inLanguage":"es","potentialAction":[{"@type":"ReadAction","target":["https:\/\/radio.unrc.edu.ar\/?p=27614"]}]},{"@type":"BreadcrumbList","@id":"https:\/\/radio.unrc.edu.ar\/?p=27614#breadcrumb","itemListElement":[{"@type":"ListItem","position":1,"name":"Portada","item":"https:\/\/radio.unrc.edu.ar\/"},{"@type":"ListItem","position":2,"name":"Condenaron al autor del crimen de un jubilado en Banda Norte"}]},{"@type":"WebSite","@id":"https:\/\/radio.unrc.edu.ar\/#website","url":"https:\/\/radio.unrc.edu.ar\/","name":"Radio UNRC","description":"La Radio de la Uni, la que te hace sentir y pensar","publisher":{"@id":"https:\/\/radio.unrc.edu.ar\/#organization"},"potentialAction":[{"@type":"SearchAction","target":{"@type":"EntryPoint","urlTemplate":"https:\/\/radio.unrc.edu.ar\/?s={search_term_string}"},"query-input":"required name=search_term_string"}],"inLanguage":"es"},{"@type":"Organization","@id":"https:\/\/radio.unrc.edu.ar\/#organization","name":"Radio UNRC","url":"https:\/\/radio.unrc.edu.ar\/","logo":{"@type":"ImageObject","inLanguage":"es","@id":"https:\/\/radio.unrc.edu.ar\/#\/schema\/logo\/image\/","url":"https:\/\/radio.unrc.edu.ar\/wp-content\/uploads\/2022\/03\/logo-radio-544.png","contentUrl":"https:\/\/radio.unrc.edu.ar\/wp-content\/uploads\/2022\/03\/logo-radio-544.png","width":544,"height":180,"caption":"Radio UNRC"},"image":{"@id":"https:\/\/radio.unrc.edu.ar\/#\/schema\/logo\/image\/"},"sameAs":["https:\/\/www.facebook.com\/radiounrc","https:\/\/www.instagram.com\/radiounrc\/"]},{"@type":"Person","@id":"https:\/\/radio.unrc.edu.ar\/#\/schema\/person\/197edd08d015632a43a5e6a515c4f7a6","name":"majo","image":{"@type":"ImageObject","inLanguage":"es","@id":"https:\/\/radio.unrc.edu.ar\/#\/schema\/person\/image\/","url":"https:\/\/secure.gravatar.com\/avatar\/6806165fb7635331b44fb331ffb478c3230b9d62d675244a0e2dfd0cb8d8b503?s=96&d=mm&r=g","contentUrl":"https:\/\/secure.gravatar.com\/avatar\/6806165fb7635331b44fb331ffb478c3230b9d62d675244a0e2dfd0cb8d8b503?s=96&d=mm&r=g","caption":"majo"},"url":"https:\/\/radio.unrc.edu.ar\/?author=2"}]}},"_links":{"self":[{"href":"https:\/\/radio.unrc.edu.ar\/index.php?rest_route=\/wp\/v2\/posts\/27614","targetHints":{"allow":["GET"]}}],"collection":[{"href":"https:\/\/radio.unrc.edu.ar\/index.php?rest_route=\/wp\/v2\/posts"}],"about":[{"href":"https:\/\/radio.unrc.edu.ar\/index.php?rest_route=\/wp\/v2\/types\/post"}],"author":[{"embeddable":true,"href":"https:\/\/radio.unrc.edu.ar\/index.php?rest_route=\/wp\/v2\/users\/2"}],"replies":[{"embeddable":true,"href":"https:\/\/radio.unrc.edu.ar\/index.php?rest_route=%2Fwp%2Fv2%2Fcomments&post=27614"}],"version-history":[{"count":1,"href":"https:\/\/radio.unrc.edu.ar\/index.php?rest_route=\/wp\/v2\/posts\/27614\/revisions"}],"predecessor-version":[{"id":27619,"href":"https:\/\/radio.unrc.edu.ar\/index.php?rest_route=\/wp\/v2\/posts\/27614\/revisions\/27619"}],"wp:featuredmedia":[{"embeddable":true,"href":"https:\/\/radio.unrc.edu.ar\/index.php?rest_route=\/wp\/v2\/media\/27615"}],"wp:attachment":[{"href":"https:\/\/radio.unrc.edu.ar\/index.php?rest_route=%2Fwp%2Fv2%2Fmedia&parent=27614"}],"wp:term":[{"taxonomy":"category","embeddable":true,"href":"https:\/\/radio.unrc.edu.ar\/index.php?rest_route=%2Fwp%2Fv2%2Fcategories&post=27614"},{"taxonomy":"post_tag","embeddable":true,"href":"https:\/\/radio.unrc.edu.ar\/index.php?rest_route=%2Fwp%2Fv2%2Ftags&post=27614"}],"curies":[{"name":"wp","href":"https:\/\/api.w.org\/{rel}","templated":true}]}}