{"id":27634,"date":"2025-05-26T16:29:34","date_gmt":"2025-05-26T19:29:34","guid":{"rendered":"https:\/\/radio.unrc.edu.ar\/?p=27634"},"modified":"2025-05-27T11:28:13","modified_gmt":"2025-05-27T14:28:13","slug":"se-concreto-una-capacitacion-en-el-marco-del-corredor-del-chocancharava","status":"publish","type":"post","link":"https:\/\/radio.unrc.edu.ar\/?p=27634","title":{"rendered":"Se concret\u00f3 una capacitaci\u00f3n en el marco del Corredor del Chocancharava"},"content":{"rendered":"<p>La tem\u00e1tica fue una capacitaci\u00f3n introductoria a las problem\u00e1ticas de las especies le\u00f1osas ex\u00f3ticas invasoras de la regi\u00f3n del Espinal.<\/p>\n<p>Estuvo dirigido a productores rurales, brigadistas, \u00e1reas ambientales de municipios, entre otros.<\/p>\n<p>Miguel Magnasco, subsecretario de Biodiversidad, dijo que el control de las especies invasoras genera problemas para la reproducci\u00f3n de los ecosistemas nativos y agreg\u00f3 que tambi\u00e9n hay especies que generan d\u00e9ficits h\u00eddricos.<\/p>\n<p><iframe width=\"100%\" height=\"300\" scrolling=\"no\" frameborder=\"no\" allow=\"autoplay\" src=\"https:\/\/w.soundcloud.com\/player\/?url=https%3A\/\/api.soundcloud.com\/tracks\/2102674197&#038;color=%23ff5500&#038;auto_play=false&#038;hide_related=false&#038;show_comments=true&#038;show_user=true&#038;show_reposts=false&#038;show_teaser=true&#038;visual=true\"><\/iframe><\/p>\n<div style=\"font-size: 10px; color: #cccccc;line-break: anywhere;word-break: normal;overflow: hidden;white-space: nowrap;text-overflow: ellipsis; font-family: Interstate,Lucida Grande,Lucida Sans Unicode,Lucida Sans,Garuda,Verdana,Tahoma,sans-serif;font-weight: 100;\"><a href=\"https:\/\/soundcloud.com\/unrcradio\" title=\"UNRCRadio\" target=\"_blank\" style=\"color: #cccccc; text-decoration: none;\">UNRCRadio<\/a> \u00b7 <a href=\"https:\/\/soundcloud.com\/unrcradio\/miguel-magnasco\" title=\"Miguel Magnasco\" target=\"_blank\" style=\"color: #cccccc; text-decoration: none;\">Miguel Magnasco<\/a><\/div>\n<p>Evangelina Natale, representante de la UNRC en la Mesa del Corredor Chocancharava, dijo que desde el a\u00f1o pasado se trabaja en la problem\u00e1tica de las especies invasoras y dio detalles de a quienes va dirigida la capacitaci\u00f3n.<\/p>\n<p><iframe width=\"100%\" height=\"300\" scrolling=\"no\" frameborder=\"no\" allow=\"autoplay\" src=\"https:\/\/w.soundcloud.com\/player\/?url=https%3A\/\/api.soundcloud.com\/tracks\/2102674401&#038;color=%23ff5500&#038;auto_play=false&#038;hide_related=false&#038;show_comments=true&#038;show_user=true&#038;show_reposts=false&#038;show_teaser=true&#038;visual=true\"><\/iframe><\/p>\n<div style=\"font-size: 10px; color: #cccccc;line-break: anywhere;word-break: normal;overflow: hidden;white-space: nowrap;text-overflow: ellipsis; font-family: Interstate,Lucida Grande,Lucida Sans Unicode,Lucida Sans,Garuda,Verdana,Tahoma,sans-serif;font-weight: 100;\"><a href=\"https:\/\/soundcloud.com\/unrcradio\" title=\"UNRCRadio\" target=\"_blank\" style=\"color: #cccccc; text-decoration: none;\">UNRCRadio<\/a> \u00b7 <a href=\"https:\/\/soundcloud.com\/unrcradio\/evangelina-natale\" title=\"Evangelina Natale\" target=\"_blank\" style=\"color: #cccccc; text-decoration: none;\">Evangelina Natale<\/a><\/div>\n\r\n                <style type=\"text\/css\">\r\n                    \r\n                    #tdi_1  .td-doubleSlider-2 .td-item1 {\r\n                        background: url(https:\/\/radio.unrc.edu.ar\/wp-content\/uploads\/2025\/05\/IMG-20250526-WA0021.jpg) 0 0 no-repeat;\r\n                    }\r\n                    #tdi_1  .td-doubleSlider-2 .td-item2 {\r\n                        background: url(https:\/\/radio.unrc.edu.ar\/wp-content\/uploads\/2025\/05\/IMG-20250526-WA0022.jpg) 0 0 no-repeat;\r\n                    }\r\n                    #tdi_1  .td-doubleSlider-2 .td-item3 {\r\n                        background: url(https:\/\/radio.unrc.edu.ar\/wp-content\/uploads\/2025\/05\/IMG-20250526-WA0023.jpg) 0 0 no-repeat;\r\n                    }\r\n                    #tdi_1  .td-doubleSlider-2 .td-item4 {\r\n                        background: url(https:\/\/radio.unrc.edu.ar\/wp-content\/uploads\/2025\/05\/IMG-20250526-WA0024.jpg) 0 0 no-repeat;\r\n                    }\r\n                    #tdi_1  .td-doubleSlider-2 .td-item5 {\r\n                        background: url(https:\/\/radio.unrc.edu.ar\/wp-content\/uploads\/2025\/05\/IMG-20250526-WA0025.jpg) 0 0 no-repeat;\r\n                    }\r\n                    #tdi_1  .td-doubleSlider-2 .td-item6 {\r\n                        background: url(https:\/\/radio.unrc.edu.ar\/wp-content\/uploads\/2025\/05\/IMG-20250526-WA0026.jpg) 0 0 no-repeat;\r\n                    }\r\n                    #tdi_1  .td-doubleSlider-2 .td-item7 {\r\n                        background: url(https:\/\/radio.unrc.edu.ar\/wp-content\/uploads\/2025\/05\/IMG-20250526-WA0027.jpg) 0 0 no-repeat;\r\n                    }\r\n                <\/style>\r\n\r\n                <div id=\"tdi_1\" class=\"td-gallery td-slide-on-2-columns\">\r\n                    <div class=\"post_td_gallery\">\r\n                        <div class=\"td-gallery-slide-top\">\r\n                           <div class=\"td-gallery-title\"><\/div>\r\n\r\n                            <div class=\"td-gallery-controls-wrapper\">\r\n                                <div class=\"td-gallery-slide-count\"><span class=\"td-gallery-slide-item-focus\">1<\/span> de 7<\/div>\r\n                                <div class=\"td-gallery-slide-prev-next-but\">\r\n                                    <i class = \"td-icon-left doubleSliderPrevButton\"><\/i>\r\n                                    <i class = \"td-icon-right doubleSliderNextButton\"><\/i>\r\n                                <\/div>\r\n                            <\/div>\r\n                        <\/div>\r\n\r\n                        <div class = \"td-doubleSlider-1 \">\r\n                            <div class = \"td-slider\">\r\n                                \r\n                    <div class = \"td-slide-item td-item1\">\r\n                        <figure class=\"td-slide-galery-figure td-slide-popup-gallery\">\r\n                            <a class=\"slide-gallery-image-link\" href=\"https:\/\/radio.unrc.edu.ar\/wp-content\/uploads\/2025\/05\/IMG-20250526-WA0021.jpg\" title=\"IMG-20250526-WA0021\"  data-caption=\"\"  data-description=\"\">\r\n                                <img decoding=\"async\" src=\"https:\/\/radio.unrc.edu.ar\/wp-content\/uploads\/2025\/05\/IMG-20250526-WA0021.jpg\" srcset=\"https:\/\/radio.unrc.edu.ar\/wp-content\/uploads\/2025\/05\/IMG-20250526-WA0021.jpg 1600w, https:\/\/radio.unrc.edu.ar\/wp-content\/uploads\/2025\/05\/IMG-20250526-WA0021-300x200.jpg 300w, https:\/\/radio.unrc.edu.ar\/wp-content\/uploads\/2025\/05\/IMG-20250526-WA0021-1024x682.jpg 1024w, https:\/\/radio.unrc.edu.ar\/wp-content\/uploads\/2025\/05\/IMG-20250526-WA0021-768x512.jpg 768w, https:\/\/radio.unrc.edu.ar\/wp-content\/uploads\/2025\/05\/IMG-20250526-WA0021-1536x1023.jpg 1536w, https:\/\/radio.unrc.edu.ar\/wp-content\/uploads\/2025\/05\/IMG-20250526-WA0021-150x100.jpg 150w, https:\/\/radio.unrc.edu.ar\/wp-content\/uploads\/2025\/05\/IMG-20250526-WA0021-696x464.jpg 696w, https:\/\/radio.unrc.edu.ar\/wp-content\/uploads\/2025\/05\/IMG-20250526-WA0021-1068x712.jpg 1068w\" sizes=\"(max-width: 1600px) 100vw, 1600px\" alt=\"\">\r\n                            <\/a>\r\n                            \r\n                        <\/figure>\r\n                    <\/div>\r\n                    <div class = \"td-slide-item td-item2\">\r\n                        <figure class=\"td-slide-galery-figure td-slide-popup-gallery\">\r\n                            <a class=\"slide-gallery-image-link\" href=\"https:\/\/radio.unrc.edu.ar\/wp-content\/uploads\/2025\/05\/IMG-20250526-WA0022.jpg\" title=\"IMG-20250526-WA0022\"  data-caption=\"\"  data-description=\"\">\r\n                                <img decoding=\"async\" src=\"https:\/\/radio.unrc.edu.ar\/wp-content\/uploads\/2025\/05\/IMG-20250526-WA0022.jpg\" srcset=\"https:\/\/radio.unrc.edu.ar\/wp-content\/uploads\/2025\/05\/IMG-20250526-WA0022.jpg 1600w, https:\/\/radio.unrc.edu.ar\/wp-content\/uploads\/2025\/05\/IMG-20250526-WA0022-300x200.jpg 300w, https:\/\/radio.unrc.edu.ar\/wp-content\/uploads\/2025\/05\/IMG-20250526-WA0022-1024x682.jpg 1024w, https:\/\/radio.unrc.edu.ar\/wp-content\/uploads\/2025\/05\/IMG-20250526-WA0022-768x512.jpg 768w, https:\/\/radio.unrc.edu.ar\/wp-content\/uploads\/2025\/05\/IMG-20250526-WA0022-1536x1023.jpg 1536w, https:\/\/radio.unrc.edu.ar\/wp-content\/uploads\/2025\/05\/IMG-20250526-WA0022-150x100.jpg 150w, https:\/\/radio.unrc.edu.ar\/wp-content\/uploads\/2025\/05\/IMG-20250526-WA0022-696x464.jpg 696w, https:\/\/radio.unrc.edu.ar\/wp-content\/uploads\/2025\/05\/IMG-20250526-WA0022-1068x712.jpg 1068w\" sizes=\"(max-width: 1600px) 100vw, 1600px\" alt=\"\">\r\n                            <\/a>\r\n                            \r\n                        <\/figure>\r\n                    <\/div>\r\n                    <div class = \"td-slide-item td-item3\">\r\n                        <figure class=\"td-slide-galery-figure td-slide-popup-gallery\">\r\n                            <a class=\"slide-gallery-image-link\" href=\"https:\/\/radio.unrc.edu.ar\/wp-content\/uploads\/2025\/05\/IMG-20250526-WA0023.jpg\" title=\"IMG-20250526-WA0023\"  data-caption=\"\"  data-description=\"\">\r\n                                <img decoding=\"async\" src=\"https:\/\/radio.unrc.edu.ar\/wp-content\/uploads\/2025\/05\/IMG-20250526-WA0023.jpg\" srcset=\"https:\/\/radio.unrc.edu.ar\/wp-content\/uploads\/2025\/05\/IMG-20250526-WA0023.jpg 1600w, https:\/\/radio.unrc.edu.ar\/wp-content\/uploads\/2025\/05\/IMG-20250526-WA0023-300x200.jpg 300w, https:\/\/radio.unrc.edu.ar\/wp-content\/uploads\/2025\/05\/IMG-20250526-WA0023-1024x682.jpg 1024w, https:\/\/radio.unrc.edu.ar\/wp-content\/uploads\/2025\/05\/IMG-20250526-WA0023-768x512.jpg 768w, https:\/\/radio.unrc.edu.ar\/wp-content\/uploads\/2025\/05\/IMG-20250526-WA0023-1536x1023.jpg 1536w, https:\/\/radio.unrc.edu.ar\/wp-content\/uploads\/2025\/05\/IMG-20250526-WA0023-150x100.jpg 150w, https:\/\/radio.unrc.edu.ar\/wp-content\/uploads\/2025\/05\/IMG-20250526-WA0023-696x464.jpg 696w, https:\/\/radio.unrc.edu.ar\/wp-content\/uploads\/2025\/05\/IMG-20250526-WA0023-1068x712.jpg 1068w\" sizes=\"(max-width: 1600px) 100vw, 1600px\" alt=\"\">\r\n                            <\/a>\r\n                            \r\n                        <\/figure>\r\n                    <\/div>\r\n                    <div class = \"td-slide-item td-item4\">\r\n                        <figure class=\"td-slide-galery-figure td-slide-popup-gallery\">\r\n                            <a class=\"slide-gallery-image-link\" href=\"https:\/\/radio.unrc.edu.ar\/wp-content\/uploads\/2025\/05\/IMG-20250526-WA0024.jpg\" title=\"IMG-20250526-WA0024\"  data-caption=\"\"  data-description=\"\">\r\n                                <img decoding=\"async\" src=\"https:\/\/radio.unrc.edu.ar\/wp-content\/uploads\/2025\/05\/IMG-20250526-WA0024.jpg\" srcset=\"https:\/\/radio.unrc.edu.ar\/wp-content\/uploads\/2025\/05\/IMG-20250526-WA0024.jpg 1600w, https:\/\/radio.unrc.edu.ar\/wp-content\/uploads\/2025\/05\/IMG-20250526-WA0024-300x200.jpg 300w, https:\/\/radio.unrc.edu.ar\/wp-content\/uploads\/2025\/05\/IMG-20250526-WA0024-1024x682.jpg 1024w, https:\/\/radio.unrc.edu.ar\/wp-content\/uploads\/2025\/05\/IMG-20250526-WA0024-768x512.jpg 768w, https:\/\/radio.unrc.edu.ar\/wp-content\/uploads\/2025\/05\/IMG-20250526-WA0024-1536x1023.jpg 1536w, https:\/\/radio.unrc.edu.ar\/wp-content\/uploads\/2025\/05\/IMG-20250526-WA0024-150x100.jpg 150w, https:\/\/radio.unrc.edu.ar\/wp-content\/uploads\/2025\/05\/IMG-20250526-WA0024-696x464.jpg 696w, https:\/\/radio.unrc.edu.ar\/wp-content\/uploads\/2025\/05\/IMG-20250526-WA0024-1068x712.jpg 1068w\" sizes=\"(max-width: 1600px) 100vw, 1600px\" alt=\"\">\r\n                            <\/a>\r\n                            \r\n                        <\/figure>\r\n                    <\/div>\r\n                    <div class = \"td-slide-item td-item5\">\r\n                        <figure class=\"td-slide-galery-figure td-slide-popup-gallery\">\r\n                            <a class=\"slide-gallery-image-link\" href=\"https:\/\/radio.unrc.edu.ar\/wp-content\/uploads\/2025\/05\/IMG-20250526-WA0025.jpg\" title=\"IMG-20250526-WA0025\"  data-caption=\"\"  data-description=\"\">\r\n                                <img decoding=\"async\" src=\"https:\/\/radio.unrc.edu.ar\/wp-content\/uploads\/2025\/05\/IMG-20250526-WA0025.jpg\" srcset=\"https:\/\/radio.unrc.edu.ar\/wp-content\/uploads\/2025\/05\/IMG-20250526-WA0025.jpg 1600w, https:\/\/radio.unrc.edu.ar\/wp-content\/uploads\/2025\/05\/IMG-20250526-WA0025-300x200.jpg 300w, https:\/\/radio.unrc.edu.ar\/wp-content\/uploads\/2025\/05\/IMG-20250526-WA0025-1024x682.jpg 1024w, https:\/\/radio.unrc.edu.ar\/wp-content\/uploads\/2025\/05\/IMG-20250526-WA0025-768x512.jpg 768w, https:\/\/radio.unrc.edu.ar\/wp-content\/uploads\/2025\/05\/IMG-20250526-WA0025-1536x1023.jpg 1536w, https:\/\/radio.unrc.edu.ar\/wp-content\/uploads\/2025\/05\/IMG-20250526-WA0025-150x100.jpg 150w, https:\/\/radio.unrc.edu.ar\/wp-content\/uploads\/2025\/05\/IMG-20250526-WA0025-696x464.jpg 696w, https:\/\/radio.unrc.edu.ar\/wp-content\/uploads\/2025\/05\/IMG-20250526-WA0025-1068x712.jpg 1068w\" sizes=\"(max-width: 1600px) 100vw, 1600px\" alt=\"\">\r\n                            <\/a>\r\n                            \r\n                        <\/figure>\r\n                    <\/div>\r\n                    <div class = \"td-slide-item td-item6\">\r\n                        <figure class=\"td-slide-galery-figure td-slide-popup-gallery\">\r\n                            <a class=\"slide-gallery-image-link\" href=\"https:\/\/radio.unrc.edu.ar\/wp-content\/uploads\/2025\/05\/IMG-20250526-WA0026.jpg\" title=\"IMG-20250526-WA0026\"  data-caption=\"\"  data-description=\"\">\r\n                                <img decoding=\"async\" src=\"https:\/\/radio.unrc.edu.ar\/wp-content\/uploads\/2025\/05\/IMG-20250526-WA0026.jpg\" srcset=\"https:\/\/radio.unrc.edu.ar\/wp-content\/uploads\/2025\/05\/IMG-20250526-WA0026.jpg 1600w, https:\/\/radio.unrc.edu.ar\/wp-content\/uploads\/2025\/05\/IMG-20250526-WA0026-300x200.jpg 300w, https:\/\/radio.unrc.edu.ar\/wp-content\/uploads\/2025\/05\/IMG-20250526-WA0026-1024x682.jpg 1024w, https:\/\/radio.unrc.edu.ar\/wp-content\/uploads\/2025\/05\/IMG-20250526-WA0026-768x512.jpg 768w, https:\/\/radio.unrc.edu.ar\/wp-content\/uploads\/2025\/05\/IMG-20250526-WA0026-1536x1023.jpg 1536w, https:\/\/radio.unrc.edu.ar\/wp-content\/uploads\/2025\/05\/IMG-20250526-WA0026-150x100.jpg 150w, https:\/\/radio.unrc.edu.ar\/wp-content\/uploads\/2025\/05\/IMG-20250526-WA0026-696x464.jpg 696w, https:\/\/radio.unrc.edu.ar\/wp-content\/uploads\/2025\/05\/IMG-20250526-WA0026-1068x712.jpg 1068w\" sizes=\"(max-width: 1600px) 100vw, 1600px\" alt=\"\">\r\n                            <\/a>\r\n                            \r\n                        <\/figure>\r\n                    <\/div>\r\n                    <div class = \"td-slide-item td-item7\">\r\n                        <figure class=\"td-slide-galery-figure td-slide-popup-gallery\">\r\n                            <a class=\"slide-gallery-image-link\" href=\"https:\/\/radio.unrc.edu.ar\/wp-content\/uploads\/2025\/05\/IMG-20250526-WA0027.jpg\" title=\"IMG-20250526-WA0027\"  data-caption=\"\"  data-description=\"\">\r\n                                <img decoding=\"async\" src=\"https:\/\/radio.unrc.edu.ar\/wp-content\/uploads\/2025\/05\/IMG-20250526-WA0027.jpg\" srcset=\"https:\/\/radio.unrc.edu.ar\/wp-content\/uploads\/2025\/05\/IMG-20250526-WA0027.jpg 1600w, https:\/\/radio.unrc.edu.ar\/wp-content\/uploads\/2025\/05\/IMG-20250526-WA0027-300x200.jpg 300w, https:\/\/radio.unrc.edu.ar\/wp-content\/uploads\/2025\/05\/IMG-20250526-WA0027-1024x682.jpg 1024w, https:\/\/radio.unrc.edu.ar\/wp-content\/uploads\/2025\/05\/IMG-20250526-WA0027-768x512.jpg 768w, https:\/\/radio.unrc.edu.ar\/wp-content\/uploads\/2025\/05\/IMG-20250526-WA0027-1536x1023.jpg 1536w, https:\/\/radio.unrc.edu.ar\/wp-content\/uploads\/2025\/05\/IMG-20250526-WA0027-150x100.jpg 150w, https:\/\/radio.unrc.edu.ar\/wp-content\/uploads\/2025\/05\/IMG-20250526-WA0027-696x464.jpg 696w, https:\/\/radio.unrc.edu.ar\/wp-content\/uploads\/2025\/05\/IMG-20250526-WA0027-1068x712.jpg 1068w\" sizes=\"(max-width: 1600px) 100vw, 1600px\" alt=\"\">\r\n                            <\/a>\r\n                            \r\n                        <\/figure>\r\n                    <\/div>\r\n                            <\/div>\r\n                        <\/div>\r\n\r\n                        <div class = \"td-doubleSlider-2\">\r\n                            <div class = \"td-slider\">\r\n                                \r\n                    <div class = \"td-button td-item1\">\r\n                        <div class = \"td-border\"><\/div>\r\n                    <\/div>\r\n                    <div class = \"td-button td-item2\">\r\n                        <div class = \"td-border\"><\/div>\r\n                    <\/div>\r\n                    <div class = \"td-button td-item3\">\r\n                        <div class = \"td-border\"><\/div>\r\n                    <\/div>\r\n                    <div class = \"td-button td-item4\">\r\n                        <div class = \"td-border\"><\/div>\r\n                    <\/div>\r\n                    <div class = \"td-button td-item5\">\r\n                        <div class = \"td-border\"><\/div>\r\n                    <\/div>\r\n                    <div class = \"td-button td-item6\">\r\n                        <div class = \"td-border\"><\/div>\r\n                    <\/div>\r\n                    <div class = \"td-button td-item7\">\r\n                        <div class = \"td-border\"><\/div>\r\n                    <\/div>\r\n                            <\/div>\r\n                        <\/div>\r\n\r\n                    <\/div>\r\n\r\n                <\/div>\r\n                \n","protected":false},"excerpt":{"rendered":"<p>La tem\u00e1tica fue una capacitaci\u00f3n introductoria a las problem\u00e1ticas de las especies le\u00f1osas ex\u00f3ticas invasoras de la regi\u00f3n del Espinal. Estuvo dirigido a productores rurales, brigadistas, \u00e1reas ambientales de municipios, entre otros. Miguel Magnasco, subsecretario de Biodiversidad, dijo que el control de las especies invasoras genera problemas para la reproducci\u00f3n de los ecosistemas nativos y [&hellip;]<\/p>\n","protected":false},"author":2,"featured_media":27643,"comment_status":"open","ping_status":"open","sticky":false,"template":"","format":"standard","meta":{"footnotes":""},"categories":[17],"tags":[],"class_list":{"0":"post-27634","1":"post","2":"type-post","3":"status-publish","4":"format-standard","5":"has-post-thumbnail","7":"category-universitarias"},"yoast_head":"<!-- This site is optimized with the Yoast SEO plugin v21.5 - https:\/\/yoast.com\/wordpress\/plugins\/seo\/ -->\n<title>Se concret\u00f3 una capacitaci\u00f3n en el marco del Corredor del Chocancharava - Radio UNRC<\/title>\n<meta name=\"description\" content=\"La radio que te hace sentir y pensar.\" \/>\n<meta name=\"robots\" content=\"index, follow, max-snippet:-1, max-image-preview:large, max-video-preview:-1\" \/>\n<link rel=\"canonical\" href=\"https:\/\/radio.unrc.edu.ar\/?p=27634\" \/>\n<meta property=\"og:locale\" content=\"es_ES\" \/>\n<meta property=\"og:type\" content=\"article\" \/>\n<meta property=\"og:title\" content=\"Se concret\u00f3 una capacitaci\u00f3n en el marco del Corredor del Chocancharava - Radio UNRC\" \/>\n<meta property=\"og:description\" content=\"La radio que te hace sentir y pensar.\" \/>\n<meta property=\"og:url\" content=\"https:\/\/radio.unrc.edu.ar\/?p=27634\" \/>\n<meta property=\"og:site_name\" content=\"Radio UNRC\" \/>\n<meta property=\"article:publisher\" content=\"https:\/\/www.facebook.com\/radiounrc\" \/>\n<meta property=\"article:published_time\" content=\"2025-05-26T19:29:34+00:00\" \/>\n<meta property=\"article:modified_time\" content=\"2025-05-27T14:28:13+00:00\" \/>\n<meta property=\"og:image\" content=\"https:\/\/radio.unrc.edu.ar\/wp-content\/uploads\/2025\/05\/mesa.jpg\" \/>\n\t<meta property=\"og:image:width\" content=\"1280\" \/>\n\t<meta property=\"og:image:height\" content=\"740\" \/>\n\t<meta property=\"og:image:type\" content=\"image\/jpeg\" \/>\n<meta name=\"author\" content=\"majo\" \/>\n<meta name=\"twitter:card\" content=\"summary_large_image\" \/>\n<meta name=\"twitter:label1\" content=\"Escrito por\" \/>\n\t<meta name=\"twitter:data1\" content=\"majo\" \/>\n\t<meta name=\"twitter:label2\" content=\"Tiempo de lectura\" \/>\n\t<meta name=\"twitter:data2\" content=\"1 minuto\" \/>\n<script type=\"application\/ld+json\" class=\"yoast-schema-graph\">{\"@context\":\"https:\/\/schema.org\",\"@graph\":[{\"@type\":\"Article\",\"@id\":\"https:\/\/radio.unrc.edu.ar\/?p=27634#article\",\"isPartOf\":{\"@id\":\"https:\/\/radio.unrc.edu.ar\/?p=27634\"},\"author\":{\"name\":\"majo\",\"@id\":\"https:\/\/radio.unrc.edu.ar\/#\/schema\/person\/197edd08d015632a43a5e6a515c4f7a6\"},\"headline\":\"Se concret\u00f3 una capacitaci\u00f3n en el marco del Corredor del Chocancharava\",\"datePublished\":\"2025-05-26T19:29:34+00:00\",\"dateModified\":\"2025-05-27T14:28:13+00:00\",\"mainEntityOfPage\":{\"@id\":\"https:\/\/radio.unrc.edu.ar\/?p=27634\"},\"wordCount\":141,\"commentCount\":0,\"publisher\":{\"@id\":\"https:\/\/radio.unrc.edu.ar\/#organization\"},\"articleSection\":[\"Universitarias\"],\"inLanguage\":\"es\",\"potentialAction\":[{\"@type\":\"CommentAction\",\"name\":\"Comment\",\"target\":[\"https:\/\/radio.unrc.edu.ar\/?p=27634#respond\"]}]},{\"@type\":\"WebPage\",\"@id\":\"https:\/\/radio.unrc.edu.ar\/?p=27634\",\"url\":\"https:\/\/radio.unrc.edu.ar\/?p=27634\",\"name\":\"Se concret\u00f3 una capacitaci\u00f3n en el marco del Corredor del Chocancharava - Radio UNRC\",\"isPartOf\":{\"@id\":\"https:\/\/radio.unrc.edu.ar\/#website\"},\"datePublished\":\"2025-05-26T19:29:34+00:00\",\"dateModified\":\"2025-05-27T14:28:13+00:00\",\"description\":\"La radio que te hace sentir y pensar.\",\"breadcrumb\":{\"@id\":\"https:\/\/radio.unrc.edu.ar\/?p=27634#breadcrumb\"},\"inLanguage\":\"es\",\"potentialAction\":[{\"@type\":\"ReadAction\",\"target\":[\"https:\/\/radio.unrc.edu.ar\/?p=27634\"]}]},{\"@type\":\"BreadcrumbList\",\"@id\":\"https:\/\/radio.unrc.edu.ar\/?p=27634#breadcrumb\",\"itemListElement\":[{\"@type\":\"ListItem\",\"position\":1,\"name\":\"Portada\",\"item\":\"https:\/\/radio.unrc.edu.ar\/\"},{\"@type\":\"ListItem\",\"position\":2,\"name\":\"Se concret\u00f3 una capacitaci\u00f3n en el marco del Corredor del Chocancharava\"}]},{\"@type\":\"WebSite\",\"@id\":\"https:\/\/radio.unrc.edu.ar\/#website\",\"url\":\"https:\/\/radio.unrc.edu.ar\/\",\"name\":\"Radio UNRC\",\"description\":\"La Radio de la Uni, la que te hace sentir y pensar\",\"publisher\":{\"@id\":\"https:\/\/radio.unrc.edu.ar\/#organization\"},\"potentialAction\":[{\"@type\":\"SearchAction\",\"target\":{\"@type\":\"EntryPoint\",\"urlTemplate\":\"https:\/\/radio.unrc.edu.ar\/?s={search_term_string}\"},\"query-input\":\"required name=search_term_string\"}],\"inLanguage\":\"es\"},{\"@type\":\"Organization\",\"@id\":\"https:\/\/radio.unrc.edu.ar\/#organization\",\"name\":\"Radio UNRC\",\"url\":\"https:\/\/radio.unrc.edu.ar\/\",\"logo\":{\"@type\":\"ImageObject\",\"inLanguage\":\"es\",\"@id\":\"https:\/\/radio.unrc.edu.ar\/#\/schema\/logo\/image\/\",\"url\":\"https:\/\/radio.unrc.edu.ar\/wp-content\/uploads\/2022\/03\/logo-radio-544.png\",\"contentUrl\":\"https:\/\/radio.unrc.edu.ar\/wp-content\/uploads\/2022\/03\/logo-radio-544.png\",\"width\":544,\"height\":180,\"caption\":\"Radio UNRC\"},\"image\":{\"@id\":\"https:\/\/radio.unrc.edu.ar\/#\/schema\/logo\/image\/\"},\"sameAs\":[\"https:\/\/www.facebook.com\/radiounrc\",\"https:\/\/www.instagram.com\/radiounrc\/\"]},{\"@type\":\"Person\",\"@id\":\"https:\/\/radio.unrc.edu.ar\/#\/schema\/person\/197edd08d015632a43a5e6a515c4f7a6\",\"name\":\"majo\",\"image\":{\"@type\":\"ImageObject\",\"inLanguage\":\"es\",\"@id\":\"https:\/\/radio.unrc.edu.ar\/#\/schema\/person\/image\/\",\"url\":\"https:\/\/secure.gravatar.com\/avatar\/6806165fb7635331b44fb331ffb478c3230b9d62d675244a0e2dfd0cb8d8b503?s=96&d=mm&r=g\",\"contentUrl\":\"https:\/\/secure.gravatar.com\/avatar\/6806165fb7635331b44fb331ffb478c3230b9d62d675244a0e2dfd0cb8d8b503?s=96&d=mm&r=g\",\"caption\":\"majo\"},\"url\":\"https:\/\/radio.unrc.edu.ar\/?author=2\"}]}<\/script>\n<!-- \/ Yoast SEO plugin. -->","yoast_head_json":{"title":"Se concret\u00f3 una capacitaci\u00f3n en el marco del Corredor del Chocancharava - Radio UNRC","description":"La radio que te hace sentir y pensar.","robots":{"index":"index","follow":"follow","max-snippet":"max-snippet:-1","max-image-preview":"max-image-preview:large","max-video-preview":"max-video-preview:-1"},"canonical":"https:\/\/radio.unrc.edu.ar\/?p=27634","og_locale":"es_ES","og_type":"article","og_title":"Se concret\u00f3 una capacitaci\u00f3n en el marco del Corredor del Chocancharava - Radio UNRC","og_description":"La radio que te hace sentir y pensar.","og_url":"https:\/\/radio.unrc.edu.ar\/?p=27634","og_site_name":"Radio UNRC","article_publisher":"https:\/\/www.facebook.com\/radiounrc","article_published_time":"2025-05-26T19:29:34+00:00","article_modified_time":"2025-05-27T14:28:13+00:00","og_image":[{"width":1280,"height":740,"url":"https:\/\/radio.unrc.edu.ar\/wp-content\/uploads\/2025\/05\/mesa.jpg","type":"image\/jpeg"}],"author":"majo","twitter_card":"summary_large_image","twitter_misc":{"Escrito por":"majo","Tiempo de lectura":"1 minuto"},"schema":{"@context":"https:\/\/schema.org","@graph":[{"@type":"Article","@id":"https:\/\/radio.unrc.edu.ar\/?p=27634#article","isPartOf":{"@id":"https:\/\/radio.unrc.edu.ar\/?p=27634"},"author":{"name":"majo","@id":"https:\/\/radio.unrc.edu.ar\/#\/schema\/person\/197edd08d015632a43a5e6a515c4f7a6"},"headline":"Se concret\u00f3 una capacitaci\u00f3n en el marco del Corredor del Chocancharava","datePublished":"2025-05-26T19:29:34+00:00","dateModified":"2025-05-27T14:28:13+00:00","mainEntityOfPage":{"@id":"https:\/\/radio.unrc.edu.ar\/?p=27634"},"wordCount":141,"commentCount":0,"publisher":{"@id":"https:\/\/radio.unrc.edu.ar\/#organization"},"articleSection":["Universitarias"],"inLanguage":"es","potentialAction":[{"@type":"CommentAction","name":"Comment","target":["https:\/\/radio.unrc.edu.ar\/?p=27634#respond"]}]},{"@type":"WebPage","@id":"https:\/\/radio.unrc.edu.ar\/?p=27634","url":"https:\/\/radio.unrc.edu.ar\/?p=27634","name":"Se concret\u00f3 una capacitaci\u00f3n en el marco del Corredor del Chocancharava - Radio UNRC","isPartOf":{"@id":"https:\/\/radio.unrc.edu.ar\/#website"},"datePublished":"2025-05-26T19:29:34+00:00","dateModified":"2025-05-27T14:28:13+00:00","description":"La radio que te hace sentir y pensar.","breadcrumb":{"@id":"https:\/\/radio.unrc.edu.ar\/?p=27634#breadcrumb"},"inLanguage":"es","potentialAction":[{"@type":"ReadAction","target":["https:\/\/radio.unrc.edu.ar\/?p=27634"]}]},{"@type":"BreadcrumbList","@id":"https:\/\/radio.unrc.edu.ar\/?p=27634#breadcrumb","itemListElement":[{"@type":"ListItem","position":1,"name":"Portada","item":"https:\/\/radio.unrc.edu.ar\/"},{"@type":"ListItem","position":2,"name":"Se concret\u00f3 una capacitaci\u00f3n en el marco del Corredor del Chocancharava"}]},{"@type":"WebSite","@id":"https:\/\/radio.unrc.edu.ar\/#website","url":"https:\/\/radio.unrc.edu.ar\/","name":"Radio UNRC","description":"La Radio de la Uni, la que te hace sentir y pensar","publisher":{"@id":"https:\/\/radio.unrc.edu.ar\/#organization"},"potentialAction":[{"@type":"SearchAction","target":{"@type":"EntryPoint","urlTemplate":"https:\/\/radio.unrc.edu.ar\/?s={search_term_string}"},"query-input":"required name=search_term_string"}],"inLanguage":"es"},{"@type":"Organization","@id":"https:\/\/radio.unrc.edu.ar\/#organization","name":"Radio UNRC","url":"https:\/\/radio.unrc.edu.ar\/","logo":{"@type":"ImageObject","inLanguage":"es","@id":"https:\/\/radio.unrc.edu.ar\/#\/schema\/logo\/image\/","url":"https:\/\/radio.unrc.edu.ar\/wp-content\/uploads\/2022\/03\/logo-radio-544.png","contentUrl":"https:\/\/radio.unrc.edu.ar\/wp-content\/uploads\/2022\/03\/logo-radio-544.png","width":544,"height":180,"caption":"Radio UNRC"},"image":{"@id":"https:\/\/radio.unrc.edu.ar\/#\/schema\/logo\/image\/"},"sameAs":["https:\/\/www.facebook.com\/radiounrc","https:\/\/www.instagram.com\/radiounrc\/"]},{"@type":"Person","@id":"https:\/\/radio.unrc.edu.ar\/#\/schema\/person\/197edd08d015632a43a5e6a515c4f7a6","name":"majo","image":{"@type":"ImageObject","inLanguage":"es","@id":"https:\/\/radio.unrc.edu.ar\/#\/schema\/person\/image\/","url":"https:\/\/secure.gravatar.com\/avatar\/6806165fb7635331b44fb331ffb478c3230b9d62d675244a0e2dfd0cb8d8b503?s=96&d=mm&r=g","contentUrl":"https:\/\/secure.gravatar.com\/avatar\/6806165fb7635331b44fb331ffb478c3230b9d62d675244a0e2dfd0cb8d8b503?s=96&d=mm&r=g","caption":"majo"},"url":"https:\/\/radio.unrc.edu.ar\/?author=2"}]}},"_links":{"self":[{"href":"https:\/\/radio.unrc.edu.ar\/index.php?rest_route=\/wp\/v2\/posts\/27634","targetHints":{"allow":["GET"]}}],"collection":[{"href":"https:\/\/radio.unrc.edu.ar\/index.php?rest_route=\/wp\/v2\/posts"}],"about":[{"href":"https:\/\/radio.unrc.edu.ar\/index.php?rest_route=\/wp\/v2\/types\/post"}],"author":[{"embeddable":true,"href":"https:\/\/radio.unrc.edu.ar\/index.php?rest_route=\/wp\/v2\/users\/2"}],"replies":[{"embeddable":true,"href":"https:\/\/radio.unrc.edu.ar\/index.php?rest_route=%2Fwp%2Fv2%2Fcomments&post=27634"}],"version-history":[{"count":1,"href":"https:\/\/radio.unrc.edu.ar\/index.php?rest_route=\/wp\/v2\/posts\/27634\/revisions"}],"predecessor-version":[{"id":27642,"href":"https:\/\/radio.unrc.edu.ar\/index.php?rest_route=\/wp\/v2\/posts\/27634\/revisions\/27642"}],"wp:featuredmedia":[{"embeddable":true,"href":"https:\/\/radio.unrc.edu.ar\/index.php?rest_route=\/wp\/v2\/media\/27643"}],"wp:attachment":[{"href":"https:\/\/radio.unrc.edu.ar\/index.php?rest_route=%2Fwp%2Fv2%2Fmedia&parent=27634"}],"wp:term":[{"taxonomy":"category","embeddable":true,"href":"https:\/\/radio.unrc.edu.ar\/index.php?rest_route=%2Fwp%2Fv2%2Fcategories&post=27634"},{"taxonomy":"post_tag","embeddable":true,"href":"https:\/\/radio.unrc.edu.ar\/index.php?rest_route=%2Fwp%2Fv2%2Ftags&post=27634"}],"curies":[{"name":"wp","href":"https:\/\/api.w.org\/{rel}","templated":true}]}}