{"id":27788,"date":"2025-05-28T19:37:53","date_gmt":"2025-05-28T22:37:53","guid":{"rendered":"https:\/\/radio.unrc.edu.ar\/?p=27788"},"modified":"2025-05-29T12:16:45","modified_gmt":"2025-05-29T15:16:45","slug":"dia-de-los-jardines-de-infantes-es-un-dia-para-destacar-el-valor-del-nivel-inicial-en-la-sociedad","status":"publish","type":"post","link":"https:\/\/radio.unrc.edu.ar\/?p=27788","title":{"rendered":"D\u00eda de los Jardines de Infantes: \u00abes un d\u00eda para destacar el valor del nivel inicial en la sociedad\u00bb"},"content":{"rendered":"<p>Lucila Ordo\u00f1ez, directora del Jard\u00edn Rosario Vera Pe\u00f1aloza de la universidad, hizo referencia al d\u00eda que se conmemora para honrar a la pionera de la educaci\u00f3n inicial en el pa\u00eds. <\/p>\n<p>Ordo\u00f1ez dijo que uno de los objetivos de la gesti\u00f3n es reforzar el v\u00ednculo con el jard\u00edn maternal Rayito de Sol. <\/p>\n<p>Agreg\u00f3 que se abordan las propuestas desde el juego y la creatividad.<\/p>\n<p><iframe width=\"100%\" height=\"300\" scrolling=\"no\" frameborder=\"no\" allow=\"autoplay\" src=\"https:\/\/w.soundcloud.com\/player\/?url=https%3A\/\/api.soundcloud.com\/tracks\/2103977322&#038;color=%23ff5500&#038;auto_play=false&#038;hide_related=false&#038;show_comments=true&#038;show_user=true&#038;show_reposts=false&#038;show_teaser=true&#038;visual=true\"><\/iframe><\/p>\n<div style=\"font-size: 10px; color: #cccccc;line-break: anywhere;word-break: normal;overflow: hidden;white-space: nowrap;text-overflow: ellipsis; font-family: Interstate,Lucida Grande,Lucida Sans Unicode,Lucida Sans,Garuda,Verdana,Tahoma,sans-serif;font-weight: 100;\"><a href=\"https:\/\/soundcloud.com\/unrcradio\" title=\"UNRCRadio\" target=\"_blank\" style=\"color: #cccccc; text-decoration: none;\">UNRCRadio<\/a> \u00b7 <a href=\"https:\/\/soundcloud.com\/unrcradio\/lucila-ordonez\" title=\"Lucila Ordo\u00f1ez\" target=\"_blank\" style=\"color: #cccccc; text-decoration: none;\">Lucila Ordo\u00f1ez<\/a><\/div>\n","protected":false},"excerpt":{"rendered":"<p>Lucila Ordo\u00f1ez, directora del Jard\u00edn Rosario Vera Pe\u00f1aloza de la universidad, hizo referencia al d\u00eda que se conmemora para honrar a la pionera de la educaci\u00f3n inicial en el pa\u00eds. Ordo\u00f1ez dijo que uno de los objetivos de la gesti\u00f3n es reforzar el v\u00ednculo con el jard\u00edn maternal Rayito de Sol. Agreg\u00f3 que se abordan [&hellip;]<\/p>\n","protected":false},"author":3,"featured_media":27789,"comment_status":"open","ping_status":"open","sticky":false,"template":"","format":"standard","meta":{"footnotes":""},"categories":[17],"tags":[],"class_list":{"0":"post-27788","1":"post","2":"type-post","3":"status-publish","4":"format-standard","5":"has-post-thumbnail","7":"category-universitarias"},"yoast_head":"<!-- This site is optimized with the Yoast SEO plugin v21.5 - https:\/\/yoast.com\/wordpress\/plugins\/seo\/ -->\n<title>D\u00eda de los Jardines de Infantes: &quot;es un d\u00eda para destacar el valor del nivel inicial en la sociedad&quot; - Radio UNRC<\/title>\n<meta name=\"description\" content=\"La radio que te hace sentir y pensar.\" \/>\n<meta name=\"robots\" content=\"index, follow, max-snippet:-1, max-image-preview:large, max-video-preview:-1\" \/>\n<link rel=\"canonical\" href=\"https:\/\/radio.unrc.edu.ar\/?p=27788\" \/>\n<meta property=\"og:locale\" content=\"es_ES\" \/>\n<meta property=\"og:type\" content=\"article\" \/>\n<meta property=\"og:title\" content=\"D\u00eda de los Jardines de Infantes: &quot;es un d\u00eda para destacar el valor del nivel inicial en la sociedad&quot; - Radio UNRC\" \/>\n<meta property=\"og:description\" content=\"La radio que te hace sentir y pensar.\" \/>\n<meta property=\"og:url\" content=\"https:\/\/radio.unrc.edu.ar\/?p=27788\" \/>\n<meta property=\"og:site_name\" content=\"Radio UNRC\" \/>\n<meta property=\"article:publisher\" content=\"https:\/\/www.facebook.com\/radiounrc\" \/>\n<meta property=\"article:published_time\" content=\"2025-05-28T22:37:53+00:00\" \/>\n<meta property=\"article:modified_time\" content=\"2025-05-29T15:16:45+00:00\" \/>\n<meta property=\"og:image\" content=\"https:\/\/radio.unrc.edu.ar\/wp-content\/uploads\/2025\/05\/1-21.jpg\" \/>\n\t<meta property=\"og:image:width\" content=\"1280\" \/>\n\t<meta property=\"og:image:height\" content=\"740\" \/>\n\t<meta property=\"og:image:type\" content=\"image\/jpeg\" \/>\n<meta name=\"author\" content=\"emiliano\" \/>\n<meta name=\"twitter:card\" content=\"summary_large_image\" \/>\n<meta name=\"twitter:label1\" content=\"Escrito por\" \/>\n\t<meta name=\"twitter:data1\" content=\"emiliano\" \/>\n\t<meta name=\"twitter:label2\" content=\"Tiempo de lectura\" \/>\n\t<meta name=\"twitter:data2\" content=\"1 minuto\" \/>\n<script type=\"application\/ld+json\" class=\"yoast-schema-graph\">{\"@context\":\"https:\/\/schema.org\",\"@graph\":[{\"@type\":\"Article\",\"@id\":\"https:\/\/radio.unrc.edu.ar\/?p=27788#article\",\"isPartOf\":{\"@id\":\"https:\/\/radio.unrc.edu.ar\/?p=27788\"},\"author\":{\"name\":\"emiliano\",\"@id\":\"https:\/\/radio.unrc.edu.ar\/#\/schema\/person\/33c70d97cd2981bc6512850c2abf21ff\"},\"headline\":\"D\u00eda de los Jardines de Infantes: \u00abes un d\u00eda para destacar el valor del nivel inicial en la sociedad\u00bb\",\"datePublished\":\"2025-05-28T22:37:53+00:00\",\"dateModified\":\"2025-05-29T15:16:45+00:00\",\"mainEntityOfPage\":{\"@id\":\"https:\/\/radio.unrc.edu.ar\/?p=27788\"},\"wordCount\":98,\"commentCount\":0,\"publisher\":{\"@id\":\"https:\/\/radio.unrc.edu.ar\/#organization\"},\"articleSection\":[\"Universitarias\"],\"inLanguage\":\"es\",\"potentialAction\":[{\"@type\":\"CommentAction\",\"name\":\"Comment\",\"target\":[\"https:\/\/radio.unrc.edu.ar\/?p=27788#respond\"]}]},{\"@type\":\"WebPage\",\"@id\":\"https:\/\/radio.unrc.edu.ar\/?p=27788\",\"url\":\"https:\/\/radio.unrc.edu.ar\/?p=27788\",\"name\":\"D\u00eda de los Jardines de Infantes: \\\"es un d\u00eda para destacar el valor del nivel inicial en la sociedad\\\" - Radio UNRC\",\"isPartOf\":{\"@id\":\"https:\/\/radio.unrc.edu.ar\/#website\"},\"datePublished\":\"2025-05-28T22:37:53+00:00\",\"dateModified\":\"2025-05-29T15:16:45+00:00\",\"description\":\"La radio que te hace sentir y pensar.\",\"breadcrumb\":{\"@id\":\"https:\/\/radio.unrc.edu.ar\/?p=27788#breadcrumb\"},\"inLanguage\":\"es\",\"potentialAction\":[{\"@type\":\"ReadAction\",\"target\":[\"https:\/\/radio.unrc.edu.ar\/?p=27788\"]}]},{\"@type\":\"BreadcrumbList\",\"@id\":\"https:\/\/radio.unrc.edu.ar\/?p=27788#breadcrumb\",\"itemListElement\":[{\"@type\":\"ListItem\",\"position\":1,\"name\":\"Portada\",\"item\":\"https:\/\/radio.unrc.edu.ar\/\"},{\"@type\":\"ListItem\",\"position\":2,\"name\":\"D\u00eda de los Jardines de Infantes: \u00abes un d\u00eda para destacar el valor del nivel inicial en la sociedad\u00bb\"}]},{\"@type\":\"WebSite\",\"@id\":\"https:\/\/radio.unrc.edu.ar\/#website\",\"url\":\"https:\/\/radio.unrc.edu.ar\/\",\"name\":\"Radio UNRC\",\"description\":\"La Radio de la Uni, la que te hace sentir y pensar\",\"publisher\":{\"@id\":\"https:\/\/radio.unrc.edu.ar\/#organization\"},\"potentialAction\":[{\"@type\":\"SearchAction\",\"target\":{\"@type\":\"EntryPoint\",\"urlTemplate\":\"https:\/\/radio.unrc.edu.ar\/?s={search_term_string}\"},\"query-input\":\"required name=search_term_string\"}],\"inLanguage\":\"es\"},{\"@type\":\"Organization\",\"@id\":\"https:\/\/radio.unrc.edu.ar\/#organization\",\"name\":\"Radio UNRC\",\"url\":\"https:\/\/radio.unrc.edu.ar\/\",\"logo\":{\"@type\":\"ImageObject\",\"inLanguage\":\"es\",\"@id\":\"https:\/\/radio.unrc.edu.ar\/#\/schema\/logo\/image\/\",\"url\":\"https:\/\/radio.unrc.edu.ar\/wp-content\/uploads\/2022\/03\/logo-radio-544.png\",\"contentUrl\":\"https:\/\/radio.unrc.edu.ar\/wp-content\/uploads\/2022\/03\/logo-radio-544.png\",\"width\":544,\"height\":180,\"caption\":\"Radio UNRC\"},\"image\":{\"@id\":\"https:\/\/radio.unrc.edu.ar\/#\/schema\/logo\/image\/\"},\"sameAs\":[\"https:\/\/www.facebook.com\/radiounrc\",\"https:\/\/www.instagram.com\/radiounrc\/\"]},{\"@type\":\"Person\",\"@id\":\"https:\/\/radio.unrc.edu.ar\/#\/schema\/person\/33c70d97cd2981bc6512850c2abf21ff\",\"name\":\"emiliano\",\"image\":{\"@type\":\"ImageObject\",\"inLanguage\":\"es\",\"@id\":\"https:\/\/radio.unrc.edu.ar\/#\/schema\/person\/image\/\",\"url\":\"https:\/\/secure.gravatar.com\/avatar\/96c203a9f3ab9e14fb64d9e099de90f736c89b4da443326dbe2e55610962893e?s=96&d=mm&r=g\",\"contentUrl\":\"https:\/\/secure.gravatar.com\/avatar\/96c203a9f3ab9e14fb64d9e099de90f736c89b4da443326dbe2e55610962893e?s=96&d=mm&r=g\",\"caption\":\"emiliano\"},\"url\":\"https:\/\/radio.unrc.edu.ar\/?author=3\"}]}<\/script>\n<!-- \/ Yoast SEO plugin. -->","yoast_head_json":{"title":"D\u00eda de los Jardines de Infantes: \"es un d\u00eda para destacar el valor del nivel inicial en la sociedad\" - Radio UNRC","description":"La radio que te hace sentir y pensar.","robots":{"index":"index","follow":"follow","max-snippet":"max-snippet:-1","max-image-preview":"max-image-preview:large","max-video-preview":"max-video-preview:-1"},"canonical":"https:\/\/radio.unrc.edu.ar\/?p=27788","og_locale":"es_ES","og_type":"article","og_title":"D\u00eda de los Jardines de Infantes: \"es un d\u00eda para destacar el valor del nivel inicial en la sociedad\" - Radio UNRC","og_description":"La radio que te hace sentir y pensar.","og_url":"https:\/\/radio.unrc.edu.ar\/?p=27788","og_site_name":"Radio UNRC","article_publisher":"https:\/\/www.facebook.com\/radiounrc","article_published_time":"2025-05-28T22:37:53+00:00","article_modified_time":"2025-05-29T15:16:45+00:00","og_image":[{"width":1280,"height":740,"url":"https:\/\/radio.unrc.edu.ar\/wp-content\/uploads\/2025\/05\/1-21.jpg","type":"image\/jpeg"}],"author":"emiliano","twitter_card":"summary_large_image","twitter_misc":{"Escrito por":"emiliano","Tiempo de lectura":"1 minuto"},"schema":{"@context":"https:\/\/schema.org","@graph":[{"@type":"Article","@id":"https:\/\/radio.unrc.edu.ar\/?p=27788#article","isPartOf":{"@id":"https:\/\/radio.unrc.edu.ar\/?p=27788"},"author":{"name":"emiliano","@id":"https:\/\/radio.unrc.edu.ar\/#\/schema\/person\/33c70d97cd2981bc6512850c2abf21ff"},"headline":"D\u00eda de los Jardines de Infantes: \u00abes un d\u00eda para destacar el valor del nivel inicial en la sociedad\u00bb","datePublished":"2025-05-28T22:37:53+00:00","dateModified":"2025-05-29T15:16:45+00:00","mainEntityOfPage":{"@id":"https:\/\/radio.unrc.edu.ar\/?p=27788"},"wordCount":98,"commentCount":0,"publisher":{"@id":"https:\/\/radio.unrc.edu.ar\/#organization"},"articleSection":["Universitarias"],"inLanguage":"es","potentialAction":[{"@type":"CommentAction","name":"Comment","target":["https:\/\/radio.unrc.edu.ar\/?p=27788#respond"]}]},{"@type":"WebPage","@id":"https:\/\/radio.unrc.edu.ar\/?p=27788","url":"https:\/\/radio.unrc.edu.ar\/?p=27788","name":"D\u00eda de los Jardines de Infantes: \"es un d\u00eda para destacar el valor del nivel inicial en la sociedad\" - Radio UNRC","isPartOf":{"@id":"https:\/\/radio.unrc.edu.ar\/#website"},"datePublished":"2025-05-28T22:37:53+00:00","dateModified":"2025-05-29T15:16:45+00:00","description":"La radio que te hace sentir y pensar.","breadcrumb":{"@id":"https:\/\/radio.unrc.edu.ar\/?p=27788#breadcrumb"},"inLanguage":"es","potentialAction":[{"@type":"ReadAction","target":["https:\/\/radio.unrc.edu.ar\/?p=27788"]}]},{"@type":"BreadcrumbList","@id":"https:\/\/radio.unrc.edu.ar\/?p=27788#breadcrumb","itemListElement":[{"@type":"ListItem","position":1,"name":"Portada","item":"https:\/\/radio.unrc.edu.ar\/"},{"@type":"ListItem","position":2,"name":"D\u00eda de los Jardines de Infantes: \u00abes un d\u00eda para destacar el valor del nivel inicial en la sociedad\u00bb"}]},{"@type":"WebSite","@id":"https:\/\/radio.unrc.edu.ar\/#website","url":"https:\/\/radio.unrc.edu.ar\/","name":"Radio UNRC","description":"La Radio de la Uni, la que te hace sentir y pensar","publisher":{"@id":"https:\/\/radio.unrc.edu.ar\/#organization"},"potentialAction":[{"@type":"SearchAction","target":{"@type":"EntryPoint","urlTemplate":"https:\/\/radio.unrc.edu.ar\/?s={search_term_string}"},"query-input":"required name=search_term_string"}],"inLanguage":"es"},{"@type":"Organization","@id":"https:\/\/radio.unrc.edu.ar\/#organization","name":"Radio UNRC","url":"https:\/\/radio.unrc.edu.ar\/","logo":{"@type":"ImageObject","inLanguage":"es","@id":"https:\/\/radio.unrc.edu.ar\/#\/schema\/logo\/image\/","url":"https:\/\/radio.unrc.edu.ar\/wp-content\/uploads\/2022\/03\/logo-radio-544.png","contentUrl":"https:\/\/radio.unrc.edu.ar\/wp-content\/uploads\/2022\/03\/logo-radio-544.png","width":544,"height":180,"caption":"Radio UNRC"},"image":{"@id":"https:\/\/radio.unrc.edu.ar\/#\/schema\/logo\/image\/"},"sameAs":["https:\/\/www.facebook.com\/radiounrc","https:\/\/www.instagram.com\/radiounrc\/"]},{"@type":"Person","@id":"https:\/\/radio.unrc.edu.ar\/#\/schema\/person\/33c70d97cd2981bc6512850c2abf21ff","name":"emiliano","image":{"@type":"ImageObject","inLanguage":"es","@id":"https:\/\/radio.unrc.edu.ar\/#\/schema\/person\/image\/","url":"https:\/\/secure.gravatar.com\/avatar\/96c203a9f3ab9e14fb64d9e099de90f736c89b4da443326dbe2e55610962893e?s=96&d=mm&r=g","contentUrl":"https:\/\/secure.gravatar.com\/avatar\/96c203a9f3ab9e14fb64d9e099de90f736c89b4da443326dbe2e55610962893e?s=96&d=mm&r=g","caption":"emiliano"},"url":"https:\/\/radio.unrc.edu.ar\/?author=3"}]}},"_links":{"self":[{"href":"https:\/\/radio.unrc.edu.ar\/index.php?rest_route=\/wp\/v2\/posts\/27788","targetHints":{"allow":["GET"]}}],"collection":[{"href":"https:\/\/radio.unrc.edu.ar\/index.php?rest_route=\/wp\/v2\/posts"}],"about":[{"href":"https:\/\/radio.unrc.edu.ar\/index.php?rest_route=\/wp\/v2\/types\/post"}],"author":[{"embeddable":true,"href":"https:\/\/radio.unrc.edu.ar\/index.php?rest_route=\/wp\/v2\/users\/3"}],"replies":[{"embeddable":true,"href":"https:\/\/radio.unrc.edu.ar\/index.php?rest_route=%2Fwp%2Fv2%2Fcomments&post=27788"}],"version-history":[{"count":1,"href":"https:\/\/radio.unrc.edu.ar\/index.php?rest_route=\/wp\/v2\/posts\/27788\/revisions"}],"predecessor-version":[{"id":27790,"href":"https:\/\/radio.unrc.edu.ar\/index.php?rest_route=\/wp\/v2\/posts\/27788\/revisions\/27790"}],"wp:featuredmedia":[{"embeddable":true,"href":"https:\/\/radio.unrc.edu.ar\/index.php?rest_route=\/wp\/v2\/media\/27789"}],"wp:attachment":[{"href":"https:\/\/radio.unrc.edu.ar\/index.php?rest_route=%2Fwp%2Fv2%2Fmedia&parent=27788"}],"wp:term":[{"taxonomy":"category","embeddable":true,"href":"https:\/\/radio.unrc.edu.ar\/index.php?rest_route=%2Fwp%2Fv2%2Fcategories&post=27788"},{"taxonomy":"post_tag","embeddable":true,"href":"https:\/\/radio.unrc.edu.ar\/index.php?rest_route=%2Fwp%2Fv2%2Ftags&post=27788"}],"curies":[{"name":"wp","href":"https:\/\/api.w.org\/{rel}","templated":true}]}}