{"id":29073,"date":"2025-07-04T10:40:12","date_gmt":"2025-07-04T13:40:12","guid":{"rendered":"https:\/\/radio.unrc.edu.ar\/?p=29073"},"modified":"2025-07-21T13:52:43","modified_gmt":"2025-07-21T16:52:43","slug":"una-docente-local-fue-reelecta-para-presidir-la-asociacion-de-facultades-con-carreras-de-geologia","status":"publish","type":"post","link":"https:\/\/radio.unrc.edu.ar\/?p=29073","title":{"rendered":"Una docente local fue reelecta para presidir la asociaci\u00f3n de facultades con carreras de geolog\u00eda"},"content":{"rendered":"<p>Se trata de la doctora Mar\u00eda Grumelli, quien coment\u00f3 que las carreras de geolog\u00eda s\u00f3lo se dictan en 17 universidades publicas del pa\u00eds.<\/p>\n<p>Grumelli se\u00f1al\u00f3 que algunas universidades han tenido que modificar el trabajo en las pr\u00e1cticas por las dificultades para desempe\u00f1arse en las salidas a campo.<\/p>\n<p><iframe width=\"100%\" height=\"300\" scrolling=\"no\" frameborder=\"no\" allow=\"autoplay\" src=\"https:\/\/w.soundcloud.com\/player\/?url=https%3A\/\/api.soundcloud.com\/tracks\/2124538845&#038;color=%23ff5500&#038;auto_play=false&#038;hide_related=false&#038;show_comments=true&#038;show_user=true&#038;show_reposts=false&#038;show_teaser=true&#038;visual=true\"><\/iframe><\/p>\n<div style=\"font-size: 10px; color: #cccccc;line-break: anywhere;word-break: normal;overflow: hidden;white-space: nowrap;text-overflow: ellipsis; font-family: Interstate,Lucida Grande,Lucida Sans Unicode,Lucida Sans,Garuda,Verdana,Tahoma,sans-serif;font-weight: 100;\"><a href=\"https:\/\/soundcloud.com\/radiounrc\" title=\"RadioUNRC\" target=\"_blank\" style=\"color: #cccccc; text-decoration: none;\">RadioUNRC<\/a> \u00b7 <a href=\"https:\/\/soundcloud.com\/radiounrc\/maria-grumelli\" title=\"Mar\u00eda Grumelli\" target=\"_blank\" style=\"color: #cccccc; text-decoration: none;\">Mar\u00eda Grumelli<\/a><\/div>\n\r\n                <style type=\"text\/css\">\r\n                    \r\n                    #tdi_1  .td-doubleSlider-2 .td-item1 {\r\n                        background: url(https:\/\/radio.unrc.edu.ar\/wp-content\/uploads\/2025\/07\/Imagen-de-WhatsApp-2025-07-04-a-las-08.26.51_17d19d85.jpg) 0 0 no-repeat;\r\n                    }\r\n                    #tdi_1  .td-doubleSlider-2 .td-item2 {\r\n                        background: url(https:\/\/radio.unrc.edu.ar\/wp-content\/uploads\/2025\/07\/Imagen-de-WhatsApp-2025-07-04-a-las-08.26.51_b699c7ff.jpg) 0 0 no-repeat;\r\n                    }\r\n                    #tdi_1  .td-doubleSlider-2 .td-item3 {\r\n                        background: url(https:\/\/radio.unrc.edu.ar\/wp-content\/uploads\/2025\/07\/Imagen-de-WhatsApp-2025-07-04-a-las-10.34.02_4e0daf87.jpg) 0 0 no-repeat;\r\n                    }\r\n                <\/style>\r\n\r\n                <div id=\"tdi_1\" class=\"td-gallery td-slide-on-2-columns\">\r\n                    <div class=\"post_td_gallery\">\r\n                        <div class=\"td-gallery-slide-top\">\r\n                           <div class=\"td-gallery-title\"><\/div>\r\n\r\n                            <div class=\"td-gallery-controls-wrapper\">\r\n                                <div class=\"td-gallery-slide-count\"><span class=\"td-gallery-slide-item-focus\">1<\/span> de 3<\/div>\r\n                                <div class=\"td-gallery-slide-prev-next-but\">\r\n                                    <i class = \"td-icon-left doubleSliderPrevButton\"><\/i>\r\n                                    <i class = \"td-icon-right doubleSliderNextButton\"><\/i>\r\n                                <\/div>\r\n                            <\/div>\r\n                        <\/div>\r\n\r\n                        <div class = \"td-doubleSlider-1 \">\r\n                            <div class = \"td-slider\">\r\n                                \r\n                    <div class = \"td-slide-item td-item1\">\r\n                        <figure class=\"td-slide-galery-figure td-slide-popup-gallery\">\r\n                            <a class=\"slide-gallery-image-link\" href=\"https:\/\/radio.unrc.edu.ar\/wp-content\/uploads\/2025\/07\/Imagen-de-WhatsApp-2025-07-04-a-las-08.26.51_17d19d85.jpg\" title=\"Imagen de WhatsApp 2025-07-04 a las 08.26.51_17d19d85\"  data-caption=\"\"  data-description=\"\">\r\n                                <img decoding=\"async\" src=\"https:\/\/radio.unrc.edu.ar\/wp-content\/uploads\/2025\/07\/Imagen-de-WhatsApp-2025-07-04-a-las-08.26.51_17d19d85.jpg\" srcset=\"https:\/\/radio.unrc.edu.ar\/wp-content\/uploads\/2025\/07\/Imagen-de-WhatsApp-2025-07-04-a-las-08.26.51_17d19d85.jpg 1280w, https:\/\/radio.unrc.edu.ar\/wp-content\/uploads\/2025\/07\/Imagen-de-WhatsApp-2025-07-04-a-las-08.26.51_17d19d85-300x169.jpg 300w, https:\/\/radio.unrc.edu.ar\/wp-content\/uploads\/2025\/07\/Imagen-de-WhatsApp-2025-07-04-a-las-08.26.51_17d19d85-1024x575.jpg 1024w, https:\/\/radio.unrc.edu.ar\/wp-content\/uploads\/2025\/07\/Imagen-de-WhatsApp-2025-07-04-a-las-08.26.51_17d19d85-768x431.jpg 768w, https:\/\/radio.unrc.edu.ar\/wp-content\/uploads\/2025\/07\/Imagen-de-WhatsApp-2025-07-04-a-las-08.26.51_17d19d85-150x84.jpg 150w, https:\/\/radio.unrc.edu.ar\/wp-content\/uploads\/2025\/07\/Imagen-de-WhatsApp-2025-07-04-a-las-08.26.51_17d19d85-696x391.jpg 696w, https:\/\/radio.unrc.edu.ar\/wp-content\/uploads\/2025\/07\/Imagen-de-WhatsApp-2025-07-04-a-las-08.26.51_17d19d85-1068x600.jpg 1068w\" sizes=\"(max-width: 1280px) 100vw, 1280px\" alt=\"\">\r\n                            <\/a>\r\n                            \r\n                        <\/figure>\r\n                    <\/div>\r\n                    <div class = \"td-slide-item td-item2\">\r\n                        <figure class=\"td-slide-galery-figure td-slide-popup-gallery\">\r\n                            <a class=\"slide-gallery-image-link\" href=\"https:\/\/radio.unrc.edu.ar\/wp-content\/uploads\/2025\/07\/Imagen-de-WhatsApp-2025-07-04-a-las-08.26.51_b699c7ff.jpg\" title=\"Imagen de WhatsApp 2025-07-04 a las 08.26.51_b699c7ff\"  data-caption=\"\"  data-description=\"\">\r\n                                <img decoding=\"async\" src=\"https:\/\/radio.unrc.edu.ar\/wp-content\/uploads\/2025\/07\/Imagen-de-WhatsApp-2025-07-04-a-las-08.26.51_b699c7ff.jpg\" srcset=\"https:\/\/radio.unrc.edu.ar\/wp-content\/uploads\/2025\/07\/Imagen-de-WhatsApp-2025-07-04-a-las-08.26.51_b699c7ff.jpg 1280w, https:\/\/radio.unrc.edu.ar\/wp-content\/uploads\/2025\/07\/Imagen-de-WhatsApp-2025-07-04-a-las-08.26.51_b699c7ff-300x169.jpg 300w, https:\/\/radio.unrc.edu.ar\/wp-content\/uploads\/2025\/07\/Imagen-de-WhatsApp-2025-07-04-a-las-08.26.51_b699c7ff-1024x575.jpg 1024w, https:\/\/radio.unrc.edu.ar\/wp-content\/uploads\/2025\/07\/Imagen-de-WhatsApp-2025-07-04-a-las-08.26.51_b699c7ff-768x431.jpg 768w, https:\/\/radio.unrc.edu.ar\/wp-content\/uploads\/2025\/07\/Imagen-de-WhatsApp-2025-07-04-a-las-08.26.51_b699c7ff-150x84.jpg 150w, https:\/\/radio.unrc.edu.ar\/wp-content\/uploads\/2025\/07\/Imagen-de-WhatsApp-2025-07-04-a-las-08.26.51_b699c7ff-696x391.jpg 696w, https:\/\/radio.unrc.edu.ar\/wp-content\/uploads\/2025\/07\/Imagen-de-WhatsApp-2025-07-04-a-las-08.26.51_b699c7ff-1068x600.jpg 1068w\" sizes=\"(max-width: 1280px) 100vw, 1280px\" alt=\"\">\r\n                            <\/a>\r\n                            \r\n                        <\/figure>\r\n                    <\/div>\r\n                    <div class = \"td-slide-item td-item3\">\r\n                        <figure class=\"td-slide-galery-figure td-slide-popup-gallery\">\r\n                            <a class=\"slide-gallery-image-link\" href=\"https:\/\/radio.unrc.edu.ar\/wp-content\/uploads\/2025\/07\/Imagen-de-WhatsApp-2025-07-04-a-las-10.34.02_4e0daf87.jpg\" title=\"Imagen de WhatsApp 2025-07-04 a las 10.34.02_4e0daf87\"  data-caption=\"\"  data-description=\"\">\r\n                                <img decoding=\"async\" src=\"https:\/\/radio.unrc.edu.ar\/wp-content\/uploads\/2025\/07\/Imagen-de-WhatsApp-2025-07-04-a-las-10.34.02_4e0daf87.jpg\" srcset=\"https:\/\/radio.unrc.edu.ar\/wp-content\/uploads\/2025\/07\/Imagen-de-WhatsApp-2025-07-04-a-las-10.34.02_4e0daf87.jpg 786w, https:\/\/radio.unrc.edu.ar\/wp-content\/uploads\/2025\/07\/Imagen-de-WhatsApp-2025-07-04-a-las-10.34.02_4e0daf87-176x300.jpg 176w, https:\/\/radio.unrc.edu.ar\/wp-content\/uploads\/2025\/07\/Imagen-de-WhatsApp-2025-07-04-a-las-10.34.02_4e0daf87-601x1024.jpg 601w, https:\/\/radio.unrc.edu.ar\/wp-content\/uploads\/2025\/07\/Imagen-de-WhatsApp-2025-07-04-a-las-10.34.02_4e0daf87-768x1309.jpg 768w, https:\/\/radio.unrc.edu.ar\/wp-content\/uploads\/2025\/07\/Imagen-de-WhatsApp-2025-07-04-a-las-10.34.02_4e0daf87-150x256.jpg 150w, https:\/\/radio.unrc.edu.ar\/wp-content\/uploads\/2025\/07\/Imagen-de-WhatsApp-2025-07-04-a-las-10.34.02_4e0daf87-300x511.jpg 300w, https:\/\/radio.unrc.edu.ar\/wp-content\/uploads\/2025\/07\/Imagen-de-WhatsApp-2025-07-04-a-las-10.34.02_4e0daf87-696x1187.jpg 696w\" sizes=\"(max-width: 786px) 100vw, 786px\" alt=\"\">\r\n                            <\/a>\r\n                            \r\n                        <\/figure>\r\n                    <\/div>\r\n                            <\/div>\r\n                        <\/div>\r\n\r\n                        <div class = \"td-doubleSlider-2\">\r\n                            <div class = \"td-slider\">\r\n                                \r\n                    <div class = \"td-button td-item1\">\r\n                        <div class = \"td-border\"><\/div>\r\n                    <\/div>\r\n                    <div class = \"td-button td-item2\">\r\n                        <div class = \"td-border\"><\/div>\r\n                    <\/div>\r\n                    <div class = \"td-button td-item3\">\r\n                        <div class = \"td-border\"><\/div>\r\n                    <\/div>\r\n                            <\/div>\r\n                        <\/div>\r\n\r\n                    <\/div>\r\n\r\n                <\/div>\r\n                \n","protected":false},"excerpt":{"rendered":"<p>Se trata de la doctora Mar\u00eda Grumelli, quien coment\u00f3 que las carreras de geolog\u00eda s\u00f3lo se dictan en 17 universidades publicas del pa\u00eds. Grumelli se\u00f1al\u00f3 que algunas universidades han tenido que modificar el trabajo en las pr\u00e1cticas por las dificultades para desempe\u00f1arse en las salidas a campo. RadioUNRC \u00b7 Mar\u00eda Grumelli<\/p>\n","protected":false},"author":2,"featured_media":29079,"comment_status":"open","ping_status":"open","sticky":false,"template":"","format":"standard","meta":{"footnotes":""},"categories":[17],"tags":[],"class_list":{"0":"post-29073","1":"post","2":"type-post","3":"status-publish","4":"format-standard","5":"has-post-thumbnail","7":"category-universitarias"},"yoast_head":"<!-- This site is optimized with the Yoast SEO plugin v21.5 - https:\/\/yoast.com\/wordpress\/plugins\/seo\/ -->\n<title>Una docente local fue reelecta para presidir la asociaci\u00f3n de facultades con carreras de geolog\u00eda - Radio UNRC<\/title>\n<meta name=\"description\" content=\"La radio que te hace sentir y pensar.\" \/>\n<meta name=\"robots\" content=\"index, follow, max-snippet:-1, max-image-preview:large, max-video-preview:-1\" \/>\n<link rel=\"canonical\" href=\"https:\/\/radio.unrc.edu.ar\/?p=29073\" \/>\n<meta property=\"og:locale\" content=\"es_ES\" \/>\n<meta property=\"og:type\" content=\"article\" \/>\n<meta property=\"og:title\" content=\"Una docente local fue reelecta para presidir la asociaci\u00f3n de facultades con carreras de geolog\u00eda - Radio UNRC\" \/>\n<meta property=\"og:description\" content=\"La radio que te hace sentir y pensar.\" \/>\n<meta property=\"og:url\" content=\"https:\/\/radio.unrc.edu.ar\/?p=29073\" \/>\n<meta property=\"og:site_name\" content=\"Radio UNRC\" \/>\n<meta property=\"article:publisher\" content=\"https:\/\/www.facebook.com\/radiounrc\" \/>\n<meta property=\"article:published_time\" content=\"2025-07-04T13:40:12+00:00\" \/>\n<meta property=\"article:modified_time\" content=\"2025-07-21T16:52:43+00:00\" \/>\n<meta property=\"og:image\" content=\"https:\/\/radio.unrc.edu.ar\/wp-content\/uploads\/2025\/07\/grumelli.jpg\" \/>\n\t<meta property=\"og:image:width\" content=\"1280\" \/>\n\t<meta property=\"og:image:height\" content=\"740\" \/>\n\t<meta property=\"og:image:type\" content=\"image\/jpeg\" \/>\n<meta name=\"author\" content=\"majo\" \/>\n<meta name=\"twitter:card\" content=\"summary_large_image\" \/>\n<meta name=\"twitter:label1\" content=\"Escrito por\" \/>\n\t<meta name=\"twitter:data1\" content=\"majo\" \/>\n\t<meta name=\"twitter:label2\" content=\"Tiempo de lectura\" \/>\n\t<meta name=\"twitter:data2\" content=\"1 minuto\" \/>\n<script type=\"application\/ld+json\" class=\"yoast-schema-graph\">{\"@context\":\"https:\/\/schema.org\",\"@graph\":[{\"@type\":\"Article\",\"@id\":\"https:\/\/radio.unrc.edu.ar\/?p=29073#article\",\"isPartOf\":{\"@id\":\"https:\/\/radio.unrc.edu.ar\/?p=29073\"},\"author\":{\"name\":\"majo\",\"@id\":\"https:\/\/radio.unrc.edu.ar\/#\/schema\/person\/197edd08d015632a43a5e6a515c4f7a6\"},\"headline\":\"Una docente local fue reelecta para presidir la asociaci\u00f3n de facultades con carreras de geolog\u00eda\",\"datePublished\":\"2025-07-04T13:40:12+00:00\",\"dateModified\":\"2025-07-21T16:52:43+00:00\",\"mainEntityOfPage\":{\"@id\":\"https:\/\/radio.unrc.edu.ar\/?p=29073\"},\"wordCount\":83,\"commentCount\":0,\"publisher\":{\"@id\":\"https:\/\/radio.unrc.edu.ar\/#organization\"},\"articleSection\":[\"Universitarias\"],\"inLanguage\":\"es\",\"potentialAction\":[{\"@type\":\"CommentAction\",\"name\":\"Comment\",\"target\":[\"https:\/\/radio.unrc.edu.ar\/?p=29073#respond\"]}]},{\"@type\":\"WebPage\",\"@id\":\"https:\/\/radio.unrc.edu.ar\/?p=29073\",\"url\":\"https:\/\/radio.unrc.edu.ar\/?p=29073\",\"name\":\"Una docente local fue reelecta para presidir la asociaci\u00f3n de facultades con carreras de geolog\u00eda - Radio UNRC\",\"isPartOf\":{\"@id\":\"https:\/\/radio.unrc.edu.ar\/#website\"},\"datePublished\":\"2025-07-04T13:40:12+00:00\",\"dateModified\":\"2025-07-21T16:52:43+00:00\",\"description\":\"La radio que te hace sentir y pensar.\",\"breadcrumb\":{\"@id\":\"https:\/\/radio.unrc.edu.ar\/?p=29073#breadcrumb\"},\"inLanguage\":\"es\",\"potentialAction\":[{\"@type\":\"ReadAction\",\"target\":[\"https:\/\/radio.unrc.edu.ar\/?p=29073\"]}]},{\"@type\":\"BreadcrumbList\",\"@id\":\"https:\/\/radio.unrc.edu.ar\/?p=29073#breadcrumb\",\"itemListElement\":[{\"@type\":\"ListItem\",\"position\":1,\"name\":\"Portada\",\"item\":\"https:\/\/radio.unrc.edu.ar\/\"},{\"@type\":\"ListItem\",\"position\":2,\"name\":\"Una docente local fue reelecta para presidir la asociaci\u00f3n de facultades con carreras de geolog\u00eda\"}]},{\"@type\":\"WebSite\",\"@id\":\"https:\/\/radio.unrc.edu.ar\/#website\",\"url\":\"https:\/\/radio.unrc.edu.ar\/\",\"name\":\"Radio UNRC\",\"description\":\"La Radio de la Uni, la que te hace sentir y pensar\",\"publisher\":{\"@id\":\"https:\/\/radio.unrc.edu.ar\/#organization\"},\"potentialAction\":[{\"@type\":\"SearchAction\",\"target\":{\"@type\":\"EntryPoint\",\"urlTemplate\":\"https:\/\/radio.unrc.edu.ar\/?s={search_term_string}\"},\"query-input\":\"required name=search_term_string\"}],\"inLanguage\":\"es\"},{\"@type\":\"Organization\",\"@id\":\"https:\/\/radio.unrc.edu.ar\/#organization\",\"name\":\"Radio UNRC\",\"url\":\"https:\/\/radio.unrc.edu.ar\/\",\"logo\":{\"@type\":\"ImageObject\",\"inLanguage\":\"es\",\"@id\":\"https:\/\/radio.unrc.edu.ar\/#\/schema\/logo\/image\/\",\"url\":\"https:\/\/radio.unrc.edu.ar\/wp-content\/uploads\/2022\/03\/logo-radio-544.png\",\"contentUrl\":\"https:\/\/radio.unrc.edu.ar\/wp-content\/uploads\/2022\/03\/logo-radio-544.png\",\"width\":544,\"height\":180,\"caption\":\"Radio UNRC\"},\"image\":{\"@id\":\"https:\/\/radio.unrc.edu.ar\/#\/schema\/logo\/image\/\"},\"sameAs\":[\"https:\/\/www.facebook.com\/radiounrc\",\"https:\/\/www.instagram.com\/radiounrc\/\"]},{\"@type\":\"Person\",\"@id\":\"https:\/\/radio.unrc.edu.ar\/#\/schema\/person\/197edd08d015632a43a5e6a515c4f7a6\",\"name\":\"majo\",\"image\":{\"@type\":\"ImageObject\",\"inLanguage\":\"es\",\"@id\":\"https:\/\/radio.unrc.edu.ar\/#\/schema\/person\/image\/\",\"url\":\"https:\/\/secure.gravatar.com\/avatar\/6806165fb7635331b44fb331ffb478c3230b9d62d675244a0e2dfd0cb8d8b503?s=96&d=mm&r=g\",\"contentUrl\":\"https:\/\/secure.gravatar.com\/avatar\/6806165fb7635331b44fb331ffb478c3230b9d62d675244a0e2dfd0cb8d8b503?s=96&d=mm&r=g\",\"caption\":\"majo\"},\"url\":\"https:\/\/radio.unrc.edu.ar\/?author=2\"}]}<\/script>\n<!-- \/ Yoast SEO plugin. -->","yoast_head_json":{"title":"Una docente local fue reelecta para presidir la asociaci\u00f3n de facultades con carreras de geolog\u00eda - Radio UNRC","description":"La radio que te hace sentir y pensar.","robots":{"index":"index","follow":"follow","max-snippet":"max-snippet:-1","max-image-preview":"max-image-preview:large","max-video-preview":"max-video-preview:-1"},"canonical":"https:\/\/radio.unrc.edu.ar\/?p=29073","og_locale":"es_ES","og_type":"article","og_title":"Una docente local fue reelecta para presidir la asociaci\u00f3n de facultades con carreras de geolog\u00eda - Radio UNRC","og_description":"La radio que te hace sentir y pensar.","og_url":"https:\/\/radio.unrc.edu.ar\/?p=29073","og_site_name":"Radio UNRC","article_publisher":"https:\/\/www.facebook.com\/radiounrc","article_published_time":"2025-07-04T13:40:12+00:00","article_modified_time":"2025-07-21T16:52:43+00:00","og_image":[{"width":1280,"height":740,"url":"https:\/\/radio.unrc.edu.ar\/wp-content\/uploads\/2025\/07\/grumelli.jpg","type":"image\/jpeg"}],"author":"majo","twitter_card":"summary_large_image","twitter_misc":{"Escrito por":"majo","Tiempo de lectura":"1 minuto"},"schema":{"@context":"https:\/\/schema.org","@graph":[{"@type":"Article","@id":"https:\/\/radio.unrc.edu.ar\/?p=29073#article","isPartOf":{"@id":"https:\/\/radio.unrc.edu.ar\/?p=29073"},"author":{"name":"majo","@id":"https:\/\/radio.unrc.edu.ar\/#\/schema\/person\/197edd08d015632a43a5e6a515c4f7a6"},"headline":"Una docente local fue reelecta para presidir la asociaci\u00f3n de facultades con carreras de geolog\u00eda","datePublished":"2025-07-04T13:40:12+00:00","dateModified":"2025-07-21T16:52:43+00:00","mainEntityOfPage":{"@id":"https:\/\/radio.unrc.edu.ar\/?p=29073"},"wordCount":83,"commentCount":0,"publisher":{"@id":"https:\/\/radio.unrc.edu.ar\/#organization"},"articleSection":["Universitarias"],"inLanguage":"es","potentialAction":[{"@type":"CommentAction","name":"Comment","target":["https:\/\/radio.unrc.edu.ar\/?p=29073#respond"]}]},{"@type":"WebPage","@id":"https:\/\/radio.unrc.edu.ar\/?p=29073","url":"https:\/\/radio.unrc.edu.ar\/?p=29073","name":"Una docente local fue reelecta para presidir la asociaci\u00f3n de facultades con carreras de geolog\u00eda - Radio UNRC","isPartOf":{"@id":"https:\/\/radio.unrc.edu.ar\/#website"},"datePublished":"2025-07-04T13:40:12+00:00","dateModified":"2025-07-21T16:52:43+00:00","description":"La radio que te hace sentir y pensar.","breadcrumb":{"@id":"https:\/\/radio.unrc.edu.ar\/?p=29073#breadcrumb"},"inLanguage":"es","potentialAction":[{"@type":"ReadAction","target":["https:\/\/radio.unrc.edu.ar\/?p=29073"]}]},{"@type":"BreadcrumbList","@id":"https:\/\/radio.unrc.edu.ar\/?p=29073#breadcrumb","itemListElement":[{"@type":"ListItem","position":1,"name":"Portada","item":"https:\/\/radio.unrc.edu.ar\/"},{"@type":"ListItem","position":2,"name":"Una docente local fue reelecta para presidir la asociaci\u00f3n de facultades con carreras de geolog\u00eda"}]},{"@type":"WebSite","@id":"https:\/\/radio.unrc.edu.ar\/#website","url":"https:\/\/radio.unrc.edu.ar\/","name":"Radio UNRC","description":"La Radio de la Uni, la que te hace sentir y pensar","publisher":{"@id":"https:\/\/radio.unrc.edu.ar\/#organization"},"potentialAction":[{"@type":"SearchAction","target":{"@type":"EntryPoint","urlTemplate":"https:\/\/radio.unrc.edu.ar\/?s={search_term_string}"},"query-input":"required name=search_term_string"}],"inLanguage":"es"},{"@type":"Organization","@id":"https:\/\/radio.unrc.edu.ar\/#organization","name":"Radio UNRC","url":"https:\/\/radio.unrc.edu.ar\/","logo":{"@type":"ImageObject","inLanguage":"es","@id":"https:\/\/radio.unrc.edu.ar\/#\/schema\/logo\/image\/","url":"https:\/\/radio.unrc.edu.ar\/wp-content\/uploads\/2022\/03\/logo-radio-544.png","contentUrl":"https:\/\/radio.unrc.edu.ar\/wp-content\/uploads\/2022\/03\/logo-radio-544.png","width":544,"height":180,"caption":"Radio UNRC"},"image":{"@id":"https:\/\/radio.unrc.edu.ar\/#\/schema\/logo\/image\/"},"sameAs":["https:\/\/www.facebook.com\/radiounrc","https:\/\/www.instagram.com\/radiounrc\/"]},{"@type":"Person","@id":"https:\/\/radio.unrc.edu.ar\/#\/schema\/person\/197edd08d015632a43a5e6a515c4f7a6","name":"majo","image":{"@type":"ImageObject","inLanguage":"es","@id":"https:\/\/radio.unrc.edu.ar\/#\/schema\/person\/image\/","url":"https:\/\/secure.gravatar.com\/avatar\/6806165fb7635331b44fb331ffb478c3230b9d62d675244a0e2dfd0cb8d8b503?s=96&d=mm&r=g","contentUrl":"https:\/\/secure.gravatar.com\/avatar\/6806165fb7635331b44fb331ffb478c3230b9d62d675244a0e2dfd0cb8d8b503?s=96&d=mm&r=g","caption":"majo"},"url":"https:\/\/radio.unrc.edu.ar\/?author=2"}]}},"_links":{"self":[{"href":"https:\/\/radio.unrc.edu.ar\/index.php?rest_route=\/wp\/v2\/posts\/29073","targetHints":{"allow":["GET"]}}],"collection":[{"href":"https:\/\/radio.unrc.edu.ar\/index.php?rest_route=\/wp\/v2\/posts"}],"about":[{"href":"https:\/\/radio.unrc.edu.ar\/index.php?rest_route=\/wp\/v2\/types\/post"}],"author":[{"embeddable":true,"href":"https:\/\/radio.unrc.edu.ar\/index.php?rest_route=\/wp\/v2\/users\/2"}],"replies":[{"embeddable":true,"href":"https:\/\/radio.unrc.edu.ar\/index.php?rest_route=%2Fwp%2Fv2%2Fcomments&post=29073"}],"version-history":[{"count":1,"href":"https:\/\/radio.unrc.edu.ar\/index.php?rest_route=\/wp\/v2\/posts\/29073\/revisions"}],"predecessor-version":[{"id":29078,"href":"https:\/\/radio.unrc.edu.ar\/index.php?rest_route=\/wp\/v2\/posts\/29073\/revisions\/29078"}],"wp:featuredmedia":[{"embeddable":true,"href":"https:\/\/radio.unrc.edu.ar\/index.php?rest_route=\/wp\/v2\/media\/29079"}],"wp:attachment":[{"href":"https:\/\/radio.unrc.edu.ar\/index.php?rest_route=%2Fwp%2Fv2%2Fmedia&parent=29073"}],"wp:term":[{"taxonomy":"category","embeddable":true,"href":"https:\/\/radio.unrc.edu.ar\/index.php?rest_route=%2Fwp%2Fv2%2Fcategories&post=29073"},{"taxonomy":"post_tag","embeddable":true,"href":"https:\/\/radio.unrc.edu.ar\/index.php?rest_route=%2Fwp%2Fv2%2Ftags&post=29073"}],"curies":[{"name":"wp","href":"https:\/\/api.w.org\/{rel}","templated":true}]}}