{"id":29201,"date":"2025-07-15T11:40:47","date_gmt":"2025-07-15T14:40:47","guid":{"rendered":"https:\/\/radio.unrc.edu.ar\/?p=29201"},"modified":"2025-07-21T13:57:13","modified_gmt":"2025-07-21T16:57:13","slug":"el-municipio-aloja-a-30-personas-en-situacion-de-calle","status":"publish","type":"post","link":"https:\/\/radio.unrc.edu.ar\/?p=29201","title":{"rendered":"El municipio aloja a 30 personas en situaci\u00f3n de calle"},"content":{"rendered":"<p>Todas las noches unas 30 personas que est\u00e1n en situaci\u00f3n de calle llegan al Centro de Inclusi\u00f3n de barrio Alberdi para buscar un techo.<\/p>\n<p>El Centro de Inclusi\u00f3n ubicado en Alem al 800 de barrio Alberdi fue refaccionado a comienzos de a\u00f1o y tiene cinco unidades en las que se distribuyen las camas.<\/p>\n<p>Tambi\u00e9n tienen un lavadero, un comedor, cocina y una huerta.<\/p>\n<p>Gregorio Oberti, subsecretario de Promoci\u00f3n Social, coment\u00f3 que el Centro de Inclusi\u00f3n ofrece talleres y un trabajo especial para las personas que tienen consumos problem\u00e1ticos con talleres semanales.<\/p>\n<p><iframe title=\"Oberti editada by javier\" width=\"696\" height=\"400\" scrolling=\"no\" frameborder=\"no\" src=\"https:\/\/w.soundcloud.com\/player\/?visual=true&#038;url=https%3A%2F%2Fapi.soundcloud.com%2Ftracks%2F2130325893&#038;show_artwork=true&#038;maxheight=1000&#038;maxwidth=696\"><\/iframe><\/p>\n<p>Marta Morabito, trabajadora del Centro de Inclusi\u00f3n, coment\u00f3 que muchos casos que llegan al lugar resultan conmovedores porque se trata de personas mayores o a veces de j\u00f3venes.<\/p>\n<p>Morabito agreg\u00f3 que se siente una gran satisfacci\u00f3n cuando alguien deja el Centro de Inclusi\u00f3n y se va con un oficio que antes no ten\u00eda.<\/p>\n\r\n                <style type=\"text\/css\">\r\n                    \r\n                    #tdi_1  .td-doubleSlider-2 .td-item1 {\r\n                        background: url(https:\/\/radio.unrc.edu.ar\/wp-content\/uploads\/2025\/07\/WhatsApp-Image-2025-07-15-at-11.10.21-2.jpeg) 0 0 no-repeat;\r\n                    }\r\n                    #tdi_1  .td-doubleSlider-2 .td-item2 {\r\n                        background: url(https:\/\/radio.unrc.edu.ar\/wp-content\/uploads\/2025\/07\/WhatsApp-Image-2025-07-15-at-11.10.21-1.jpeg) 0 0 no-repeat;\r\n                    }\r\n                    #tdi_1  .td-doubleSlider-2 .td-item3 {\r\n                        background: url(https:\/\/radio.unrc.edu.ar\/wp-content\/uploads\/2025\/07\/WhatsApp-Image-2025-07-15-at-11.10.20.jpeg) 0 0 no-repeat;\r\n                    }\r\n                    #tdi_1  .td-doubleSlider-2 .td-item4 {\r\n                        background: url(https:\/\/radio.unrc.edu.ar\/wp-content\/uploads\/2025\/07\/WhatsApp-Image-2025-07-15-at-11.10.22-1.jpeg) 0 0 no-repeat;\r\n                    }\r\n                    #tdi_1  .td-doubleSlider-2 .td-item5 {\r\n                        background: url(https:\/\/radio.unrc.edu.ar\/wp-content\/uploads\/2025\/07\/WhatsApp-Image-2025-07-15-at-11.10.22.jpeg) 0 0 no-repeat;\r\n                    }\r\n                <\/style>\r\n\r\n                <div id=\"tdi_1\" class=\"td-gallery td-slide-on-2-columns\">\r\n                    <div class=\"post_td_gallery\">\r\n                        <div class=\"td-gallery-slide-top\">\r\n                           <div class=\"td-gallery-title\"><\/div>\r\n\r\n                            <div class=\"td-gallery-controls-wrapper\">\r\n                                <div class=\"td-gallery-slide-count\"><span class=\"td-gallery-slide-item-focus\">1<\/span> de 5<\/div>\r\n                                <div class=\"td-gallery-slide-prev-next-but\">\r\n                                    <i class = \"td-icon-left doubleSliderPrevButton\"><\/i>\r\n                                    <i class = \"td-icon-right doubleSliderNextButton\"><\/i>\r\n                                <\/div>\r\n                            <\/div>\r\n                        <\/div>\r\n\r\n                        <div class = \"td-doubleSlider-1 \">\r\n                            <div class = \"td-slider\">\r\n                                \r\n                    <div class = \"td-slide-item td-item1\">\r\n                        <figure class=\"td-slide-galery-figure td-slide-popup-gallery\">\r\n                            <a class=\"slide-gallery-image-link\" href=\"https:\/\/radio.unrc.edu.ar\/wp-content\/uploads\/2025\/07\/WhatsApp-Image-2025-07-15-at-11.10.21-2.jpeg\" title=\"WhatsApp Image 2025-07-15 at 11.10.21 (2)\"  data-caption=\"\"  data-description=\"\">\r\n                                <img decoding=\"async\" src=\"https:\/\/radio.unrc.edu.ar\/wp-content\/uploads\/2025\/07\/WhatsApp-Image-2025-07-15-at-11.10.21-2.jpeg\" srcset=\"https:\/\/radio.unrc.edu.ar\/wp-content\/uploads\/2025\/07\/WhatsApp-Image-2025-07-15-at-11.10.21-2.jpeg 1600w, https:\/\/radio.unrc.edu.ar\/wp-content\/uploads\/2025\/07\/WhatsApp-Image-2025-07-15-at-11.10.21-2-300x225.jpeg 300w, https:\/\/radio.unrc.edu.ar\/wp-content\/uploads\/2025\/07\/WhatsApp-Image-2025-07-15-at-11.10.21-2-1024x768.jpeg 1024w, https:\/\/radio.unrc.edu.ar\/wp-content\/uploads\/2025\/07\/WhatsApp-Image-2025-07-15-at-11.10.21-2-768x576.jpeg 768w, https:\/\/radio.unrc.edu.ar\/wp-content\/uploads\/2025\/07\/WhatsApp-Image-2025-07-15-at-11.10.21-2-1536x1152.jpeg 1536w, https:\/\/radio.unrc.edu.ar\/wp-content\/uploads\/2025\/07\/WhatsApp-Image-2025-07-15-at-11.10.21-2-150x113.jpeg 150w, https:\/\/radio.unrc.edu.ar\/wp-content\/uploads\/2025\/07\/WhatsApp-Image-2025-07-15-at-11.10.21-2-696x522.jpeg 696w, https:\/\/radio.unrc.edu.ar\/wp-content\/uploads\/2025\/07\/WhatsApp-Image-2025-07-15-at-11.10.21-2-1068x801.jpeg 1068w, https:\/\/radio.unrc.edu.ar\/wp-content\/uploads\/2025\/07\/WhatsApp-Image-2025-07-15-at-11.10.21-2-265x198.jpeg 265w\" sizes=\"(max-width: 1600px) 100vw, 1600px\" alt=\"\">\r\n                            <\/a>\r\n                            \r\n                        <\/figure>\r\n                    <\/div>\r\n                    <div class = \"td-slide-item td-item2\">\r\n                        <figure class=\"td-slide-galery-figure td-slide-popup-gallery\">\r\n                            <a class=\"slide-gallery-image-link\" href=\"https:\/\/radio.unrc.edu.ar\/wp-content\/uploads\/2025\/07\/WhatsApp-Image-2025-07-15-at-11.10.21-1.jpeg\" title=\"WhatsApp Image 2025-07-15 at 11.10.21 (1)\"  data-caption=\"\"  data-description=\"\">\r\n                                <img decoding=\"async\" src=\"https:\/\/radio.unrc.edu.ar\/wp-content\/uploads\/2025\/07\/WhatsApp-Image-2025-07-15-at-11.10.21-1.jpeg\" srcset=\"https:\/\/radio.unrc.edu.ar\/wp-content\/uploads\/2025\/07\/WhatsApp-Image-2025-07-15-at-11.10.21-1.jpeg 1600w, https:\/\/radio.unrc.edu.ar\/wp-content\/uploads\/2025\/07\/WhatsApp-Image-2025-07-15-at-11.10.21-1-300x225.jpeg 300w, https:\/\/radio.unrc.edu.ar\/wp-content\/uploads\/2025\/07\/WhatsApp-Image-2025-07-15-at-11.10.21-1-1024x768.jpeg 1024w, https:\/\/radio.unrc.edu.ar\/wp-content\/uploads\/2025\/07\/WhatsApp-Image-2025-07-15-at-11.10.21-1-768x576.jpeg 768w, https:\/\/radio.unrc.edu.ar\/wp-content\/uploads\/2025\/07\/WhatsApp-Image-2025-07-15-at-11.10.21-1-1536x1152.jpeg 1536w, https:\/\/radio.unrc.edu.ar\/wp-content\/uploads\/2025\/07\/WhatsApp-Image-2025-07-15-at-11.10.21-1-150x113.jpeg 150w, https:\/\/radio.unrc.edu.ar\/wp-content\/uploads\/2025\/07\/WhatsApp-Image-2025-07-15-at-11.10.21-1-696x522.jpeg 696w, https:\/\/radio.unrc.edu.ar\/wp-content\/uploads\/2025\/07\/WhatsApp-Image-2025-07-15-at-11.10.21-1-1068x801.jpeg 1068w, https:\/\/radio.unrc.edu.ar\/wp-content\/uploads\/2025\/07\/WhatsApp-Image-2025-07-15-at-11.10.21-1-265x198.jpeg 265w\" sizes=\"(max-width: 1600px) 100vw, 1600px\" alt=\"\">\r\n                            <\/a>\r\n                            \r\n                        <\/figure>\r\n                    <\/div>\r\n                    <div class = \"td-slide-item td-item3\">\r\n                        <figure class=\"td-slide-galery-figure td-slide-popup-gallery\">\r\n                            <a class=\"slide-gallery-image-link\" href=\"https:\/\/radio.unrc.edu.ar\/wp-content\/uploads\/2025\/07\/WhatsApp-Image-2025-07-15-at-11.10.20.jpeg\" title=\"WhatsApp Image 2025-07-15 at 11.10.20\"  data-caption=\"\"  data-description=\"\">\r\n                                <img decoding=\"async\" src=\"https:\/\/radio.unrc.edu.ar\/wp-content\/uploads\/2025\/07\/WhatsApp-Image-2025-07-15-at-11.10.20.jpeg\" srcset=\"https:\/\/radio.unrc.edu.ar\/wp-content\/uploads\/2025\/07\/WhatsApp-Image-2025-07-15-at-11.10.20.jpeg 1600w, https:\/\/radio.unrc.edu.ar\/wp-content\/uploads\/2025\/07\/WhatsApp-Image-2025-07-15-at-11.10.20-300x225.jpeg 300w, https:\/\/radio.unrc.edu.ar\/wp-content\/uploads\/2025\/07\/WhatsApp-Image-2025-07-15-at-11.10.20-1024x768.jpeg 1024w, https:\/\/radio.unrc.edu.ar\/wp-content\/uploads\/2025\/07\/WhatsApp-Image-2025-07-15-at-11.10.20-768x576.jpeg 768w, https:\/\/radio.unrc.edu.ar\/wp-content\/uploads\/2025\/07\/WhatsApp-Image-2025-07-15-at-11.10.20-1536x1152.jpeg 1536w, https:\/\/radio.unrc.edu.ar\/wp-content\/uploads\/2025\/07\/WhatsApp-Image-2025-07-15-at-11.10.20-150x113.jpeg 150w, https:\/\/radio.unrc.edu.ar\/wp-content\/uploads\/2025\/07\/WhatsApp-Image-2025-07-15-at-11.10.20-696x522.jpeg 696w, https:\/\/radio.unrc.edu.ar\/wp-content\/uploads\/2025\/07\/WhatsApp-Image-2025-07-15-at-11.10.20-1068x801.jpeg 1068w, https:\/\/radio.unrc.edu.ar\/wp-content\/uploads\/2025\/07\/WhatsApp-Image-2025-07-15-at-11.10.20-265x198.jpeg 265w\" sizes=\"(max-width: 1600px) 100vw, 1600px\" alt=\"\">\r\n                            <\/a>\r\n                            \r\n                        <\/figure>\r\n                    <\/div>\r\n                    <div class = \"td-slide-item td-item4\">\r\n                        <figure class=\"td-slide-galery-figure td-slide-popup-gallery\">\r\n                            <a class=\"slide-gallery-image-link\" href=\"https:\/\/radio.unrc.edu.ar\/wp-content\/uploads\/2025\/07\/WhatsApp-Image-2025-07-15-at-11.10.22-1.jpeg\" title=\"WhatsApp Image 2025-07-15 at 11.10.22 (1)\"  data-caption=\"\"  data-description=\"\">\r\n                                <img decoding=\"async\" src=\"https:\/\/radio.unrc.edu.ar\/wp-content\/uploads\/2025\/07\/WhatsApp-Image-2025-07-15-at-11.10.22-1.jpeg\" srcset=\"https:\/\/radio.unrc.edu.ar\/wp-content\/uploads\/2025\/07\/WhatsApp-Image-2025-07-15-at-11.10.22-1.jpeg 1600w, https:\/\/radio.unrc.edu.ar\/wp-content\/uploads\/2025\/07\/WhatsApp-Image-2025-07-15-at-11.10.22-1-300x225.jpeg 300w, https:\/\/radio.unrc.edu.ar\/wp-content\/uploads\/2025\/07\/WhatsApp-Image-2025-07-15-at-11.10.22-1-1024x768.jpeg 1024w, https:\/\/radio.unrc.edu.ar\/wp-content\/uploads\/2025\/07\/WhatsApp-Image-2025-07-15-at-11.10.22-1-768x576.jpeg 768w, https:\/\/radio.unrc.edu.ar\/wp-content\/uploads\/2025\/07\/WhatsApp-Image-2025-07-15-at-11.10.22-1-1536x1152.jpeg 1536w, https:\/\/radio.unrc.edu.ar\/wp-content\/uploads\/2025\/07\/WhatsApp-Image-2025-07-15-at-11.10.22-1-150x113.jpeg 150w, https:\/\/radio.unrc.edu.ar\/wp-content\/uploads\/2025\/07\/WhatsApp-Image-2025-07-15-at-11.10.22-1-696x522.jpeg 696w, https:\/\/radio.unrc.edu.ar\/wp-content\/uploads\/2025\/07\/WhatsApp-Image-2025-07-15-at-11.10.22-1-1068x801.jpeg 1068w, https:\/\/radio.unrc.edu.ar\/wp-content\/uploads\/2025\/07\/WhatsApp-Image-2025-07-15-at-11.10.22-1-265x198.jpeg 265w\" sizes=\"(max-width: 1600px) 100vw, 1600px\" alt=\"\">\r\n                            <\/a>\r\n                            \r\n                        <\/figure>\r\n                    <\/div>\r\n                    <div class = \"td-slide-item td-item5\">\r\n                        <figure class=\"td-slide-galery-figure td-slide-popup-gallery\">\r\n                            <a class=\"slide-gallery-image-link\" href=\"https:\/\/radio.unrc.edu.ar\/wp-content\/uploads\/2025\/07\/WhatsApp-Image-2025-07-15-at-11.10.22.jpeg\" title=\"WhatsApp Image 2025-07-15 at 11.10.22\"  data-caption=\"\"  data-description=\"\">\r\n                                <img decoding=\"async\" src=\"https:\/\/radio.unrc.edu.ar\/wp-content\/uploads\/2025\/07\/WhatsApp-Image-2025-07-15-at-11.10.22.jpeg\" srcset=\"https:\/\/radio.unrc.edu.ar\/wp-content\/uploads\/2025\/07\/WhatsApp-Image-2025-07-15-at-11.10.22.jpeg 1600w, https:\/\/radio.unrc.edu.ar\/wp-content\/uploads\/2025\/07\/WhatsApp-Image-2025-07-15-at-11.10.22-300x225.jpeg 300w, https:\/\/radio.unrc.edu.ar\/wp-content\/uploads\/2025\/07\/WhatsApp-Image-2025-07-15-at-11.10.22-1024x768.jpeg 1024w, https:\/\/radio.unrc.edu.ar\/wp-content\/uploads\/2025\/07\/WhatsApp-Image-2025-07-15-at-11.10.22-768x576.jpeg 768w, https:\/\/radio.unrc.edu.ar\/wp-content\/uploads\/2025\/07\/WhatsApp-Image-2025-07-15-at-11.10.22-1536x1152.jpeg 1536w, https:\/\/radio.unrc.edu.ar\/wp-content\/uploads\/2025\/07\/WhatsApp-Image-2025-07-15-at-11.10.22-150x113.jpeg 150w, https:\/\/radio.unrc.edu.ar\/wp-content\/uploads\/2025\/07\/WhatsApp-Image-2025-07-15-at-11.10.22-696x522.jpeg 696w, https:\/\/radio.unrc.edu.ar\/wp-content\/uploads\/2025\/07\/WhatsApp-Image-2025-07-15-at-11.10.22-1068x801.jpeg 1068w, https:\/\/radio.unrc.edu.ar\/wp-content\/uploads\/2025\/07\/WhatsApp-Image-2025-07-15-at-11.10.22-265x198.jpeg 265w\" sizes=\"(max-width: 1600px) 100vw, 1600px\" alt=\"\">\r\n                            <\/a>\r\n                            \r\n                        <\/figure>\r\n                    <\/div>\r\n                            <\/div>\r\n                        <\/div>\r\n\r\n                        <div class = \"td-doubleSlider-2\">\r\n                            <div class = \"td-slider\">\r\n                                \r\n                    <div class = \"td-button td-item1\">\r\n                        <div class = \"td-border\"><\/div>\r\n                    <\/div>\r\n                    <div class = \"td-button td-item2\">\r\n                        <div class = \"td-border\"><\/div>\r\n                    <\/div>\r\n                    <div class = \"td-button td-item3\">\r\n                        <div class = \"td-border\"><\/div>\r\n                    <\/div>\r\n                    <div class = \"td-button td-item4\">\r\n                        <div class = \"td-border\"><\/div>\r\n                    <\/div>\r\n                    <div class = \"td-button td-item5\">\r\n                        <div class = \"td-border\"><\/div>\r\n                    <\/div>\r\n                            <\/div>\r\n                        <\/div>\r\n\r\n                    <\/div>\r\n\r\n                <\/div>\r\n                \n","protected":false},"excerpt":{"rendered":"<p>Todas las noches unas 30 personas que est\u00e1n en situaci\u00f3n de calle llegan al Centro de Inclusi\u00f3n de barrio Alberdi para buscar un techo. El Centro de Inclusi\u00f3n ubicado en Alem al 800 de barrio Alberdi fue refaccionado a comienzos de a\u00f1o y tiene cinco unidades en las que se distribuyen las camas. Tambi\u00e9n tienen [&hellip;]<\/p>\n","protected":false},"author":4,"featured_media":29202,"comment_status":"open","ping_status":"open","sticky":false,"template":"","format":"standard","meta":{"footnotes":""},"categories":[18],"tags":[],"class_list":{"0":"post-29201","1":"post","2":"type-post","3":"status-publish","4":"format-standard","5":"has-post-thumbnail","7":"category-locales"},"yoast_head":"<!-- This site is optimized with the Yoast SEO plugin v21.5 - https:\/\/yoast.com\/wordpress\/plugins\/seo\/ -->\n<title>El municipio aloja a 30 personas en situaci\u00f3n de calle - Radio UNRC<\/title>\n<meta name=\"description\" content=\"La radio que te hace sentir y pensar.\" \/>\n<meta name=\"robots\" content=\"index, follow, max-snippet:-1, max-image-preview:large, max-video-preview:-1\" \/>\n<link rel=\"canonical\" href=\"https:\/\/radio.unrc.edu.ar\/?p=29201\" \/>\n<meta property=\"og:locale\" content=\"es_ES\" \/>\n<meta property=\"og:type\" content=\"article\" \/>\n<meta property=\"og:title\" content=\"El municipio aloja a 30 personas en situaci\u00f3n de calle - Radio UNRC\" \/>\n<meta property=\"og:description\" content=\"La radio que te hace sentir y pensar.\" \/>\n<meta property=\"og:url\" content=\"https:\/\/radio.unrc.edu.ar\/?p=29201\" \/>\n<meta property=\"og:site_name\" content=\"Radio UNRC\" \/>\n<meta property=\"article:publisher\" content=\"https:\/\/www.facebook.com\/radiounrc\" \/>\n<meta property=\"article:published_time\" content=\"2025-07-15T14:40:47+00:00\" \/>\n<meta property=\"article:modified_time\" content=\"2025-07-21T16:57:13+00:00\" \/>\n<meta property=\"og:image\" content=\"https:\/\/radio.unrc.edu.ar\/wp-content\/uploads\/2025\/07\/centro-de-inclusion.jpg\" \/>\n\t<meta property=\"og:image:width\" content=\"1280\" \/>\n\t<meta property=\"og:image:height\" content=\"740\" \/>\n\t<meta property=\"og:image:type\" content=\"image\/jpeg\" \/>\n<meta name=\"author\" content=\"javier\" \/>\n<meta name=\"twitter:card\" content=\"summary_large_image\" \/>\n<meta name=\"twitter:label1\" content=\"Escrito por\" \/>\n\t<meta name=\"twitter:data1\" content=\"javier\" \/>\n\t<meta name=\"twitter:label2\" content=\"Tiempo de lectura\" \/>\n\t<meta name=\"twitter:data2\" content=\"1 minuto\" \/>\n<script type=\"application\/ld+json\" class=\"yoast-schema-graph\">{\"@context\":\"https:\/\/schema.org\",\"@graph\":[{\"@type\":\"Article\",\"@id\":\"https:\/\/radio.unrc.edu.ar\/?p=29201#article\",\"isPartOf\":{\"@id\":\"https:\/\/radio.unrc.edu.ar\/?p=29201\"},\"author\":{\"name\":\"javier\",\"@id\":\"https:\/\/radio.unrc.edu.ar\/#\/schema\/person\/a5391b308c3ca8a7f44d85677e2bdcba\"},\"headline\":\"El municipio aloja a 30 personas en situaci\u00f3n de calle\",\"datePublished\":\"2025-07-15T14:40:47+00:00\",\"dateModified\":\"2025-07-21T16:57:13+00:00\",\"mainEntityOfPage\":{\"@id\":\"https:\/\/radio.unrc.edu.ar\/?p=29201\"},\"wordCount\":201,\"commentCount\":0,\"publisher\":{\"@id\":\"https:\/\/radio.unrc.edu.ar\/#organization\"},\"articleSection\":[\"Locales\"],\"inLanguage\":\"es\",\"potentialAction\":[{\"@type\":\"CommentAction\",\"name\":\"Comment\",\"target\":[\"https:\/\/radio.unrc.edu.ar\/?p=29201#respond\"]}]},{\"@type\":\"WebPage\",\"@id\":\"https:\/\/radio.unrc.edu.ar\/?p=29201\",\"url\":\"https:\/\/radio.unrc.edu.ar\/?p=29201\",\"name\":\"El municipio aloja a 30 personas en situaci\u00f3n de calle - Radio UNRC\",\"isPartOf\":{\"@id\":\"https:\/\/radio.unrc.edu.ar\/#website\"},\"datePublished\":\"2025-07-15T14:40:47+00:00\",\"dateModified\":\"2025-07-21T16:57:13+00:00\",\"description\":\"La radio que te hace sentir y pensar.\",\"breadcrumb\":{\"@id\":\"https:\/\/radio.unrc.edu.ar\/?p=29201#breadcrumb\"},\"inLanguage\":\"es\",\"potentialAction\":[{\"@type\":\"ReadAction\",\"target\":[\"https:\/\/radio.unrc.edu.ar\/?p=29201\"]}]},{\"@type\":\"BreadcrumbList\",\"@id\":\"https:\/\/radio.unrc.edu.ar\/?p=29201#breadcrumb\",\"itemListElement\":[{\"@type\":\"ListItem\",\"position\":1,\"name\":\"Portada\",\"item\":\"https:\/\/radio.unrc.edu.ar\/\"},{\"@type\":\"ListItem\",\"position\":2,\"name\":\"El municipio aloja a 30 personas en situaci\u00f3n de calle\"}]},{\"@type\":\"WebSite\",\"@id\":\"https:\/\/radio.unrc.edu.ar\/#website\",\"url\":\"https:\/\/radio.unrc.edu.ar\/\",\"name\":\"Radio UNRC\",\"description\":\"La Radio de la Uni, la que te hace sentir y pensar\",\"publisher\":{\"@id\":\"https:\/\/radio.unrc.edu.ar\/#organization\"},\"potentialAction\":[{\"@type\":\"SearchAction\",\"target\":{\"@type\":\"EntryPoint\",\"urlTemplate\":\"https:\/\/radio.unrc.edu.ar\/?s={search_term_string}\"},\"query-input\":\"required name=search_term_string\"}],\"inLanguage\":\"es\"},{\"@type\":\"Organization\",\"@id\":\"https:\/\/radio.unrc.edu.ar\/#organization\",\"name\":\"Radio UNRC\",\"url\":\"https:\/\/radio.unrc.edu.ar\/\",\"logo\":{\"@type\":\"ImageObject\",\"inLanguage\":\"es\",\"@id\":\"https:\/\/radio.unrc.edu.ar\/#\/schema\/logo\/image\/\",\"url\":\"https:\/\/radio.unrc.edu.ar\/wp-content\/uploads\/2022\/03\/logo-radio-544.png\",\"contentUrl\":\"https:\/\/radio.unrc.edu.ar\/wp-content\/uploads\/2022\/03\/logo-radio-544.png\",\"width\":544,\"height\":180,\"caption\":\"Radio UNRC\"},\"image\":{\"@id\":\"https:\/\/radio.unrc.edu.ar\/#\/schema\/logo\/image\/\"},\"sameAs\":[\"https:\/\/www.facebook.com\/radiounrc\",\"https:\/\/www.instagram.com\/radiounrc\/\"]},{\"@type\":\"Person\",\"@id\":\"https:\/\/radio.unrc.edu.ar\/#\/schema\/person\/a5391b308c3ca8a7f44d85677e2bdcba\",\"name\":\"javier\",\"image\":{\"@type\":\"ImageObject\",\"inLanguage\":\"es\",\"@id\":\"https:\/\/radio.unrc.edu.ar\/#\/schema\/person\/image\/\",\"url\":\"https:\/\/secure.gravatar.com\/avatar\/5ff90d64a73410b672fad73126063cddce57cd5b66f7cedb1e3caec8c1e05a66?s=96&d=mm&r=g\",\"contentUrl\":\"https:\/\/secure.gravatar.com\/avatar\/5ff90d64a73410b672fad73126063cddce57cd5b66f7cedb1e3caec8c1e05a66?s=96&d=mm&r=g\",\"caption\":\"javier\"},\"url\":\"https:\/\/radio.unrc.edu.ar\/?author=4\"}]}<\/script>\n<!-- \/ Yoast SEO plugin. -->","yoast_head_json":{"title":"El municipio aloja a 30 personas en situaci\u00f3n de calle - Radio UNRC","description":"La radio que te hace sentir y pensar.","robots":{"index":"index","follow":"follow","max-snippet":"max-snippet:-1","max-image-preview":"max-image-preview:large","max-video-preview":"max-video-preview:-1"},"canonical":"https:\/\/radio.unrc.edu.ar\/?p=29201","og_locale":"es_ES","og_type":"article","og_title":"El municipio aloja a 30 personas en situaci\u00f3n de calle - Radio UNRC","og_description":"La radio que te hace sentir y pensar.","og_url":"https:\/\/radio.unrc.edu.ar\/?p=29201","og_site_name":"Radio UNRC","article_publisher":"https:\/\/www.facebook.com\/radiounrc","article_published_time":"2025-07-15T14:40:47+00:00","article_modified_time":"2025-07-21T16:57:13+00:00","og_image":[{"width":1280,"height":740,"url":"https:\/\/radio.unrc.edu.ar\/wp-content\/uploads\/2025\/07\/centro-de-inclusion.jpg","type":"image\/jpeg"}],"author":"javier","twitter_card":"summary_large_image","twitter_misc":{"Escrito por":"javier","Tiempo de lectura":"1 minuto"},"schema":{"@context":"https:\/\/schema.org","@graph":[{"@type":"Article","@id":"https:\/\/radio.unrc.edu.ar\/?p=29201#article","isPartOf":{"@id":"https:\/\/radio.unrc.edu.ar\/?p=29201"},"author":{"name":"javier","@id":"https:\/\/radio.unrc.edu.ar\/#\/schema\/person\/a5391b308c3ca8a7f44d85677e2bdcba"},"headline":"El municipio aloja a 30 personas en situaci\u00f3n de calle","datePublished":"2025-07-15T14:40:47+00:00","dateModified":"2025-07-21T16:57:13+00:00","mainEntityOfPage":{"@id":"https:\/\/radio.unrc.edu.ar\/?p=29201"},"wordCount":201,"commentCount":0,"publisher":{"@id":"https:\/\/radio.unrc.edu.ar\/#organization"},"articleSection":["Locales"],"inLanguage":"es","potentialAction":[{"@type":"CommentAction","name":"Comment","target":["https:\/\/radio.unrc.edu.ar\/?p=29201#respond"]}]},{"@type":"WebPage","@id":"https:\/\/radio.unrc.edu.ar\/?p=29201","url":"https:\/\/radio.unrc.edu.ar\/?p=29201","name":"El municipio aloja a 30 personas en situaci\u00f3n de calle - Radio UNRC","isPartOf":{"@id":"https:\/\/radio.unrc.edu.ar\/#website"},"datePublished":"2025-07-15T14:40:47+00:00","dateModified":"2025-07-21T16:57:13+00:00","description":"La radio que te hace sentir y pensar.","breadcrumb":{"@id":"https:\/\/radio.unrc.edu.ar\/?p=29201#breadcrumb"},"inLanguage":"es","potentialAction":[{"@type":"ReadAction","target":["https:\/\/radio.unrc.edu.ar\/?p=29201"]}]},{"@type":"BreadcrumbList","@id":"https:\/\/radio.unrc.edu.ar\/?p=29201#breadcrumb","itemListElement":[{"@type":"ListItem","position":1,"name":"Portada","item":"https:\/\/radio.unrc.edu.ar\/"},{"@type":"ListItem","position":2,"name":"El municipio aloja a 30 personas en situaci\u00f3n de calle"}]},{"@type":"WebSite","@id":"https:\/\/radio.unrc.edu.ar\/#website","url":"https:\/\/radio.unrc.edu.ar\/","name":"Radio UNRC","description":"La Radio de la Uni, la que te hace sentir y pensar","publisher":{"@id":"https:\/\/radio.unrc.edu.ar\/#organization"},"potentialAction":[{"@type":"SearchAction","target":{"@type":"EntryPoint","urlTemplate":"https:\/\/radio.unrc.edu.ar\/?s={search_term_string}"},"query-input":"required name=search_term_string"}],"inLanguage":"es"},{"@type":"Organization","@id":"https:\/\/radio.unrc.edu.ar\/#organization","name":"Radio UNRC","url":"https:\/\/radio.unrc.edu.ar\/","logo":{"@type":"ImageObject","inLanguage":"es","@id":"https:\/\/radio.unrc.edu.ar\/#\/schema\/logo\/image\/","url":"https:\/\/radio.unrc.edu.ar\/wp-content\/uploads\/2022\/03\/logo-radio-544.png","contentUrl":"https:\/\/radio.unrc.edu.ar\/wp-content\/uploads\/2022\/03\/logo-radio-544.png","width":544,"height":180,"caption":"Radio UNRC"},"image":{"@id":"https:\/\/radio.unrc.edu.ar\/#\/schema\/logo\/image\/"},"sameAs":["https:\/\/www.facebook.com\/radiounrc","https:\/\/www.instagram.com\/radiounrc\/"]},{"@type":"Person","@id":"https:\/\/radio.unrc.edu.ar\/#\/schema\/person\/a5391b308c3ca8a7f44d85677e2bdcba","name":"javier","image":{"@type":"ImageObject","inLanguage":"es","@id":"https:\/\/radio.unrc.edu.ar\/#\/schema\/person\/image\/","url":"https:\/\/secure.gravatar.com\/avatar\/5ff90d64a73410b672fad73126063cddce57cd5b66f7cedb1e3caec8c1e05a66?s=96&d=mm&r=g","contentUrl":"https:\/\/secure.gravatar.com\/avatar\/5ff90d64a73410b672fad73126063cddce57cd5b66f7cedb1e3caec8c1e05a66?s=96&d=mm&r=g","caption":"javier"},"url":"https:\/\/radio.unrc.edu.ar\/?author=4"}]}},"_links":{"self":[{"href":"https:\/\/radio.unrc.edu.ar\/index.php?rest_route=\/wp\/v2\/posts\/29201","targetHints":{"allow":["GET"]}}],"collection":[{"href":"https:\/\/radio.unrc.edu.ar\/index.php?rest_route=\/wp\/v2\/posts"}],"about":[{"href":"https:\/\/radio.unrc.edu.ar\/index.php?rest_route=\/wp\/v2\/types\/post"}],"author":[{"embeddable":true,"href":"https:\/\/radio.unrc.edu.ar\/index.php?rest_route=\/wp\/v2\/users\/4"}],"replies":[{"embeddable":true,"href":"https:\/\/radio.unrc.edu.ar\/index.php?rest_route=%2Fwp%2Fv2%2Fcomments&post=29201"}],"version-history":[{"count":1,"href":"https:\/\/radio.unrc.edu.ar\/index.php?rest_route=\/wp\/v2\/posts\/29201\/revisions"}],"predecessor-version":[{"id":29209,"href":"https:\/\/radio.unrc.edu.ar\/index.php?rest_route=\/wp\/v2\/posts\/29201\/revisions\/29209"}],"wp:featuredmedia":[{"embeddable":true,"href":"https:\/\/radio.unrc.edu.ar\/index.php?rest_route=\/wp\/v2\/media\/29202"}],"wp:attachment":[{"href":"https:\/\/radio.unrc.edu.ar\/index.php?rest_route=%2Fwp%2Fv2%2Fmedia&parent=29201"}],"wp:term":[{"taxonomy":"category","embeddable":true,"href":"https:\/\/radio.unrc.edu.ar\/index.php?rest_route=%2Fwp%2Fv2%2Fcategories&post=29201"},{"taxonomy":"post_tag","embeddable":true,"href":"https:\/\/radio.unrc.edu.ar\/index.php?rest_route=%2Fwp%2Fv2%2Ftags&post=29201"}],"curies":[{"name":"wp","href":"https:\/\/api.w.org\/{rel}","templated":true}]}}