{"id":29262,"date":"2025-07-18T12:20:10","date_gmt":"2025-07-18T15:20:10","guid":{"rendered":"https:\/\/radio.unrc.edu.ar\/?p=29262"},"modified":"2025-07-21T13:58:00","modified_gmt":"2025-07-21T16:58:00","slug":"en-seis-meses-se-duplico-la-demanda-de-alimentos-en-el-comedor-san-martin","status":"publish","type":"post","link":"https:\/\/radio.unrc.edu.ar\/?p=29262","title":{"rendered":"En seis meses se duplic\u00f3 la demanda de alimentos en el comedor San Mart\u00edn"},"content":{"rendered":"<p>La demanda de alimentos, trabajo y abrigos crece en el barrio San Mart\u00edn, ubicado en Banda Norte.<\/p>\n<p>Valeria Palacios, del comedor comunitario de este sector de la ciudad coment\u00f3 que duplicaron la cantidad de viandas con respecto a las que entregaban a comienzos de a\u00f1o.<\/p>\n<p>El comedor del San Mart\u00edn es de la Federaci\u00f3n Nacional Territorial (Fenat) que trabaja en conjunto con la CTA local.<\/p>\n<p><iframe title=\"Palacios demanda by javier\" width=\"696\" height=\"400\" scrolling=\"no\" frameborder=\"no\" src=\"https:\/\/w.soundcloud.com\/player\/?visual=true&#038;url=https%3A%2F%2Fapi.soundcloud.com%2Ftracks%2F2132430612&#038;show_artwork=true&#038;maxheight=1000&#038;maxwidth=696\"><\/iframe><\/p>\n\r\n                <style type=\"text\/css\">\r\n                    \r\n                    #tdi_1  .td-doubleSlider-2 .td-item1 {\r\n                        background: url(https:\/\/radio.unrc.edu.ar\/wp-content\/uploads\/2025\/07\/WhatsApp-Image-2025-07-16-at-10.50.12-3.jpeg) 0 0 no-repeat;\r\n                    }\r\n                    #tdi_1  .td-doubleSlider-2 .td-item2 {\r\n                        background: url(https:\/\/radio.unrc.edu.ar\/wp-content\/uploads\/2025\/07\/WhatsApp-Image-2025-07-16-at-10.50.12-2.jpeg) 0 0 no-repeat;\r\n                    }\r\n                    #tdi_1  .td-doubleSlider-2 .td-item3 {\r\n                        background: url(https:\/\/radio.unrc.edu.ar\/wp-content\/uploads\/2025\/07\/WhatsApp-Image-2025-07-16-at-10.50.12-1.jpeg) 0 0 no-repeat;\r\n                    }\r\n                    #tdi_1  .td-doubleSlider-2 .td-item4 {\r\n                        background: url(https:\/\/radio.unrc.edu.ar\/wp-content\/uploads\/2025\/07\/WhatsApp-Image-2025-07-16-at-10.50.12.jpeg) 0 0 no-repeat;\r\n                    }\r\n                <\/style>\r\n\r\n                <div id=\"tdi_1\" class=\"td-gallery td-slide-on-2-columns\">\r\n                    <div class=\"post_td_gallery\">\r\n                        <div class=\"td-gallery-slide-top\">\r\n                           <div class=\"td-gallery-title\"><\/div>\r\n\r\n                            <div class=\"td-gallery-controls-wrapper\">\r\n                                <div class=\"td-gallery-slide-count\"><span class=\"td-gallery-slide-item-focus\">1<\/span> de 4<\/div>\r\n                                <div class=\"td-gallery-slide-prev-next-but\">\r\n                                    <i class = \"td-icon-left doubleSliderPrevButton\"><\/i>\r\n                                    <i class = \"td-icon-right doubleSliderNextButton\"><\/i>\r\n                                <\/div>\r\n                            <\/div>\r\n                        <\/div>\r\n\r\n                        <div class = \"td-doubleSlider-1 \">\r\n                            <div class = \"td-slider\">\r\n                                \r\n                    <div class = \"td-slide-item td-item1\">\r\n                        <figure class=\"td-slide-galery-figure td-slide-popup-gallery\">\r\n                            <a class=\"slide-gallery-image-link\" href=\"https:\/\/radio.unrc.edu.ar\/wp-content\/uploads\/2025\/07\/WhatsApp-Image-2025-07-16-at-10.50.12-3.jpeg\" title=\"WhatsApp Image 2025-07-16 at 10.50.12 (3)\"  data-caption=\"\"  data-description=\"\">\r\n                                <img decoding=\"async\" src=\"https:\/\/radio.unrc.edu.ar\/wp-content\/uploads\/2025\/07\/WhatsApp-Image-2025-07-16-at-10.50.12-3.jpeg\" srcset=\"https:\/\/radio.unrc.edu.ar\/wp-content\/uploads\/2025\/07\/WhatsApp-Image-2025-07-16-at-10.50.12-3.jpeg 1600w, https:\/\/radio.unrc.edu.ar\/wp-content\/uploads\/2025\/07\/WhatsApp-Image-2025-07-16-at-10.50.12-3-300x225.jpeg 300w, https:\/\/radio.unrc.edu.ar\/wp-content\/uploads\/2025\/07\/WhatsApp-Image-2025-07-16-at-10.50.12-3-1024x768.jpeg 1024w, https:\/\/radio.unrc.edu.ar\/wp-content\/uploads\/2025\/07\/WhatsApp-Image-2025-07-16-at-10.50.12-3-768x576.jpeg 768w, https:\/\/radio.unrc.edu.ar\/wp-content\/uploads\/2025\/07\/WhatsApp-Image-2025-07-16-at-10.50.12-3-1536x1152.jpeg 1536w, https:\/\/radio.unrc.edu.ar\/wp-content\/uploads\/2025\/07\/WhatsApp-Image-2025-07-16-at-10.50.12-3-150x113.jpeg 150w, https:\/\/radio.unrc.edu.ar\/wp-content\/uploads\/2025\/07\/WhatsApp-Image-2025-07-16-at-10.50.12-3-696x522.jpeg 696w, https:\/\/radio.unrc.edu.ar\/wp-content\/uploads\/2025\/07\/WhatsApp-Image-2025-07-16-at-10.50.12-3-1068x801.jpeg 1068w, https:\/\/radio.unrc.edu.ar\/wp-content\/uploads\/2025\/07\/WhatsApp-Image-2025-07-16-at-10.50.12-3-265x198.jpeg 265w\" sizes=\"(max-width: 1600px) 100vw, 1600px\" alt=\"\">\r\n                            <\/a>\r\n                            \r\n                        <\/figure>\r\n                    <\/div>\r\n                    <div class = \"td-slide-item td-item2\">\r\n                        <figure class=\"td-slide-galery-figure td-slide-popup-gallery\">\r\n                            <a class=\"slide-gallery-image-link\" href=\"https:\/\/radio.unrc.edu.ar\/wp-content\/uploads\/2025\/07\/WhatsApp-Image-2025-07-16-at-10.50.12-2.jpeg\" title=\"WhatsApp Image 2025-07-16 at 10.50.12 (2)\"  data-caption=\"\"  data-description=\"\">\r\n                                <img decoding=\"async\" src=\"https:\/\/radio.unrc.edu.ar\/wp-content\/uploads\/2025\/07\/WhatsApp-Image-2025-07-16-at-10.50.12-2.jpeg\" srcset=\"https:\/\/radio.unrc.edu.ar\/wp-content\/uploads\/2025\/07\/WhatsApp-Image-2025-07-16-at-10.50.12-2.jpeg 1600w, https:\/\/radio.unrc.edu.ar\/wp-content\/uploads\/2025\/07\/WhatsApp-Image-2025-07-16-at-10.50.12-2-300x225.jpeg 300w, https:\/\/radio.unrc.edu.ar\/wp-content\/uploads\/2025\/07\/WhatsApp-Image-2025-07-16-at-10.50.12-2-1024x768.jpeg 1024w, https:\/\/radio.unrc.edu.ar\/wp-content\/uploads\/2025\/07\/WhatsApp-Image-2025-07-16-at-10.50.12-2-768x576.jpeg 768w, https:\/\/radio.unrc.edu.ar\/wp-content\/uploads\/2025\/07\/WhatsApp-Image-2025-07-16-at-10.50.12-2-1536x1152.jpeg 1536w, https:\/\/radio.unrc.edu.ar\/wp-content\/uploads\/2025\/07\/WhatsApp-Image-2025-07-16-at-10.50.12-2-150x113.jpeg 150w, https:\/\/radio.unrc.edu.ar\/wp-content\/uploads\/2025\/07\/WhatsApp-Image-2025-07-16-at-10.50.12-2-696x522.jpeg 696w, https:\/\/radio.unrc.edu.ar\/wp-content\/uploads\/2025\/07\/WhatsApp-Image-2025-07-16-at-10.50.12-2-1068x801.jpeg 1068w, https:\/\/radio.unrc.edu.ar\/wp-content\/uploads\/2025\/07\/WhatsApp-Image-2025-07-16-at-10.50.12-2-265x198.jpeg 265w\" sizes=\"(max-width: 1600px) 100vw, 1600px\" alt=\"\">\r\n                            <\/a>\r\n                            \r\n                        <\/figure>\r\n                    <\/div>\r\n                    <div class = \"td-slide-item td-item3\">\r\n                        <figure class=\"td-slide-galery-figure td-slide-popup-gallery\">\r\n                            <a class=\"slide-gallery-image-link\" href=\"https:\/\/radio.unrc.edu.ar\/wp-content\/uploads\/2025\/07\/WhatsApp-Image-2025-07-16-at-10.50.12-1.jpeg\" title=\"WhatsApp Image 2025-07-16 at 10.50.12 (1)\"  data-caption=\"\"  data-description=\"\">\r\n                                <img decoding=\"async\" src=\"https:\/\/radio.unrc.edu.ar\/wp-content\/uploads\/2025\/07\/WhatsApp-Image-2025-07-16-at-10.50.12-1.jpeg\" srcset=\"https:\/\/radio.unrc.edu.ar\/wp-content\/uploads\/2025\/07\/WhatsApp-Image-2025-07-16-at-10.50.12-1.jpeg 1600w, https:\/\/radio.unrc.edu.ar\/wp-content\/uploads\/2025\/07\/WhatsApp-Image-2025-07-16-at-10.50.12-1-300x225.jpeg 300w, https:\/\/radio.unrc.edu.ar\/wp-content\/uploads\/2025\/07\/WhatsApp-Image-2025-07-16-at-10.50.12-1-1024x768.jpeg 1024w, https:\/\/radio.unrc.edu.ar\/wp-content\/uploads\/2025\/07\/WhatsApp-Image-2025-07-16-at-10.50.12-1-768x576.jpeg 768w, https:\/\/radio.unrc.edu.ar\/wp-content\/uploads\/2025\/07\/WhatsApp-Image-2025-07-16-at-10.50.12-1-1536x1152.jpeg 1536w, https:\/\/radio.unrc.edu.ar\/wp-content\/uploads\/2025\/07\/WhatsApp-Image-2025-07-16-at-10.50.12-1-150x113.jpeg 150w, https:\/\/radio.unrc.edu.ar\/wp-content\/uploads\/2025\/07\/WhatsApp-Image-2025-07-16-at-10.50.12-1-696x522.jpeg 696w, https:\/\/radio.unrc.edu.ar\/wp-content\/uploads\/2025\/07\/WhatsApp-Image-2025-07-16-at-10.50.12-1-1068x801.jpeg 1068w, https:\/\/radio.unrc.edu.ar\/wp-content\/uploads\/2025\/07\/WhatsApp-Image-2025-07-16-at-10.50.12-1-265x198.jpeg 265w\" sizes=\"(max-width: 1600px) 100vw, 1600px\" alt=\"\">\r\n                            <\/a>\r\n                            \r\n                        <\/figure>\r\n                    <\/div>\r\n                    <div class = \"td-slide-item td-item4\">\r\n                        <figure class=\"td-slide-galery-figure td-slide-popup-gallery\">\r\n                            <a class=\"slide-gallery-image-link\" href=\"https:\/\/radio.unrc.edu.ar\/wp-content\/uploads\/2025\/07\/WhatsApp-Image-2025-07-16-at-10.50.12.jpeg\" title=\"WhatsApp Image 2025-07-16 at 10.50.12\"  data-caption=\"\"  data-description=\"\">\r\n                                <img decoding=\"async\" src=\"https:\/\/radio.unrc.edu.ar\/wp-content\/uploads\/2025\/07\/WhatsApp-Image-2025-07-16-at-10.50.12.jpeg\" srcset=\"https:\/\/radio.unrc.edu.ar\/wp-content\/uploads\/2025\/07\/WhatsApp-Image-2025-07-16-at-10.50.12.jpeg 1600w, https:\/\/radio.unrc.edu.ar\/wp-content\/uploads\/2025\/07\/WhatsApp-Image-2025-07-16-at-10.50.12-300x225.jpeg 300w, https:\/\/radio.unrc.edu.ar\/wp-content\/uploads\/2025\/07\/WhatsApp-Image-2025-07-16-at-10.50.12-1024x768.jpeg 1024w, https:\/\/radio.unrc.edu.ar\/wp-content\/uploads\/2025\/07\/WhatsApp-Image-2025-07-16-at-10.50.12-768x576.jpeg 768w, https:\/\/radio.unrc.edu.ar\/wp-content\/uploads\/2025\/07\/WhatsApp-Image-2025-07-16-at-10.50.12-1536x1152.jpeg 1536w, https:\/\/radio.unrc.edu.ar\/wp-content\/uploads\/2025\/07\/WhatsApp-Image-2025-07-16-at-10.50.12-150x113.jpeg 150w, https:\/\/radio.unrc.edu.ar\/wp-content\/uploads\/2025\/07\/WhatsApp-Image-2025-07-16-at-10.50.12-696x522.jpeg 696w, https:\/\/radio.unrc.edu.ar\/wp-content\/uploads\/2025\/07\/WhatsApp-Image-2025-07-16-at-10.50.12-1068x801.jpeg 1068w, https:\/\/radio.unrc.edu.ar\/wp-content\/uploads\/2025\/07\/WhatsApp-Image-2025-07-16-at-10.50.12-265x198.jpeg 265w\" sizes=\"(max-width: 1600px) 100vw, 1600px\" alt=\"\">\r\n                            <\/a>\r\n                            \r\n                        <\/figure>\r\n                    <\/div>\r\n                            <\/div>\r\n                        <\/div>\r\n\r\n                        <div class = \"td-doubleSlider-2\">\r\n                            <div class = \"td-slider\">\r\n                                \r\n                    <div class = \"td-button td-item1\">\r\n                        <div class = \"td-border\"><\/div>\r\n                    <\/div>\r\n                    <div class = \"td-button td-item2\">\r\n                        <div class = \"td-border\"><\/div>\r\n                    <\/div>\r\n                    <div class = \"td-button td-item3\">\r\n                        <div class = \"td-border\"><\/div>\r\n                    <\/div>\r\n                    <div class = \"td-button td-item4\">\r\n                        <div class = \"td-border\"><\/div>\r\n                    <\/div>\r\n                            <\/div>\r\n                        <\/div>\r\n\r\n                    <\/div>\r\n\r\n                <\/div>\r\n                \n","protected":false},"excerpt":{"rendered":"<p>La demanda de alimentos, trabajo y abrigos crece en el barrio San Mart\u00edn, ubicado en Banda Norte. Valeria Palacios, del comedor comunitario de este sector de la ciudad coment\u00f3 que duplicaron la cantidad de viandas con respecto a las que entregaban a comienzos de a\u00f1o. El comedor del San Mart\u00edn es de la Federaci\u00f3n Nacional [&hellip;]<\/p>\n","protected":false},"author":4,"featured_media":29263,"comment_status":"open","ping_status":"open","sticky":false,"template":"","format":"standard","meta":{"footnotes":""},"categories":[18],"tags":[],"class_list":{"0":"post-29262","1":"post","2":"type-post","3":"status-publish","4":"format-standard","5":"has-post-thumbnail","7":"category-locales"},"yoast_head":"<!-- This site is optimized with the Yoast SEO plugin v21.5 - https:\/\/yoast.com\/wordpress\/plugins\/seo\/ -->\n<title>En seis meses se duplic\u00f3 la demanda de alimentos en el comedor San Mart\u00edn - Radio UNRC<\/title>\n<meta name=\"description\" content=\"La radio que te hace sentir y pensar.\" \/>\n<meta name=\"robots\" content=\"index, follow, max-snippet:-1, max-image-preview:large, max-video-preview:-1\" \/>\n<link rel=\"canonical\" href=\"https:\/\/radio.unrc.edu.ar\/?p=29262\" \/>\n<meta property=\"og:locale\" content=\"es_ES\" \/>\n<meta property=\"og:type\" content=\"article\" \/>\n<meta property=\"og:title\" content=\"En seis meses se duplic\u00f3 la demanda de alimentos en el comedor San Mart\u00edn - Radio UNRC\" \/>\n<meta property=\"og:description\" content=\"La radio que te hace sentir y pensar.\" \/>\n<meta property=\"og:url\" content=\"https:\/\/radio.unrc.edu.ar\/?p=29262\" \/>\n<meta property=\"og:site_name\" content=\"Radio UNRC\" \/>\n<meta property=\"article:publisher\" content=\"https:\/\/www.facebook.com\/radiounrc\" \/>\n<meta property=\"article:published_time\" content=\"2025-07-18T15:20:10+00:00\" \/>\n<meta property=\"article:modified_time\" content=\"2025-07-21T16:58:00+00:00\" \/>\n<meta property=\"og:image\" content=\"https:\/\/radio.unrc.edu.ar\/wp-content\/uploads\/2025\/07\/San-Martin.jpg\" \/>\n\t<meta property=\"og:image:width\" content=\"1280\" \/>\n\t<meta property=\"og:image:height\" content=\"740\" \/>\n\t<meta property=\"og:image:type\" content=\"image\/jpeg\" \/>\n<meta name=\"author\" content=\"javier\" \/>\n<meta name=\"twitter:card\" content=\"summary_large_image\" \/>\n<meta name=\"twitter:label1\" content=\"Escrito por\" \/>\n\t<meta name=\"twitter:data1\" content=\"javier\" \/>\n\t<meta name=\"twitter:label2\" content=\"Tiempo de lectura\" \/>\n\t<meta name=\"twitter:data2\" content=\"1 minuto\" \/>\n<script type=\"application\/ld+json\" class=\"yoast-schema-graph\">{\"@context\":\"https:\/\/schema.org\",\"@graph\":[{\"@type\":\"Article\",\"@id\":\"https:\/\/radio.unrc.edu.ar\/?p=29262#article\",\"isPartOf\":{\"@id\":\"https:\/\/radio.unrc.edu.ar\/?p=29262\"},\"author\":{\"name\":\"javier\",\"@id\":\"https:\/\/radio.unrc.edu.ar\/#\/schema\/person\/a5391b308c3ca8a7f44d85677e2bdcba\"},\"headline\":\"En seis meses se duplic\u00f3 la demanda de alimentos en el comedor San Mart\u00edn\",\"datePublished\":\"2025-07-18T15:20:10+00:00\",\"dateModified\":\"2025-07-21T16:58:00+00:00\",\"mainEntityOfPage\":{\"@id\":\"https:\/\/radio.unrc.edu.ar\/?p=29262\"},\"wordCount\":117,\"commentCount\":0,\"publisher\":{\"@id\":\"https:\/\/radio.unrc.edu.ar\/#organization\"},\"articleSection\":[\"Locales\"],\"inLanguage\":\"es\",\"potentialAction\":[{\"@type\":\"CommentAction\",\"name\":\"Comment\",\"target\":[\"https:\/\/radio.unrc.edu.ar\/?p=29262#respond\"]}]},{\"@type\":\"WebPage\",\"@id\":\"https:\/\/radio.unrc.edu.ar\/?p=29262\",\"url\":\"https:\/\/radio.unrc.edu.ar\/?p=29262\",\"name\":\"En seis meses se duplic\u00f3 la demanda de alimentos en el comedor San Mart\u00edn - Radio UNRC\",\"isPartOf\":{\"@id\":\"https:\/\/radio.unrc.edu.ar\/#website\"},\"datePublished\":\"2025-07-18T15:20:10+00:00\",\"dateModified\":\"2025-07-21T16:58:00+00:00\",\"description\":\"La radio que te hace sentir y pensar.\",\"breadcrumb\":{\"@id\":\"https:\/\/radio.unrc.edu.ar\/?p=29262#breadcrumb\"},\"inLanguage\":\"es\",\"potentialAction\":[{\"@type\":\"ReadAction\",\"target\":[\"https:\/\/radio.unrc.edu.ar\/?p=29262\"]}]},{\"@type\":\"BreadcrumbList\",\"@id\":\"https:\/\/radio.unrc.edu.ar\/?p=29262#breadcrumb\",\"itemListElement\":[{\"@type\":\"ListItem\",\"position\":1,\"name\":\"Portada\",\"item\":\"https:\/\/radio.unrc.edu.ar\/\"},{\"@type\":\"ListItem\",\"position\":2,\"name\":\"En seis meses se duplic\u00f3 la demanda de alimentos en el comedor San Mart\u00edn\"}]},{\"@type\":\"WebSite\",\"@id\":\"https:\/\/radio.unrc.edu.ar\/#website\",\"url\":\"https:\/\/radio.unrc.edu.ar\/\",\"name\":\"Radio UNRC\",\"description\":\"La Radio de la Uni, la que te hace sentir y pensar\",\"publisher\":{\"@id\":\"https:\/\/radio.unrc.edu.ar\/#organization\"},\"potentialAction\":[{\"@type\":\"SearchAction\",\"target\":{\"@type\":\"EntryPoint\",\"urlTemplate\":\"https:\/\/radio.unrc.edu.ar\/?s={search_term_string}\"},\"query-input\":\"required name=search_term_string\"}],\"inLanguage\":\"es\"},{\"@type\":\"Organization\",\"@id\":\"https:\/\/radio.unrc.edu.ar\/#organization\",\"name\":\"Radio UNRC\",\"url\":\"https:\/\/radio.unrc.edu.ar\/\",\"logo\":{\"@type\":\"ImageObject\",\"inLanguage\":\"es\",\"@id\":\"https:\/\/radio.unrc.edu.ar\/#\/schema\/logo\/image\/\",\"url\":\"https:\/\/radio.unrc.edu.ar\/wp-content\/uploads\/2022\/03\/logo-radio-544.png\",\"contentUrl\":\"https:\/\/radio.unrc.edu.ar\/wp-content\/uploads\/2022\/03\/logo-radio-544.png\",\"width\":544,\"height\":180,\"caption\":\"Radio UNRC\"},\"image\":{\"@id\":\"https:\/\/radio.unrc.edu.ar\/#\/schema\/logo\/image\/\"},\"sameAs\":[\"https:\/\/www.facebook.com\/radiounrc\",\"https:\/\/www.instagram.com\/radiounrc\/\"]},{\"@type\":\"Person\",\"@id\":\"https:\/\/radio.unrc.edu.ar\/#\/schema\/person\/a5391b308c3ca8a7f44d85677e2bdcba\",\"name\":\"javier\",\"image\":{\"@type\":\"ImageObject\",\"inLanguage\":\"es\",\"@id\":\"https:\/\/radio.unrc.edu.ar\/#\/schema\/person\/image\/\",\"url\":\"https:\/\/secure.gravatar.com\/avatar\/5ff90d64a73410b672fad73126063cddce57cd5b66f7cedb1e3caec8c1e05a66?s=96&d=mm&r=g\",\"contentUrl\":\"https:\/\/secure.gravatar.com\/avatar\/5ff90d64a73410b672fad73126063cddce57cd5b66f7cedb1e3caec8c1e05a66?s=96&d=mm&r=g\",\"caption\":\"javier\"},\"url\":\"https:\/\/radio.unrc.edu.ar\/?author=4\"}]}<\/script>\n<!-- \/ Yoast SEO plugin. -->","yoast_head_json":{"title":"En seis meses se duplic\u00f3 la demanda de alimentos en el comedor San Mart\u00edn - Radio UNRC","description":"La radio que te hace sentir y pensar.","robots":{"index":"index","follow":"follow","max-snippet":"max-snippet:-1","max-image-preview":"max-image-preview:large","max-video-preview":"max-video-preview:-1"},"canonical":"https:\/\/radio.unrc.edu.ar\/?p=29262","og_locale":"es_ES","og_type":"article","og_title":"En seis meses se duplic\u00f3 la demanda de alimentos en el comedor San Mart\u00edn - Radio UNRC","og_description":"La radio que te hace sentir y pensar.","og_url":"https:\/\/radio.unrc.edu.ar\/?p=29262","og_site_name":"Radio UNRC","article_publisher":"https:\/\/www.facebook.com\/radiounrc","article_published_time":"2025-07-18T15:20:10+00:00","article_modified_time":"2025-07-21T16:58:00+00:00","og_image":[{"width":1280,"height":740,"url":"https:\/\/radio.unrc.edu.ar\/wp-content\/uploads\/2025\/07\/San-Martin.jpg","type":"image\/jpeg"}],"author":"javier","twitter_card":"summary_large_image","twitter_misc":{"Escrito por":"javier","Tiempo de lectura":"1 minuto"},"schema":{"@context":"https:\/\/schema.org","@graph":[{"@type":"Article","@id":"https:\/\/radio.unrc.edu.ar\/?p=29262#article","isPartOf":{"@id":"https:\/\/radio.unrc.edu.ar\/?p=29262"},"author":{"name":"javier","@id":"https:\/\/radio.unrc.edu.ar\/#\/schema\/person\/a5391b308c3ca8a7f44d85677e2bdcba"},"headline":"En seis meses se duplic\u00f3 la demanda de alimentos en el comedor San Mart\u00edn","datePublished":"2025-07-18T15:20:10+00:00","dateModified":"2025-07-21T16:58:00+00:00","mainEntityOfPage":{"@id":"https:\/\/radio.unrc.edu.ar\/?p=29262"},"wordCount":117,"commentCount":0,"publisher":{"@id":"https:\/\/radio.unrc.edu.ar\/#organization"},"articleSection":["Locales"],"inLanguage":"es","potentialAction":[{"@type":"CommentAction","name":"Comment","target":["https:\/\/radio.unrc.edu.ar\/?p=29262#respond"]}]},{"@type":"WebPage","@id":"https:\/\/radio.unrc.edu.ar\/?p=29262","url":"https:\/\/radio.unrc.edu.ar\/?p=29262","name":"En seis meses se duplic\u00f3 la demanda de alimentos en el comedor San Mart\u00edn - Radio UNRC","isPartOf":{"@id":"https:\/\/radio.unrc.edu.ar\/#website"},"datePublished":"2025-07-18T15:20:10+00:00","dateModified":"2025-07-21T16:58:00+00:00","description":"La radio que te hace sentir y pensar.","breadcrumb":{"@id":"https:\/\/radio.unrc.edu.ar\/?p=29262#breadcrumb"},"inLanguage":"es","potentialAction":[{"@type":"ReadAction","target":["https:\/\/radio.unrc.edu.ar\/?p=29262"]}]},{"@type":"BreadcrumbList","@id":"https:\/\/radio.unrc.edu.ar\/?p=29262#breadcrumb","itemListElement":[{"@type":"ListItem","position":1,"name":"Portada","item":"https:\/\/radio.unrc.edu.ar\/"},{"@type":"ListItem","position":2,"name":"En seis meses se duplic\u00f3 la demanda de alimentos en el comedor San Mart\u00edn"}]},{"@type":"WebSite","@id":"https:\/\/radio.unrc.edu.ar\/#website","url":"https:\/\/radio.unrc.edu.ar\/","name":"Radio UNRC","description":"La Radio de la Uni, la que te hace sentir y pensar","publisher":{"@id":"https:\/\/radio.unrc.edu.ar\/#organization"},"potentialAction":[{"@type":"SearchAction","target":{"@type":"EntryPoint","urlTemplate":"https:\/\/radio.unrc.edu.ar\/?s={search_term_string}"},"query-input":"required name=search_term_string"}],"inLanguage":"es"},{"@type":"Organization","@id":"https:\/\/radio.unrc.edu.ar\/#organization","name":"Radio UNRC","url":"https:\/\/radio.unrc.edu.ar\/","logo":{"@type":"ImageObject","inLanguage":"es","@id":"https:\/\/radio.unrc.edu.ar\/#\/schema\/logo\/image\/","url":"https:\/\/radio.unrc.edu.ar\/wp-content\/uploads\/2022\/03\/logo-radio-544.png","contentUrl":"https:\/\/radio.unrc.edu.ar\/wp-content\/uploads\/2022\/03\/logo-radio-544.png","width":544,"height":180,"caption":"Radio UNRC"},"image":{"@id":"https:\/\/radio.unrc.edu.ar\/#\/schema\/logo\/image\/"},"sameAs":["https:\/\/www.facebook.com\/radiounrc","https:\/\/www.instagram.com\/radiounrc\/"]},{"@type":"Person","@id":"https:\/\/radio.unrc.edu.ar\/#\/schema\/person\/a5391b308c3ca8a7f44d85677e2bdcba","name":"javier","image":{"@type":"ImageObject","inLanguage":"es","@id":"https:\/\/radio.unrc.edu.ar\/#\/schema\/person\/image\/","url":"https:\/\/secure.gravatar.com\/avatar\/5ff90d64a73410b672fad73126063cddce57cd5b66f7cedb1e3caec8c1e05a66?s=96&d=mm&r=g","contentUrl":"https:\/\/secure.gravatar.com\/avatar\/5ff90d64a73410b672fad73126063cddce57cd5b66f7cedb1e3caec8c1e05a66?s=96&d=mm&r=g","caption":"javier"},"url":"https:\/\/radio.unrc.edu.ar\/?author=4"}]}},"_links":{"self":[{"href":"https:\/\/radio.unrc.edu.ar\/index.php?rest_route=\/wp\/v2\/posts\/29262","targetHints":{"allow":["GET"]}}],"collection":[{"href":"https:\/\/radio.unrc.edu.ar\/index.php?rest_route=\/wp\/v2\/posts"}],"about":[{"href":"https:\/\/radio.unrc.edu.ar\/index.php?rest_route=\/wp\/v2\/types\/post"}],"author":[{"embeddable":true,"href":"https:\/\/radio.unrc.edu.ar\/index.php?rest_route=\/wp\/v2\/users\/4"}],"replies":[{"embeddable":true,"href":"https:\/\/radio.unrc.edu.ar\/index.php?rest_route=%2Fwp%2Fv2%2Fcomments&post=29262"}],"version-history":[{"count":2,"href":"https:\/\/radio.unrc.edu.ar\/index.php?rest_route=\/wp\/v2\/posts\/29262\/revisions"}],"predecessor-version":[{"id":29269,"href":"https:\/\/radio.unrc.edu.ar\/index.php?rest_route=\/wp\/v2\/posts\/29262\/revisions\/29269"}],"wp:featuredmedia":[{"embeddable":true,"href":"https:\/\/radio.unrc.edu.ar\/index.php?rest_route=\/wp\/v2\/media\/29263"}],"wp:attachment":[{"href":"https:\/\/radio.unrc.edu.ar\/index.php?rest_route=%2Fwp%2Fv2%2Fmedia&parent=29262"}],"wp:term":[{"taxonomy":"category","embeddable":true,"href":"https:\/\/radio.unrc.edu.ar\/index.php?rest_route=%2Fwp%2Fv2%2Fcategories&post=29262"},{"taxonomy":"post_tag","embeddable":true,"href":"https:\/\/radio.unrc.edu.ar\/index.php?rest_route=%2Fwp%2Fv2%2Ftags&post=29262"}],"curies":[{"name":"wp","href":"https:\/\/api.w.org\/{rel}","templated":true}]}}