{"id":29274,"date":"2025-07-21T13:17:59","date_gmt":"2025-07-21T16:17:59","guid":{"rendered":"https:\/\/radio.unrc.edu.ar\/?p=29274"},"modified":"2025-07-23T13:39:53","modified_gmt":"2025-07-23T16:39:53","slug":"la-unrc-recibio-a-una-docente-de-la-universidad-de-hannover-alemania","status":"publish","type":"post","link":"https:\/\/radio.unrc.edu.ar\/?p=29274","title":{"rendered":"La UNRC recibi\u00f3 a una docente de la Universidad de Hannover, Alemania"},"content":{"rendered":"<p>La Universidad Nacional de R\u00edo Cuarto recibi\u00f3 este lunes a Julia Harmeling, representante de la Universidad Leibniz de Hannover, Alemania.<\/p>\n<p>La visita se dio en el marco del programa Erasmus+, con una agenda que incluy\u00f3 una audiencia con la rectora, reuniones con autoridades de la Secretar\u00eda de Posgrado y una recorrida por el campus.<\/p>\n<p>Este martes, a las 10 de la ma\u00f1ana, se realizar\u00e1 una charla informativa abierta a la comunidad universitaria sobre oportunidades de movilidad e internacionalizaci\u00f3n, seg\u00fan lo destac\u00f3 la secretaria de Posgrado y Relaciones Internacionales, Roxana Malpasi.<\/p>\n<p><iframe width=\"100%\" height=\"300\" scrolling=\"no\" frameborder=\"no\" allow=\"autoplay\" src=\"https:\/\/w.soundcloud.com\/player\/?url=https%3A\/\/api.soundcloud.com\/tracks\/2134003266&#038;color=%23ff5500&#038;auto_play=false&#038;hide_related=false&#038;show_comments=true&#038;show_user=true&#038;show_reposts=false&#038;show_teaser=true&#038;visual=true\"><\/iframe><\/p>\n<div style=\"font-size: 10px; color: #cccccc;line-break: anywhere;word-break: normal;overflow: hidden;white-space: nowrap;text-overflow: ellipsis; font-family: Interstate,Lucida Grande,Lucida Sans Unicode,Lucida Sans,Garuda,Verdana,Tahoma,sans-serif;font-weight: 100;\"><a href=\"https:\/\/soundcloud.com\/radiounrc\" title=\"RadioUNRC\" target=\"_blank\" style=\"color: #cccccc; text-decoration: none;\">RadioUNRC<\/a> \u00b7 <a href=\"https:\/\/soundcloud.com\/radiounrc\/rosana-malpassi\" title=\"Rosana Malpassi\" target=\"_blank\" style=\"color: #cccccc; text-decoration: none;\">Rosana Malpassi<\/a><\/div>\n\r\n                <style type=\"text\/css\">\r\n                    \r\n                    #tdi_1  .td-doubleSlider-2 .td-item1 {\r\n                        background: url(https:\/\/radio.unrc.edu.ar\/wp-content\/uploads\/2025\/07\/Imagen-de-WhatsApp-2025-07-21-a-las-15.02.41_51efebe3.jpg) 0 0 no-repeat;\r\n                    }\r\n                    #tdi_1  .td-doubleSlider-2 .td-item2 {\r\n                        background: url(https:\/\/radio.unrc.edu.ar\/wp-content\/uploads\/2025\/07\/Imagen-de-WhatsApp-2025-07-21-a-las-10.58.44_05219ff1.jpg) 0 0 no-repeat;\r\n                    }\r\n                    #tdi_1  .td-doubleSlider-2 .td-item3 {\r\n                        background: url(https:\/\/radio.unrc.edu.ar\/wp-content\/uploads\/2025\/07\/Imagen-de-WhatsApp-2025-07-21-a-las-10.58.44_51b52e10.jpg) 0 0 no-repeat;\r\n                    }\r\n                    #tdi_1  .td-doubleSlider-2 .td-item4 {\r\n                        background: url(https:\/\/radio.unrc.edu.ar\/wp-content\/uploads\/2025\/07\/Imagen-de-WhatsApp-2025-07-21-a-las-10.58.42_0a24e050.jpg) 0 0 no-repeat;\r\n                    }\r\n                <\/style>\r\n\r\n                <div id=\"tdi_1\" class=\"td-gallery td-slide-on-2-columns\">\r\n                    <div class=\"post_td_gallery\">\r\n                        <div class=\"td-gallery-slide-top\">\r\n                           <div class=\"td-gallery-title\"><\/div>\r\n\r\n                            <div class=\"td-gallery-controls-wrapper\">\r\n                                <div class=\"td-gallery-slide-count\"><span class=\"td-gallery-slide-item-focus\">1<\/span> de 4<\/div>\r\n                                <div class=\"td-gallery-slide-prev-next-but\">\r\n                                    <i class = \"td-icon-left doubleSliderPrevButton\"><\/i>\r\n                                    <i class = \"td-icon-right doubleSliderNextButton\"><\/i>\r\n                                <\/div>\r\n                            <\/div>\r\n                        <\/div>\r\n\r\n                        <div class = \"td-doubleSlider-1 \">\r\n                            <div class = \"td-slider\">\r\n                                \r\n                    <div class = \"td-slide-item td-item1\">\r\n                        <figure class=\"td-slide-galery-figure td-slide-popup-gallery\">\r\n                            <a class=\"slide-gallery-image-link\" href=\"https:\/\/radio.unrc.edu.ar\/wp-content\/uploads\/2025\/07\/Imagen-de-WhatsApp-2025-07-21-a-las-15.02.41_51efebe3.jpg\" title=\"Imagen de WhatsApp 2025-07-21 a las 15.02.41_51efebe3\"  data-caption=\"\"  data-description=\"\">\r\n                                <img decoding=\"async\" src=\"https:\/\/radio.unrc.edu.ar\/wp-content\/uploads\/2025\/07\/Imagen-de-WhatsApp-2025-07-21-a-las-15.02.41_51efebe3.jpg\" srcset=\"https:\/\/radio.unrc.edu.ar\/wp-content\/uploads\/2025\/07\/Imagen-de-WhatsApp-2025-07-21-a-las-15.02.41_51efebe3.jpg 1600w, https:\/\/radio.unrc.edu.ar\/wp-content\/uploads\/2025\/07\/Imagen-de-WhatsApp-2025-07-21-a-las-15.02.41_51efebe3-300x169.jpg 300w, https:\/\/radio.unrc.edu.ar\/wp-content\/uploads\/2025\/07\/Imagen-de-WhatsApp-2025-07-21-a-las-15.02.41_51efebe3-1024x576.jpg 1024w, https:\/\/radio.unrc.edu.ar\/wp-content\/uploads\/2025\/07\/Imagen-de-WhatsApp-2025-07-21-a-las-15.02.41_51efebe3-768x432.jpg 768w, https:\/\/radio.unrc.edu.ar\/wp-content\/uploads\/2025\/07\/Imagen-de-WhatsApp-2025-07-21-a-las-15.02.41_51efebe3-1536x864.jpg 1536w, https:\/\/radio.unrc.edu.ar\/wp-content\/uploads\/2025\/07\/Imagen-de-WhatsApp-2025-07-21-a-las-15.02.41_51efebe3-150x84.jpg 150w, https:\/\/radio.unrc.edu.ar\/wp-content\/uploads\/2025\/07\/Imagen-de-WhatsApp-2025-07-21-a-las-15.02.41_51efebe3-696x392.jpg 696w, https:\/\/radio.unrc.edu.ar\/wp-content\/uploads\/2025\/07\/Imagen-de-WhatsApp-2025-07-21-a-las-15.02.41_51efebe3-1068x601.jpg 1068w\" sizes=\"(max-width: 1600px) 100vw, 1600px\" alt=\"\">\r\n                            <\/a>\r\n                            \r\n                        <\/figure>\r\n                    <\/div>\r\n                    <div class = \"td-slide-item td-item2\">\r\n                        <figure class=\"td-slide-galery-figure td-slide-popup-gallery\">\r\n                            <a class=\"slide-gallery-image-link\" href=\"https:\/\/radio.unrc.edu.ar\/wp-content\/uploads\/2025\/07\/Imagen-de-WhatsApp-2025-07-21-a-las-10.58.44_05219ff1.jpg\" title=\"Imagen de WhatsApp 2025-07-21 a las 10.58.44_05219ff1\"  data-caption=\"\"  data-description=\"\">\r\n                                <img decoding=\"async\" src=\"https:\/\/radio.unrc.edu.ar\/wp-content\/uploads\/2025\/07\/Imagen-de-WhatsApp-2025-07-21-a-las-10.58.44_05219ff1.jpg\" srcset=\"https:\/\/radio.unrc.edu.ar\/wp-content\/uploads\/2025\/07\/Imagen-de-WhatsApp-2025-07-21-a-las-10.58.44_05219ff1.jpg 1600w, https:\/\/radio.unrc.edu.ar\/wp-content\/uploads\/2025\/07\/Imagen-de-WhatsApp-2025-07-21-a-las-10.58.44_05219ff1-300x169.jpg 300w, https:\/\/radio.unrc.edu.ar\/wp-content\/uploads\/2025\/07\/Imagen-de-WhatsApp-2025-07-21-a-las-10.58.44_05219ff1-1024x576.jpg 1024w, https:\/\/radio.unrc.edu.ar\/wp-content\/uploads\/2025\/07\/Imagen-de-WhatsApp-2025-07-21-a-las-10.58.44_05219ff1-768x432.jpg 768w, https:\/\/radio.unrc.edu.ar\/wp-content\/uploads\/2025\/07\/Imagen-de-WhatsApp-2025-07-21-a-las-10.58.44_05219ff1-1536x864.jpg 1536w, https:\/\/radio.unrc.edu.ar\/wp-content\/uploads\/2025\/07\/Imagen-de-WhatsApp-2025-07-21-a-las-10.58.44_05219ff1-150x84.jpg 150w, https:\/\/radio.unrc.edu.ar\/wp-content\/uploads\/2025\/07\/Imagen-de-WhatsApp-2025-07-21-a-las-10.58.44_05219ff1-696x392.jpg 696w, https:\/\/radio.unrc.edu.ar\/wp-content\/uploads\/2025\/07\/Imagen-de-WhatsApp-2025-07-21-a-las-10.58.44_05219ff1-1068x601.jpg 1068w\" sizes=\"(max-width: 1600px) 100vw, 1600px\" alt=\"\">\r\n                            <\/a>\r\n                            \r\n                        <\/figure>\r\n                    <\/div>\r\n                    <div class = \"td-slide-item td-item3\">\r\n                        <figure class=\"td-slide-galery-figure td-slide-popup-gallery\">\r\n                            <a class=\"slide-gallery-image-link\" href=\"https:\/\/radio.unrc.edu.ar\/wp-content\/uploads\/2025\/07\/Imagen-de-WhatsApp-2025-07-21-a-las-10.58.44_51b52e10.jpg\" title=\"Imagen de WhatsApp 2025-07-21 a las 10.58.44_51b52e10\"  data-caption=\"\"  data-description=\"\">\r\n                                <img decoding=\"async\" src=\"https:\/\/radio.unrc.edu.ar\/wp-content\/uploads\/2025\/07\/Imagen-de-WhatsApp-2025-07-21-a-las-10.58.44_51b52e10.jpg\" srcset=\"https:\/\/radio.unrc.edu.ar\/wp-content\/uploads\/2025\/07\/Imagen-de-WhatsApp-2025-07-21-a-las-10.58.44_51b52e10.jpg 1600w, https:\/\/radio.unrc.edu.ar\/wp-content\/uploads\/2025\/07\/Imagen-de-WhatsApp-2025-07-21-a-las-10.58.44_51b52e10-300x169.jpg 300w, https:\/\/radio.unrc.edu.ar\/wp-content\/uploads\/2025\/07\/Imagen-de-WhatsApp-2025-07-21-a-las-10.58.44_51b52e10-1024x576.jpg 1024w, https:\/\/radio.unrc.edu.ar\/wp-content\/uploads\/2025\/07\/Imagen-de-WhatsApp-2025-07-21-a-las-10.58.44_51b52e10-768x432.jpg 768w, https:\/\/radio.unrc.edu.ar\/wp-content\/uploads\/2025\/07\/Imagen-de-WhatsApp-2025-07-21-a-las-10.58.44_51b52e10-1536x864.jpg 1536w, https:\/\/radio.unrc.edu.ar\/wp-content\/uploads\/2025\/07\/Imagen-de-WhatsApp-2025-07-21-a-las-10.58.44_51b52e10-150x84.jpg 150w, https:\/\/radio.unrc.edu.ar\/wp-content\/uploads\/2025\/07\/Imagen-de-WhatsApp-2025-07-21-a-las-10.58.44_51b52e10-696x392.jpg 696w, https:\/\/radio.unrc.edu.ar\/wp-content\/uploads\/2025\/07\/Imagen-de-WhatsApp-2025-07-21-a-las-10.58.44_51b52e10-1068x601.jpg 1068w\" sizes=\"(max-width: 1600px) 100vw, 1600px\" alt=\"\">\r\n                            <\/a>\r\n                            \r\n                        <\/figure>\r\n                    <\/div>\r\n                    <div class = \"td-slide-item td-item4\">\r\n                        <figure class=\"td-slide-galery-figure td-slide-popup-gallery\">\r\n                            <a class=\"slide-gallery-image-link\" href=\"https:\/\/radio.unrc.edu.ar\/wp-content\/uploads\/2025\/07\/Imagen-de-WhatsApp-2025-07-21-a-las-10.58.42_0a24e050.jpg\" title=\"Imagen de WhatsApp 2025-07-21 a las 10.58.42_0a24e050\"  data-caption=\"\"  data-description=\"\">\r\n                                <img decoding=\"async\" src=\"https:\/\/radio.unrc.edu.ar\/wp-content\/uploads\/2025\/07\/Imagen-de-WhatsApp-2025-07-21-a-las-10.58.42_0a24e050.jpg\" srcset=\"https:\/\/radio.unrc.edu.ar\/wp-content\/uploads\/2025\/07\/Imagen-de-WhatsApp-2025-07-21-a-las-10.58.42_0a24e050.jpg 1600w, https:\/\/radio.unrc.edu.ar\/wp-content\/uploads\/2025\/07\/Imagen-de-WhatsApp-2025-07-21-a-las-10.58.42_0a24e050-300x169.jpg 300w, https:\/\/radio.unrc.edu.ar\/wp-content\/uploads\/2025\/07\/Imagen-de-WhatsApp-2025-07-21-a-las-10.58.42_0a24e050-1024x576.jpg 1024w, https:\/\/radio.unrc.edu.ar\/wp-content\/uploads\/2025\/07\/Imagen-de-WhatsApp-2025-07-21-a-las-10.58.42_0a24e050-768x432.jpg 768w, https:\/\/radio.unrc.edu.ar\/wp-content\/uploads\/2025\/07\/Imagen-de-WhatsApp-2025-07-21-a-las-10.58.42_0a24e050-1536x864.jpg 1536w, https:\/\/radio.unrc.edu.ar\/wp-content\/uploads\/2025\/07\/Imagen-de-WhatsApp-2025-07-21-a-las-10.58.42_0a24e050-150x84.jpg 150w, https:\/\/radio.unrc.edu.ar\/wp-content\/uploads\/2025\/07\/Imagen-de-WhatsApp-2025-07-21-a-las-10.58.42_0a24e050-696x392.jpg 696w, https:\/\/radio.unrc.edu.ar\/wp-content\/uploads\/2025\/07\/Imagen-de-WhatsApp-2025-07-21-a-las-10.58.42_0a24e050-1068x601.jpg 1068w\" sizes=\"(max-width: 1600px) 100vw, 1600px\" alt=\"\">\r\n                            <\/a>\r\n                            \r\n                        <\/figure>\r\n                    <\/div>\r\n                            <\/div>\r\n                        <\/div>\r\n\r\n                        <div class = \"td-doubleSlider-2\">\r\n                            <div class = \"td-slider\">\r\n                                \r\n                    <div class = \"td-button td-item1\">\r\n                        <div class = \"td-border\"><\/div>\r\n                    <\/div>\r\n                    <div class = \"td-button td-item2\">\r\n                        <div class = \"td-border\"><\/div>\r\n                    <\/div>\r\n                    <div class = \"td-button td-item3\">\r\n                        <div class = \"td-border\"><\/div>\r\n                    <\/div>\r\n                    <div class = \"td-button td-item4\">\r\n                        <div class = \"td-border\"><\/div>\r\n                    <\/div>\r\n                            <\/div>\r\n                        <\/div>\r\n\r\n                    <\/div>\r\n\r\n                <\/div>\r\n                \n","protected":false},"excerpt":{"rendered":"<p>La Universidad Nacional de R\u00edo Cuarto recibi\u00f3 este lunes a Julia Harmeling, representante de la Universidad Leibniz de Hannover, Alemania. La visita se dio en el marco del programa Erasmus+, con una agenda que incluy\u00f3 una audiencia con la rectora, reuniones con autoridades de la Secretar\u00eda de Posgrado y una recorrida por el campus. Este [&hellip;]<\/p>\n","protected":false},"author":2,"featured_media":29278,"comment_status":"open","ping_status":"open","sticky":false,"template":"","format":"standard","meta":{"footnotes":""},"categories":[17],"tags":[],"class_list":{"0":"post-29274","1":"post","2":"type-post","3":"status-publish","4":"format-standard","5":"has-post-thumbnail","7":"category-universitarias"},"yoast_head":"<!-- This site is optimized with the Yoast SEO plugin v21.5 - https:\/\/yoast.com\/wordpress\/plugins\/seo\/ -->\n<title>La UNRC recibi\u00f3 a una docente de la Universidad de Hannover, Alemania - Radio UNRC<\/title>\n<meta name=\"description\" content=\"La radio que te hace sentir y pensar.\" \/>\n<meta name=\"robots\" content=\"index, follow, max-snippet:-1, max-image-preview:large, max-video-preview:-1\" \/>\n<link rel=\"canonical\" href=\"https:\/\/radio.unrc.edu.ar\/?p=29274\" \/>\n<meta property=\"og:locale\" content=\"es_ES\" \/>\n<meta property=\"og:type\" content=\"article\" \/>\n<meta property=\"og:title\" content=\"La UNRC recibi\u00f3 a una docente de la Universidad de Hannover, Alemania - Radio UNRC\" \/>\n<meta property=\"og:description\" content=\"La radio que te hace sentir y pensar.\" \/>\n<meta property=\"og:url\" content=\"https:\/\/radio.unrc.edu.ar\/?p=29274\" \/>\n<meta property=\"og:site_name\" content=\"Radio UNRC\" \/>\n<meta property=\"article:publisher\" content=\"https:\/\/www.facebook.com\/radiounrc\" \/>\n<meta property=\"article:published_time\" content=\"2025-07-21T16:17:59+00:00\" \/>\n<meta property=\"article:modified_time\" content=\"2025-07-23T16:39:53+00:00\" \/>\n<meta property=\"og:image\" content=\"https:\/\/radio.unrc.edu.ar\/wp-content\/uploads\/2025\/07\/reunion.jpg\" \/>\n\t<meta property=\"og:image:width\" content=\"1280\" \/>\n\t<meta property=\"og:image:height\" content=\"740\" \/>\n\t<meta property=\"og:image:type\" content=\"image\/jpeg\" \/>\n<meta name=\"author\" content=\"majo\" \/>\n<meta name=\"twitter:card\" content=\"summary_large_image\" \/>\n<meta name=\"twitter:label1\" content=\"Escrito por\" \/>\n\t<meta name=\"twitter:data1\" content=\"majo\" \/>\n\t<meta name=\"twitter:label2\" content=\"Tiempo de lectura\" \/>\n\t<meta name=\"twitter:data2\" content=\"1 minuto\" \/>\n<script type=\"application\/ld+json\" class=\"yoast-schema-graph\">{\"@context\":\"https:\/\/schema.org\",\"@graph\":[{\"@type\":\"Article\",\"@id\":\"https:\/\/radio.unrc.edu.ar\/?p=29274#article\",\"isPartOf\":{\"@id\":\"https:\/\/radio.unrc.edu.ar\/?p=29274\"},\"author\":{\"name\":\"majo\",\"@id\":\"https:\/\/radio.unrc.edu.ar\/#\/schema\/person\/197edd08d015632a43a5e6a515c4f7a6\"},\"headline\":\"La UNRC recibi\u00f3 a una docente de la Universidad de Hannover, Alemania\",\"datePublished\":\"2025-07-21T16:17:59+00:00\",\"dateModified\":\"2025-07-23T16:39:53+00:00\",\"mainEntityOfPage\":{\"@id\":\"https:\/\/radio.unrc.edu.ar\/?p=29274\"},\"wordCount\":118,\"commentCount\":0,\"publisher\":{\"@id\":\"https:\/\/radio.unrc.edu.ar\/#organization\"},\"articleSection\":[\"Universitarias\"],\"inLanguage\":\"es\",\"potentialAction\":[{\"@type\":\"CommentAction\",\"name\":\"Comment\",\"target\":[\"https:\/\/radio.unrc.edu.ar\/?p=29274#respond\"]}]},{\"@type\":\"WebPage\",\"@id\":\"https:\/\/radio.unrc.edu.ar\/?p=29274\",\"url\":\"https:\/\/radio.unrc.edu.ar\/?p=29274\",\"name\":\"La UNRC recibi\u00f3 a una docente de la Universidad de Hannover, Alemania - Radio UNRC\",\"isPartOf\":{\"@id\":\"https:\/\/radio.unrc.edu.ar\/#website\"},\"datePublished\":\"2025-07-21T16:17:59+00:00\",\"dateModified\":\"2025-07-23T16:39:53+00:00\",\"description\":\"La radio que te hace sentir y pensar.\",\"breadcrumb\":{\"@id\":\"https:\/\/radio.unrc.edu.ar\/?p=29274#breadcrumb\"},\"inLanguage\":\"es\",\"potentialAction\":[{\"@type\":\"ReadAction\",\"target\":[\"https:\/\/radio.unrc.edu.ar\/?p=29274\"]}]},{\"@type\":\"BreadcrumbList\",\"@id\":\"https:\/\/radio.unrc.edu.ar\/?p=29274#breadcrumb\",\"itemListElement\":[{\"@type\":\"ListItem\",\"position\":1,\"name\":\"Portada\",\"item\":\"https:\/\/radio.unrc.edu.ar\/\"},{\"@type\":\"ListItem\",\"position\":2,\"name\":\"La UNRC recibi\u00f3 a una docente de la Universidad de Hannover, Alemania\"}]},{\"@type\":\"WebSite\",\"@id\":\"https:\/\/radio.unrc.edu.ar\/#website\",\"url\":\"https:\/\/radio.unrc.edu.ar\/\",\"name\":\"Radio UNRC\",\"description\":\"La Radio de la Uni, la que te hace sentir y pensar\",\"publisher\":{\"@id\":\"https:\/\/radio.unrc.edu.ar\/#organization\"},\"potentialAction\":[{\"@type\":\"SearchAction\",\"target\":{\"@type\":\"EntryPoint\",\"urlTemplate\":\"https:\/\/radio.unrc.edu.ar\/?s={search_term_string}\"},\"query-input\":\"required name=search_term_string\"}],\"inLanguage\":\"es\"},{\"@type\":\"Organization\",\"@id\":\"https:\/\/radio.unrc.edu.ar\/#organization\",\"name\":\"Radio UNRC\",\"url\":\"https:\/\/radio.unrc.edu.ar\/\",\"logo\":{\"@type\":\"ImageObject\",\"inLanguage\":\"es\",\"@id\":\"https:\/\/radio.unrc.edu.ar\/#\/schema\/logo\/image\/\",\"url\":\"https:\/\/radio.unrc.edu.ar\/wp-content\/uploads\/2022\/03\/logo-radio-544.png\",\"contentUrl\":\"https:\/\/radio.unrc.edu.ar\/wp-content\/uploads\/2022\/03\/logo-radio-544.png\",\"width\":544,\"height\":180,\"caption\":\"Radio UNRC\"},\"image\":{\"@id\":\"https:\/\/radio.unrc.edu.ar\/#\/schema\/logo\/image\/\"},\"sameAs\":[\"https:\/\/www.facebook.com\/radiounrc\",\"https:\/\/www.instagram.com\/radiounrc\/\"]},{\"@type\":\"Person\",\"@id\":\"https:\/\/radio.unrc.edu.ar\/#\/schema\/person\/197edd08d015632a43a5e6a515c4f7a6\",\"name\":\"majo\",\"image\":{\"@type\":\"ImageObject\",\"inLanguage\":\"es\",\"@id\":\"https:\/\/radio.unrc.edu.ar\/#\/schema\/person\/image\/\",\"url\":\"https:\/\/secure.gravatar.com\/avatar\/6806165fb7635331b44fb331ffb478c3230b9d62d675244a0e2dfd0cb8d8b503?s=96&d=mm&r=g\",\"contentUrl\":\"https:\/\/secure.gravatar.com\/avatar\/6806165fb7635331b44fb331ffb478c3230b9d62d675244a0e2dfd0cb8d8b503?s=96&d=mm&r=g\",\"caption\":\"majo\"},\"url\":\"https:\/\/radio.unrc.edu.ar\/?author=2\"}]}<\/script>\n<!-- \/ Yoast SEO plugin. -->","yoast_head_json":{"title":"La UNRC recibi\u00f3 a una docente de la Universidad de Hannover, Alemania - Radio UNRC","description":"La radio que te hace sentir y pensar.","robots":{"index":"index","follow":"follow","max-snippet":"max-snippet:-1","max-image-preview":"max-image-preview:large","max-video-preview":"max-video-preview:-1"},"canonical":"https:\/\/radio.unrc.edu.ar\/?p=29274","og_locale":"es_ES","og_type":"article","og_title":"La UNRC recibi\u00f3 a una docente de la Universidad de Hannover, Alemania - Radio UNRC","og_description":"La radio que te hace sentir y pensar.","og_url":"https:\/\/radio.unrc.edu.ar\/?p=29274","og_site_name":"Radio UNRC","article_publisher":"https:\/\/www.facebook.com\/radiounrc","article_published_time":"2025-07-21T16:17:59+00:00","article_modified_time":"2025-07-23T16:39:53+00:00","og_image":[{"width":1280,"height":740,"url":"https:\/\/radio.unrc.edu.ar\/wp-content\/uploads\/2025\/07\/reunion.jpg","type":"image\/jpeg"}],"author":"majo","twitter_card":"summary_large_image","twitter_misc":{"Escrito por":"majo","Tiempo de lectura":"1 minuto"},"schema":{"@context":"https:\/\/schema.org","@graph":[{"@type":"Article","@id":"https:\/\/radio.unrc.edu.ar\/?p=29274#article","isPartOf":{"@id":"https:\/\/radio.unrc.edu.ar\/?p=29274"},"author":{"name":"majo","@id":"https:\/\/radio.unrc.edu.ar\/#\/schema\/person\/197edd08d015632a43a5e6a515c4f7a6"},"headline":"La UNRC recibi\u00f3 a una docente de la Universidad de Hannover, Alemania","datePublished":"2025-07-21T16:17:59+00:00","dateModified":"2025-07-23T16:39:53+00:00","mainEntityOfPage":{"@id":"https:\/\/radio.unrc.edu.ar\/?p=29274"},"wordCount":118,"commentCount":0,"publisher":{"@id":"https:\/\/radio.unrc.edu.ar\/#organization"},"articleSection":["Universitarias"],"inLanguage":"es","potentialAction":[{"@type":"CommentAction","name":"Comment","target":["https:\/\/radio.unrc.edu.ar\/?p=29274#respond"]}]},{"@type":"WebPage","@id":"https:\/\/radio.unrc.edu.ar\/?p=29274","url":"https:\/\/radio.unrc.edu.ar\/?p=29274","name":"La UNRC recibi\u00f3 a una docente de la Universidad de Hannover, Alemania - Radio UNRC","isPartOf":{"@id":"https:\/\/radio.unrc.edu.ar\/#website"},"datePublished":"2025-07-21T16:17:59+00:00","dateModified":"2025-07-23T16:39:53+00:00","description":"La radio que te hace sentir y pensar.","breadcrumb":{"@id":"https:\/\/radio.unrc.edu.ar\/?p=29274#breadcrumb"},"inLanguage":"es","potentialAction":[{"@type":"ReadAction","target":["https:\/\/radio.unrc.edu.ar\/?p=29274"]}]},{"@type":"BreadcrumbList","@id":"https:\/\/radio.unrc.edu.ar\/?p=29274#breadcrumb","itemListElement":[{"@type":"ListItem","position":1,"name":"Portada","item":"https:\/\/radio.unrc.edu.ar\/"},{"@type":"ListItem","position":2,"name":"La UNRC recibi\u00f3 a una docente de la Universidad de Hannover, Alemania"}]},{"@type":"WebSite","@id":"https:\/\/radio.unrc.edu.ar\/#website","url":"https:\/\/radio.unrc.edu.ar\/","name":"Radio UNRC","description":"La Radio de la Uni, la que te hace sentir y pensar","publisher":{"@id":"https:\/\/radio.unrc.edu.ar\/#organization"},"potentialAction":[{"@type":"SearchAction","target":{"@type":"EntryPoint","urlTemplate":"https:\/\/radio.unrc.edu.ar\/?s={search_term_string}"},"query-input":"required name=search_term_string"}],"inLanguage":"es"},{"@type":"Organization","@id":"https:\/\/radio.unrc.edu.ar\/#organization","name":"Radio UNRC","url":"https:\/\/radio.unrc.edu.ar\/","logo":{"@type":"ImageObject","inLanguage":"es","@id":"https:\/\/radio.unrc.edu.ar\/#\/schema\/logo\/image\/","url":"https:\/\/radio.unrc.edu.ar\/wp-content\/uploads\/2022\/03\/logo-radio-544.png","contentUrl":"https:\/\/radio.unrc.edu.ar\/wp-content\/uploads\/2022\/03\/logo-radio-544.png","width":544,"height":180,"caption":"Radio UNRC"},"image":{"@id":"https:\/\/radio.unrc.edu.ar\/#\/schema\/logo\/image\/"},"sameAs":["https:\/\/www.facebook.com\/radiounrc","https:\/\/www.instagram.com\/radiounrc\/"]},{"@type":"Person","@id":"https:\/\/radio.unrc.edu.ar\/#\/schema\/person\/197edd08d015632a43a5e6a515c4f7a6","name":"majo","image":{"@type":"ImageObject","inLanguage":"es","@id":"https:\/\/radio.unrc.edu.ar\/#\/schema\/person\/image\/","url":"https:\/\/secure.gravatar.com\/avatar\/6806165fb7635331b44fb331ffb478c3230b9d62d675244a0e2dfd0cb8d8b503?s=96&d=mm&r=g","contentUrl":"https:\/\/secure.gravatar.com\/avatar\/6806165fb7635331b44fb331ffb478c3230b9d62d675244a0e2dfd0cb8d8b503?s=96&d=mm&r=g","caption":"majo"},"url":"https:\/\/radio.unrc.edu.ar\/?author=2"}]}},"_links":{"self":[{"href":"https:\/\/radio.unrc.edu.ar\/index.php?rest_route=\/wp\/v2\/posts\/29274","targetHints":{"allow":["GET"]}}],"collection":[{"href":"https:\/\/radio.unrc.edu.ar\/index.php?rest_route=\/wp\/v2\/posts"}],"about":[{"href":"https:\/\/radio.unrc.edu.ar\/index.php?rest_route=\/wp\/v2\/types\/post"}],"author":[{"embeddable":true,"href":"https:\/\/radio.unrc.edu.ar\/index.php?rest_route=\/wp\/v2\/users\/2"}],"replies":[{"embeddable":true,"href":"https:\/\/radio.unrc.edu.ar\/index.php?rest_route=%2Fwp%2Fv2%2Fcomments&post=29274"}],"version-history":[{"count":2,"href":"https:\/\/radio.unrc.edu.ar\/index.php?rest_route=\/wp\/v2\/posts\/29274\/revisions"}],"predecessor-version":[{"id":29291,"href":"https:\/\/radio.unrc.edu.ar\/index.php?rest_route=\/wp\/v2\/posts\/29274\/revisions\/29291"}],"wp:featuredmedia":[{"embeddable":true,"href":"https:\/\/radio.unrc.edu.ar\/index.php?rest_route=\/wp\/v2\/media\/29278"}],"wp:attachment":[{"href":"https:\/\/radio.unrc.edu.ar\/index.php?rest_route=%2Fwp%2Fv2%2Fmedia&parent=29274"}],"wp:term":[{"taxonomy":"category","embeddable":true,"href":"https:\/\/radio.unrc.edu.ar\/index.php?rest_route=%2Fwp%2Fv2%2Fcategories&post=29274"},{"taxonomy":"post_tag","embeddable":true,"href":"https:\/\/radio.unrc.edu.ar\/index.php?rest_route=%2Fwp%2Fv2%2Ftags&post=29274"}],"curies":[{"name":"wp","href":"https:\/\/api.w.org\/{rel}","templated":true}]}}