{"id":31069,"date":"2025-09-05T12:55:26","date_gmt":"2025-09-05T15:55:26","guid":{"rendered":"https:\/\/radio.unrc.edu.ar\/?p=31069"},"modified":"2025-09-08T10:25:40","modified_gmt":"2025-09-08T13:25:40","slug":"productores-y-docentes-debaten-sobre-una-nueva-politica-agropecuaria","status":"publish","type":"post","link":"https:\/\/radio.unrc.edu.ar\/?p=31069","title":{"rendered":"Productores y docentes debaten sobre una nueva pol\u00edtica agropecuaria"},"content":{"rendered":"<p>El sector agropecuario cooperativo de toda la provincia se re\u00fane en la UNRC para analizar una nueva pol\u00edtica agraria.<\/p>\n<p>Se trata del encuentro regional que organiza FECOFE, la Federaci\u00f3n de cooperativas federadas y la Facultad de Agronom\u00eda y Veterinaria de la UNRC.<\/p>\n<p>La convocatoria propone que el sector agropecuario de C\u00f3rdoba sea parte de un proceso de debate, reflexi\u00f3n e investigaci\u00f3n para la construcci\u00f3n de una Propuesta de Pol\u00edtica Agraria innovadora, integral y federal para la ruralidad argentina.<\/p>\n<p>Ana Cabral, secretaria de Extensi\u00f3n de la Facultad de Agronom\u00eda y Veterinaria, coment\u00f3 sobre las tem\u00e1ticas que se tocar\u00e1n en esta jornada<\/p>\n<p><iframe title=\"Cabral Ana by javier\" width=\"696\" height=\"400\" scrolling=\"no\" frameborder=\"no\" src=\"https:\/\/w.soundcloud.com\/player\/?visual=true&#038;url=https%3A%2F%2Fapi.soundcloud.com%2Ftracks%2F2165480472&#038;show_artwork=true&#038;maxheight=1000&#038;maxwidth=696\"><\/iframe><\/p>\n<p>Marcelo Ruano, integrante de FECOFE, cont\u00f3 que el sector agropecuario de peque\u00f1os productores est\u00e1 en una situaci\u00f3n muy critica. \u00abS\u00f3lo queda un 20% de quienes viv\u00edan en el campo y se ha registrado una concentraci\u00f3n muy importante\u00bb, dijo.<\/p>\n<p>Por su parte Edgardo Grunfeld, integrante de la conducci\u00f3n de FECOFE, detall\u00f3 cuales son los planteos que se hacen en el \u00e1mbito de la producci\u00f3n agropecuaria.<\/p>\n<p>Tambi\u00e9n hizo referencia a c\u00f3mo se integra esta Federaci\u00f3n de cooperativas.<\/p>\n<p><iframe title=\"Grunfeld Edgardo by javier\" width=\"696\" height=\"400\" scrolling=\"no\" frameborder=\"no\" src=\"https:\/\/w.soundcloud.com\/player\/?visual=true&#038;url=https%3A%2F%2Fapi.soundcloud.com%2Ftracks%2F2165481402&#038;show_artwork=true&#038;maxheight=1000&#038;maxwidth=696\"><\/iframe><\/p>\n\r\n                <style type=\"text\/css\">\r\n                    \r\n                    #tdi_1  .td-doubleSlider-2 .td-item1 {\r\n                        background: url(https:\/\/radio.unrc.edu.ar\/wp-content\/uploads\/2025\/09\/WhatsApp-Image-2025-09-05-at-12.21.06-2.jpeg) 0 0 no-repeat;\r\n                    }\r\n                    #tdi_1  .td-doubleSlider-2 .td-item2 {\r\n                        background: url(https:\/\/radio.unrc.edu.ar\/wp-content\/uploads\/2025\/09\/WhatsApp-Image-2025-09-05-at-12.21.05-2.jpeg) 0 0 no-repeat;\r\n                    }\r\n                    #tdi_1  .td-doubleSlider-2 .td-item3 {\r\n                        background: url(https:\/\/radio.unrc.edu.ar\/wp-content\/uploads\/2025\/09\/WhatsApp-Image-2025-09-05-at-12.21.05-1.jpeg) 0 0 no-repeat;\r\n                    }\r\n                <\/style>\r\n\r\n                <div id=\"tdi_1\" class=\"td-gallery td-slide-on-2-columns\">\r\n                    <div class=\"post_td_gallery\">\r\n                        <div class=\"td-gallery-slide-top\">\r\n                           <div class=\"td-gallery-title\"><\/div>\r\n\r\n                            <div class=\"td-gallery-controls-wrapper\">\r\n                                <div class=\"td-gallery-slide-count\"><span class=\"td-gallery-slide-item-focus\">1<\/span> de 3<\/div>\r\n                                <div class=\"td-gallery-slide-prev-next-but\">\r\n                                    <i class = \"td-icon-left doubleSliderPrevButton\"><\/i>\r\n                                    <i class = \"td-icon-right doubleSliderNextButton\"><\/i>\r\n                                <\/div>\r\n                            <\/div>\r\n                        <\/div>\r\n\r\n                        <div class = \"td-doubleSlider-1 \">\r\n                            <div class = \"td-slider\">\r\n                                \r\n                    <div class = \"td-slide-item td-item1\">\r\n                        <figure class=\"td-slide-galery-figure td-slide-popup-gallery\">\r\n                            <a class=\"slide-gallery-image-link\" href=\"https:\/\/radio.unrc.edu.ar\/wp-content\/uploads\/2025\/09\/WhatsApp-Image-2025-09-05-at-12.21.06-2.jpeg\" title=\"WhatsApp Image 2025-09-05 at 12.21.06 (2)\"  data-caption=\"\"  data-description=\"\">\r\n                                <img decoding=\"async\" src=\"https:\/\/radio.unrc.edu.ar\/wp-content\/uploads\/2025\/09\/WhatsApp-Image-2025-09-05-at-12.21.06-2.jpeg\" srcset=\"https:\/\/radio.unrc.edu.ar\/wp-content\/uploads\/2025\/09\/WhatsApp-Image-2025-09-05-at-12.21.06-2.jpeg 1600w, https:\/\/radio.unrc.edu.ar\/wp-content\/uploads\/2025\/09\/WhatsApp-Image-2025-09-05-at-12.21.06-2-300x225.jpeg 300w, https:\/\/radio.unrc.edu.ar\/wp-content\/uploads\/2025\/09\/WhatsApp-Image-2025-09-05-at-12.21.06-2-1024x768.jpeg 1024w, https:\/\/radio.unrc.edu.ar\/wp-content\/uploads\/2025\/09\/WhatsApp-Image-2025-09-05-at-12.21.06-2-768x576.jpeg 768w, https:\/\/radio.unrc.edu.ar\/wp-content\/uploads\/2025\/09\/WhatsApp-Image-2025-09-05-at-12.21.06-2-1536x1152.jpeg 1536w, https:\/\/radio.unrc.edu.ar\/wp-content\/uploads\/2025\/09\/WhatsApp-Image-2025-09-05-at-12.21.06-2-150x113.jpeg 150w, https:\/\/radio.unrc.edu.ar\/wp-content\/uploads\/2025\/09\/WhatsApp-Image-2025-09-05-at-12.21.06-2-696x522.jpeg 696w, https:\/\/radio.unrc.edu.ar\/wp-content\/uploads\/2025\/09\/WhatsApp-Image-2025-09-05-at-12.21.06-2-1068x801.jpeg 1068w, https:\/\/radio.unrc.edu.ar\/wp-content\/uploads\/2025\/09\/WhatsApp-Image-2025-09-05-at-12.21.06-2-265x198.jpeg 265w\" sizes=\"(max-width: 1600px) 100vw, 1600px\" alt=\"\">\r\n                            <\/a>\r\n                            \r\n                        <\/figure>\r\n                    <\/div>\r\n                    <div class = \"td-slide-item td-item2\">\r\n                        <figure class=\"td-slide-galery-figure td-slide-popup-gallery\">\r\n                            <a class=\"slide-gallery-image-link\" href=\"https:\/\/radio.unrc.edu.ar\/wp-content\/uploads\/2025\/09\/WhatsApp-Image-2025-09-05-at-12.21.05-2.jpeg\" title=\"WhatsApp Image 2025-09-05 at 12.21.05 (2)\"  data-caption=\"\"  data-description=\"\">\r\n                                <img decoding=\"async\" src=\"https:\/\/radio.unrc.edu.ar\/wp-content\/uploads\/2025\/09\/WhatsApp-Image-2025-09-05-at-12.21.05-2.jpeg\" srcset=\"https:\/\/radio.unrc.edu.ar\/wp-content\/uploads\/2025\/09\/WhatsApp-Image-2025-09-05-at-12.21.05-2.jpeg 1600w, https:\/\/radio.unrc.edu.ar\/wp-content\/uploads\/2025\/09\/WhatsApp-Image-2025-09-05-at-12.21.05-2-300x225.jpeg 300w, https:\/\/radio.unrc.edu.ar\/wp-content\/uploads\/2025\/09\/WhatsApp-Image-2025-09-05-at-12.21.05-2-1024x768.jpeg 1024w, https:\/\/radio.unrc.edu.ar\/wp-content\/uploads\/2025\/09\/WhatsApp-Image-2025-09-05-at-12.21.05-2-768x576.jpeg 768w, https:\/\/radio.unrc.edu.ar\/wp-content\/uploads\/2025\/09\/WhatsApp-Image-2025-09-05-at-12.21.05-2-1536x1152.jpeg 1536w, https:\/\/radio.unrc.edu.ar\/wp-content\/uploads\/2025\/09\/WhatsApp-Image-2025-09-05-at-12.21.05-2-150x113.jpeg 150w, https:\/\/radio.unrc.edu.ar\/wp-content\/uploads\/2025\/09\/WhatsApp-Image-2025-09-05-at-12.21.05-2-696x522.jpeg 696w, https:\/\/radio.unrc.edu.ar\/wp-content\/uploads\/2025\/09\/WhatsApp-Image-2025-09-05-at-12.21.05-2-1068x801.jpeg 1068w, https:\/\/radio.unrc.edu.ar\/wp-content\/uploads\/2025\/09\/WhatsApp-Image-2025-09-05-at-12.21.05-2-265x198.jpeg 265w\" sizes=\"(max-width: 1600px) 100vw, 1600px\" alt=\"\">\r\n                            <\/a>\r\n                            \r\n                        <\/figure>\r\n                    <\/div>\r\n                    <div class = \"td-slide-item td-item3\">\r\n                        <figure class=\"td-slide-galery-figure td-slide-popup-gallery\">\r\n                            <a class=\"slide-gallery-image-link\" href=\"https:\/\/radio.unrc.edu.ar\/wp-content\/uploads\/2025\/09\/WhatsApp-Image-2025-09-05-at-12.21.05-1.jpeg\" title=\"WhatsApp Image 2025-09-05 at 12.21.05 (1)\"  data-caption=\"\"  data-description=\"\">\r\n                                <img decoding=\"async\" src=\"https:\/\/radio.unrc.edu.ar\/wp-content\/uploads\/2025\/09\/WhatsApp-Image-2025-09-05-at-12.21.05-1.jpeg\" srcset=\"https:\/\/radio.unrc.edu.ar\/wp-content\/uploads\/2025\/09\/WhatsApp-Image-2025-09-05-at-12.21.05-1.jpeg 1600w, https:\/\/radio.unrc.edu.ar\/wp-content\/uploads\/2025\/09\/WhatsApp-Image-2025-09-05-at-12.21.05-1-300x225.jpeg 300w, https:\/\/radio.unrc.edu.ar\/wp-content\/uploads\/2025\/09\/WhatsApp-Image-2025-09-05-at-12.21.05-1-1024x768.jpeg 1024w, https:\/\/radio.unrc.edu.ar\/wp-content\/uploads\/2025\/09\/WhatsApp-Image-2025-09-05-at-12.21.05-1-768x576.jpeg 768w, https:\/\/radio.unrc.edu.ar\/wp-content\/uploads\/2025\/09\/WhatsApp-Image-2025-09-05-at-12.21.05-1-1536x1152.jpeg 1536w, https:\/\/radio.unrc.edu.ar\/wp-content\/uploads\/2025\/09\/WhatsApp-Image-2025-09-05-at-12.21.05-1-150x113.jpeg 150w, https:\/\/radio.unrc.edu.ar\/wp-content\/uploads\/2025\/09\/WhatsApp-Image-2025-09-05-at-12.21.05-1-696x522.jpeg 696w, https:\/\/radio.unrc.edu.ar\/wp-content\/uploads\/2025\/09\/WhatsApp-Image-2025-09-05-at-12.21.05-1-1068x801.jpeg 1068w, https:\/\/radio.unrc.edu.ar\/wp-content\/uploads\/2025\/09\/WhatsApp-Image-2025-09-05-at-12.21.05-1-265x198.jpeg 265w\" sizes=\"(max-width: 1600px) 100vw, 1600px\" alt=\"\">\r\n                            <\/a>\r\n                            \r\n                        <\/figure>\r\n                    <\/div>\r\n                            <\/div>\r\n                        <\/div>\r\n\r\n                        <div class = \"td-doubleSlider-2\">\r\n                            <div class = \"td-slider\">\r\n                                \r\n                    <div class = \"td-button td-item1\">\r\n                        <div class = \"td-border\"><\/div>\r\n                    <\/div>\r\n                    <div class = \"td-button td-item2\">\r\n                        <div class = \"td-border\"><\/div>\r\n                    <\/div>\r\n                    <div class = \"td-button td-item3\">\r\n                        <div class = \"td-border\"><\/div>\r\n                    <\/div>\r\n                            <\/div>\r\n                        <\/div>\r\n\r\n                    <\/div>\r\n\r\n                <\/div>\r\n                \n<p>Aldo Casella, especialista en derecho agrario, explic\u00f3 que fue convocado para formular propuestas vinculadas con las cooperativas agropecuarias. Agreg\u00f3 que estas inquietudes ya han sido expuestas en un documento de FECOFE y aportar\u00e1n las circunstancias mas puntuales de esta zona<\/p>\n<p>Algunos intendentes de la regi\u00f3n tambi\u00e9n participan de esta jornada de cooperativas agropecuarias. Es el caso del intendente de Los Cisnes, Aldo Truant, quien mencion\u00f3 que su localidad, as\u00ed como otras, tienen una fuerte injerencia el \u00e1mbito rural y que buscan que el valor agregado se vuelque a los pueblos<\/p>\n","protected":false},"excerpt":{"rendered":"<p>El sector agropecuario cooperativo de toda la provincia se re\u00fane en la UNRC para analizar una nueva pol\u00edtica agraria. Se trata del encuentro regional que organiza FECOFE, la Federaci\u00f3n de cooperativas federadas y la Facultad de Agronom\u00eda y Veterinaria de la UNRC. La convocatoria propone que el sector agropecuario de C\u00f3rdoba sea parte de un [&hellip;]<\/p>\n","protected":false},"author":4,"featured_media":31070,"comment_status":"open","ping_status":"open","sticky":false,"template":"","format":"standard","meta":{"footnotes":""},"categories":[17],"tags":[],"class_list":{"0":"post-31069","1":"post","2":"type-post","3":"status-publish","4":"format-standard","5":"has-post-thumbnail","7":"category-universitarias"},"yoast_head":"<!-- This site is optimized with the Yoast SEO plugin v21.5 - https:\/\/yoast.com\/wordpress\/plugins\/seo\/ -->\n<title>Productores y docentes debaten sobre una nueva pol\u00edtica agropecuaria - Radio UNRC<\/title>\n<meta name=\"description\" content=\"La radio que te hace sentir y pensar.\" \/>\n<meta name=\"robots\" content=\"index, follow, max-snippet:-1, max-image-preview:large, max-video-preview:-1\" \/>\n<link rel=\"canonical\" href=\"https:\/\/radio.unrc.edu.ar\/?p=31069\" \/>\n<meta property=\"og:locale\" content=\"es_ES\" \/>\n<meta property=\"og:type\" content=\"article\" \/>\n<meta property=\"og:title\" content=\"Productores y docentes debaten sobre una nueva pol\u00edtica agropecuaria - Radio UNRC\" \/>\n<meta property=\"og:description\" content=\"La radio que te hace sentir y pensar.\" \/>\n<meta property=\"og:url\" content=\"https:\/\/radio.unrc.edu.ar\/?p=31069\" \/>\n<meta property=\"og:site_name\" content=\"Radio UNRC\" \/>\n<meta property=\"article:publisher\" content=\"https:\/\/www.facebook.com\/radiounrc\" \/>\n<meta property=\"article:published_time\" content=\"2025-09-05T15:55:26+00:00\" \/>\n<meta property=\"article:modified_time\" content=\"2025-09-08T13:25:40+00:00\" \/>\n<meta property=\"og:image\" content=\"https:\/\/radio.unrc.edu.ar\/wp-content\/uploads\/2025\/09\/Jornada.jpg\" \/>\n\t<meta property=\"og:image:width\" content=\"1280\" \/>\n\t<meta property=\"og:image:height\" content=\"740\" \/>\n\t<meta property=\"og:image:type\" content=\"image\/jpeg\" \/>\n<meta name=\"author\" content=\"javier\" \/>\n<meta name=\"twitter:card\" content=\"summary_large_image\" \/>\n<meta name=\"twitter:label1\" content=\"Escrito por\" \/>\n\t<meta name=\"twitter:data1\" content=\"javier\" \/>\n\t<meta name=\"twitter:label2\" content=\"Tiempo de lectura\" \/>\n\t<meta name=\"twitter:data2\" content=\"2 minutos\" \/>\n<script type=\"application\/ld+json\" class=\"yoast-schema-graph\">{\"@context\":\"https:\/\/schema.org\",\"@graph\":[{\"@type\":\"Article\",\"@id\":\"https:\/\/radio.unrc.edu.ar\/?p=31069#article\",\"isPartOf\":{\"@id\":\"https:\/\/radio.unrc.edu.ar\/?p=31069\"},\"author\":{\"name\":\"javier\",\"@id\":\"https:\/\/radio.unrc.edu.ar\/#\/schema\/person\/a5391b308c3ca8a7f44d85677e2bdcba\"},\"headline\":\"Productores y docentes debaten sobre una nueva pol\u00edtica agropecuaria\",\"datePublished\":\"2025-09-05T15:55:26+00:00\",\"dateModified\":\"2025-09-08T13:25:40+00:00\",\"mainEntityOfPage\":{\"@id\":\"https:\/\/radio.unrc.edu.ar\/?p=31069\"},\"wordCount\":359,\"commentCount\":0,\"publisher\":{\"@id\":\"https:\/\/radio.unrc.edu.ar\/#organization\"},\"articleSection\":[\"Universitarias\"],\"inLanguage\":\"es\",\"potentialAction\":[{\"@type\":\"CommentAction\",\"name\":\"Comment\",\"target\":[\"https:\/\/radio.unrc.edu.ar\/?p=31069#respond\"]}]},{\"@type\":\"WebPage\",\"@id\":\"https:\/\/radio.unrc.edu.ar\/?p=31069\",\"url\":\"https:\/\/radio.unrc.edu.ar\/?p=31069\",\"name\":\"Productores y docentes debaten sobre una nueva pol\u00edtica agropecuaria - Radio UNRC\",\"isPartOf\":{\"@id\":\"https:\/\/radio.unrc.edu.ar\/#website\"},\"datePublished\":\"2025-09-05T15:55:26+00:00\",\"dateModified\":\"2025-09-08T13:25:40+00:00\",\"description\":\"La radio que te hace sentir y pensar.\",\"breadcrumb\":{\"@id\":\"https:\/\/radio.unrc.edu.ar\/?p=31069#breadcrumb\"},\"inLanguage\":\"es\",\"potentialAction\":[{\"@type\":\"ReadAction\",\"target\":[\"https:\/\/radio.unrc.edu.ar\/?p=31069\"]}]},{\"@type\":\"BreadcrumbList\",\"@id\":\"https:\/\/radio.unrc.edu.ar\/?p=31069#breadcrumb\",\"itemListElement\":[{\"@type\":\"ListItem\",\"position\":1,\"name\":\"Portada\",\"item\":\"https:\/\/radio.unrc.edu.ar\/\"},{\"@type\":\"ListItem\",\"position\":2,\"name\":\"Productores y docentes debaten sobre una nueva pol\u00edtica agropecuaria\"}]},{\"@type\":\"WebSite\",\"@id\":\"https:\/\/radio.unrc.edu.ar\/#website\",\"url\":\"https:\/\/radio.unrc.edu.ar\/\",\"name\":\"Radio UNRC\",\"description\":\"La Radio de la Uni, la que te hace sentir y pensar\",\"publisher\":{\"@id\":\"https:\/\/radio.unrc.edu.ar\/#organization\"},\"potentialAction\":[{\"@type\":\"SearchAction\",\"target\":{\"@type\":\"EntryPoint\",\"urlTemplate\":\"https:\/\/radio.unrc.edu.ar\/?s={search_term_string}\"},\"query-input\":\"required name=search_term_string\"}],\"inLanguage\":\"es\"},{\"@type\":\"Organization\",\"@id\":\"https:\/\/radio.unrc.edu.ar\/#organization\",\"name\":\"Radio UNRC\",\"url\":\"https:\/\/radio.unrc.edu.ar\/\",\"logo\":{\"@type\":\"ImageObject\",\"inLanguage\":\"es\",\"@id\":\"https:\/\/radio.unrc.edu.ar\/#\/schema\/logo\/image\/\",\"url\":\"https:\/\/radio.unrc.edu.ar\/wp-content\/uploads\/2022\/03\/logo-radio-544.png\",\"contentUrl\":\"https:\/\/radio.unrc.edu.ar\/wp-content\/uploads\/2022\/03\/logo-radio-544.png\",\"width\":544,\"height\":180,\"caption\":\"Radio UNRC\"},\"image\":{\"@id\":\"https:\/\/radio.unrc.edu.ar\/#\/schema\/logo\/image\/\"},\"sameAs\":[\"https:\/\/www.facebook.com\/radiounrc\",\"https:\/\/www.instagram.com\/radiounrc\/\"]},{\"@type\":\"Person\",\"@id\":\"https:\/\/radio.unrc.edu.ar\/#\/schema\/person\/a5391b308c3ca8a7f44d85677e2bdcba\",\"name\":\"javier\",\"image\":{\"@type\":\"ImageObject\",\"inLanguage\":\"es\",\"@id\":\"https:\/\/radio.unrc.edu.ar\/#\/schema\/person\/image\/\",\"url\":\"https:\/\/secure.gravatar.com\/avatar\/5ff90d64a73410b672fad73126063cddce57cd5b66f7cedb1e3caec8c1e05a66?s=96&d=mm&r=g\",\"contentUrl\":\"https:\/\/secure.gravatar.com\/avatar\/5ff90d64a73410b672fad73126063cddce57cd5b66f7cedb1e3caec8c1e05a66?s=96&d=mm&r=g\",\"caption\":\"javier\"},\"url\":\"https:\/\/radio.unrc.edu.ar\/?author=4\"}]}<\/script>\n<!-- \/ Yoast SEO plugin. -->","yoast_head_json":{"title":"Productores y docentes debaten sobre una nueva pol\u00edtica agropecuaria - Radio UNRC","description":"La radio que te hace sentir y pensar.","robots":{"index":"index","follow":"follow","max-snippet":"max-snippet:-1","max-image-preview":"max-image-preview:large","max-video-preview":"max-video-preview:-1"},"canonical":"https:\/\/radio.unrc.edu.ar\/?p=31069","og_locale":"es_ES","og_type":"article","og_title":"Productores y docentes debaten sobre una nueva pol\u00edtica agropecuaria - Radio UNRC","og_description":"La radio que te hace sentir y pensar.","og_url":"https:\/\/radio.unrc.edu.ar\/?p=31069","og_site_name":"Radio UNRC","article_publisher":"https:\/\/www.facebook.com\/radiounrc","article_published_time":"2025-09-05T15:55:26+00:00","article_modified_time":"2025-09-08T13:25:40+00:00","og_image":[{"width":1280,"height":740,"url":"https:\/\/radio.unrc.edu.ar\/wp-content\/uploads\/2025\/09\/Jornada.jpg","type":"image\/jpeg"}],"author":"javier","twitter_card":"summary_large_image","twitter_misc":{"Escrito por":"javier","Tiempo de lectura":"2 minutos"},"schema":{"@context":"https:\/\/schema.org","@graph":[{"@type":"Article","@id":"https:\/\/radio.unrc.edu.ar\/?p=31069#article","isPartOf":{"@id":"https:\/\/radio.unrc.edu.ar\/?p=31069"},"author":{"name":"javier","@id":"https:\/\/radio.unrc.edu.ar\/#\/schema\/person\/a5391b308c3ca8a7f44d85677e2bdcba"},"headline":"Productores y docentes debaten sobre una nueva pol\u00edtica agropecuaria","datePublished":"2025-09-05T15:55:26+00:00","dateModified":"2025-09-08T13:25:40+00:00","mainEntityOfPage":{"@id":"https:\/\/radio.unrc.edu.ar\/?p=31069"},"wordCount":359,"commentCount":0,"publisher":{"@id":"https:\/\/radio.unrc.edu.ar\/#organization"},"articleSection":["Universitarias"],"inLanguage":"es","potentialAction":[{"@type":"CommentAction","name":"Comment","target":["https:\/\/radio.unrc.edu.ar\/?p=31069#respond"]}]},{"@type":"WebPage","@id":"https:\/\/radio.unrc.edu.ar\/?p=31069","url":"https:\/\/radio.unrc.edu.ar\/?p=31069","name":"Productores y docentes debaten sobre una nueva pol\u00edtica agropecuaria - Radio UNRC","isPartOf":{"@id":"https:\/\/radio.unrc.edu.ar\/#website"},"datePublished":"2025-09-05T15:55:26+00:00","dateModified":"2025-09-08T13:25:40+00:00","description":"La radio que te hace sentir y pensar.","breadcrumb":{"@id":"https:\/\/radio.unrc.edu.ar\/?p=31069#breadcrumb"},"inLanguage":"es","potentialAction":[{"@type":"ReadAction","target":["https:\/\/radio.unrc.edu.ar\/?p=31069"]}]},{"@type":"BreadcrumbList","@id":"https:\/\/radio.unrc.edu.ar\/?p=31069#breadcrumb","itemListElement":[{"@type":"ListItem","position":1,"name":"Portada","item":"https:\/\/radio.unrc.edu.ar\/"},{"@type":"ListItem","position":2,"name":"Productores y docentes debaten sobre una nueva pol\u00edtica agropecuaria"}]},{"@type":"WebSite","@id":"https:\/\/radio.unrc.edu.ar\/#website","url":"https:\/\/radio.unrc.edu.ar\/","name":"Radio UNRC","description":"La Radio de la Uni, la que te hace sentir y pensar","publisher":{"@id":"https:\/\/radio.unrc.edu.ar\/#organization"},"potentialAction":[{"@type":"SearchAction","target":{"@type":"EntryPoint","urlTemplate":"https:\/\/radio.unrc.edu.ar\/?s={search_term_string}"},"query-input":"required name=search_term_string"}],"inLanguage":"es"},{"@type":"Organization","@id":"https:\/\/radio.unrc.edu.ar\/#organization","name":"Radio UNRC","url":"https:\/\/radio.unrc.edu.ar\/","logo":{"@type":"ImageObject","inLanguage":"es","@id":"https:\/\/radio.unrc.edu.ar\/#\/schema\/logo\/image\/","url":"https:\/\/radio.unrc.edu.ar\/wp-content\/uploads\/2022\/03\/logo-radio-544.png","contentUrl":"https:\/\/radio.unrc.edu.ar\/wp-content\/uploads\/2022\/03\/logo-radio-544.png","width":544,"height":180,"caption":"Radio UNRC"},"image":{"@id":"https:\/\/radio.unrc.edu.ar\/#\/schema\/logo\/image\/"},"sameAs":["https:\/\/www.facebook.com\/radiounrc","https:\/\/www.instagram.com\/radiounrc\/"]},{"@type":"Person","@id":"https:\/\/radio.unrc.edu.ar\/#\/schema\/person\/a5391b308c3ca8a7f44d85677e2bdcba","name":"javier","image":{"@type":"ImageObject","inLanguage":"es","@id":"https:\/\/radio.unrc.edu.ar\/#\/schema\/person\/image\/","url":"https:\/\/secure.gravatar.com\/avatar\/5ff90d64a73410b672fad73126063cddce57cd5b66f7cedb1e3caec8c1e05a66?s=96&d=mm&r=g","contentUrl":"https:\/\/secure.gravatar.com\/avatar\/5ff90d64a73410b672fad73126063cddce57cd5b66f7cedb1e3caec8c1e05a66?s=96&d=mm&r=g","caption":"javier"},"url":"https:\/\/radio.unrc.edu.ar\/?author=4"}]}},"_links":{"self":[{"href":"https:\/\/radio.unrc.edu.ar\/index.php?rest_route=\/wp\/v2\/posts\/31069","targetHints":{"allow":["GET"]}}],"collection":[{"href":"https:\/\/radio.unrc.edu.ar\/index.php?rest_route=\/wp\/v2\/posts"}],"about":[{"href":"https:\/\/radio.unrc.edu.ar\/index.php?rest_route=\/wp\/v2\/types\/post"}],"author":[{"embeddable":true,"href":"https:\/\/radio.unrc.edu.ar\/index.php?rest_route=\/wp\/v2\/users\/4"}],"replies":[{"embeddable":true,"href":"https:\/\/radio.unrc.edu.ar\/index.php?rest_route=%2Fwp%2Fv2%2Fcomments&post=31069"}],"version-history":[{"count":1,"href":"https:\/\/radio.unrc.edu.ar\/index.php?rest_route=\/wp\/v2\/posts\/31069\/revisions"}],"predecessor-version":[{"id":31076,"href":"https:\/\/radio.unrc.edu.ar\/index.php?rest_route=\/wp\/v2\/posts\/31069\/revisions\/31076"}],"wp:featuredmedia":[{"embeddable":true,"href":"https:\/\/radio.unrc.edu.ar\/index.php?rest_route=\/wp\/v2\/media\/31070"}],"wp:attachment":[{"href":"https:\/\/radio.unrc.edu.ar\/index.php?rest_route=%2Fwp%2Fv2%2Fmedia&parent=31069"}],"wp:term":[{"taxonomy":"category","embeddable":true,"href":"https:\/\/radio.unrc.edu.ar\/index.php?rest_route=%2Fwp%2Fv2%2Fcategories&post=31069"},{"taxonomy":"post_tag","embeddable":true,"href":"https:\/\/radio.unrc.edu.ar\/index.php?rest_route=%2Fwp%2Fv2%2Ftags&post=31069"}],"curies":[{"name":"wp","href":"https:\/\/api.w.org\/{rel}","templated":true}]}}