{"id":31077,"date":"2025-09-05T17:05:01","date_gmt":"2025-09-05T20:05:01","guid":{"rendered":"https:\/\/radio.unrc.edu.ar\/?p=31077"},"modified":"2025-09-08T11:34:07","modified_gmt":"2025-09-08T14:34:07","slug":"la-presidenta-de-la-fundacion-argentina-de-nanotecnologia-visito-la-unrc","status":"publish","type":"post","link":"https:\/\/radio.unrc.edu.ar\/?p=31077","title":{"rendered":"La Presidenta de la Fundaci\u00f3n Argentina de Nanotecnolog\u00eda visit\u00f3 la UNRC"},"content":{"rendered":"<p>La Dra. M\u00f3nica Fulchieri fue recibida por la Rectora Marisa Rovera, la Secretaria de Ciencia y T\u00e9cnica Marta Dardanelli y el Subsecretario Cristian De Angelo.<\/p>\n<p>Fulchieri, egresada de la Universidad Nacional de R\u00edo Cuarto, destac\u00f3 su inter\u00e9s en contactarse con universidades para llevar adelante proyectos de vinculaci\u00f3n federal en nanotecnolog\u00eda.<\/p>\n<p>\u00abComo egresada de esta Universidad Nacional de R\u00edo Cuarto, quiero llevar adelante un proyecto de vinculaci\u00f3n y promoci\u00f3n de la Universidad de R\u00edo Cuarto con la fundaci\u00f3n\u00bb.<\/p>\n<p>Adem\u00e1s, destac\u00f3 que conoce el desarrollo a nivel internacional de nuestra universidad en esta disciplina cient\u00edfica, que se enfoca en el dise\u00f1o a escala de \u00e1tomos y mol\u00e9culas. <\/p>\n<p>La visita busca fortalecer la colaboraci\u00f3n entre la Fundaci\u00f3n y la Universidad en proyectos de\u00a0nanotecnolog\u00eda.<\/p>\n<p><iframe width=\"100%\" height=\"300\" scrolling=\"no\" frameborder=\"no\" allow=\"autoplay\" src=\"https:\/\/w.soundcloud.com\/player\/?url=https%3A\/\/api.soundcloud.com\/tracks\/2165602461&#038;color=%23ff5500&#038;auto_play=false&#038;hide_related=false&#038;show_comments=true&#038;show_user=true&#038;show_reposts=false&#038;show_teaser=true&#038;visual=true\"><\/iframe><\/p>\n<div style=\"font-size: 10px; color: #cccccc;line-break: anywhere;word-break: normal;overflow: hidden;white-space: nowrap;text-overflow: ellipsis; font-family: Interstate,Lucida Grande,Lucida Sans Unicode,Lucida Sans,Garuda,Verdana,Tahoma,sans-serif;font-weight: 100;\"><a href=\"https:\/\/soundcloud.com\/radiounrc\" title=\"RadioUNRC\" target=\"_blank\" style=\"color: #cccccc; text-decoration: none;\">RadioUNRC<\/a> \u00b7 <a href=\"https:\/\/soundcloud.com\/radiounrc\/monica-fulchieri\" title=\"M\u00f3nica Fulchieri\" target=\"_blank\" style=\"color: #cccccc; text-decoration: none;\">M\u00f3nica Fulchieri<\/a><\/div>\n\r\n                <style type=\"text\/css\">\r\n                    \r\n                    #tdi_1  .td-doubleSlider-2 .td-item1 {\r\n                        background: url(https:\/\/radio.unrc.edu.ar\/wp-content\/uploads\/2025\/09\/Imagen-de-WhatsApp-2025-09-05-a-las-16.06.17_2278d743.jpg) 0 0 no-repeat;\r\n                    }\r\n                    #tdi_1  .td-doubleSlider-2 .td-item2 {\r\n                        background: url(https:\/\/radio.unrc.edu.ar\/wp-content\/uploads\/2025\/09\/Imagen-de-WhatsApp-2025-09-05-a-las-16.06.18_59a94277.jpg) 0 0 no-repeat;\r\n                    }\r\n                    #tdi_1  .td-doubleSlider-2 .td-item3 {\r\n                        background: url(https:\/\/radio.unrc.edu.ar\/wp-content\/uploads\/2025\/09\/Imagen-de-WhatsApp-2025-09-05-a-las-16.06.18_35cb1357.jpg) 0 0 no-repeat;\r\n                    }\r\n                    #tdi_1  .td-doubleSlider-2 .td-item4 {\r\n                        background: url(https:\/\/radio.unrc.edu.ar\/wp-content\/uploads\/2025\/09\/Imagen-de-WhatsApp-2025-09-05-a-las-16.06.18_ee1155c7.jpg) 0 0 no-repeat;\r\n                    }\r\n                <\/style>\r\n\r\n                <div id=\"tdi_1\" class=\"td-gallery td-slide-on-2-columns\">\r\n                    <div class=\"post_td_gallery\">\r\n                        <div class=\"td-gallery-slide-top\">\r\n                           <div class=\"td-gallery-title\"><\/div>\r\n\r\n                            <div class=\"td-gallery-controls-wrapper\">\r\n                                <div class=\"td-gallery-slide-count\"><span class=\"td-gallery-slide-item-focus\">1<\/span> de 4<\/div>\r\n                                <div class=\"td-gallery-slide-prev-next-but\">\r\n                                    <i class = \"td-icon-left doubleSliderPrevButton\"><\/i>\r\n                                    <i class = \"td-icon-right doubleSliderNextButton\"><\/i>\r\n                                <\/div>\r\n                            <\/div>\r\n                        <\/div>\r\n\r\n                        <div class = \"td-doubleSlider-1 \">\r\n                            <div class = \"td-slider\">\r\n                                \r\n                    <div class = \"td-slide-item td-item1\">\r\n                        <figure class=\"td-slide-galery-figure td-slide-popup-gallery\">\r\n                            <a class=\"slide-gallery-image-link\" href=\"https:\/\/radio.unrc.edu.ar\/wp-content\/uploads\/2025\/09\/Imagen-de-WhatsApp-2025-09-05-a-las-16.06.17_2278d743.jpg\" title=\"Imagen de WhatsApp 2025-09-05 a las 16.06.17_2278d743\"  data-caption=\"\"  data-description=\"\">\r\n                                <img decoding=\"async\" src=\"https:\/\/radio.unrc.edu.ar\/wp-content\/uploads\/2025\/09\/Imagen-de-WhatsApp-2025-09-05-a-las-16.06.17_2278d743.jpg\" srcset=\"https:\/\/radio.unrc.edu.ar\/wp-content\/uploads\/2025\/09\/Imagen-de-WhatsApp-2025-09-05-a-las-16.06.17_2278d743.jpg 1600w, https:\/\/radio.unrc.edu.ar\/wp-content\/uploads\/2025\/09\/Imagen-de-WhatsApp-2025-09-05-a-las-16.06.17_2278d743-300x200.jpg 300w, https:\/\/radio.unrc.edu.ar\/wp-content\/uploads\/2025\/09\/Imagen-de-WhatsApp-2025-09-05-a-las-16.06.17_2278d743-1024x682.jpg 1024w, https:\/\/radio.unrc.edu.ar\/wp-content\/uploads\/2025\/09\/Imagen-de-WhatsApp-2025-09-05-a-las-16.06.17_2278d743-768x512.jpg 768w, https:\/\/radio.unrc.edu.ar\/wp-content\/uploads\/2025\/09\/Imagen-de-WhatsApp-2025-09-05-a-las-16.06.17_2278d743-1536x1023.jpg 1536w, https:\/\/radio.unrc.edu.ar\/wp-content\/uploads\/2025\/09\/Imagen-de-WhatsApp-2025-09-05-a-las-16.06.17_2278d743-150x100.jpg 150w, https:\/\/radio.unrc.edu.ar\/wp-content\/uploads\/2025\/09\/Imagen-de-WhatsApp-2025-09-05-a-las-16.06.17_2278d743-696x464.jpg 696w, https:\/\/radio.unrc.edu.ar\/wp-content\/uploads\/2025\/09\/Imagen-de-WhatsApp-2025-09-05-a-las-16.06.17_2278d743-1068x712.jpg 1068w\" sizes=\"(max-width: 1600px) 100vw, 1600px\" alt=\"\">\r\n                            <\/a>\r\n                            \r\n                        <\/figure>\r\n                    <\/div>\r\n                    <div class = \"td-slide-item td-item2\">\r\n                        <figure class=\"td-slide-galery-figure td-slide-popup-gallery\">\r\n                            <a class=\"slide-gallery-image-link\" href=\"https:\/\/radio.unrc.edu.ar\/wp-content\/uploads\/2025\/09\/Imagen-de-WhatsApp-2025-09-05-a-las-16.06.18_59a94277.jpg\" title=\"Imagen de WhatsApp 2025-09-05 a las 16.06.18_59a94277\"  data-caption=\"\"  data-description=\"\">\r\n                                <img decoding=\"async\" src=\"https:\/\/radio.unrc.edu.ar\/wp-content\/uploads\/2025\/09\/Imagen-de-WhatsApp-2025-09-05-a-las-16.06.18_59a94277.jpg\" srcset=\"https:\/\/radio.unrc.edu.ar\/wp-content\/uploads\/2025\/09\/Imagen-de-WhatsApp-2025-09-05-a-las-16.06.18_59a94277.jpg 1600w, https:\/\/radio.unrc.edu.ar\/wp-content\/uploads\/2025\/09\/Imagen-de-WhatsApp-2025-09-05-a-las-16.06.18_59a94277-300x200.jpg 300w, https:\/\/radio.unrc.edu.ar\/wp-content\/uploads\/2025\/09\/Imagen-de-WhatsApp-2025-09-05-a-las-16.06.18_59a94277-1024x682.jpg 1024w, https:\/\/radio.unrc.edu.ar\/wp-content\/uploads\/2025\/09\/Imagen-de-WhatsApp-2025-09-05-a-las-16.06.18_59a94277-768x512.jpg 768w, https:\/\/radio.unrc.edu.ar\/wp-content\/uploads\/2025\/09\/Imagen-de-WhatsApp-2025-09-05-a-las-16.06.18_59a94277-1536x1023.jpg 1536w, https:\/\/radio.unrc.edu.ar\/wp-content\/uploads\/2025\/09\/Imagen-de-WhatsApp-2025-09-05-a-las-16.06.18_59a94277-150x100.jpg 150w, https:\/\/radio.unrc.edu.ar\/wp-content\/uploads\/2025\/09\/Imagen-de-WhatsApp-2025-09-05-a-las-16.06.18_59a94277-696x464.jpg 696w, https:\/\/radio.unrc.edu.ar\/wp-content\/uploads\/2025\/09\/Imagen-de-WhatsApp-2025-09-05-a-las-16.06.18_59a94277-1068x712.jpg 1068w\" sizes=\"(max-width: 1600px) 100vw, 1600px\" alt=\"\">\r\n                            <\/a>\r\n                            \r\n                        <\/figure>\r\n                    <\/div>\r\n                    <div class = \"td-slide-item td-item3\">\r\n                        <figure class=\"td-slide-galery-figure td-slide-popup-gallery\">\r\n                            <a class=\"slide-gallery-image-link\" href=\"https:\/\/radio.unrc.edu.ar\/wp-content\/uploads\/2025\/09\/Imagen-de-WhatsApp-2025-09-05-a-las-16.06.18_35cb1357.jpg\" title=\"Imagen de WhatsApp 2025-09-05 a las 16.06.18_35cb1357\"  data-caption=\"\"  data-description=\"\">\r\n                                <img decoding=\"async\" src=\"https:\/\/radio.unrc.edu.ar\/wp-content\/uploads\/2025\/09\/Imagen-de-WhatsApp-2025-09-05-a-las-16.06.18_35cb1357.jpg\" srcset=\"https:\/\/radio.unrc.edu.ar\/wp-content\/uploads\/2025\/09\/Imagen-de-WhatsApp-2025-09-05-a-las-16.06.18_35cb1357.jpg 1600w, https:\/\/radio.unrc.edu.ar\/wp-content\/uploads\/2025\/09\/Imagen-de-WhatsApp-2025-09-05-a-las-16.06.18_35cb1357-300x200.jpg 300w, https:\/\/radio.unrc.edu.ar\/wp-content\/uploads\/2025\/09\/Imagen-de-WhatsApp-2025-09-05-a-las-16.06.18_35cb1357-1024x682.jpg 1024w, https:\/\/radio.unrc.edu.ar\/wp-content\/uploads\/2025\/09\/Imagen-de-WhatsApp-2025-09-05-a-las-16.06.18_35cb1357-768x512.jpg 768w, https:\/\/radio.unrc.edu.ar\/wp-content\/uploads\/2025\/09\/Imagen-de-WhatsApp-2025-09-05-a-las-16.06.18_35cb1357-1536x1023.jpg 1536w, https:\/\/radio.unrc.edu.ar\/wp-content\/uploads\/2025\/09\/Imagen-de-WhatsApp-2025-09-05-a-las-16.06.18_35cb1357-150x100.jpg 150w, https:\/\/radio.unrc.edu.ar\/wp-content\/uploads\/2025\/09\/Imagen-de-WhatsApp-2025-09-05-a-las-16.06.18_35cb1357-696x464.jpg 696w, https:\/\/radio.unrc.edu.ar\/wp-content\/uploads\/2025\/09\/Imagen-de-WhatsApp-2025-09-05-a-las-16.06.18_35cb1357-1068x712.jpg 1068w\" sizes=\"(max-width: 1600px) 100vw, 1600px\" alt=\"\">\r\n                            <\/a>\r\n                            \r\n                        <\/figure>\r\n                    <\/div>\r\n                    <div class = \"td-slide-item td-item4\">\r\n                        <figure class=\"td-slide-galery-figure td-slide-popup-gallery\">\r\n                            <a class=\"slide-gallery-image-link\" href=\"https:\/\/radio.unrc.edu.ar\/wp-content\/uploads\/2025\/09\/Imagen-de-WhatsApp-2025-09-05-a-las-16.06.18_ee1155c7.jpg\" title=\"Imagen de WhatsApp 2025-09-05 a las 16.06.18_ee1155c7\"  data-caption=\"\"  data-description=\"\">\r\n                                <img decoding=\"async\" src=\"https:\/\/radio.unrc.edu.ar\/wp-content\/uploads\/2025\/09\/Imagen-de-WhatsApp-2025-09-05-a-las-16.06.18_ee1155c7.jpg\" srcset=\"https:\/\/radio.unrc.edu.ar\/wp-content\/uploads\/2025\/09\/Imagen-de-WhatsApp-2025-09-05-a-las-16.06.18_ee1155c7.jpg 1392w, https:\/\/radio.unrc.edu.ar\/wp-content\/uploads\/2025\/09\/Imagen-de-WhatsApp-2025-09-05-a-las-16.06.18_ee1155c7-300x200.jpg 300w, https:\/\/radio.unrc.edu.ar\/wp-content\/uploads\/2025\/09\/Imagen-de-WhatsApp-2025-09-05-a-las-16.06.18_ee1155c7-1024x683.jpg 1024w, https:\/\/radio.unrc.edu.ar\/wp-content\/uploads\/2025\/09\/Imagen-de-WhatsApp-2025-09-05-a-las-16.06.18_ee1155c7-768x512.jpg 768w, https:\/\/radio.unrc.edu.ar\/wp-content\/uploads\/2025\/09\/Imagen-de-WhatsApp-2025-09-05-a-las-16.06.18_ee1155c7-150x100.jpg 150w, https:\/\/radio.unrc.edu.ar\/wp-content\/uploads\/2025\/09\/Imagen-de-WhatsApp-2025-09-05-a-las-16.06.18_ee1155c7-696x464.jpg 696w, https:\/\/radio.unrc.edu.ar\/wp-content\/uploads\/2025\/09\/Imagen-de-WhatsApp-2025-09-05-a-las-16.06.18_ee1155c7-1068x712.jpg 1068w\" sizes=\"(max-width: 1392px) 100vw, 1392px\" alt=\"\">\r\n                            <\/a>\r\n                            \r\n                        <\/figure>\r\n                    <\/div>\r\n                            <\/div>\r\n                        <\/div>\r\n\r\n                        <div class = \"td-doubleSlider-2\">\r\n                            <div class = \"td-slider\">\r\n                                \r\n                    <div class = \"td-button td-item1\">\r\n                        <div class = \"td-border\"><\/div>\r\n                    <\/div>\r\n                    <div class = \"td-button td-item2\">\r\n                        <div class = \"td-border\"><\/div>\r\n                    <\/div>\r\n                    <div class = \"td-button td-item3\">\r\n                        <div class = \"td-border\"><\/div>\r\n                    <\/div>\r\n                    <div class = \"td-button td-item4\">\r\n                        <div class = \"td-border\"><\/div>\r\n                    <\/div>\r\n                            <\/div>\r\n                        <\/div>\r\n\r\n                    <\/div>\r\n\r\n                <\/div>\r\n                \n","protected":false},"excerpt":{"rendered":"<p>La Dra. M\u00f3nica Fulchieri fue recibida por la Rectora Marisa Rovera, la Secretaria de Ciencia y T\u00e9cnica Marta Dardanelli y el Subsecretario Cristian De Angelo. Fulchieri, egresada de la Universidad Nacional de R\u00edo Cuarto, destac\u00f3 su inter\u00e9s en contactarse con universidades para llevar adelante proyectos de vinculaci\u00f3n federal en nanotecnolog\u00eda. \u00abComo egresada de esta Universidad [&hellip;]<\/p>\n","protected":false},"author":3,"featured_media":31078,"comment_status":"open","ping_status":"open","sticky":false,"template":"","format":"standard","meta":{"footnotes":""},"categories":[17],"tags":[],"class_list":{"0":"post-31077","1":"post","2":"type-post","3":"status-publish","4":"format-standard","5":"has-post-thumbnail","7":"category-universitarias"},"yoast_head":"<!-- This site is optimized with the Yoast SEO plugin v21.5 - https:\/\/yoast.com\/wordpress\/plugins\/seo\/ -->\n<title>La Presidenta de la Fundaci\u00f3n Argentina de Nanotecnolog\u00eda visit\u00f3 la UNRC - Radio UNRC<\/title>\n<meta name=\"description\" content=\"La radio que te hace sentir y pensar.\" \/>\n<meta name=\"robots\" content=\"index, follow, max-snippet:-1, max-image-preview:large, max-video-preview:-1\" \/>\n<link rel=\"canonical\" href=\"https:\/\/radio.unrc.edu.ar\/?p=31077\" \/>\n<meta property=\"og:locale\" content=\"es_ES\" \/>\n<meta property=\"og:type\" content=\"article\" \/>\n<meta property=\"og:title\" content=\"La Presidenta de la Fundaci\u00f3n Argentina de Nanotecnolog\u00eda visit\u00f3 la UNRC - Radio UNRC\" \/>\n<meta property=\"og:description\" content=\"La radio que te hace sentir y pensar.\" \/>\n<meta property=\"og:url\" content=\"https:\/\/radio.unrc.edu.ar\/?p=31077\" \/>\n<meta property=\"og:site_name\" content=\"Radio UNRC\" \/>\n<meta property=\"article:publisher\" content=\"https:\/\/www.facebook.com\/radiounrc\" \/>\n<meta property=\"article:published_time\" content=\"2025-09-05T20:05:01+00:00\" \/>\n<meta property=\"article:modified_time\" content=\"2025-09-08T14:34:07+00:00\" \/>\n<meta property=\"og:image\" content=\"https:\/\/radio.unrc.edu.ar\/wp-content\/uploads\/2025\/09\/3-4.jpg\" \/>\n\t<meta property=\"og:image:width\" content=\"1280\" \/>\n\t<meta property=\"og:image:height\" content=\"740\" \/>\n\t<meta property=\"og:image:type\" content=\"image\/jpeg\" \/>\n<meta name=\"author\" content=\"emiliano\" \/>\n<meta name=\"twitter:card\" content=\"summary_large_image\" \/>\n<meta name=\"twitter:label1\" content=\"Escrito por\" \/>\n\t<meta name=\"twitter:data1\" content=\"emiliano\" \/>\n\t<meta name=\"twitter:label2\" content=\"Tiempo de lectura\" \/>\n\t<meta name=\"twitter:data2\" content=\"1 minuto\" \/>\n<script type=\"application\/ld+json\" class=\"yoast-schema-graph\">{\"@context\":\"https:\/\/schema.org\",\"@graph\":[{\"@type\":\"Article\",\"@id\":\"https:\/\/radio.unrc.edu.ar\/?p=31077#article\",\"isPartOf\":{\"@id\":\"https:\/\/radio.unrc.edu.ar\/?p=31077\"},\"author\":{\"name\":\"emiliano\",\"@id\":\"https:\/\/radio.unrc.edu.ar\/#\/schema\/person\/33c70d97cd2981bc6512850c2abf21ff\"},\"headline\":\"La Presidenta de la Fundaci\u00f3n Argentina de Nanotecnolog\u00eda visit\u00f3 la UNRC\",\"datePublished\":\"2025-09-05T20:05:01+00:00\",\"dateModified\":\"2025-09-08T14:34:07+00:00\",\"mainEntityOfPage\":{\"@id\":\"https:\/\/radio.unrc.edu.ar\/?p=31077\"},\"wordCount\":163,\"commentCount\":0,\"publisher\":{\"@id\":\"https:\/\/radio.unrc.edu.ar\/#organization\"},\"articleSection\":[\"Universitarias\"],\"inLanguage\":\"es\",\"potentialAction\":[{\"@type\":\"CommentAction\",\"name\":\"Comment\",\"target\":[\"https:\/\/radio.unrc.edu.ar\/?p=31077#respond\"]}]},{\"@type\":\"WebPage\",\"@id\":\"https:\/\/radio.unrc.edu.ar\/?p=31077\",\"url\":\"https:\/\/radio.unrc.edu.ar\/?p=31077\",\"name\":\"La Presidenta de la Fundaci\u00f3n Argentina de Nanotecnolog\u00eda visit\u00f3 la UNRC - Radio UNRC\",\"isPartOf\":{\"@id\":\"https:\/\/radio.unrc.edu.ar\/#website\"},\"datePublished\":\"2025-09-05T20:05:01+00:00\",\"dateModified\":\"2025-09-08T14:34:07+00:00\",\"description\":\"La radio que te hace sentir y pensar.\",\"breadcrumb\":{\"@id\":\"https:\/\/radio.unrc.edu.ar\/?p=31077#breadcrumb\"},\"inLanguage\":\"es\",\"potentialAction\":[{\"@type\":\"ReadAction\",\"target\":[\"https:\/\/radio.unrc.edu.ar\/?p=31077\"]}]},{\"@type\":\"BreadcrumbList\",\"@id\":\"https:\/\/radio.unrc.edu.ar\/?p=31077#breadcrumb\",\"itemListElement\":[{\"@type\":\"ListItem\",\"position\":1,\"name\":\"Portada\",\"item\":\"https:\/\/radio.unrc.edu.ar\/\"},{\"@type\":\"ListItem\",\"position\":2,\"name\":\"La Presidenta de la Fundaci\u00f3n Argentina de Nanotecnolog\u00eda visit\u00f3 la UNRC\"}]},{\"@type\":\"WebSite\",\"@id\":\"https:\/\/radio.unrc.edu.ar\/#website\",\"url\":\"https:\/\/radio.unrc.edu.ar\/\",\"name\":\"Radio UNRC\",\"description\":\"La Radio de la Uni, la que te hace sentir y pensar\",\"publisher\":{\"@id\":\"https:\/\/radio.unrc.edu.ar\/#organization\"},\"potentialAction\":[{\"@type\":\"SearchAction\",\"target\":{\"@type\":\"EntryPoint\",\"urlTemplate\":\"https:\/\/radio.unrc.edu.ar\/?s={search_term_string}\"},\"query-input\":\"required name=search_term_string\"}],\"inLanguage\":\"es\"},{\"@type\":\"Organization\",\"@id\":\"https:\/\/radio.unrc.edu.ar\/#organization\",\"name\":\"Radio UNRC\",\"url\":\"https:\/\/radio.unrc.edu.ar\/\",\"logo\":{\"@type\":\"ImageObject\",\"inLanguage\":\"es\",\"@id\":\"https:\/\/radio.unrc.edu.ar\/#\/schema\/logo\/image\/\",\"url\":\"https:\/\/radio.unrc.edu.ar\/wp-content\/uploads\/2022\/03\/logo-radio-544.png\",\"contentUrl\":\"https:\/\/radio.unrc.edu.ar\/wp-content\/uploads\/2022\/03\/logo-radio-544.png\",\"width\":544,\"height\":180,\"caption\":\"Radio UNRC\"},\"image\":{\"@id\":\"https:\/\/radio.unrc.edu.ar\/#\/schema\/logo\/image\/\"},\"sameAs\":[\"https:\/\/www.facebook.com\/radiounrc\",\"https:\/\/www.instagram.com\/radiounrc\/\"]},{\"@type\":\"Person\",\"@id\":\"https:\/\/radio.unrc.edu.ar\/#\/schema\/person\/33c70d97cd2981bc6512850c2abf21ff\",\"name\":\"emiliano\",\"image\":{\"@type\":\"ImageObject\",\"inLanguage\":\"es\",\"@id\":\"https:\/\/radio.unrc.edu.ar\/#\/schema\/person\/image\/\",\"url\":\"https:\/\/secure.gravatar.com\/avatar\/96c203a9f3ab9e14fb64d9e099de90f736c89b4da443326dbe2e55610962893e?s=96&d=mm&r=g\",\"contentUrl\":\"https:\/\/secure.gravatar.com\/avatar\/96c203a9f3ab9e14fb64d9e099de90f736c89b4da443326dbe2e55610962893e?s=96&d=mm&r=g\",\"caption\":\"emiliano\"},\"url\":\"https:\/\/radio.unrc.edu.ar\/?author=3\"}]}<\/script>\n<!-- \/ Yoast SEO plugin. -->","yoast_head_json":{"title":"La Presidenta de la Fundaci\u00f3n Argentina de Nanotecnolog\u00eda visit\u00f3 la UNRC - Radio UNRC","description":"La radio que te hace sentir y pensar.","robots":{"index":"index","follow":"follow","max-snippet":"max-snippet:-1","max-image-preview":"max-image-preview:large","max-video-preview":"max-video-preview:-1"},"canonical":"https:\/\/radio.unrc.edu.ar\/?p=31077","og_locale":"es_ES","og_type":"article","og_title":"La Presidenta de la Fundaci\u00f3n Argentina de Nanotecnolog\u00eda visit\u00f3 la UNRC - Radio UNRC","og_description":"La radio que te hace sentir y pensar.","og_url":"https:\/\/radio.unrc.edu.ar\/?p=31077","og_site_name":"Radio UNRC","article_publisher":"https:\/\/www.facebook.com\/radiounrc","article_published_time":"2025-09-05T20:05:01+00:00","article_modified_time":"2025-09-08T14:34:07+00:00","og_image":[{"width":1280,"height":740,"url":"https:\/\/radio.unrc.edu.ar\/wp-content\/uploads\/2025\/09\/3-4.jpg","type":"image\/jpeg"}],"author":"emiliano","twitter_card":"summary_large_image","twitter_misc":{"Escrito por":"emiliano","Tiempo de lectura":"1 minuto"},"schema":{"@context":"https:\/\/schema.org","@graph":[{"@type":"Article","@id":"https:\/\/radio.unrc.edu.ar\/?p=31077#article","isPartOf":{"@id":"https:\/\/radio.unrc.edu.ar\/?p=31077"},"author":{"name":"emiliano","@id":"https:\/\/radio.unrc.edu.ar\/#\/schema\/person\/33c70d97cd2981bc6512850c2abf21ff"},"headline":"La Presidenta de la Fundaci\u00f3n Argentina de Nanotecnolog\u00eda visit\u00f3 la UNRC","datePublished":"2025-09-05T20:05:01+00:00","dateModified":"2025-09-08T14:34:07+00:00","mainEntityOfPage":{"@id":"https:\/\/radio.unrc.edu.ar\/?p=31077"},"wordCount":163,"commentCount":0,"publisher":{"@id":"https:\/\/radio.unrc.edu.ar\/#organization"},"articleSection":["Universitarias"],"inLanguage":"es","potentialAction":[{"@type":"CommentAction","name":"Comment","target":["https:\/\/radio.unrc.edu.ar\/?p=31077#respond"]}]},{"@type":"WebPage","@id":"https:\/\/radio.unrc.edu.ar\/?p=31077","url":"https:\/\/radio.unrc.edu.ar\/?p=31077","name":"La Presidenta de la Fundaci\u00f3n Argentina de Nanotecnolog\u00eda visit\u00f3 la UNRC - Radio UNRC","isPartOf":{"@id":"https:\/\/radio.unrc.edu.ar\/#website"},"datePublished":"2025-09-05T20:05:01+00:00","dateModified":"2025-09-08T14:34:07+00:00","description":"La radio que te hace sentir y pensar.","breadcrumb":{"@id":"https:\/\/radio.unrc.edu.ar\/?p=31077#breadcrumb"},"inLanguage":"es","potentialAction":[{"@type":"ReadAction","target":["https:\/\/radio.unrc.edu.ar\/?p=31077"]}]},{"@type":"BreadcrumbList","@id":"https:\/\/radio.unrc.edu.ar\/?p=31077#breadcrumb","itemListElement":[{"@type":"ListItem","position":1,"name":"Portada","item":"https:\/\/radio.unrc.edu.ar\/"},{"@type":"ListItem","position":2,"name":"La Presidenta de la Fundaci\u00f3n Argentina de Nanotecnolog\u00eda visit\u00f3 la UNRC"}]},{"@type":"WebSite","@id":"https:\/\/radio.unrc.edu.ar\/#website","url":"https:\/\/radio.unrc.edu.ar\/","name":"Radio UNRC","description":"La Radio de la Uni, la que te hace sentir y pensar","publisher":{"@id":"https:\/\/radio.unrc.edu.ar\/#organization"},"potentialAction":[{"@type":"SearchAction","target":{"@type":"EntryPoint","urlTemplate":"https:\/\/radio.unrc.edu.ar\/?s={search_term_string}"},"query-input":"required name=search_term_string"}],"inLanguage":"es"},{"@type":"Organization","@id":"https:\/\/radio.unrc.edu.ar\/#organization","name":"Radio UNRC","url":"https:\/\/radio.unrc.edu.ar\/","logo":{"@type":"ImageObject","inLanguage":"es","@id":"https:\/\/radio.unrc.edu.ar\/#\/schema\/logo\/image\/","url":"https:\/\/radio.unrc.edu.ar\/wp-content\/uploads\/2022\/03\/logo-radio-544.png","contentUrl":"https:\/\/radio.unrc.edu.ar\/wp-content\/uploads\/2022\/03\/logo-radio-544.png","width":544,"height":180,"caption":"Radio UNRC"},"image":{"@id":"https:\/\/radio.unrc.edu.ar\/#\/schema\/logo\/image\/"},"sameAs":["https:\/\/www.facebook.com\/radiounrc","https:\/\/www.instagram.com\/radiounrc\/"]},{"@type":"Person","@id":"https:\/\/radio.unrc.edu.ar\/#\/schema\/person\/33c70d97cd2981bc6512850c2abf21ff","name":"emiliano","image":{"@type":"ImageObject","inLanguage":"es","@id":"https:\/\/radio.unrc.edu.ar\/#\/schema\/person\/image\/","url":"https:\/\/secure.gravatar.com\/avatar\/96c203a9f3ab9e14fb64d9e099de90f736c89b4da443326dbe2e55610962893e?s=96&d=mm&r=g","contentUrl":"https:\/\/secure.gravatar.com\/avatar\/96c203a9f3ab9e14fb64d9e099de90f736c89b4da443326dbe2e55610962893e?s=96&d=mm&r=g","caption":"emiliano"},"url":"https:\/\/radio.unrc.edu.ar\/?author=3"}]}},"_links":{"self":[{"href":"https:\/\/radio.unrc.edu.ar\/index.php?rest_route=\/wp\/v2\/posts\/31077","targetHints":{"allow":["GET"]}}],"collection":[{"href":"https:\/\/radio.unrc.edu.ar\/index.php?rest_route=\/wp\/v2\/posts"}],"about":[{"href":"https:\/\/radio.unrc.edu.ar\/index.php?rest_route=\/wp\/v2\/types\/post"}],"author":[{"embeddable":true,"href":"https:\/\/radio.unrc.edu.ar\/index.php?rest_route=\/wp\/v2\/users\/3"}],"replies":[{"embeddable":true,"href":"https:\/\/radio.unrc.edu.ar\/index.php?rest_route=%2Fwp%2Fv2%2Fcomments&post=31077"}],"version-history":[{"count":3,"href":"https:\/\/radio.unrc.edu.ar\/index.php?rest_route=\/wp\/v2\/posts\/31077\/revisions"}],"predecessor-version":[{"id":31085,"href":"https:\/\/radio.unrc.edu.ar\/index.php?rest_route=\/wp\/v2\/posts\/31077\/revisions\/31085"}],"wp:featuredmedia":[{"embeddable":true,"href":"https:\/\/radio.unrc.edu.ar\/index.php?rest_route=\/wp\/v2\/media\/31078"}],"wp:attachment":[{"href":"https:\/\/radio.unrc.edu.ar\/index.php?rest_route=%2Fwp%2Fv2%2Fmedia&parent=31077"}],"wp:term":[{"taxonomy":"category","embeddable":true,"href":"https:\/\/radio.unrc.edu.ar\/index.php?rest_route=%2Fwp%2Fv2%2Fcategories&post=31077"},{"taxonomy":"post_tag","embeddable":true,"href":"https:\/\/radio.unrc.edu.ar\/index.php?rest_route=%2Fwp%2Fv2%2Ftags&post=31077"}],"curies":[{"name":"wp","href":"https:\/\/api.w.org\/{rel}","templated":true}]}}