{"id":31213,"date":"2025-09-10T10:50:47","date_gmt":"2025-09-10T13:50:47","guid":{"rendered":"https:\/\/radio.unrc.edu.ar\/?p=31213"},"modified":"2025-09-13T10:21:34","modified_gmt":"2025-09-13T13:21:34","slug":"con-la-presencia-de-autoridades-universitarias-abrio-la-muestra-de-la-sociedad-rural","status":"publish","type":"post","link":"https:\/\/radio.unrc.edu.ar\/?p=31213","title":{"rendered":"Con la presencia de autoridades universitarias, abri\u00f3 la muestra de la Sociedad Rural"},"content":{"rendered":"<p>El s\u00e1bado se realizar\u00e1 el acto inaugural y se aguarda una importante presencia de dirigentes pol\u00edticos.<\/p>\n<p>La rectora Marisa Rovera destac\u00f3 la importancia de la exposici\u00f3n y anticip\u00f3 la presencia de la UNRC que permitir\u00e1 visibilizar la actividad universitaria.<\/p>\n<p><iframe width=\"100%\" height=\"300\" scrolling=\"no\" frameborder=\"no\" allow=\"autoplay\" src=\"https:\/\/w.soundcloud.com\/player\/?url=https%3A\/\/api.soundcloud.com\/tracks\/2168166432&#038;color=%23ff5500&#038;auto_play=false&#038;hide_related=false&#038;show_comments=true&#038;show_user=true&#038;show_reposts=false&#038;show_teaser=true&#038;visual=true\"><\/iframe><\/p>\n<div style=\"font-size: 10px; color: #cccccc;line-break: anywhere;word-break: normal;overflow: hidden;white-space: nowrap;text-overflow: ellipsis; font-family: Interstate,Lucida Grande,Lucida Sans Unicode,Lucida Sans,Garuda,Verdana,Tahoma,sans-serif;font-weight: 100;\"><a href=\"https:\/\/soundcloud.com\/unrcradio\" title=\"UNRCRadio\" target=\"_blank\" style=\"color: #cccccc; text-decoration: none;\">UNRCRadio<\/a> \u00b7 <a href=\"https:\/\/soundcloud.com\/unrcradio\/marisa-rovera\" title=\"Marisa Rovera\" target=\"_blank\" style=\"color: #cccccc; text-decoration: none;\">Marisa Rovera<\/a><\/div>\n<p>La vicerrectora Nora Bianconi dijo que la participaci\u00f3n de la UNRC en la muestra de la Sociedad Rural permite la vinculaci\u00f3n con sectores productivos y destac\u00f3 la envergadura nacional que tiene esta muestra. <\/p>\n<p>Bianconi consider\u00f3 que se trata de tejer v\u00ednculos en lo pol\u00edtico.<\/p>\n<p><iframe width=\"100%\" height=\"300\" scrolling=\"no\" frameborder=\"no\" allow=\"autoplay\" src=\"https:\/\/w.soundcloud.com\/player\/?url=https%3A\/\/api.soundcloud.com\/tracks\/2168167806&#038;color=%23ff5500&#038;auto_play=false&#038;hide_related=false&#038;show_comments=true&#038;show_user=true&#038;show_reposts=false&#038;show_teaser=true&#038;visual=true\"><\/iframe><\/p>\n<div style=\"font-size: 10px; color: #cccccc;line-break: anywhere;word-break: normal;overflow: hidden;white-space: nowrap;text-overflow: ellipsis; font-family: Interstate,Lucida Grande,Lucida Sans Unicode,Lucida Sans,Garuda,Verdana,Tahoma,sans-serif;font-weight: 100;\"><a href=\"https:\/\/soundcloud.com\/unrcradio\" title=\"UNRCRadio\" target=\"_blank\" style=\"color: #cccccc; text-decoration: none;\">UNRCRadio<\/a> \u00b7 <a href=\"https:\/\/soundcloud.com\/unrcradio\/nora-bianconi\" title=\"Nora Bianconi\" target=\"_blank\" style=\"color: #cccccc; text-decoration: none;\">Nora Bianconi<\/a><\/div>\n<p>El presidente de la Sociedad Rural destac\u00f3 la incidencia de la Universidad en la ciudad y afirm\u00f3 que \u00abtodos somos hijos de la universidad p\u00fablica\u00bb.<\/p>\n<p>Tras la inauguraci\u00f3n de una nueva muestra, Heraldo Moyetta, dijo que exposici\u00f3n es una oportunidad para las distintas actividades econ\u00f3micas de la ciudad y al ser consultado sobre el vinculo con la universidad consider\u00f3 que la ciudad es \u00abgran dependiente\u00bb de la casa de estudios.<\/p>\n<p><iframe width=\"100%\" height=\"300\" scrolling=\"no\" frameborder=\"no\" allow=\"autoplay\" src=\"https:\/\/w.soundcloud.com\/player\/?url=https%3A\/\/api.soundcloud.com\/tracks\/2168206752&#038;color=%23ff5500&#038;auto_play=false&#038;hide_related=false&#038;show_comments=true&#038;show_user=true&#038;show_reposts=false&#038;show_teaser=true&#038;visual=true\"><\/iframe><\/p>\n<div style=\"font-size: 10px; color: #cccccc;line-break: anywhere;word-break: normal;overflow: hidden;white-space: nowrap;text-overflow: ellipsis; font-family: Interstate,Lucida Grande,Lucida Sans Unicode,Lucida Sans,Garuda,Verdana,Tahoma,sans-serif;font-weight: 100;\"><a href=\"https:\/\/soundcloud.com\/unrcradio\" title=\"UNRCRadio\" target=\"_blank\" style=\"color: #cccccc; text-decoration: none;\">UNRCRadio<\/a> \u00b7 <a href=\"https:\/\/soundcloud.com\/unrcradio\/heraldo-moyetta\" title=\"Heraldo Moyetta\" target=\"_blank\" style=\"color: #cccccc; text-decoration: none;\">Heraldo Moyetta<\/a><\/div>\n\r\n                <style type=\"text\/css\">\r\n                    \r\n                    #tdi_1  .td-doubleSlider-2 .td-item1 {\r\n                        background: url(https:\/\/radio.unrc.edu.ar\/wp-content\/uploads\/2025\/09\/IMG-20250910-WA0022.jpg) 0 0 no-repeat;\r\n                    }\r\n                    #tdi_1  .td-doubleSlider-2 .td-item2 {\r\n                        background: url(https:\/\/radio.unrc.edu.ar\/wp-content\/uploads\/2025\/09\/IMG-20250910-WA0020.jpg) 0 0 no-repeat;\r\n                    }\r\n                    #tdi_1  .td-doubleSlider-2 .td-item3 {\r\n                        background: url(https:\/\/radio.unrc.edu.ar\/wp-content\/uploads\/2025\/09\/IMG-20250910-WA0018.jpg) 0 0 no-repeat;\r\n                    }\r\n                    #tdi_1  .td-doubleSlider-2 .td-item4 {\r\n                        background: url(https:\/\/radio.unrc.edu.ar\/wp-content\/uploads\/2025\/09\/IMG-20250910-WA0015.jpg) 0 0 no-repeat;\r\n                    }\r\n                    #tdi_1  .td-doubleSlider-2 .td-item5 {\r\n                        background: url(https:\/\/radio.unrc.edu.ar\/wp-content\/uploads\/2025\/09\/IMG-20250910-WA0014.jpg) 0 0 no-repeat;\r\n                    }\r\n                    #tdi_1  .td-doubleSlider-2 .td-item6 {\r\n                        background: url(https:\/\/radio.unrc.edu.ar\/wp-content\/uploads\/2025\/09\/IMG-20250910-WA0008.jpg) 0 0 no-repeat;\r\n                    }\r\n                    #tdi_1  .td-doubleSlider-2 .td-item7 {\r\n                        background: url(https:\/\/radio.unrc.edu.ar\/wp-content\/uploads\/2025\/09\/IMG-20250910-WA0001.jpg) 0 0 no-repeat;\r\n                    }\r\n                <\/style>\r\n\r\n                <div id=\"tdi_1\" class=\"td-gallery td-slide-on-2-columns\">\r\n                    <div class=\"post_td_gallery\">\r\n                        <div class=\"td-gallery-slide-top\">\r\n                           <div class=\"td-gallery-title\"><\/div>\r\n\r\n                            <div class=\"td-gallery-controls-wrapper\">\r\n                                <div class=\"td-gallery-slide-count\"><span class=\"td-gallery-slide-item-focus\">1<\/span> de 7<\/div>\r\n                                <div class=\"td-gallery-slide-prev-next-but\">\r\n                                    <i class = \"td-icon-left doubleSliderPrevButton\"><\/i>\r\n                                    <i class = \"td-icon-right doubleSliderNextButton\"><\/i>\r\n                                <\/div>\r\n                            <\/div>\r\n                        <\/div>\r\n\r\n                        <div class = \"td-doubleSlider-1 \">\r\n                            <div class = \"td-slider\">\r\n                                \r\n                    <div class = \"td-slide-item td-item1\">\r\n                        <figure class=\"td-slide-galery-figure td-slide-popup-gallery\">\r\n                            <a class=\"slide-gallery-image-link\" href=\"https:\/\/radio.unrc.edu.ar\/wp-content\/uploads\/2025\/09\/IMG-20250910-WA0022.jpg\" title=\"IMG-20250910-WA0022\"  data-caption=\"\"  data-description=\"\">\r\n                                <img decoding=\"async\" src=\"https:\/\/radio.unrc.edu.ar\/wp-content\/uploads\/2025\/09\/IMG-20250910-WA0022.jpg\" srcset=\"https:\/\/radio.unrc.edu.ar\/wp-content\/uploads\/2025\/09\/IMG-20250910-WA0022.jpg 1200w, https:\/\/radio.unrc.edu.ar\/wp-content\/uploads\/2025\/09\/IMG-20250910-WA0022-225x300.jpg 225w, https:\/\/radio.unrc.edu.ar\/wp-content\/uploads\/2025\/09\/IMG-20250910-WA0022-768x1024.jpg 768w, https:\/\/radio.unrc.edu.ar\/wp-content\/uploads\/2025\/09\/IMG-20250910-WA0022-1152x1536.jpg 1152w, https:\/\/radio.unrc.edu.ar\/wp-content\/uploads\/2025\/09\/IMG-20250910-WA0022-150x200.jpg 150w, https:\/\/radio.unrc.edu.ar\/wp-content\/uploads\/2025\/09\/IMG-20250910-WA0022-300x400.jpg 300w, https:\/\/radio.unrc.edu.ar\/wp-content\/uploads\/2025\/09\/IMG-20250910-WA0022-696x928.jpg 696w, https:\/\/radio.unrc.edu.ar\/wp-content\/uploads\/2025\/09\/IMG-20250910-WA0022-1068x1424.jpg 1068w\" sizes=\"(max-width: 1200px) 100vw, 1200px\" alt=\"\">\r\n                            <\/a>\r\n                            \r\n                        <\/figure>\r\n                    <\/div>\r\n                    <div class = \"td-slide-item td-item2\">\r\n                        <figure class=\"td-slide-galery-figure td-slide-popup-gallery\">\r\n                            <a class=\"slide-gallery-image-link\" href=\"https:\/\/radio.unrc.edu.ar\/wp-content\/uploads\/2025\/09\/IMG-20250910-WA0020.jpg\" title=\"IMG-20250910-WA0020\"  data-caption=\"\"  data-description=\"\">\r\n                                <img decoding=\"async\" src=\"https:\/\/radio.unrc.edu.ar\/wp-content\/uploads\/2025\/09\/IMG-20250910-WA0020.jpg\" srcset=\"https:\/\/radio.unrc.edu.ar\/wp-content\/uploads\/2025\/09\/IMG-20250910-WA0020.jpg 1200w, https:\/\/radio.unrc.edu.ar\/wp-content\/uploads\/2025\/09\/IMG-20250910-WA0020-225x300.jpg 225w, https:\/\/radio.unrc.edu.ar\/wp-content\/uploads\/2025\/09\/IMG-20250910-WA0020-768x1024.jpg 768w, https:\/\/radio.unrc.edu.ar\/wp-content\/uploads\/2025\/09\/IMG-20250910-WA0020-1152x1536.jpg 1152w, https:\/\/radio.unrc.edu.ar\/wp-content\/uploads\/2025\/09\/IMG-20250910-WA0020-150x200.jpg 150w, https:\/\/radio.unrc.edu.ar\/wp-content\/uploads\/2025\/09\/IMG-20250910-WA0020-300x400.jpg 300w, https:\/\/radio.unrc.edu.ar\/wp-content\/uploads\/2025\/09\/IMG-20250910-WA0020-696x928.jpg 696w, https:\/\/radio.unrc.edu.ar\/wp-content\/uploads\/2025\/09\/IMG-20250910-WA0020-1068x1424.jpg 1068w\" sizes=\"(max-width: 1200px) 100vw, 1200px\" alt=\"\">\r\n                            <\/a>\r\n                            \r\n                        <\/figure>\r\n                    <\/div>\r\n                    <div class = \"td-slide-item td-item3\">\r\n                        <figure class=\"td-slide-galery-figure td-slide-popup-gallery\">\r\n                            <a class=\"slide-gallery-image-link\" href=\"https:\/\/radio.unrc.edu.ar\/wp-content\/uploads\/2025\/09\/IMG-20250910-WA0018.jpg\" title=\"IMG-20250910-WA0018\"  data-caption=\"\"  data-description=\"\">\r\n                                <img decoding=\"async\" src=\"https:\/\/radio.unrc.edu.ar\/wp-content\/uploads\/2025\/09\/IMG-20250910-WA0018.jpg\" srcset=\"https:\/\/radio.unrc.edu.ar\/wp-content\/uploads\/2025\/09\/IMG-20250910-WA0018.jpg 1200w, https:\/\/radio.unrc.edu.ar\/wp-content\/uploads\/2025\/09\/IMG-20250910-WA0018-225x300.jpg 225w, https:\/\/radio.unrc.edu.ar\/wp-content\/uploads\/2025\/09\/IMG-20250910-WA0018-768x1024.jpg 768w, https:\/\/radio.unrc.edu.ar\/wp-content\/uploads\/2025\/09\/IMG-20250910-WA0018-1152x1536.jpg 1152w, https:\/\/radio.unrc.edu.ar\/wp-content\/uploads\/2025\/09\/IMG-20250910-WA0018-150x200.jpg 150w, https:\/\/radio.unrc.edu.ar\/wp-content\/uploads\/2025\/09\/IMG-20250910-WA0018-300x400.jpg 300w, https:\/\/radio.unrc.edu.ar\/wp-content\/uploads\/2025\/09\/IMG-20250910-WA0018-696x928.jpg 696w, https:\/\/radio.unrc.edu.ar\/wp-content\/uploads\/2025\/09\/IMG-20250910-WA0018-1068x1424.jpg 1068w\" sizes=\"(max-width: 1200px) 100vw, 1200px\" alt=\"\">\r\n                            <\/a>\r\n                            \r\n                        <\/figure>\r\n                    <\/div>\r\n                    <div class = \"td-slide-item td-item4\">\r\n                        <figure class=\"td-slide-galery-figure td-slide-popup-gallery\">\r\n                            <a class=\"slide-gallery-image-link\" href=\"https:\/\/radio.unrc.edu.ar\/wp-content\/uploads\/2025\/09\/IMG-20250910-WA0015.jpg\" title=\"IMG-20250910-WA0015\"  data-caption=\"\"  data-description=\"\">\r\n                                <img decoding=\"async\" src=\"https:\/\/radio.unrc.edu.ar\/wp-content\/uploads\/2025\/09\/IMG-20250910-WA0015.jpg\" srcset=\"https:\/\/radio.unrc.edu.ar\/wp-content\/uploads\/2025\/09\/IMG-20250910-WA0015.jpg 1200w, https:\/\/radio.unrc.edu.ar\/wp-content\/uploads\/2025\/09\/IMG-20250910-WA0015-225x300.jpg 225w, https:\/\/radio.unrc.edu.ar\/wp-content\/uploads\/2025\/09\/IMG-20250910-WA0015-768x1024.jpg 768w, https:\/\/radio.unrc.edu.ar\/wp-content\/uploads\/2025\/09\/IMG-20250910-WA0015-1152x1536.jpg 1152w, https:\/\/radio.unrc.edu.ar\/wp-content\/uploads\/2025\/09\/IMG-20250910-WA0015-150x200.jpg 150w, https:\/\/radio.unrc.edu.ar\/wp-content\/uploads\/2025\/09\/IMG-20250910-WA0015-300x400.jpg 300w, https:\/\/radio.unrc.edu.ar\/wp-content\/uploads\/2025\/09\/IMG-20250910-WA0015-696x928.jpg 696w, https:\/\/radio.unrc.edu.ar\/wp-content\/uploads\/2025\/09\/IMG-20250910-WA0015-1068x1424.jpg 1068w\" sizes=\"(max-width: 1200px) 100vw, 1200px\" alt=\"\">\r\n                            <\/a>\r\n                            \r\n                        <\/figure>\r\n                    <\/div>\r\n                    <div class = \"td-slide-item td-item5\">\r\n                        <figure class=\"td-slide-galery-figure td-slide-popup-gallery\">\r\n                            <a class=\"slide-gallery-image-link\" href=\"https:\/\/radio.unrc.edu.ar\/wp-content\/uploads\/2025\/09\/IMG-20250910-WA0014.jpg\" title=\"IMG-20250910-WA0014\"  data-caption=\"\"  data-description=\"\">\r\n                                <img decoding=\"async\" src=\"https:\/\/radio.unrc.edu.ar\/wp-content\/uploads\/2025\/09\/IMG-20250910-WA0014.jpg\" srcset=\"https:\/\/radio.unrc.edu.ar\/wp-content\/uploads\/2025\/09\/IMG-20250910-WA0014.jpg 1200w, https:\/\/radio.unrc.edu.ar\/wp-content\/uploads\/2025\/09\/IMG-20250910-WA0014-225x300.jpg 225w, https:\/\/radio.unrc.edu.ar\/wp-content\/uploads\/2025\/09\/IMG-20250910-WA0014-768x1024.jpg 768w, https:\/\/radio.unrc.edu.ar\/wp-content\/uploads\/2025\/09\/IMG-20250910-WA0014-1152x1536.jpg 1152w, https:\/\/radio.unrc.edu.ar\/wp-content\/uploads\/2025\/09\/IMG-20250910-WA0014-150x200.jpg 150w, https:\/\/radio.unrc.edu.ar\/wp-content\/uploads\/2025\/09\/IMG-20250910-WA0014-300x400.jpg 300w, https:\/\/radio.unrc.edu.ar\/wp-content\/uploads\/2025\/09\/IMG-20250910-WA0014-696x928.jpg 696w, https:\/\/radio.unrc.edu.ar\/wp-content\/uploads\/2025\/09\/IMG-20250910-WA0014-1068x1424.jpg 1068w\" sizes=\"(max-width: 1200px) 100vw, 1200px\" alt=\"\">\r\n                            <\/a>\r\n                            \r\n                        <\/figure>\r\n                    <\/div>\r\n                    <div class = \"td-slide-item td-item6\">\r\n                        <figure class=\"td-slide-galery-figure td-slide-popup-gallery\">\r\n                            <a class=\"slide-gallery-image-link\" href=\"https:\/\/radio.unrc.edu.ar\/wp-content\/uploads\/2025\/09\/IMG-20250910-WA0008.jpg\" title=\"IMG-20250910-WA0008\"  data-caption=\"\"  data-description=\"\">\r\n                                <img decoding=\"async\" src=\"https:\/\/radio.unrc.edu.ar\/wp-content\/uploads\/2025\/09\/IMG-20250910-WA0008.jpg\" srcset=\"https:\/\/radio.unrc.edu.ar\/wp-content\/uploads\/2025\/09\/IMG-20250910-WA0008.jpg 1600w, https:\/\/radio.unrc.edu.ar\/wp-content\/uploads\/2025\/09\/IMG-20250910-WA0008-300x225.jpg 300w, https:\/\/radio.unrc.edu.ar\/wp-content\/uploads\/2025\/09\/IMG-20250910-WA0008-1024x768.jpg 1024w, https:\/\/radio.unrc.edu.ar\/wp-content\/uploads\/2025\/09\/IMG-20250910-WA0008-768x576.jpg 768w, https:\/\/radio.unrc.edu.ar\/wp-content\/uploads\/2025\/09\/IMG-20250910-WA0008-1536x1152.jpg 1536w, https:\/\/radio.unrc.edu.ar\/wp-content\/uploads\/2025\/09\/IMG-20250910-WA0008-150x113.jpg 150w, https:\/\/radio.unrc.edu.ar\/wp-content\/uploads\/2025\/09\/IMG-20250910-WA0008-696x522.jpg 696w, https:\/\/radio.unrc.edu.ar\/wp-content\/uploads\/2025\/09\/IMG-20250910-WA0008-1068x801.jpg 1068w, https:\/\/radio.unrc.edu.ar\/wp-content\/uploads\/2025\/09\/IMG-20250910-WA0008-265x198.jpg 265w\" sizes=\"(max-width: 1600px) 100vw, 1600px\" alt=\"\">\r\n                            <\/a>\r\n                            \r\n                        <\/figure>\r\n                    <\/div>\r\n                    <div class = \"td-slide-item td-item7\">\r\n                        <figure class=\"td-slide-galery-figure td-slide-popup-gallery\">\r\n                            <a class=\"slide-gallery-image-link\" href=\"https:\/\/radio.unrc.edu.ar\/wp-content\/uploads\/2025\/09\/IMG-20250910-WA0001.jpg\" title=\"IMG-20250910-WA0001\"  data-caption=\"\"  data-description=\"\">\r\n                                <img decoding=\"async\" src=\"https:\/\/radio.unrc.edu.ar\/wp-content\/uploads\/2025\/09\/IMG-20250910-WA0001.jpg\" srcset=\"https:\/\/radio.unrc.edu.ar\/wp-content\/uploads\/2025\/09\/IMG-20250910-WA0001.jpg 1600w, https:\/\/radio.unrc.edu.ar\/wp-content\/uploads\/2025\/09\/IMG-20250910-WA0001-300x225.jpg 300w, https:\/\/radio.unrc.edu.ar\/wp-content\/uploads\/2025\/09\/IMG-20250910-WA0001-1024x768.jpg 1024w, https:\/\/radio.unrc.edu.ar\/wp-content\/uploads\/2025\/09\/IMG-20250910-WA0001-768x576.jpg 768w, https:\/\/radio.unrc.edu.ar\/wp-content\/uploads\/2025\/09\/IMG-20250910-WA0001-1536x1152.jpg 1536w, https:\/\/radio.unrc.edu.ar\/wp-content\/uploads\/2025\/09\/IMG-20250910-WA0001-150x113.jpg 150w, https:\/\/radio.unrc.edu.ar\/wp-content\/uploads\/2025\/09\/IMG-20250910-WA0001-696x522.jpg 696w, https:\/\/radio.unrc.edu.ar\/wp-content\/uploads\/2025\/09\/IMG-20250910-WA0001-1068x801.jpg 1068w, https:\/\/radio.unrc.edu.ar\/wp-content\/uploads\/2025\/09\/IMG-20250910-WA0001-265x198.jpg 265w\" sizes=\"(max-width: 1600px) 100vw, 1600px\" alt=\"\">\r\n                            <\/a>\r\n                            \r\n                        <\/figure>\r\n                    <\/div>\r\n                            <\/div>\r\n                        <\/div>\r\n\r\n                        <div class = \"td-doubleSlider-2\">\r\n                            <div class = \"td-slider\">\r\n                                \r\n                    <div class = \"td-button td-item1\">\r\n                        <div class = \"td-border\"><\/div>\r\n                    <\/div>\r\n                    <div class = \"td-button td-item2\">\r\n                        <div class = \"td-border\"><\/div>\r\n                    <\/div>\r\n                    <div class = \"td-button td-item3\">\r\n                        <div class = \"td-border\"><\/div>\r\n                    <\/div>\r\n                    <div class = \"td-button td-item4\">\r\n                        <div class = \"td-border\"><\/div>\r\n                    <\/div>\r\n                    <div class = \"td-button td-item5\">\r\n                        <div class = \"td-border\"><\/div>\r\n                    <\/div>\r\n                    <div class = \"td-button td-item6\">\r\n                        <div class = \"td-border\"><\/div>\r\n                    <\/div>\r\n                    <div class = \"td-button td-item7\">\r\n                        <div class = \"td-border\"><\/div>\r\n                    <\/div>\r\n                            <\/div>\r\n                        <\/div>\r\n\r\n                    <\/div>\r\n\r\n                <\/div>\r\n                \n","protected":false},"excerpt":{"rendered":"<p>El s\u00e1bado se realizar\u00e1 el acto inaugural y se aguarda una importante presencia de dirigentes pol\u00edticos. La rectora Marisa Rovera destac\u00f3 la importancia de la exposici\u00f3n y anticip\u00f3 la presencia de la UNRC que permitir\u00e1 visibilizar la actividad universitaria. UNRCRadio \u00b7 Marisa Rovera La vicerrectora Nora Bianconi dijo que la participaci\u00f3n de la UNRC en [&hellip;]<\/p>\n","protected":false},"author":2,"featured_media":31214,"comment_status":"open","ping_status":"open","sticky":false,"template":"","format":"standard","meta":{"footnotes":""},"categories":[17],"tags":[],"class_list":{"0":"post-31213","1":"post","2":"type-post","3":"status-publish","4":"format-standard","5":"has-post-thumbnail","7":"category-universitarias"},"yoast_head":"<!-- This site is optimized with the Yoast SEO plugin v21.5 - https:\/\/yoast.com\/wordpress\/plugins\/seo\/ -->\n<title>Con la presencia de autoridades universitarias, abri\u00f3 la muestra de la Sociedad Rural - Radio UNRC<\/title>\n<meta name=\"description\" content=\"La radio que te hace sentir y pensar.\" \/>\n<meta name=\"robots\" content=\"index, follow, max-snippet:-1, max-image-preview:large, max-video-preview:-1\" \/>\n<link rel=\"canonical\" href=\"https:\/\/radio.unrc.edu.ar\/?p=31213\" \/>\n<meta property=\"og:locale\" content=\"es_ES\" \/>\n<meta property=\"og:type\" content=\"article\" \/>\n<meta property=\"og:title\" content=\"Con la presencia de autoridades universitarias, abri\u00f3 la muestra de la Sociedad Rural - Radio UNRC\" \/>\n<meta property=\"og:description\" content=\"La radio que te hace sentir y pensar.\" \/>\n<meta property=\"og:url\" content=\"https:\/\/radio.unrc.edu.ar\/?p=31213\" \/>\n<meta property=\"og:site_name\" content=\"Radio UNRC\" \/>\n<meta property=\"article:publisher\" content=\"https:\/\/www.facebook.com\/radiounrc\" \/>\n<meta property=\"article:published_time\" content=\"2025-09-10T13:50:47+00:00\" \/>\n<meta property=\"article:modified_time\" content=\"2025-09-13T13:21:34+00:00\" \/>\n<meta property=\"og:image\" content=\"https:\/\/radio.unrc.edu.ar\/wp-content\/uploads\/2025\/09\/rural.jpg\" \/>\n\t<meta property=\"og:image:width\" content=\"1280\" \/>\n\t<meta property=\"og:image:height\" content=\"740\" \/>\n\t<meta property=\"og:image:type\" content=\"image\/jpeg\" \/>\n<meta name=\"author\" content=\"majo\" \/>\n<meta name=\"twitter:card\" content=\"summary_large_image\" \/>\n<meta name=\"twitter:label1\" content=\"Escrito por\" \/>\n\t<meta name=\"twitter:data1\" content=\"majo\" \/>\n\t<meta name=\"twitter:label2\" content=\"Tiempo de lectura\" \/>\n\t<meta name=\"twitter:data2\" content=\"1 minuto\" \/>\n<script type=\"application\/ld+json\" class=\"yoast-schema-graph\">{\"@context\":\"https:\/\/schema.org\",\"@graph\":[{\"@type\":\"Article\",\"@id\":\"https:\/\/radio.unrc.edu.ar\/?p=31213#article\",\"isPartOf\":{\"@id\":\"https:\/\/radio.unrc.edu.ar\/?p=31213\"},\"author\":{\"name\":\"majo\",\"@id\":\"https:\/\/radio.unrc.edu.ar\/#\/schema\/person\/197edd08d015632a43a5e6a515c4f7a6\"},\"headline\":\"Con la presencia de autoridades universitarias, abri\u00f3 la muestra de la Sociedad Rural\",\"datePublished\":\"2025-09-10T13:50:47+00:00\",\"dateModified\":\"2025-09-13T13:21:34+00:00\",\"mainEntityOfPage\":{\"@id\":\"https:\/\/radio.unrc.edu.ar\/?p=31213\"},\"wordCount\":195,\"commentCount\":0,\"publisher\":{\"@id\":\"https:\/\/radio.unrc.edu.ar\/#organization\"},\"articleSection\":[\"Universitarias\"],\"inLanguage\":\"es\",\"potentialAction\":[{\"@type\":\"CommentAction\",\"name\":\"Comment\",\"target\":[\"https:\/\/radio.unrc.edu.ar\/?p=31213#respond\"]}]},{\"@type\":\"WebPage\",\"@id\":\"https:\/\/radio.unrc.edu.ar\/?p=31213\",\"url\":\"https:\/\/radio.unrc.edu.ar\/?p=31213\",\"name\":\"Con la presencia de autoridades universitarias, abri\u00f3 la muestra de la Sociedad Rural - Radio UNRC\",\"isPartOf\":{\"@id\":\"https:\/\/radio.unrc.edu.ar\/#website\"},\"datePublished\":\"2025-09-10T13:50:47+00:00\",\"dateModified\":\"2025-09-13T13:21:34+00:00\",\"description\":\"La radio que te hace sentir y pensar.\",\"breadcrumb\":{\"@id\":\"https:\/\/radio.unrc.edu.ar\/?p=31213#breadcrumb\"},\"inLanguage\":\"es\",\"potentialAction\":[{\"@type\":\"ReadAction\",\"target\":[\"https:\/\/radio.unrc.edu.ar\/?p=31213\"]}]},{\"@type\":\"BreadcrumbList\",\"@id\":\"https:\/\/radio.unrc.edu.ar\/?p=31213#breadcrumb\",\"itemListElement\":[{\"@type\":\"ListItem\",\"position\":1,\"name\":\"Portada\",\"item\":\"https:\/\/radio.unrc.edu.ar\/\"},{\"@type\":\"ListItem\",\"position\":2,\"name\":\"Con la presencia de autoridades universitarias, abri\u00f3 la muestra de la Sociedad Rural\"}]},{\"@type\":\"WebSite\",\"@id\":\"https:\/\/radio.unrc.edu.ar\/#website\",\"url\":\"https:\/\/radio.unrc.edu.ar\/\",\"name\":\"Radio UNRC\",\"description\":\"La Radio de la Uni, la que te hace sentir y pensar\",\"publisher\":{\"@id\":\"https:\/\/radio.unrc.edu.ar\/#organization\"},\"potentialAction\":[{\"@type\":\"SearchAction\",\"target\":{\"@type\":\"EntryPoint\",\"urlTemplate\":\"https:\/\/radio.unrc.edu.ar\/?s={search_term_string}\"},\"query-input\":\"required name=search_term_string\"}],\"inLanguage\":\"es\"},{\"@type\":\"Organization\",\"@id\":\"https:\/\/radio.unrc.edu.ar\/#organization\",\"name\":\"Radio UNRC\",\"url\":\"https:\/\/radio.unrc.edu.ar\/\",\"logo\":{\"@type\":\"ImageObject\",\"inLanguage\":\"es\",\"@id\":\"https:\/\/radio.unrc.edu.ar\/#\/schema\/logo\/image\/\",\"url\":\"https:\/\/radio.unrc.edu.ar\/wp-content\/uploads\/2022\/03\/logo-radio-544.png\",\"contentUrl\":\"https:\/\/radio.unrc.edu.ar\/wp-content\/uploads\/2022\/03\/logo-radio-544.png\",\"width\":544,\"height\":180,\"caption\":\"Radio UNRC\"},\"image\":{\"@id\":\"https:\/\/radio.unrc.edu.ar\/#\/schema\/logo\/image\/\"},\"sameAs\":[\"https:\/\/www.facebook.com\/radiounrc\",\"https:\/\/www.instagram.com\/radiounrc\/\"]},{\"@type\":\"Person\",\"@id\":\"https:\/\/radio.unrc.edu.ar\/#\/schema\/person\/197edd08d015632a43a5e6a515c4f7a6\",\"name\":\"majo\",\"image\":{\"@type\":\"ImageObject\",\"inLanguage\":\"es\",\"@id\":\"https:\/\/radio.unrc.edu.ar\/#\/schema\/person\/image\/\",\"url\":\"https:\/\/secure.gravatar.com\/avatar\/6806165fb7635331b44fb331ffb478c3230b9d62d675244a0e2dfd0cb8d8b503?s=96&d=mm&r=g\",\"contentUrl\":\"https:\/\/secure.gravatar.com\/avatar\/6806165fb7635331b44fb331ffb478c3230b9d62d675244a0e2dfd0cb8d8b503?s=96&d=mm&r=g\",\"caption\":\"majo\"},\"url\":\"https:\/\/radio.unrc.edu.ar\/?author=2\"}]}<\/script>\n<!-- \/ Yoast SEO plugin. -->","yoast_head_json":{"title":"Con la presencia de autoridades universitarias, abri\u00f3 la muestra de la Sociedad Rural - Radio UNRC","description":"La radio que te hace sentir y pensar.","robots":{"index":"index","follow":"follow","max-snippet":"max-snippet:-1","max-image-preview":"max-image-preview:large","max-video-preview":"max-video-preview:-1"},"canonical":"https:\/\/radio.unrc.edu.ar\/?p=31213","og_locale":"es_ES","og_type":"article","og_title":"Con la presencia de autoridades universitarias, abri\u00f3 la muestra de la Sociedad Rural - Radio UNRC","og_description":"La radio que te hace sentir y pensar.","og_url":"https:\/\/radio.unrc.edu.ar\/?p=31213","og_site_name":"Radio UNRC","article_publisher":"https:\/\/www.facebook.com\/radiounrc","article_published_time":"2025-09-10T13:50:47+00:00","article_modified_time":"2025-09-13T13:21:34+00:00","og_image":[{"width":1280,"height":740,"url":"https:\/\/radio.unrc.edu.ar\/wp-content\/uploads\/2025\/09\/rural.jpg","type":"image\/jpeg"}],"author":"majo","twitter_card":"summary_large_image","twitter_misc":{"Escrito por":"majo","Tiempo de lectura":"1 minuto"},"schema":{"@context":"https:\/\/schema.org","@graph":[{"@type":"Article","@id":"https:\/\/radio.unrc.edu.ar\/?p=31213#article","isPartOf":{"@id":"https:\/\/radio.unrc.edu.ar\/?p=31213"},"author":{"name":"majo","@id":"https:\/\/radio.unrc.edu.ar\/#\/schema\/person\/197edd08d015632a43a5e6a515c4f7a6"},"headline":"Con la presencia de autoridades universitarias, abri\u00f3 la muestra de la Sociedad Rural","datePublished":"2025-09-10T13:50:47+00:00","dateModified":"2025-09-13T13:21:34+00:00","mainEntityOfPage":{"@id":"https:\/\/radio.unrc.edu.ar\/?p=31213"},"wordCount":195,"commentCount":0,"publisher":{"@id":"https:\/\/radio.unrc.edu.ar\/#organization"},"articleSection":["Universitarias"],"inLanguage":"es","potentialAction":[{"@type":"CommentAction","name":"Comment","target":["https:\/\/radio.unrc.edu.ar\/?p=31213#respond"]}]},{"@type":"WebPage","@id":"https:\/\/radio.unrc.edu.ar\/?p=31213","url":"https:\/\/radio.unrc.edu.ar\/?p=31213","name":"Con la presencia de autoridades universitarias, abri\u00f3 la muestra de la Sociedad Rural - Radio UNRC","isPartOf":{"@id":"https:\/\/radio.unrc.edu.ar\/#website"},"datePublished":"2025-09-10T13:50:47+00:00","dateModified":"2025-09-13T13:21:34+00:00","description":"La radio que te hace sentir y pensar.","breadcrumb":{"@id":"https:\/\/radio.unrc.edu.ar\/?p=31213#breadcrumb"},"inLanguage":"es","potentialAction":[{"@type":"ReadAction","target":["https:\/\/radio.unrc.edu.ar\/?p=31213"]}]},{"@type":"BreadcrumbList","@id":"https:\/\/radio.unrc.edu.ar\/?p=31213#breadcrumb","itemListElement":[{"@type":"ListItem","position":1,"name":"Portada","item":"https:\/\/radio.unrc.edu.ar\/"},{"@type":"ListItem","position":2,"name":"Con la presencia de autoridades universitarias, abri\u00f3 la muestra de la Sociedad Rural"}]},{"@type":"WebSite","@id":"https:\/\/radio.unrc.edu.ar\/#website","url":"https:\/\/radio.unrc.edu.ar\/","name":"Radio UNRC","description":"La Radio de la Uni, la que te hace sentir y pensar","publisher":{"@id":"https:\/\/radio.unrc.edu.ar\/#organization"},"potentialAction":[{"@type":"SearchAction","target":{"@type":"EntryPoint","urlTemplate":"https:\/\/radio.unrc.edu.ar\/?s={search_term_string}"},"query-input":"required name=search_term_string"}],"inLanguage":"es"},{"@type":"Organization","@id":"https:\/\/radio.unrc.edu.ar\/#organization","name":"Radio UNRC","url":"https:\/\/radio.unrc.edu.ar\/","logo":{"@type":"ImageObject","inLanguage":"es","@id":"https:\/\/radio.unrc.edu.ar\/#\/schema\/logo\/image\/","url":"https:\/\/radio.unrc.edu.ar\/wp-content\/uploads\/2022\/03\/logo-radio-544.png","contentUrl":"https:\/\/radio.unrc.edu.ar\/wp-content\/uploads\/2022\/03\/logo-radio-544.png","width":544,"height":180,"caption":"Radio UNRC"},"image":{"@id":"https:\/\/radio.unrc.edu.ar\/#\/schema\/logo\/image\/"},"sameAs":["https:\/\/www.facebook.com\/radiounrc","https:\/\/www.instagram.com\/radiounrc\/"]},{"@type":"Person","@id":"https:\/\/radio.unrc.edu.ar\/#\/schema\/person\/197edd08d015632a43a5e6a515c4f7a6","name":"majo","image":{"@type":"ImageObject","inLanguage":"es","@id":"https:\/\/radio.unrc.edu.ar\/#\/schema\/person\/image\/","url":"https:\/\/secure.gravatar.com\/avatar\/6806165fb7635331b44fb331ffb478c3230b9d62d675244a0e2dfd0cb8d8b503?s=96&d=mm&r=g","contentUrl":"https:\/\/secure.gravatar.com\/avatar\/6806165fb7635331b44fb331ffb478c3230b9d62d675244a0e2dfd0cb8d8b503?s=96&d=mm&r=g","caption":"majo"},"url":"https:\/\/radio.unrc.edu.ar\/?author=2"}]}},"_links":{"self":[{"href":"https:\/\/radio.unrc.edu.ar\/index.php?rest_route=\/wp\/v2\/posts\/31213","targetHints":{"allow":["GET"]}}],"collection":[{"href":"https:\/\/radio.unrc.edu.ar\/index.php?rest_route=\/wp\/v2\/posts"}],"about":[{"href":"https:\/\/radio.unrc.edu.ar\/index.php?rest_route=\/wp\/v2\/types\/post"}],"author":[{"embeddable":true,"href":"https:\/\/radio.unrc.edu.ar\/index.php?rest_route=\/wp\/v2\/users\/2"}],"replies":[{"embeddable":true,"href":"https:\/\/radio.unrc.edu.ar\/index.php?rest_route=%2Fwp%2Fv2%2Fcomments&post=31213"}],"version-history":[{"count":3,"href":"https:\/\/radio.unrc.edu.ar\/index.php?rest_route=\/wp\/v2\/posts\/31213\/revisions"}],"predecessor-version":[{"id":31243,"href":"https:\/\/radio.unrc.edu.ar\/index.php?rest_route=\/wp\/v2\/posts\/31213\/revisions\/31243"}],"wp:featuredmedia":[{"embeddable":true,"href":"https:\/\/radio.unrc.edu.ar\/index.php?rest_route=\/wp\/v2\/media\/31214"}],"wp:attachment":[{"href":"https:\/\/radio.unrc.edu.ar\/index.php?rest_route=%2Fwp%2Fv2%2Fmedia&parent=31213"}],"wp:term":[{"taxonomy":"category","embeddable":true,"href":"https:\/\/radio.unrc.edu.ar\/index.php?rest_route=%2Fwp%2Fv2%2Fcategories&post=31213"},{"taxonomy":"post_tag","embeddable":true,"href":"https:\/\/radio.unrc.edu.ar\/index.php?rest_route=%2Fwp%2Fv2%2Ftags&post=31213"}],"curies":[{"name":"wp","href":"https:\/\/api.w.org\/{rel}","templated":true}]}}