{"id":3183,"date":"2023-02-27T23:11:16","date_gmt":"2023-02-27T23:11:16","guid":{"rendered":"https:\/\/radio.unrc.edu.ar\/?p=3183"},"modified":"2023-03-01T13:19:44","modified_gmt":"2023-03-01T13:19:44","slug":"paro-docente-en-el-ambito-publico-acato-mas-del-80-en-el-privado-75","status":"publish","type":"post","link":"https:\/\/radio.unrc.edu.ar\/?p=3183","title":{"rendered":"Paro docente: en el \u00e1mbito p\u00fablico acat\u00f3 m\u00e1s del 80%, en el privado 75%"},"content":{"rendered":"<p>Sumados todos los niveles, la cifra llega al 83%, seg\u00fan lo manifest\u00f3 el titular de la UEPC en R\u00edo Cuarto, Juan Simes.<\/p>\n<p>El docente consider\u00f3 que la movilizaci\u00f3n en C\u00f3rdoba fue ejemplar y remarc\u00f3 que todav\u00eda no hay una propuesta salarial del gobierno provincial.<\/p>\n<p><iframe width=\"100%\" height=\"300\" scrolling=\"no\" frameborder=\"no\" allow=\"autoplay\" src=\"https:\/\/w.soundcloud.com\/player\/?url=https%3A\/\/api.soundcloud.com\/tracks\/1457474044&#038;color=%23ff5500&#038;auto_play=false&#038;hide_related=false&#038;show_comments=true&#038;show_user=true&#038;show_reposts=false&#038;show_teaser=true&#038;visual=true\"><\/iframe><\/p>\n<div style=\"font-size: 10px; color: #cccccc;line-break: anywhere;word-break: normal;overflow: hidden;white-space: nowrap;text-overflow: ellipsis; font-family: Interstate,Lucida Grande,Lucida Sans Unicode,Lucida Sans,Garuda,Verdana,Tahoma,sans-serif;font-weight: 100;\"><a href=\"https:\/\/soundcloud.com\/radiounrc97-7\" title=\"RadioUNRC97.7\" target=\"_blank\" style=\"color: #cccccc; text-decoration: none;\" rel=\"noopener\">RadioUNRC97.7<\/a> \u00b7 <a href=\"https:\/\/soundcloud.com\/radiounrc97-7\/juan-simes\" title=\"Juan Simes\" target=\"_blank\" style=\"color: #cccccc; text-decoration: none;\" rel=\"noopener\">Juan Simes<\/a><\/div>\n<p>En las escuelas privadas de la ciudad y regi\u00f3n, el acatamiento al paro en el nivel inicial y primario estuvo por encima del 75%.<\/p>\n<p>Esto lo dijo Cristina Wendel, secretaria adjunta de SADOP en R\u00edo Cuarto. Cont\u00f3 que esta semana se definir\u00e1n nuevas medidas de fuerza si no hay una propuesta salarial.<\/p>\n<p><iframe width=\"100%\" height=\"300\" scrolling=\"no\" frameborder=\"no\" allow=\"autoplay\" src=\"https:\/\/w.soundcloud.com\/player\/?url=https%3A\/\/api.soundcloud.com\/tracks\/1457475676&#038;color=%23ff5500&#038;auto_play=false&#038;hide_related=false&#038;show_comments=true&#038;show_user=true&#038;show_reposts=false&#038;show_teaser=true&#038;visual=true\"><\/iframe><\/p>\n<div style=\"font-size: 10px; color: #cccccc;line-break: anywhere;word-break: normal;overflow: hidden;white-space: nowrap;text-overflow: ellipsis; font-family: Interstate,Lucida Grande,Lucida Sans Unicode,Lucida Sans,Garuda,Verdana,Tahoma,sans-serif;font-weight: 100;\"><a href=\"https:\/\/soundcloud.com\/radiounrc97-7\" title=\"RadioUNRC97.7\" target=\"_blank\" style=\"color: #cccccc; text-decoration: none;\" rel=\"noopener\">RadioUNRC97.7<\/a> \u00b7 <a href=\"https:\/\/soundcloud.com\/radiounrc97-7\/cristina-wendel\" title=\"Cristina Wendel\" target=\"_blank\" style=\"color: #cccccc; text-decoration: none;\" rel=\"noopener\">Cristina Wendel<\/a><\/div>\n<p>En tanto, docentes autoconvocados adhirieron al paro y se movilizaron en el centro de la ciudad.<\/p>\n<p>Nedi L\u00f3pez, una de las manifestantes, coment\u00f3 que el ofrecimiento salarial no satisface al sector y adem\u00e1s mencion\u00f3 otros reclamos que realizan.<\/p>\n<p><iframe width=\"100%\" height=\"300\" scrolling=\"no\" frameborder=\"no\" allow=\"autoplay\" src=\"https:\/\/w.soundcloud.com\/player\/?url=https%3A\/\/api.soundcloud.com\/tracks\/1457474830&#038;color=%23ff5500&#038;auto_play=false&#038;hide_related=false&#038;show_comments=true&#038;show_user=true&#038;show_reposts=false&#038;show_teaser=true&#038;visual=true\"><\/iframe><\/p>\n<div style=\"font-size: 10px; color: #cccccc;line-break: anywhere;word-break: normal;overflow: hidden;white-space: nowrap;text-overflow: ellipsis; font-family: Interstate,Lucida Grande,Lucida Sans Unicode,Lucida Sans,Garuda,Verdana,Tahoma,sans-serif;font-weight: 100;\"><a href=\"https:\/\/soundcloud.com\/radiounrc97-7\" title=\"RadioUNRC97.7\" target=\"_blank\" style=\"color: #cccccc; text-decoration: none;\" rel=\"noopener\">RadioUNRC97.7<\/a> \u00b7 <a href=\"https:\/\/soundcloud.com\/radiounrc97-7\/nedi-lopez\" title=\"Nedi L\u00f3pez\" target=\"_blank\" style=\"color: #cccccc; text-decoration: none;\" rel=\"noopener\">Nedi L\u00f3pez<\/a><\/div>\n","protected":false},"excerpt":{"rendered":"<p>Sumados todos los niveles, la cifra llega al 83%, seg\u00fan lo manifest\u00f3 el titular de la UEPC en R\u00edo Cuarto, Juan Simes. El docente consider\u00f3 que la movilizaci\u00f3n en C\u00f3rdoba fue ejemplar y remarc\u00f3 que todav\u00eda no hay una propuesta salarial del gobierno provincial. RadioUNRC97.7 \u00b7 Juan Simes En las escuelas privadas de la ciudad [&hellip;]<\/p>\n","protected":false},"author":3,"featured_media":3184,"comment_status":"open","ping_status":"open","sticky":false,"template":"","format":"standard","meta":{"footnotes":""},"categories":[18],"tags":[],"class_list":{"0":"post-3183","1":"post","2":"type-post","3":"status-publish","4":"format-standard","5":"has-post-thumbnail","7":"category-locales"},"yoast_head":"<!-- This site is optimized with the Yoast SEO plugin v21.5 - https:\/\/yoast.com\/wordpress\/plugins\/seo\/ -->\n<title>Paro docente: en el \u00e1mbito p\u00fablico acat\u00f3 m\u00e1s del 80%, en el privado 75% - Radio UNRC<\/title>\n<meta name=\"description\" content=\"La radio que te hace sentir y pensar.\" \/>\n<meta name=\"robots\" content=\"index, follow, max-snippet:-1, max-image-preview:large, max-video-preview:-1\" \/>\n<link rel=\"canonical\" href=\"https:\/\/radio.unrc.edu.ar\/?p=3183\" \/>\n<meta property=\"og:locale\" content=\"es_ES\" \/>\n<meta property=\"og:type\" content=\"article\" \/>\n<meta property=\"og:title\" content=\"Paro docente: en el \u00e1mbito p\u00fablico acat\u00f3 m\u00e1s del 80%, en el privado 75% - Radio UNRC\" \/>\n<meta property=\"og:description\" content=\"La radio que te hace sentir y pensar.\" \/>\n<meta property=\"og:url\" content=\"https:\/\/radio.unrc.edu.ar\/?p=3183\" \/>\n<meta property=\"og:site_name\" content=\"Radio UNRC\" \/>\n<meta property=\"article:publisher\" content=\"https:\/\/www.facebook.com\/radiounrc\" \/>\n<meta property=\"article:published_time\" content=\"2023-02-27T23:11:16+00:00\" \/>\n<meta property=\"article:modified_time\" content=\"2023-03-01T13:19:44+00:00\" \/>\n<meta property=\"og:image\" content=\"https:\/\/radio.unrc.edu.ar\/wp-content\/uploads\/2023\/02\/uepc.jpg\" \/>\n\t<meta property=\"og:image:width\" content=\"1280\" \/>\n\t<meta property=\"og:image:height\" content=\"740\" \/>\n\t<meta property=\"og:image:type\" content=\"image\/jpeg\" \/>\n<meta name=\"author\" content=\"emiliano\" \/>\n<meta name=\"twitter:card\" content=\"summary_large_image\" \/>\n<meta name=\"twitter:label1\" content=\"Escrito por\" \/>\n\t<meta name=\"twitter:data1\" content=\"emiliano\" \/>\n\t<meta name=\"twitter:label2\" content=\"Tiempo de lectura\" \/>\n\t<meta name=\"twitter:data2\" content=\"1 minuto\" \/>\n<script type=\"application\/ld+json\" class=\"yoast-schema-graph\">{\"@context\":\"https:\/\/schema.org\",\"@graph\":[{\"@type\":\"Article\",\"@id\":\"https:\/\/radio.unrc.edu.ar\/?p=3183#article\",\"isPartOf\":{\"@id\":\"https:\/\/radio.unrc.edu.ar\/?p=3183\"},\"author\":{\"name\":\"emiliano\",\"@id\":\"https:\/\/radio.unrc.edu.ar\/#\/schema\/person\/33c70d97cd2981bc6512850c2abf21ff\"},\"headline\":\"Paro docente: en el \u00e1mbito p\u00fablico acat\u00f3 m\u00e1s del 80%, en el privado 75%\",\"datePublished\":\"2023-02-27T23:11:16+00:00\",\"dateModified\":\"2023-03-01T13:19:44+00:00\",\"mainEntityOfPage\":{\"@id\":\"https:\/\/radio.unrc.edu.ar\/?p=3183\"},\"wordCount\":166,\"commentCount\":0,\"publisher\":{\"@id\":\"https:\/\/radio.unrc.edu.ar\/#organization\"},\"articleSection\":[\"Locales\"],\"inLanguage\":\"es\",\"potentialAction\":[{\"@type\":\"CommentAction\",\"name\":\"Comment\",\"target\":[\"https:\/\/radio.unrc.edu.ar\/?p=3183#respond\"]}]},{\"@type\":\"WebPage\",\"@id\":\"https:\/\/radio.unrc.edu.ar\/?p=3183\",\"url\":\"https:\/\/radio.unrc.edu.ar\/?p=3183\",\"name\":\"Paro docente: en el \u00e1mbito p\u00fablico acat\u00f3 m\u00e1s del 80%, en el privado 75% - Radio UNRC\",\"isPartOf\":{\"@id\":\"https:\/\/radio.unrc.edu.ar\/#website\"},\"datePublished\":\"2023-02-27T23:11:16+00:00\",\"dateModified\":\"2023-03-01T13:19:44+00:00\",\"description\":\"La radio que te hace sentir y pensar.\",\"breadcrumb\":{\"@id\":\"https:\/\/radio.unrc.edu.ar\/?p=3183#breadcrumb\"},\"inLanguage\":\"es\",\"potentialAction\":[{\"@type\":\"ReadAction\",\"target\":[\"https:\/\/radio.unrc.edu.ar\/?p=3183\"]}]},{\"@type\":\"BreadcrumbList\",\"@id\":\"https:\/\/radio.unrc.edu.ar\/?p=3183#breadcrumb\",\"itemListElement\":[{\"@type\":\"ListItem\",\"position\":1,\"name\":\"Portada\",\"item\":\"https:\/\/radio.unrc.edu.ar\/\"},{\"@type\":\"ListItem\",\"position\":2,\"name\":\"Paro docente: en el \u00e1mbito p\u00fablico acat\u00f3 m\u00e1s del 80%, en el privado 75%\"}]},{\"@type\":\"WebSite\",\"@id\":\"https:\/\/radio.unrc.edu.ar\/#website\",\"url\":\"https:\/\/radio.unrc.edu.ar\/\",\"name\":\"Radio UNRC\",\"description\":\"La Radio de la Uni, la que te hace sentir y pensar\",\"publisher\":{\"@id\":\"https:\/\/radio.unrc.edu.ar\/#organization\"},\"potentialAction\":[{\"@type\":\"SearchAction\",\"target\":{\"@type\":\"EntryPoint\",\"urlTemplate\":\"https:\/\/radio.unrc.edu.ar\/?s={search_term_string}\"},\"query-input\":\"required name=search_term_string\"}],\"inLanguage\":\"es\"},{\"@type\":\"Organization\",\"@id\":\"https:\/\/radio.unrc.edu.ar\/#organization\",\"name\":\"Radio UNRC\",\"url\":\"https:\/\/radio.unrc.edu.ar\/\",\"logo\":{\"@type\":\"ImageObject\",\"inLanguage\":\"es\",\"@id\":\"https:\/\/radio.unrc.edu.ar\/#\/schema\/logo\/image\/\",\"url\":\"https:\/\/radio.unrc.edu.ar\/wp-content\/uploads\/2022\/03\/logo-radio-544.png\",\"contentUrl\":\"https:\/\/radio.unrc.edu.ar\/wp-content\/uploads\/2022\/03\/logo-radio-544.png\",\"width\":544,\"height\":180,\"caption\":\"Radio UNRC\"},\"image\":{\"@id\":\"https:\/\/radio.unrc.edu.ar\/#\/schema\/logo\/image\/\"},\"sameAs\":[\"https:\/\/www.facebook.com\/radiounrc\",\"https:\/\/www.instagram.com\/radiounrc\/\"]},{\"@type\":\"Person\",\"@id\":\"https:\/\/radio.unrc.edu.ar\/#\/schema\/person\/33c70d97cd2981bc6512850c2abf21ff\",\"name\":\"emiliano\",\"image\":{\"@type\":\"ImageObject\",\"inLanguage\":\"es\",\"@id\":\"https:\/\/radio.unrc.edu.ar\/#\/schema\/person\/image\/\",\"url\":\"https:\/\/secure.gravatar.com\/avatar\/96c203a9f3ab9e14fb64d9e099de90f736c89b4da443326dbe2e55610962893e?s=96&d=mm&r=g\",\"contentUrl\":\"https:\/\/secure.gravatar.com\/avatar\/96c203a9f3ab9e14fb64d9e099de90f736c89b4da443326dbe2e55610962893e?s=96&d=mm&r=g\",\"caption\":\"emiliano\"},\"url\":\"https:\/\/radio.unrc.edu.ar\/?author=3\"}]}<\/script>\n<!-- \/ Yoast SEO plugin. -->","yoast_head_json":{"title":"Paro docente: en el \u00e1mbito p\u00fablico acat\u00f3 m\u00e1s del 80%, en el privado 75% - Radio UNRC","description":"La radio que te hace sentir y pensar.","robots":{"index":"index","follow":"follow","max-snippet":"max-snippet:-1","max-image-preview":"max-image-preview:large","max-video-preview":"max-video-preview:-1"},"canonical":"https:\/\/radio.unrc.edu.ar\/?p=3183","og_locale":"es_ES","og_type":"article","og_title":"Paro docente: en el \u00e1mbito p\u00fablico acat\u00f3 m\u00e1s del 80%, en el privado 75% - Radio UNRC","og_description":"La radio que te hace sentir y pensar.","og_url":"https:\/\/radio.unrc.edu.ar\/?p=3183","og_site_name":"Radio UNRC","article_publisher":"https:\/\/www.facebook.com\/radiounrc","article_published_time":"2023-02-27T23:11:16+00:00","article_modified_time":"2023-03-01T13:19:44+00:00","og_image":[{"width":1280,"height":740,"url":"https:\/\/radio.unrc.edu.ar\/wp-content\/uploads\/2023\/02\/uepc.jpg","type":"image\/jpeg"}],"author":"emiliano","twitter_card":"summary_large_image","twitter_misc":{"Escrito por":"emiliano","Tiempo de lectura":"1 minuto"},"schema":{"@context":"https:\/\/schema.org","@graph":[{"@type":"Article","@id":"https:\/\/radio.unrc.edu.ar\/?p=3183#article","isPartOf":{"@id":"https:\/\/radio.unrc.edu.ar\/?p=3183"},"author":{"name":"emiliano","@id":"https:\/\/radio.unrc.edu.ar\/#\/schema\/person\/33c70d97cd2981bc6512850c2abf21ff"},"headline":"Paro docente: en el \u00e1mbito p\u00fablico acat\u00f3 m\u00e1s del 80%, en el privado 75%","datePublished":"2023-02-27T23:11:16+00:00","dateModified":"2023-03-01T13:19:44+00:00","mainEntityOfPage":{"@id":"https:\/\/radio.unrc.edu.ar\/?p=3183"},"wordCount":166,"commentCount":0,"publisher":{"@id":"https:\/\/radio.unrc.edu.ar\/#organization"},"articleSection":["Locales"],"inLanguage":"es","potentialAction":[{"@type":"CommentAction","name":"Comment","target":["https:\/\/radio.unrc.edu.ar\/?p=3183#respond"]}]},{"@type":"WebPage","@id":"https:\/\/radio.unrc.edu.ar\/?p=3183","url":"https:\/\/radio.unrc.edu.ar\/?p=3183","name":"Paro docente: en el \u00e1mbito p\u00fablico acat\u00f3 m\u00e1s del 80%, en el privado 75% - Radio UNRC","isPartOf":{"@id":"https:\/\/radio.unrc.edu.ar\/#website"},"datePublished":"2023-02-27T23:11:16+00:00","dateModified":"2023-03-01T13:19:44+00:00","description":"La radio que te hace sentir y pensar.","breadcrumb":{"@id":"https:\/\/radio.unrc.edu.ar\/?p=3183#breadcrumb"},"inLanguage":"es","potentialAction":[{"@type":"ReadAction","target":["https:\/\/radio.unrc.edu.ar\/?p=3183"]}]},{"@type":"BreadcrumbList","@id":"https:\/\/radio.unrc.edu.ar\/?p=3183#breadcrumb","itemListElement":[{"@type":"ListItem","position":1,"name":"Portada","item":"https:\/\/radio.unrc.edu.ar\/"},{"@type":"ListItem","position":2,"name":"Paro docente: en el \u00e1mbito p\u00fablico acat\u00f3 m\u00e1s del 80%, en el privado 75%"}]},{"@type":"WebSite","@id":"https:\/\/radio.unrc.edu.ar\/#website","url":"https:\/\/radio.unrc.edu.ar\/","name":"Radio UNRC","description":"La Radio de la Uni, la que te hace sentir y pensar","publisher":{"@id":"https:\/\/radio.unrc.edu.ar\/#organization"},"potentialAction":[{"@type":"SearchAction","target":{"@type":"EntryPoint","urlTemplate":"https:\/\/radio.unrc.edu.ar\/?s={search_term_string}"},"query-input":"required name=search_term_string"}],"inLanguage":"es"},{"@type":"Organization","@id":"https:\/\/radio.unrc.edu.ar\/#organization","name":"Radio UNRC","url":"https:\/\/radio.unrc.edu.ar\/","logo":{"@type":"ImageObject","inLanguage":"es","@id":"https:\/\/radio.unrc.edu.ar\/#\/schema\/logo\/image\/","url":"https:\/\/radio.unrc.edu.ar\/wp-content\/uploads\/2022\/03\/logo-radio-544.png","contentUrl":"https:\/\/radio.unrc.edu.ar\/wp-content\/uploads\/2022\/03\/logo-radio-544.png","width":544,"height":180,"caption":"Radio UNRC"},"image":{"@id":"https:\/\/radio.unrc.edu.ar\/#\/schema\/logo\/image\/"},"sameAs":["https:\/\/www.facebook.com\/radiounrc","https:\/\/www.instagram.com\/radiounrc\/"]},{"@type":"Person","@id":"https:\/\/radio.unrc.edu.ar\/#\/schema\/person\/33c70d97cd2981bc6512850c2abf21ff","name":"emiliano","image":{"@type":"ImageObject","inLanguage":"es","@id":"https:\/\/radio.unrc.edu.ar\/#\/schema\/person\/image\/","url":"https:\/\/secure.gravatar.com\/avatar\/96c203a9f3ab9e14fb64d9e099de90f736c89b4da443326dbe2e55610962893e?s=96&d=mm&r=g","contentUrl":"https:\/\/secure.gravatar.com\/avatar\/96c203a9f3ab9e14fb64d9e099de90f736c89b4da443326dbe2e55610962893e?s=96&d=mm&r=g","caption":"emiliano"},"url":"https:\/\/radio.unrc.edu.ar\/?author=3"}]}},"_links":{"self":[{"href":"https:\/\/radio.unrc.edu.ar\/index.php?rest_route=\/wp\/v2\/posts\/3183","targetHints":{"allow":["GET"]}}],"collection":[{"href":"https:\/\/radio.unrc.edu.ar\/index.php?rest_route=\/wp\/v2\/posts"}],"about":[{"href":"https:\/\/radio.unrc.edu.ar\/index.php?rest_route=\/wp\/v2\/types\/post"}],"author":[{"embeddable":true,"href":"https:\/\/radio.unrc.edu.ar\/index.php?rest_route=\/wp\/v2\/users\/3"}],"replies":[{"embeddable":true,"href":"https:\/\/radio.unrc.edu.ar\/index.php?rest_route=%2Fwp%2Fv2%2Fcomments&post=3183"}],"version-history":[{"count":3,"href":"https:\/\/radio.unrc.edu.ar\/index.php?rest_route=\/wp\/v2\/posts\/3183\/revisions"}],"predecessor-version":[{"id":3187,"href":"https:\/\/radio.unrc.edu.ar\/index.php?rest_route=\/wp\/v2\/posts\/3183\/revisions\/3187"}],"wp:featuredmedia":[{"embeddable":true,"href":"https:\/\/radio.unrc.edu.ar\/index.php?rest_route=\/wp\/v2\/media\/3184"}],"wp:attachment":[{"href":"https:\/\/radio.unrc.edu.ar\/index.php?rest_route=%2Fwp%2Fv2%2Fmedia&parent=3183"}],"wp:term":[{"taxonomy":"category","embeddable":true,"href":"https:\/\/radio.unrc.edu.ar\/index.php?rest_route=%2Fwp%2Fv2%2Fcategories&post=3183"},{"taxonomy":"post_tag","embeddable":true,"href":"https:\/\/radio.unrc.edu.ar\/index.php?rest_route=%2Fwp%2Fv2%2Ftags&post=3183"}],"curies":[{"name":"wp","href":"https:\/\/api.w.org\/{rel}","templated":true}]}}