{"id":32699,"date":"2025-10-22T20:18:02","date_gmt":"2025-10-22T23:18:02","guid":{"rendered":"https:\/\/radio.unrc.edu.ar\/?p=32699"},"modified":"2025-10-26T21:48:43","modified_gmt":"2025-10-27T00:48:43","slug":"mas-de-130-integrantes-de-la-guardia-local-se-formaron-en-prevencion-junto-a-la-unrc","status":"publish","type":"post","link":"https:\/\/radio.unrc.edu.ar\/?p=32699","title":{"rendered":"M\u00e1s de 130 integrantes de la Guardia Local se formaron en prevenci\u00f3n junto a la UNRC"},"content":{"rendered":"<p>Recibieron sus certificados en el Aula Mayor, al finalizar el curso  \u201cFormaci\u00f3n en Detecci\u00f3n Temprana de Conflictos y Facilitaci\u00f3n del Di\u00e1logo Comunitario. Herramientas para la Resoluci\u00f3n Pac\u00edfica en el Territorio\u201d. <\/p>\n<p>La iniciativa fue parte del convenio suscripto por nuestra universidad, el municipio, la Defensor\u00eda del Pueblo, el Concejo Deliberante y el Consejo Econ\u00f3mico y Social.<\/p>\n<p>La rectora Marisa Rovera dijo que este v\u00ednculo es una oportunidad para que la universidad represente un bien com\u00fan, al que puedan acceder los ciudadanos. <\/p>\n<p>Destac\u00f3 el rol extensionista de la universidad y el trabajo en conjunto.<\/p>\n<p><iframe width=\"100%\" height=\"300\" scrolling=\"no\" frameborder=\"no\" allow=\"autoplay\" src=\"https:\/\/w.soundcloud.com\/player\/?url=https%3A\/\/api.soundcloud.com\/tracks\/soundcloud%253Atracks%253A2196577143&#038;color=%23ff5500&#038;auto_play=false&#038;hide_related=false&#038;show_comments=true&#038;show_user=true&#038;show_reposts=false&#038;show_teaser=true&#038;visual=true\"><\/iframe><\/p>\n<div style=\"font-size: 10px; color: #cccccc;line-break: anywhere;word-break: normal;overflow: hidden;white-space: nowrap;text-overflow: ellipsis; font-family: Interstate,Lucida Grande,Lucida Sans Unicode,Lucida Sans,Garuda,Verdana,Tahoma,sans-serif;font-weight: 100;\"><a href=\"https:\/\/soundcloud.com\/radiounrc\" title=\"RadioUNRC\" target=\"_blank\" style=\"color: #cccccc; text-decoration: none;\">RadioUNRC<\/a> \u00b7 <a href=\"https:\/\/soundcloud.com\/radiounrc\/marisa-rovera\" title=\"Marisa Rovera\" target=\"_blank\" style=\"color: #cccccc; text-decoration: none;\">Marisa Rovera<\/a><\/div>\n<p>\u00abEstamos muy orgullosos de poder recibir esta certificaci\u00f3n\u00bb, dijo Gisela Rodr\u00edguez, integrante de la Guardia Local. <\/p>\n<p>Manifest\u00f3 que es importante, ante un conflicto, saber c\u00f3mo gestionarlo. Sostuvo que hay muchos conflictos de \u00edndole familiar y de tr\u00e1nsito, ante los cuales tienen nuevas herramientas a ra\u00edz de esta capacitaci\u00f3n.<\/p>\n<p><iframe width=\"100%\" height=\"300\" scrolling=\"no\" frameborder=\"no\" allow=\"autoplay\" src=\"https:\/\/w.soundcloud.com\/player\/?url=https%3A\/\/api.soundcloud.com\/tracks\/soundcloud%253Atracks%253A2196577423&#038;color=%23ff5500&#038;auto_play=false&#038;hide_related=false&#038;show_comments=true&#038;show_user=true&#038;show_reposts=false&#038;show_teaser=true&#038;visual=true\"><\/iframe><\/p>\n<div style=\"font-size: 10px; color: #cccccc;line-break: anywhere;word-break: normal;overflow: hidden;white-space: nowrap;text-overflow: ellipsis; font-family: Interstate,Lucida Grande,Lucida Sans Unicode,Lucida Sans,Garuda,Verdana,Tahoma,sans-serif;font-weight: 100;\"><a href=\"https:\/\/soundcloud.com\/radiounrc\" title=\"RadioUNRC\" target=\"_blank\" style=\"color: #cccccc; text-decoration: none;\">RadioUNRC<\/a> \u00b7 <a href=\"https:\/\/soundcloud.com\/radiounrc\/gisela-rodriguez\" title=\"Gisela Rodr\u00edguez\" target=\"_blank\" style=\"color: #cccccc; text-decoration: none;\">Gisela Rodr\u00edguez<\/a><\/div>\n<p>El intendente Guillermo De Rivas record\u00f3 que la Guardia Local fue una de sus promesas de campa\u00f1a<\/p>\n<p>Hizo menci\u00f3n a lo planteado como eje de campa\u00f1a en el debate organizado por la Universidad. Asegur\u00f3 que est\u00e1 en el camino del cumplimiento en materia de seguridad. De Rivas dijo que esta formaci\u00f3n fue producto de una mirada amplia de cada instituci\u00f3n que particip\u00f3 de la misma.<\/p>\n<p><iframe width=\"100%\" height=\"300\" scrolling=\"no\" frameborder=\"no\" allow=\"autoplay\" src=\"https:\/\/w.soundcloud.com\/player\/?url=https%3A\/\/api.soundcloud.com\/tracks\/soundcloud%253Atracks%253A2196579447&#038;color=%23ff5500&#038;auto_play=false&#038;hide_related=false&#038;show_comments=true&#038;show_user=true&#038;show_reposts=false&#038;show_teaser=true&#038;visual=true\"><\/iframe><\/p>\n<div style=\"font-size: 10px; color: #cccccc;line-break: anywhere;word-break: normal;overflow: hidden;white-space: nowrap;text-overflow: ellipsis; font-family: Interstate,Lucida Grande,Lucida Sans Unicode,Lucida Sans,Garuda,Verdana,Tahoma,sans-serif;font-weight: 100;\"><a href=\"https:\/\/soundcloud.com\/radiounrc\" title=\"RadioUNRC\" target=\"_blank\" style=\"color: #cccccc; text-decoration: none;\">RadioUNRC<\/a> \u00b7 <a href=\"https:\/\/soundcloud.com\/radiounrc\/de-rivas\" title=\"De Rivas\" target=\"_blank\" style=\"color: #cccccc; text-decoration: none;\">De Rivas<\/a><\/div>\n\r\n                <style type=\"text\/css\">\r\n                    \r\n                    #tdi_1  .td-doubleSlider-2 .td-item1 {\r\n                        background: url(https:\/\/radio.unrc.edu.ar\/wp-content\/uploads\/2025\/10\/2025_Sec.Extension_Entrega-de-certificados-22.jpg) 0 0 no-repeat;\r\n                    }\r\n                    #tdi_1  .td-doubleSlider-2 .td-item2 {\r\n                        background: url(https:\/\/radio.unrc.edu.ar\/wp-content\/uploads\/2025\/10\/2025_Sec.Extension_Entrega-de-certificados-62.jpg) 0 0 no-repeat;\r\n                    }\r\n                    #tdi_1  .td-doubleSlider-2 .td-item3 {\r\n                        background: url(https:\/\/radio.unrc.edu.ar\/wp-content\/uploads\/2025\/10\/2025_Sec.Extension_Entrega-de-certificados-75.jpg) 0 0 no-repeat;\r\n                    }\r\n                    #tdi_1  .td-doubleSlider-2 .td-item4 {\r\n                        background: url(https:\/\/radio.unrc.edu.ar\/wp-content\/uploads\/2025\/10\/2025_Sec.Extension_Entrega-de-certificados-26.jpg) 0 0 no-repeat;\r\n                    }\r\n                    #tdi_1  .td-doubleSlider-2 .td-item5 {\r\n                        background: url(https:\/\/radio.unrc.edu.ar\/wp-content\/uploads\/2025\/10\/2025_Sec.Extension_Entrega-de-certificados-45.jpg) 0 0 no-repeat;\r\n                    }\r\n                    #tdi_1  .td-doubleSlider-2 .td-item6 {\r\n                        background: url(https:\/\/radio.unrc.edu.ar\/wp-content\/uploads\/2025\/10\/2025_Sec.Extension_Entrega-de-certificados-16.jpg) 0 0 no-repeat;\r\n                    }\r\n                    #tdi_1  .td-doubleSlider-2 .td-item7 {\r\n                        background: url(https:\/\/radio.unrc.edu.ar\/wp-content\/uploads\/2025\/10\/2025_Sec.Extension_Entrega-de-certificados-6.jpg) 0 0 no-repeat;\r\n                    }\r\n                    #tdi_1  .td-doubleSlider-2 .td-item8 {\r\n                        background: url(https:\/\/radio.unrc.edu.ar\/wp-content\/uploads\/2025\/10\/2025_Sec.Extension_Entrega-de-certificados-113.jpg) 0 0 no-repeat;\r\n                    }\r\n                    #tdi_1  .td-doubleSlider-2 .td-item9 {\r\n                        background: url(https:\/\/radio.unrc.edu.ar\/wp-content\/uploads\/2025\/10\/2025_Sec.Extension_Entrega-de-certificados-108.jpg) 0 0 no-repeat;\r\n                    }\r\n                <\/style>\r\n\r\n                <div id=\"tdi_1\" class=\"td-gallery td-slide-on-2-columns\">\r\n                    <div class=\"post_td_gallery\">\r\n                        <div class=\"td-gallery-slide-top\">\r\n                           <div class=\"td-gallery-title\"><\/div>\r\n\r\n                            <div class=\"td-gallery-controls-wrapper\">\r\n                                <div class=\"td-gallery-slide-count\"><span class=\"td-gallery-slide-item-focus\">1<\/span> de 9<\/div>\r\n                                <div class=\"td-gallery-slide-prev-next-but\">\r\n                                    <i class = \"td-icon-left doubleSliderPrevButton\"><\/i>\r\n                                    <i class = \"td-icon-right doubleSliderNextButton\"><\/i>\r\n                                <\/div>\r\n                            <\/div>\r\n                        <\/div>\r\n\r\n                        <div class = \"td-doubleSlider-1 \">\r\n                            <div class = \"td-slider\">\r\n                                \r\n                    <div class = \"td-slide-item td-item1\">\r\n                        <figure class=\"td-slide-galery-figure td-slide-popup-gallery\">\r\n                            <a class=\"slide-gallery-image-link\" href=\"https:\/\/radio.unrc.edu.ar\/wp-content\/uploads\/2025\/10\/2025_Sec.Extension_Entrega-de-certificados-22.jpg\" title=\"2025_Sec.Extension_Entrega de certificados (22)\"  data-caption=\"\"  data-description=\"\">\r\n                                <img decoding=\"async\" src=\"https:\/\/radio.unrc.edu.ar\/wp-content\/uploads\/2025\/10\/2025_Sec.Extension_Entrega-de-certificados-22.jpg\" srcset=\"https:\/\/radio.unrc.edu.ar\/wp-content\/uploads\/2025\/10\/2025_Sec.Extension_Entrega-de-certificados-22.jpg 1772w, https:\/\/radio.unrc.edu.ar\/wp-content\/uploads\/2025\/10\/2025_Sec.Extension_Entrega-de-certificados-22-300x200.jpg 300w, https:\/\/radio.unrc.edu.ar\/wp-content\/uploads\/2025\/10\/2025_Sec.Extension_Entrega-de-certificados-22-1024x682.jpg 1024w, https:\/\/radio.unrc.edu.ar\/wp-content\/uploads\/2025\/10\/2025_Sec.Extension_Entrega-de-certificados-22-768x512.jpg 768w, https:\/\/radio.unrc.edu.ar\/wp-content\/uploads\/2025\/10\/2025_Sec.Extension_Entrega-de-certificados-22-1536x1024.jpg 1536w, https:\/\/radio.unrc.edu.ar\/wp-content\/uploads\/2025\/10\/2025_Sec.Extension_Entrega-de-certificados-22-150x100.jpg 150w, https:\/\/radio.unrc.edu.ar\/wp-content\/uploads\/2025\/10\/2025_Sec.Extension_Entrega-de-certificados-22-696x464.jpg 696w, https:\/\/radio.unrc.edu.ar\/wp-content\/uploads\/2025\/10\/2025_Sec.Extension_Entrega-de-certificados-22-1068x712.jpg 1068w\" sizes=\"(max-width: 1772px) 100vw, 1772px\" alt=\"\">\r\n                            <\/a>\r\n                            \r\n                        <\/figure>\r\n                    <\/div>\r\n                    <div class = \"td-slide-item td-item2\">\r\n                        <figure class=\"td-slide-galery-figure td-slide-popup-gallery\">\r\n                            <a class=\"slide-gallery-image-link\" href=\"https:\/\/radio.unrc.edu.ar\/wp-content\/uploads\/2025\/10\/2025_Sec.Extension_Entrega-de-certificados-62.jpg\" title=\"2025_Sec.Extension_Entrega de certificados (62)\"  data-caption=\"\"  data-description=\"\">\r\n                                <img decoding=\"async\" src=\"https:\/\/radio.unrc.edu.ar\/wp-content\/uploads\/2025\/10\/2025_Sec.Extension_Entrega-de-certificados-62.jpg\" srcset=\"https:\/\/radio.unrc.edu.ar\/wp-content\/uploads\/2025\/10\/2025_Sec.Extension_Entrega-de-certificados-62.jpg 1772w, https:\/\/radio.unrc.edu.ar\/wp-content\/uploads\/2025\/10\/2025_Sec.Extension_Entrega-de-certificados-62-300x200.jpg 300w, https:\/\/radio.unrc.edu.ar\/wp-content\/uploads\/2025\/10\/2025_Sec.Extension_Entrega-de-certificados-62-1024x682.jpg 1024w, https:\/\/radio.unrc.edu.ar\/wp-content\/uploads\/2025\/10\/2025_Sec.Extension_Entrega-de-certificados-62-768x512.jpg 768w, https:\/\/radio.unrc.edu.ar\/wp-content\/uploads\/2025\/10\/2025_Sec.Extension_Entrega-de-certificados-62-1536x1024.jpg 1536w, https:\/\/radio.unrc.edu.ar\/wp-content\/uploads\/2025\/10\/2025_Sec.Extension_Entrega-de-certificados-62-150x100.jpg 150w, https:\/\/radio.unrc.edu.ar\/wp-content\/uploads\/2025\/10\/2025_Sec.Extension_Entrega-de-certificados-62-696x464.jpg 696w, https:\/\/radio.unrc.edu.ar\/wp-content\/uploads\/2025\/10\/2025_Sec.Extension_Entrega-de-certificados-62-1068x712.jpg 1068w\" sizes=\"(max-width: 1772px) 100vw, 1772px\" alt=\"\">\r\n                            <\/a>\r\n                            \r\n                        <\/figure>\r\n                    <\/div>\r\n                    <div class = \"td-slide-item td-item3\">\r\n                        <figure class=\"td-slide-galery-figure td-slide-popup-gallery\">\r\n                            <a class=\"slide-gallery-image-link\" href=\"https:\/\/radio.unrc.edu.ar\/wp-content\/uploads\/2025\/10\/2025_Sec.Extension_Entrega-de-certificados-75.jpg\" title=\"2025_Sec.Extension_Entrega de certificados (75)\"  data-caption=\"\"  data-description=\"\">\r\n                                <img decoding=\"async\" src=\"https:\/\/radio.unrc.edu.ar\/wp-content\/uploads\/2025\/10\/2025_Sec.Extension_Entrega-de-certificados-75.jpg\" srcset=\"https:\/\/radio.unrc.edu.ar\/wp-content\/uploads\/2025\/10\/2025_Sec.Extension_Entrega-de-certificados-75.jpg 1772w, https:\/\/radio.unrc.edu.ar\/wp-content\/uploads\/2025\/10\/2025_Sec.Extension_Entrega-de-certificados-75-300x200.jpg 300w, https:\/\/radio.unrc.edu.ar\/wp-content\/uploads\/2025\/10\/2025_Sec.Extension_Entrega-de-certificados-75-1024x682.jpg 1024w, https:\/\/radio.unrc.edu.ar\/wp-content\/uploads\/2025\/10\/2025_Sec.Extension_Entrega-de-certificados-75-768x512.jpg 768w, https:\/\/radio.unrc.edu.ar\/wp-content\/uploads\/2025\/10\/2025_Sec.Extension_Entrega-de-certificados-75-1536x1024.jpg 1536w, https:\/\/radio.unrc.edu.ar\/wp-content\/uploads\/2025\/10\/2025_Sec.Extension_Entrega-de-certificados-75-150x100.jpg 150w, https:\/\/radio.unrc.edu.ar\/wp-content\/uploads\/2025\/10\/2025_Sec.Extension_Entrega-de-certificados-75-696x464.jpg 696w, https:\/\/radio.unrc.edu.ar\/wp-content\/uploads\/2025\/10\/2025_Sec.Extension_Entrega-de-certificados-75-1068x712.jpg 1068w\" sizes=\"(max-width: 1772px) 100vw, 1772px\" alt=\"\">\r\n                            <\/a>\r\n                            \r\n                        <\/figure>\r\n                    <\/div>\r\n                    <div class = \"td-slide-item td-item4\">\r\n                        <figure class=\"td-slide-galery-figure td-slide-popup-gallery\">\r\n                            <a class=\"slide-gallery-image-link\" href=\"https:\/\/radio.unrc.edu.ar\/wp-content\/uploads\/2025\/10\/2025_Sec.Extension_Entrega-de-certificados-26.jpg\" title=\"2025_Sec.Extension_Entrega de certificados (26)\"  data-caption=\"\"  data-description=\"\">\r\n                                <img decoding=\"async\" src=\"https:\/\/radio.unrc.edu.ar\/wp-content\/uploads\/2025\/10\/2025_Sec.Extension_Entrega-de-certificados-26.jpg\" srcset=\"https:\/\/radio.unrc.edu.ar\/wp-content\/uploads\/2025\/10\/2025_Sec.Extension_Entrega-de-certificados-26.jpg 1772w, https:\/\/radio.unrc.edu.ar\/wp-content\/uploads\/2025\/10\/2025_Sec.Extension_Entrega-de-certificados-26-300x200.jpg 300w, https:\/\/radio.unrc.edu.ar\/wp-content\/uploads\/2025\/10\/2025_Sec.Extension_Entrega-de-certificados-26-1024x682.jpg 1024w, https:\/\/radio.unrc.edu.ar\/wp-content\/uploads\/2025\/10\/2025_Sec.Extension_Entrega-de-certificados-26-768x512.jpg 768w, https:\/\/radio.unrc.edu.ar\/wp-content\/uploads\/2025\/10\/2025_Sec.Extension_Entrega-de-certificados-26-1536x1024.jpg 1536w, https:\/\/radio.unrc.edu.ar\/wp-content\/uploads\/2025\/10\/2025_Sec.Extension_Entrega-de-certificados-26-150x100.jpg 150w, https:\/\/radio.unrc.edu.ar\/wp-content\/uploads\/2025\/10\/2025_Sec.Extension_Entrega-de-certificados-26-696x464.jpg 696w, https:\/\/radio.unrc.edu.ar\/wp-content\/uploads\/2025\/10\/2025_Sec.Extension_Entrega-de-certificados-26-1068x712.jpg 1068w\" sizes=\"(max-width: 1772px) 100vw, 1772px\" alt=\"\">\r\n                            <\/a>\r\n                            \r\n                        <\/figure>\r\n                    <\/div>\r\n                    <div class = \"td-slide-item td-item5\">\r\n                        <figure class=\"td-slide-galery-figure td-slide-popup-gallery\">\r\n                            <a class=\"slide-gallery-image-link\" href=\"https:\/\/radio.unrc.edu.ar\/wp-content\/uploads\/2025\/10\/2025_Sec.Extension_Entrega-de-certificados-45.jpg\" title=\"2025_Sec.Extension_Entrega de certificados (45)\"  data-caption=\"\"  data-description=\"\">\r\n                                <img decoding=\"async\" src=\"https:\/\/radio.unrc.edu.ar\/wp-content\/uploads\/2025\/10\/2025_Sec.Extension_Entrega-de-certificados-45.jpg\" srcset=\"https:\/\/radio.unrc.edu.ar\/wp-content\/uploads\/2025\/10\/2025_Sec.Extension_Entrega-de-certificados-45.jpg 1772w, https:\/\/radio.unrc.edu.ar\/wp-content\/uploads\/2025\/10\/2025_Sec.Extension_Entrega-de-certificados-45-300x200.jpg 300w, https:\/\/radio.unrc.edu.ar\/wp-content\/uploads\/2025\/10\/2025_Sec.Extension_Entrega-de-certificados-45-1024x682.jpg 1024w, https:\/\/radio.unrc.edu.ar\/wp-content\/uploads\/2025\/10\/2025_Sec.Extension_Entrega-de-certificados-45-768x512.jpg 768w, https:\/\/radio.unrc.edu.ar\/wp-content\/uploads\/2025\/10\/2025_Sec.Extension_Entrega-de-certificados-45-1536x1024.jpg 1536w, https:\/\/radio.unrc.edu.ar\/wp-content\/uploads\/2025\/10\/2025_Sec.Extension_Entrega-de-certificados-45-150x100.jpg 150w, https:\/\/radio.unrc.edu.ar\/wp-content\/uploads\/2025\/10\/2025_Sec.Extension_Entrega-de-certificados-45-696x464.jpg 696w, https:\/\/radio.unrc.edu.ar\/wp-content\/uploads\/2025\/10\/2025_Sec.Extension_Entrega-de-certificados-45-1068x712.jpg 1068w\" sizes=\"(max-width: 1772px) 100vw, 1772px\" alt=\"\">\r\n                            <\/a>\r\n                            \r\n                        <\/figure>\r\n                    <\/div>\r\n                    <div class = \"td-slide-item td-item6\">\r\n                        <figure class=\"td-slide-galery-figure td-slide-popup-gallery\">\r\n                            <a class=\"slide-gallery-image-link\" href=\"https:\/\/radio.unrc.edu.ar\/wp-content\/uploads\/2025\/10\/2025_Sec.Extension_Entrega-de-certificados-16.jpg\" title=\"2025_Sec.Extension_Entrega de certificados (16)\"  data-caption=\"\"  data-description=\"\">\r\n                                <img decoding=\"async\" src=\"https:\/\/radio.unrc.edu.ar\/wp-content\/uploads\/2025\/10\/2025_Sec.Extension_Entrega-de-certificados-16.jpg\" srcset=\"https:\/\/radio.unrc.edu.ar\/wp-content\/uploads\/2025\/10\/2025_Sec.Extension_Entrega-de-certificados-16.jpg 1772w, https:\/\/radio.unrc.edu.ar\/wp-content\/uploads\/2025\/10\/2025_Sec.Extension_Entrega-de-certificados-16-300x200.jpg 300w, https:\/\/radio.unrc.edu.ar\/wp-content\/uploads\/2025\/10\/2025_Sec.Extension_Entrega-de-certificados-16-1024x682.jpg 1024w, https:\/\/radio.unrc.edu.ar\/wp-content\/uploads\/2025\/10\/2025_Sec.Extension_Entrega-de-certificados-16-768x512.jpg 768w, https:\/\/radio.unrc.edu.ar\/wp-content\/uploads\/2025\/10\/2025_Sec.Extension_Entrega-de-certificados-16-1536x1024.jpg 1536w, https:\/\/radio.unrc.edu.ar\/wp-content\/uploads\/2025\/10\/2025_Sec.Extension_Entrega-de-certificados-16-150x100.jpg 150w, https:\/\/radio.unrc.edu.ar\/wp-content\/uploads\/2025\/10\/2025_Sec.Extension_Entrega-de-certificados-16-696x464.jpg 696w, https:\/\/radio.unrc.edu.ar\/wp-content\/uploads\/2025\/10\/2025_Sec.Extension_Entrega-de-certificados-16-1068x712.jpg 1068w\" sizes=\"(max-width: 1772px) 100vw, 1772px\" alt=\"\">\r\n                            <\/a>\r\n                            \r\n                        <\/figure>\r\n                    <\/div>\r\n                    <div class = \"td-slide-item td-item7\">\r\n                        <figure class=\"td-slide-galery-figure td-slide-popup-gallery\">\r\n                            <a class=\"slide-gallery-image-link\" href=\"https:\/\/radio.unrc.edu.ar\/wp-content\/uploads\/2025\/10\/2025_Sec.Extension_Entrega-de-certificados-6.jpg\" title=\"2025_Sec.Extension_Entrega de certificados (6)\"  data-caption=\"\"  data-description=\"\">\r\n                                <img decoding=\"async\" src=\"https:\/\/radio.unrc.edu.ar\/wp-content\/uploads\/2025\/10\/2025_Sec.Extension_Entrega-de-certificados-6.jpg\" srcset=\"https:\/\/radio.unrc.edu.ar\/wp-content\/uploads\/2025\/10\/2025_Sec.Extension_Entrega-de-certificados-6.jpg 1772w, https:\/\/radio.unrc.edu.ar\/wp-content\/uploads\/2025\/10\/2025_Sec.Extension_Entrega-de-certificados-6-300x200.jpg 300w, https:\/\/radio.unrc.edu.ar\/wp-content\/uploads\/2025\/10\/2025_Sec.Extension_Entrega-de-certificados-6-1024x682.jpg 1024w, https:\/\/radio.unrc.edu.ar\/wp-content\/uploads\/2025\/10\/2025_Sec.Extension_Entrega-de-certificados-6-768x512.jpg 768w, https:\/\/radio.unrc.edu.ar\/wp-content\/uploads\/2025\/10\/2025_Sec.Extension_Entrega-de-certificados-6-1536x1024.jpg 1536w, https:\/\/radio.unrc.edu.ar\/wp-content\/uploads\/2025\/10\/2025_Sec.Extension_Entrega-de-certificados-6-150x100.jpg 150w, https:\/\/radio.unrc.edu.ar\/wp-content\/uploads\/2025\/10\/2025_Sec.Extension_Entrega-de-certificados-6-696x464.jpg 696w, https:\/\/radio.unrc.edu.ar\/wp-content\/uploads\/2025\/10\/2025_Sec.Extension_Entrega-de-certificados-6-1068x712.jpg 1068w\" sizes=\"(max-width: 1772px) 100vw, 1772px\" alt=\"\">\r\n                            <\/a>\r\n                            \r\n                        <\/figure>\r\n                    <\/div>\r\n                    <div class = \"td-slide-item td-item8\">\r\n                        <figure class=\"td-slide-galery-figure td-slide-popup-gallery\">\r\n                            <a class=\"slide-gallery-image-link\" href=\"https:\/\/radio.unrc.edu.ar\/wp-content\/uploads\/2025\/10\/2025_Sec.Extension_Entrega-de-certificados-113.jpg\" title=\"2025_Sec.Extension_Entrega de certificados (113)\"  data-caption=\"\"  data-description=\"\">\r\n                                <img decoding=\"async\" src=\"https:\/\/radio.unrc.edu.ar\/wp-content\/uploads\/2025\/10\/2025_Sec.Extension_Entrega-de-certificados-113.jpg\" srcset=\"https:\/\/radio.unrc.edu.ar\/wp-content\/uploads\/2025\/10\/2025_Sec.Extension_Entrega-de-certificados-113.jpg 1772w, https:\/\/radio.unrc.edu.ar\/wp-content\/uploads\/2025\/10\/2025_Sec.Extension_Entrega-de-certificados-113-300x200.jpg 300w, https:\/\/radio.unrc.edu.ar\/wp-content\/uploads\/2025\/10\/2025_Sec.Extension_Entrega-de-certificados-113-1024x682.jpg 1024w, https:\/\/radio.unrc.edu.ar\/wp-content\/uploads\/2025\/10\/2025_Sec.Extension_Entrega-de-certificados-113-768x512.jpg 768w, https:\/\/radio.unrc.edu.ar\/wp-content\/uploads\/2025\/10\/2025_Sec.Extension_Entrega-de-certificados-113-1536x1024.jpg 1536w, https:\/\/radio.unrc.edu.ar\/wp-content\/uploads\/2025\/10\/2025_Sec.Extension_Entrega-de-certificados-113-150x100.jpg 150w, https:\/\/radio.unrc.edu.ar\/wp-content\/uploads\/2025\/10\/2025_Sec.Extension_Entrega-de-certificados-113-696x464.jpg 696w, https:\/\/radio.unrc.edu.ar\/wp-content\/uploads\/2025\/10\/2025_Sec.Extension_Entrega-de-certificados-113-1068x712.jpg 1068w\" sizes=\"(max-width: 1772px) 100vw, 1772px\" alt=\"\">\r\n                            <\/a>\r\n                            \r\n                        <\/figure>\r\n                    <\/div>\r\n                    <div class = \"td-slide-item td-item9\">\r\n                        <figure class=\"td-slide-galery-figure td-slide-popup-gallery\">\r\n                            <a class=\"slide-gallery-image-link\" href=\"https:\/\/radio.unrc.edu.ar\/wp-content\/uploads\/2025\/10\/2025_Sec.Extension_Entrega-de-certificados-108.jpg\" title=\"2025_Sec.Extension_Entrega de certificados (108)\"  data-caption=\"\"  data-description=\"\">\r\n                                <img decoding=\"async\" src=\"https:\/\/radio.unrc.edu.ar\/wp-content\/uploads\/2025\/10\/2025_Sec.Extension_Entrega-de-certificados-108.jpg\" srcset=\"https:\/\/radio.unrc.edu.ar\/wp-content\/uploads\/2025\/10\/2025_Sec.Extension_Entrega-de-certificados-108.jpg 1675w, https:\/\/radio.unrc.edu.ar\/wp-content\/uploads\/2025\/10\/2025_Sec.Extension_Entrega-de-certificados-108-300x212.jpg 300w, https:\/\/radio.unrc.edu.ar\/wp-content\/uploads\/2025\/10\/2025_Sec.Extension_Entrega-de-certificados-108-1024x722.jpg 1024w, https:\/\/radio.unrc.edu.ar\/wp-content\/uploads\/2025\/10\/2025_Sec.Extension_Entrega-de-certificados-108-768x541.jpg 768w, https:\/\/radio.unrc.edu.ar\/wp-content\/uploads\/2025\/10\/2025_Sec.Extension_Entrega-de-certificados-108-1536x1083.jpg 1536w, https:\/\/radio.unrc.edu.ar\/wp-content\/uploads\/2025\/10\/2025_Sec.Extension_Entrega-de-certificados-108-150x106.jpg 150w, https:\/\/radio.unrc.edu.ar\/wp-content\/uploads\/2025\/10\/2025_Sec.Extension_Entrega-de-certificados-108-696x491.jpg 696w, https:\/\/radio.unrc.edu.ar\/wp-content\/uploads\/2025\/10\/2025_Sec.Extension_Entrega-de-certificados-108-1068x753.jpg 1068w\" sizes=\"(max-width: 1675px) 100vw, 1675px\" alt=\"\">\r\n                            <\/a>\r\n                            \r\n                        <\/figure>\r\n                    <\/div>\r\n                            <\/div>\r\n                        <\/div>\r\n\r\n                        <div class = \"td-doubleSlider-2\">\r\n                            <div class = \"td-slider\">\r\n                                \r\n                    <div class = \"td-button td-item1\">\r\n                        <div class = \"td-border\"><\/div>\r\n                    <\/div>\r\n                    <div class = \"td-button td-item2\">\r\n                        <div class = \"td-border\"><\/div>\r\n                    <\/div>\r\n                    <div class = \"td-button td-item3\">\r\n                        <div class = \"td-border\"><\/div>\r\n                    <\/div>\r\n                    <div class = \"td-button td-item4\">\r\n                        <div class = \"td-border\"><\/div>\r\n                    <\/div>\r\n                    <div class = \"td-button td-item5\">\r\n                        <div class = \"td-border\"><\/div>\r\n                    <\/div>\r\n                    <div class = \"td-button td-item6\">\r\n                        <div class = \"td-border\"><\/div>\r\n                    <\/div>\r\n                    <div class = \"td-button td-item7\">\r\n                        <div class = \"td-border\"><\/div>\r\n                    <\/div>\r\n                    <div class = \"td-button td-item8\">\r\n                        <div class = \"td-border\"><\/div>\r\n                    <\/div>\r\n                    <div class = \"td-button td-item9\">\r\n                        <div class = \"td-border\"><\/div>\r\n                    <\/div>\r\n                            <\/div>\r\n                        <\/div>\r\n\r\n                    <\/div>\r\n\r\n                <\/div>\r\n                \n","protected":false},"excerpt":{"rendered":"<p>Recibieron sus certificados en el Aula Mayor, al finalizar el curso \u201cFormaci\u00f3n en Detecci\u00f3n Temprana de Conflictos y Facilitaci\u00f3n del Di\u00e1logo Comunitario. Herramientas para la Resoluci\u00f3n Pac\u00edfica en el Territorio\u201d. La iniciativa fue parte del convenio suscripto por nuestra universidad, el municipio, la Defensor\u00eda del Pueblo, el Concejo Deliberante y el Consejo Econ\u00f3mico y Social. [&hellip;]<\/p>\n","protected":false},"author":3,"featured_media":32710,"comment_status":"open","ping_status":"open","sticky":false,"template":"","format":"standard","meta":{"footnotes":""},"categories":[17],"tags":[],"class_list":{"0":"post-32699","1":"post","2":"type-post","3":"status-publish","4":"format-standard","5":"has-post-thumbnail","7":"category-universitarias"},"yoast_head":"<!-- This site is optimized with the Yoast SEO plugin v21.5 - https:\/\/yoast.com\/wordpress\/plugins\/seo\/ -->\n<title>M\u00e1s de 130 integrantes de la Guardia Local se formaron en prevenci\u00f3n junto a la UNRC - Radio UNRC<\/title>\n<meta name=\"description\" content=\"La radio que te hace sentir y pensar.\" \/>\n<meta name=\"robots\" content=\"index, follow, max-snippet:-1, max-image-preview:large, max-video-preview:-1\" \/>\n<link rel=\"canonical\" href=\"https:\/\/radio.unrc.edu.ar\/?p=32699\" \/>\n<meta property=\"og:locale\" content=\"es_ES\" \/>\n<meta property=\"og:type\" content=\"article\" \/>\n<meta property=\"og:title\" content=\"M\u00e1s de 130 integrantes de la Guardia Local se formaron en prevenci\u00f3n junto a la UNRC - Radio UNRC\" \/>\n<meta property=\"og:description\" content=\"La radio que te hace sentir y pensar.\" \/>\n<meta property=\"og:url\" content=\"https:\/\/radio.unrc.edu.ar\/?p=32699\" \/>\n<meta property=\"og:site_name\" content=\"Radio UNRC\" \/>\n<meta property=\"article:publisher\" content=\"https:\/\/www.facebook.com\/radiounrc\" \/>\n<meta property=\"article:published_time\" content=\"2025-10-22T23:18:02+00:00\" \/>\n<meta property=\"article:modified_time\" content=\"2025-10-27T00:48:43+00:00\" \/>\n<meta property=\"og:image\" content=\"https:\/\/radio.unrc.edu.ar\/wp-content\/uploads\/2025\/10\/9-4.jpg\" \/>\n\t<meta property=\"og:image:width\" content=\"1280\" \/>\n\t<meta property=\"og:image:height\" content=\"740\" \/>\n\t<meta property=\"og:image:type\" content=\"image\/jpeg\" \/>\n<meta name=\"author\" content=\"emiliano\" \/>\n<meta name=\"twitter:card\" content=\"summary_large_image\" \/>\n<meta name=\"twitter:label1\" content=\"Escrito por\" \/>\n\t<meta name=\"twitter:data1\" content=\"emiliano\" \/>\n\t<meta name=\"twitter:label2\" content=\"Tiempo de lectura\" \/>\n\t<meta name=\"twitter:data2\" content=\"2 minutos\" \/>\n<script type=\"application\/ld+json\" class=\"yoast-schema-graph\">{\"@context\":\"https:\/\/schema.org\",\"@graph\":[{\"@type\":\"Article\",\"@id\":\"https:\/\/radio.unrc.edu.ar\/?p=32699#article\",\"isPartOf\":{\"@id\":\"https:\/\/radio.unrc.edu.ar\/?p=32699\"},\"author\":{\"name\":\"emiliano\",\"@id\":\"https:\/\/radio.unrc.edu.ar\/#\/schema\/person\/33c70d97cd2981bc6512850c2abf21ff\"},\"headline\":\"M\u00e1s de 130 integrantes de la Guardia Local se formaron en prevenci\u00f3n junto a la UNRC\",\"datePublished\":\"2025-10-22T23:18:02+00:00\",\"dateModified\":\"2025-10-27T00:48:43+00:00\",\"mainEntityOfPage\":{\"@id\":\"https:\/\/radio.unrc.edu.ar\/?p=32699\"},\"wordCount\":260,\"commentCount\":0,\"publisher\":{\"@id\":\"https:\/\/radio.unrc.edu.ar\/#organization\"},\"articleSection\":[\"Universitarias\"],\"inLanguage\":\"es\",\"potentialAction\":[{\"@type\":\"CommentAction\",\"name\":\"Comment\",\"target\":[\"https:\/\/radio.unrc.edu.ar\/?p=32699#respond\"]}]},{\"@type\":\"WebPage\",\"@id\":\"https:\/\/radio.unrc.edu.ar\/?p=32699\",\"url\":\"https:\/\/radio.unrc.edu.ar\/?p=32699\",\"name\":\"M\u00e1s de 130 integrantes de la Guardia Local se formaron en prevenci\u00f3n junto a la UNRC - Radio UNRC\",\"isPartOf\":{\"@id\":\"https:\/\/radio.unrc.edu.ar\/#website\"},\"datePublished\":\"2025-10-22T23:18:02+00:00\",\"dateModified\":\"2025-10-27T00:48:43+00:00\",\"description\":\"La radio que te hace sentir y pensar.\",\"breadcrumb\":{\"@id\":\"https:\/\/radio.unrc.edu.ar\/?p=32699#breadcrumb\"},\"inLanguage\":\"es\",\"potentialAction\":[{\"@type\":\"ReadAction\",\"target\":[\"https:\/\/radio.unrc.edu.ar\/?p=32699\"]}]},{\"@type\":\"BreadcrumbList\",\"@id\":\"https:\/\/radio.unrc.edu.ar\/?p=32699#breadcrumb\",\"itemListElement\":[{\"@type\":\"ListItem\",\"position\":1,\"name\":\"Portada\",\"item\":\"https:\/\/radio.unrc.edu.ar\/\"},{\"@type\":\"ListItem\",\"position\":2,\"name\":\"M\u00e1s de 130 integrantes de la Guardia Local se formaron en prevenci\u00f3n junto a la UNRC\"}]},{\"@type\":\"WebSite\",\"@id\":\"https:\/\/radio.unrc.edu.ar\/#website\",\"url\":\"https:\/\/radio.unrc.edu.ar\/\",\"name\":\"Radio UNRC\",\"description\":\"La Radio de la Uni, la que te hace sentir y pensar\",\"publisher\":{\"@id\":\"https:\/\/radio.unrc.edu.ar\/#organization\"},\"potentialAction\":[{\"@type\":\"SearchAction\",\"target\":{\"@type\":\"EntryPoint\",\"urlTemplate\":\"https:\/\/radio.unrc.edu.ar\/?s={search_term_string}\"},\"query-input\":\"required name=search_term_string\"}],\"inLanguage\":\"es\"},{\"@type\":\"Organization\",\"@id\":\"https:\/\/radio.unrc.edu.ar\/#organization\",\"name\":\"Radio UNRC\",\"url\":\"https:\/\/radio.unrc.edu.ar\/\",\"logo\":{\"@type\":\"ImageObject\",\"inLanguage\":\"es\",\"@id\":\"https:\/\/radio.unrc.edu.ar\/#\/schema\/logo\/image\/\",\"url\":\"https:\/\/radio.unrc.edu.ar\/wp-content\/uploads\/2022\/03\/logo-radio-544.png\",\"contentUrl\":\"https:\/\/radio.unrc.edu.ar\/wp-content\/uploads\/2022\/03\/logo-radio-544.png\",\"width\":544,\"height\":180,\"caption\":\"Radio UNRC\"},\"image\":{\"@id\":\"https:\/\/radio.unrc.edu.ar\/#\/schema\/logo\/image\/\"},\"sameAs\":[\"https:\/\/www.facebook.com\/radiounrc\",\"https:\/\/www.instagram.com\/radiounrc\/\"]},{\"@type\":\"Person\",\"@id\":\"https:\/\/radio.unrc.edu.ar\/#\/schema\/person\/33c70d97cd2981bc6512850c2abf21ff\",\"name\":\"emiliano\",\"image\":{\"@type\":\"ImageObject\",\"inLanguage\":\"es\",\"@id\":\"https:\/\/radio.unrc.edu.ar\/#\/schema\/person\/image\/\",\"url\":\"https:\/\/secure.gravatar.com\/avatar\/96c203a9f3ab9e14fb64d9e099de90f736c89b4da443326dbe2e55610962893e?s=96&d=mm&r=g\",\"contentUrl\":\"https:\/\/secure.gravatar.com\/avatar\/96c203a9f3ab9e14fb64d9e099de90f736c89b4da443326dbe2e55610962893e?s=96&d=mm&r=g\",\"caption\":\"emiliano\"},\"url\":\"https:\/\/radio.unrc.edu.ar\/?author=3\"}]}<\/script>\n<!-- \/ Yoast SEO plugin. -->","yoast_head_json":{"title":"M\u00e1s de 130 integrantes de la Guardia Local se formaron en prevenci\u00f3n junto a la UNRC - Radio UNRC","description":"La radio que te hace sentir y pensar.","robots":{"index":"index","follow":"follow","max-snippet":"max-snippet:-1","max-image-preview":"max-image-preview:large","max-video-preview":"max-video-preview:-1"},"canonical":"https:\/\/radio.unrc.edu.ar\/?p=32699","og_locale":"es_ES","og_type":"article","og_title":"M\u00e1s de 130 integrantes de la Guardia Local se formaron en prevenci\u00f3n junto a la UNRC - Radio UNRC","og_description":"La radio que te hace sentir y pensar.","og_url":"https:\/\/radio.unrc.edu.ar\/?p=32699","og_site_name":"Radio UNRC","article_publisher":"https:\/\/www.facebook.com\/radiounrc","article_published_time":"2025-10-22T23:18:02+00:00","article_modified_time":"2025-10-27T00:48:43+00:00","og_image":[{"width":1280,"height":740,"url":"https:\/\/radio.unrc.edu.ar\/wp-content\/uploads\/2025\/10\/9-4.jpg","type":"image\/jpeg"}],"author":"emiliano","twitter_card":"summary_large_image","twitter_misc":{"Escrito por":"emiliano","Tiempo de lectura":"2 minutos"},"schema":{"@context":"https:\/\/schema.org","@graph":[{"@type":"Article","@id":"https:\/\/radio.unrc.edu.ar\/?p=32699#article","isPartOf":{"@id":"https:\/\/radio.unrc.edu.ar\/?p=32699"},"author":{"name":"emiliano","@id":"https:\/\/radio.unrc.edu.ar\/#\/schema\/person\/33c70d97cd2981bc6512850c2abf21ff"},"headline":"M\u00e1s de 130 integrantes de la Guardia Local se formaron en prevenci\u00f3n junto a la UNRC","datePublished":"2025-10-22T23:18:02+00:00","dateModified":"2025-10-27T00:48:43+00:00","mainEntityOfPage":{"@id":"https:\/\/radio.unrc.edu.ar\/?p=32699"},"wordCount":260,"commentCount":0,"publisher":{"@id":"https:\/\/radio.unrc.edu.ar\/#organization"},"articleSection":["Universitarias"],"inLanguage":"es","potentialAction":[{"@type":"CommentAction","name":"Comment","target":["https:\/\/radio.unrc.edu.ar\/?p=32699#respond"]}]},{"@type":"WebPage","@id":"https:\/\/radio.unrc.edu.ar\/?p=32699","url":"https:\/\/radio.unrc.edu.ar\/?p=32699","name":"M\u00e1s de 130 integrantes de la Guardia Local se formaron en prevenci\u00f3n junto a la UNRC - Radio UNRC","isPartOf":{"@id":"https:\/\/radio.unrc.edu.ar\/#website"},"datePublished":"2025-10-22T23:18:02+00:00","dateModified":"2025-10-27T00:48:43+00:00","description":"La radio que te hace sentir y pensar.","breadcrumb":{"@id":"https:\/\/radio.unrc.edu.ar\/?p=32699#breadcrumb"},"inLanguage":"es","potentialAction":[{"@type":"ReadAction","target":["https:\/\/radio.unrc.edu.ar\/?p=32699"]}]},{"@type":"BreadcrumbList","@id":"https:\/\/radio.unrc.edu.ar\/?p=32699#breadcrumb","itemListElement":[{"@type":"ListItem","position":1,"name":"Portada","item":"https:\/\/radio.unrc.edu.ar\/"},{"@type":"ListItem","position":2,"name":"M\u00e1s de 130 integrantes de la Guardia Local se formaron en prevenci\u00f3n junto a la UNRC"}]},{"@type":"WebSite","@id":"https:\/\/radio.unrc.edu.ar\/#website","url":"https:\/\/radio.unrc.edu.ar\/","name":"Radio UNRC","description":"La Radio de la Uni, la que te hace sentir y pensar","publisher":{"@id":"https:\/\/radio.unrc.edu.ar\/#organization"},"potentialAction":[{"@type":"SearchAction","target":{"@type":"EntryPoint","urlTemplate":"https:\/\/radio.unrc.edu.ar\/?s={search_term_string}"},"query-input":"required name=search_term_string"}],"inLanguage":"es"},{"@type":"Organization","@id":"https:\/\/radio.unrc.edu.ar\/#organization","name":"Radio UNRC","url":"https:\/\/radio.unrc.edu.ar\/","logo":{"@type":"ImageObject","inLanguage":"es","@id":"https:\/\/radio.unrc.edu.ar\/#\/schema\/logo\/image\/","url":"https:\/\/radio.unrc.edu.ar\/wp-content\/uploads\/2022\/03\/logo-radio-544.png","contentUrl":"https:\/\/radio.unrc.edu.ar\/wp-content\/uploads\/2022\/03\/logo-radio-544.png","width":544,"height":180,"caption":"Radio UNRC"},"image":{"@id":"https:\/\/radio.unrc.edu.ar\/#\/schema\/logo\/image\/"},"sameAs":["https:\/\/www.facebook.com\/radiounrc","https:\/\/www.instagram.com\/radiounrc\/"]},{"@type":"Person","@id":"https:\/\/radio.unrc.edu.ar\/#\/schema\/person\/33c70d97cd2981bc6512850c2abf21ff","name":"emiliano","image":{"@type":"ImageObject","inLanguage":"es","@id":"https:\/\/radio.unrc.edu.ar\/#\/schema\/person\/image\/","url":"https:\/\/secure.gravatar.com\/avatar\/96c203a9f3ab9e14fb64d9e099de90f736c89b4da443326dbe2e55610962893e?s=96&d=mm&r=g","contentUrl":"https:\/\/secure.gravatar.com\/avatar\/96c203a9f3ab9e14fb64d9e099de90f736c89b4da443326dbe2e55610962893e?s=96&d=mm&r=g","caption":"emiliano"},"url":"https:\/\/radio.unrc.edu.ar\/?author=3"}]}},"_links":{"self":[{"href":"https:\/\/radio.unrc.edu.ar\/index.php?rest_route=\/wp\/v2\/posts\/32699","targetHints":{"allow":["GET"]}}],"collection":[{"href":"https:\/\/radio.unrc.edu.ar\/index.php?rest_route=\/wp\/v2\/posts"}],"about":[{"href":"https:\/\/radio.unrc.edu.ar\/index.php?rest_route=\/wp\/v2\/types\/post"}],"author":[{"embeddable":true,"href":"https:\/\/radio.unrc.edu.ar\/index.php?rest_route=\/wp\/v2\/users\/3"}],"replies":[{"embeddable":true,"href":"https:\/\/radio.unrc.edu.ar\/index.php?rest_route=%2Fwp%2Fv2%2Fcomments&post=32699"}],"version-history":[{"count":2,"href":"https:\/\/radio.unrc.edu.ar\/index.php?rest_route=\/wp\/v2\/posts\/32699\/revisions"}],"predecessor-version":[{"id":32711,"href":"https:\/\/radio.unrc.edu.ar\/index.php?rest_route=\/wp\/v2\/posts\/32699\/revisions\/32711"}],"wp:featuredmedia":[{"embeddable":true,"href":"https:\/\/radio.unrc.edu.ar\/index.php?rest_route=\/wp\/v2\/media\/32710"}],"wp:attachment":[{"href":"https:\/\/radio.unrc.edu.ar\/index.php?rest_route=%2Fwp%2Fv2%2Fmedia&parent=32699"}],"wp:term":[{"taxonomy":"category","embeddable":true,"href":"https:\/\/radio.unrc.edu.ar\/index.php?rest_route=%2Fwp%2Fv2%2Fcategories&post=32699"},{"taxonomy":"post_tag","embeddable":true,"href":"https:\/\/radio.unrc.edu.ar\/index.php?rest_route=%2Fwp%2Fv2%2Ftags&post=32699"}],"curies":[{"name":"wp","href":"https:\/\/api.w.org\/{rel}","templated":true}]}}