{"id":32784,"date":"2025-10-26T08:30:51","date_gmt":"2025-10-26T11:30:51","guid":{"rendered":"https:\/\/radio.unrc.edu.ar\/?p=32784"},"modified":"2025-10-26T21:50:54","modified_gmt":"2025-10-27T00:50:54","slug":"elecciones-legislativas-cordoba-renueva-9-bancas-en-la-camara-de-diputados","status":"publish","type":"post","link":"https:\/\/radio.unrc.edu.ar\/?p=32784","title":{"rendered":"Elecciones legislativas: C\u00f3rdoba renueva 9 bancas en la C\u00e1mara de Diputados"},"content":{"rendered":"<p>Las bancas que se vencen, pertenec\u00edan: 1 a Fuerza Patria, 2 al Cordobesismo, 3 a la UCR y 3 al PRO.<\/p>\n<p>Diez riocuartenses integran las listas que se disputan las 9 bancas de la C\u00e1mara de Diputados: Laura Soldano (La Libertad Avanza), Juan Manuel Llamosas (Provincias Unidas), Marcelo Ruiz,  Cristina Isabel Fern\u00e1ndez y Pedro Gonzalez Cholaky (Defendamos C\u00f3rdoba), Patricia Gonz\u00e1lez (PAIS), Lorena Rojas (FIT), Pablo Tissera y Juan Corna (Fuerza Patria), y Pablo Mussat (Ciudadanos).<\/p>\n\r\n                <style type=\"text\/css\">\r\n                    \r\n                    #tdi_1  .td-doubleSlider-2 .td-item1 {\r\n                        background: url(https:\/\/radio.unrc.edu.ar\/wp-content\/uploads\/2025\/10\/boleta.jpg) 0 0 no-repeat;\r\n                    }\r\n                <\/style>\r\n\r\n                <div id=\"tdi_1\" class=\"td-gallery td-slide-on-2-columns\">\r\n                    <div class=\"post_td_gallery\">\r\n                        <div class=\"td-gallery-slide-top\">\r\n                           <div class=\"td-gallery-title\"><\/div>\r\n\r\n                            <div class=\"td-gallery-controls-wrapper\">\r\n                                <div class=\"td-gallery-slide-count\"><span class=\"td-gallery-slide-item-focus\">1<\/span> de 1<\/div>\r\n                                <div class=\"td-gallery-slide-prev-next-but\">\r\n                                    <i class = \"td-icon-left doubleSliderPrevButton\"><\/i>\r\n                                    <i class = \"td-icon-right doubleSliderNextButton\"><\/i>\r\n                                <\/div>\r\n                            <\/div>\r\n                        <\/div>\r\n\r\n                        <div class = \"td-doubleSlider-1 \">\r\n                            <div class = \"td-slider\">\r\n                                \r\n                    <div class = \"td-slide-item td-item1\">\r\n                        <figure class=\"td-slide-galery-figure td-slide-popup-gallery\">\r\n                            <a class=\"slide-gallery-image-link\" href=\"https:\/\/radio.unrc.edu.ar\/wp-content\/uploads\/2025\/10\/boleta.jpg\" title=\"boleta\"  data-caption=\"\"  data-description=\"\">\r\n                                <img decoding=\"async\" src=\"https:\/\/radio.unrc.edu.ar\/wp-content\/uploads\/2025\/10\/boleta.jpg\" srcset=\"https:\/\/radio.unrc.edu.ar\/wp-content\/uploads\/2025\/10\/boleta.jpg 992w, https:\/\/radio.unrc.edu.ar\/wp-content\/uploads\/2025\/10\/boleta-300x96.jpg 300w, https:\/\/radio.unrc.edu.ar\/wp-content\/uploads\/2025\/10\/boleta-768x245.jpg 768w, https:\/\/radio.unrc.edu.ar\/wp-content\/uploads\/2025\/10\/boleta-150x48.jpg 150w, https:\/\/radio.unrc.edu.ar\/wp-content\/uploads\/2025\/10\/boleta-696x222.jpg 696w\" sizes=\"(max-width: 992px) 100vw, 992px\" alt=\"\">\r\n                            <\/a>\r\n                            \r\n                        <\/figure>\r\n                    <\/div>\r\n                            <\/div>\r\n                        <\/div>\r\n\r\n                        <div class = \"td-doubleSlider-2\">\r\n                            <div class = \"td-slider\">\r\n                                \r\n                    <div class = \"td-button td-item1\">\r\n                        <div class = \"td-border\"><\/div>\r\n                    <\/div>\r\n                            <\/div>\r\n                        <\/div>\r\n\r\n                    <\/div>\r\n\r\n                <\/div>\r\n                \n<p><strong>La Libertad Avanza<\/strong><br \/>\nGonzalo Roca<br \/>\n<strong>Laura Soldano<\/strong><br \/>\nMarcos Pati\u00f1o Brizuela<br \/>\nLaura Rodr\u00edguez Machado<br \/>\nEnrique Lluch<br \/>\nEvelin Barroso<br \/>\nJorge Silvestre<br \/>\nRomina Caggiano<br \/>\nGuillermo Quiroga<\/p>\n<p><strong>Fuerza Patria<\/strong><br \/>\nJos\u00e9 Pablo Carro<br \/>\nConstanza San Pedro<br \/>\n<strong>Pablo Mart\u00edn Tissera<\/strong><br \/>\nMar\u00eda Florencia Edith D\u2019Andrea<br \/>\nEmanuel Rodr\u00edguez<br \/>\nCamila Perassi<br \/>\nDavid Salto<br \/>\nLuciana Paula C\u00f3rdoba<br \/>\nNicol\u00e1s Pablo Gim\u00e9nez Vega<br \/>\n<strong>Corna Juan Manuel<\/strong><\/p>\n<p><strong>Provincias Unidas<\/strong><br \/>\nJuan Schiaretti<br \/>\nCarolina del Valle Basualdo<br \/>\nMiguel \u00c1ngel Siciliano<br \/>\nLaura Judith Jure<br \/>\nIgnacio Jos\u00e9 Garc\u00eda Aresca<br \/>\nVer\u00f3nica F\u00e1tima Navarro<br \/>\n<strong>Juan Manuel Llamosas<\/strong><br \/>\nMar\u00eda Eugenia Romero<br \/>\nEmiliano Paredes<\/p>\n<p><strong>UCR<\/strong><br \/>\nRam\u00f3n Javier Mestre<br \/>\nPatricia Rodr\u00edguez<br \/>\nMart\u00edn Lucas<br \/>\nNorma Teresita Ghione<br \/>\nFranco Jular<br \/>\nLucrecia Irma Cavanna<br \/>\nH\u00e9ctor Tito Mignola<br \/>\nDolores Caballero<br \/>\nOscar Jos\u00e9 Tuninetti<\/p>\n<p><strong>Frente de Izquierda y de los Trabajadores &#8211; Unidad<\/strong><br \/>\nLiliana Olivero<br \/>\nJosu\u00e9 Plevich<br \/>\nViki Caldera<br \/>\nJorge Navarro<br \/>\nSoledad D\u00edaz<br \/>\nRa\u00fal G\u00f3mez<br \/>\nLaura Vilches<br \/>\nMat\u00edas Isaac \u00c1vila<br \/>\n<strong>Lorena Vanina Rojas<\/strong><\/p>\n<p><strong>Movimiento Avanzada Socialista<\/strong><br \/>\nJulia Di Santi<br \/>\nEduardo Jos\u00e9 Mulhall<br \/>\nDavina Maccioni<br \/>\nFranco Ricardo Bergero<br \/>\nMalena Paula Mulhall Pe\u00f1a<br \/>\nMiguel Alejandro D\u00edaz<br \/>\nNoelia Luj\u00e1n Garc\u00eda<br \/>\nMateo Romero Contreras<br \/>\nMar\u00eda Andrea Ruiz<\/p>\n<p><strong>PRO<\/strong><br \/>\nOscar Agost Carre\u00f1o<br \/>\nCamila Sol P\u00e9rez<br \/>\nFrancisco Facundo Iser<br \/>\nAgustina D\u2019Amario Zulko<br \/>\nGiuseppe Bosco<br \/>\nSilvina del Valle Aymond<br \/>\nPedro Sebasti\u00e1n Bossa<br \/>\nRomina Dayana Auce<br \/>\nLucas Ra\u00fal Ujald\u00f3n<\/p>\n<p><strong>Acci\u00f3n para el Cambio<\/strong><br \/>\nAlfredo Pablo Keegan<br \/>\nPaola Lourdes Rimieri<br \/>\nMarcelo Carlos Cordero<br \/>\nLorena del Valle Gay Valero<br \/>\nJos\u00e9 Ra\u00fal Olivares<br \/>\nJimena Andrea Zabala<br \/>\nAdolfo Gerardo Rutgers<br \/>\nMar\u00eda Alejandra Arroyo<br \/>\nMario Jorge L\u00f3pez<\/p>\n<p><strong>Partido Fe<\/strong><br \/>\nJuan Carlos Saill\u00e9n<br \/>\nCeleste Myriam Giacchetti<br \/>\nFernando Ariel Mancinelli<br \/>\nM\u00f3nica Alejandra Grandi<br \/>\nAldo Belindo Ortega<br \/>\nAna Beatriz Escobedo<br \/>\nRodrigo Exequiel de Toro<br \/>\nLiliana Rufina Prado<br \/>\nEdgardo Hugo Sargiotto<\/p>\n<p><strong>Partido Dem\u00f3crata<\/strong><br \/>\nPablo Horacio Martelli<br \/>\nJanett Paola Gonz\u00e1lez Castro<br \/>\nMaximiliano Antonio Ledesma<br \/>\nMar\u00eda del C. Centeno<br \/>\nPablo Juli\u00e1n Sch\u00fcle<br \/>\nMarina Araceli D\u00edaz<br \/>\nDavid Joel Fr\u00edas<br \/>\nJohana Mildred Romero<br \/>\nGustavo Ariel O\u00f1o<\/p>\n<p><strong>P.A.I.S<\/strong><br \/>\nEdgar David Bruno<br \/>\n<strong>Patricia M\u00f3nica Gonz\u00e1lez<\/strong><br \/>\nRub\u00e9n Gregorio Bustos<br \/>\nMar\u00eda Josefina Castro<br \/>\nAntonio Javier Spagnolo<br \/>\nGladys del Valle Heredia<br \/>\nLucas Luciano Lazarte<br \/>\nLuc\u00eda Mabel Toledo<br \/>\nAdri\u00e1n Nicol\u00e1s L\u00f3pez Agasisti<\/p>\n<p><strong>Uni\u00f3n Popular Federal<\/strong><br \/>\nMario Alfredo Peral<br \/>\nMariela Victoria Ramallo<br \/>\nAriel Germ\u00e1n Luque<br \/>\nCarmen Remigia Oliva<br \/>\nJos\u00e9 Edgardo Adri\u00e1n Sanz<br \/>\nEvangelina Elvira Cobos<br \/>\nLuis Osvaldo Heredia<br \/>\nCarolina Cristina Aguilar<br \/>\nSergio Ernesto Quinteros<\/p>\n<p><strong>Partido Libertario<\/strong><br \/>\nAgust\u00edn Alejandro Spaccesi<br \/>\nJulieta Magdalena Ceballos<br \/>\nGerm\u00e1n Pablo Cassinero<br \/>\nMar\u00eda Graciela Giordano<br \/>\nDiego Leonardo Settimo<br \/>\nMar\u00eda Jimena Quaino<br \/>\nEsteban Alberto Chiabo<br \/>\nMar\u00eda Eugenia Merlini<br \/>\nJos\u00e9 Luis Carrera<\/p>\n<p><strong>Defendamos C\u00f3rdoba<\/strong><br \/>\nNatalia de la Sota<br \/>\n<strong>Marcelo Ruiz<\/strong><br \/>\nMarta Lastra<br \/>\nGustavo Alejandro Rossi<br \/>\nMar\u00eda Graciela Fassi<br \/>\n<strong>Pedro Gonz\u00e1lez Cholaky<\/strong><br \/>\n<strong>Cristina Isabel Fern\u00e1ndez<\/strong><br \/>\nEnrique Lastreto<br \/>\nAnal\u00eda S\u00e1nchez<\/p>\n<p><strong>Ciudadanos<\/strong><br \/>\nH\u00e9ctor Baldassi<br \/>\nYanina Vargas<br \/>\nMart\u00edn H\u00e9ctor Puig<br \/>\nMelisa Betsab\u00e9 Cabrera<br \/>\n<strong>Pablo Andr\u00e9s Mussat<\/strong><br \/>\nIvana Ren\u00e9 Pepino<br \/>\nSantiago Felipe Pi\u00f1eiro<br \/>\nMar\u00eda Cristina Lagger<br \/>\nH\u00e9ctor Sim\u00f3n Carcar<\/p>\n<p><strong>Encuentro por la Rep\u00fablica<\/strong><br \/>\nAurelio Francisco Garc\u00eda Elorrio<br \/>\nAna Isabel Bastan<br \/>\nJuan Jos\u00e9 Teruel<br \/>\nNoelia Perrin<br \/>\nRodrigo Mar\u00eda Agrelo<br \/>\nElena Nidia Guerin<br \/>\nMiguel Enrique Casa\u00f1as<br \/>\nAna In\u00e9s Chicala L\u00f3pez<br \/>\nJos\u00e9 Luis Ortega<\/p>\n<p><strong>Frente Federal de Acci\u00f3n Solidaria<\/strong><br \/>\nStefano Micael L\u00f3pez Chiavarino<br \/>\nPaola Vanesa Irusta<br \/>\nEsteban Ezequiel Vivas<br \/>\nAnah\u00ed Roc\u00edo Cabral<br \/>\nMarcelo Ezequiel G\u00f3mez<br \/>\nAdriana Sandra Rearte<br \/>\nRub\u00e9n Ignacio Maurenzi<br \/>\nDaiana Melisa Santi<br \/>\nMario Gabriel Matteucci<\/p>\n<p><strong>C\u00f3rdoba Te Quiero<\/strong><br \/>\nJulio Gerardo Lucero<br \/>\nMyriam Susana Alejos<br \/>\nPablo Leonardo Tulian<br \/>\nErica Alejandra Tomatis<br \/>\nGerardo Luis Nieva Allue<br \/>\nAdriana del Valle Quinteros<br \/>\nRa\u00fal Alberto Costa<br \/>\nMar\u00eda Carolina Romero<br \/>\nRub\u00e9n Edgardo Bertolina<\/p>\n","protected":false},"excerpt":{"rendered":"<p>Las bancas que se vencen, pertenec\u00edan: 1 a Fuerza Patria, 2 al Cordobesismo, 3 a la UCR y 3 al PRO. Diez riocuartenses integran las listas que se disputan las 9 bancas de la C\u00e1mara de Diputados: Laura Soldano (La Libertad Avanza), Juan Manuel Llamosas (Provincias Unidas), Marcelo Ruiz, Cristina Isabel Fern\u00e1ndez y Pedro Gonzalez [&hellip;]<\/p>\n","protected":false},"author":2,"featured_media":31879,"comment_status":"open","ping_status":"open","sticky":false,"template":"","format":"standard","meta":{"footnotes":""},"categories":[19],"tags":[],"class_list":{"0":"post-32784","1":"post","2":"type-post","3":"status-publish","4":"format-standard","5":"has-post-thumbnail","7":"category-nacionales"},"yoast_head":"<!-- This site is optimized with the Yoast SEO plugin v21.5 - https:\/\/yoast.com\/wordpress\/plugins\/seo\/ -->\n<title>Elecciones legislativas: C\u00f3rdoba renueva 9 bancas en la C\u00e1mara de Diputados - Radio UNRC<\/title>\n<meta name=\"description\" content=\"La radio que te hace sentir y pensar.\" \/>\n<meta name=\"robots\" content=\"index, follow, max-snippet:-1, max-image-preview:large, max-video-preview:-1\" \/>\n<link rel=\"canonical\" href=\"https:\/\/radio.unrc.edu.ar\/?p=32784\" \/>\n<meta property=\"og:locale\" content=\"es_ES\" \/>\n<meta property=\"og:type\" content=\"article\" \/>\n<meta property=\"og:title\" content=\"Elecciones legislativas: C\u00f3rdoba renueva 9 bancas en la C\u00e1mara de Diputados - Radio UNRC\" \/>\n<meta property=\"og:description\" content=\"La radio que te hace sentir y pensar.\" \/>\n<meta property=\"og:url\" content=\"https:\/\/radio.unrc.edu.ar\/?p=32784\" \/>\n<meta property=\"og:site_name\" content=\"Radio UNRC\" \/>\n<meta property=\"article:publisher\" content=\"https:\/\/www.facebook.com\/radiounrc\" \/>\n<meta property=\"article:published_time\" content=\"2025-10-26T11:30:51+00:00\" \/>\n<meta property=\"article:modified_time\" content=\"2025-10-27T00:50:54+00:00\" \/>\n<meta property=\"og:image\" content=\"https:\/\/radio.unrc.edu.ar\/wp-content\/uploads\/2025\/09\/elecciones.jpg\" \/>\n\t<meta property=\"og:image:width\" content=\"1280\" \/>\n\t<meta property=\"og:image:height\" content=\"740\" \/>\n\t<meta property=\"og:image:type\" content=\"image\/jpeg\" \/>\n<meta name=\"author\" content=\"majo\" \/>\n<meta name=\"twitter:card\" content=\"summary_large_image\" \/>\n<meta name=\"twitter:label1\" content=\"Escrito por\" \/>\n\t<meta name=\"twitter:data1\" content=\"majo\" \/>\n\t<meta name=\"twitter:label2\" content=\"Tiempo de lectura\" \/>\n\t<meta name=\"twitter:data2\" content=\"3 minutos\" \/>\n<script type=\"application\/ld+json\" class=\"yoast-schema-graph\">{\"@context\":\"https:\/\/schema.org\",\"@graph\":[{\"@type\":\"Article\",\"@id\":\"https:\/\/radio.unrc.edu.ar\/?p=32784#article\",\"isPartOf\":{\"@id\":\"https:\/\/radio.unrc.edu.ar\/?p=32784\"},\"author\":{\"name\":\"majo\",\"@id\":\"https:\/\/radio.unrc.edu.ar\/#\/schema\/person\/197edd08d015632a43a5e6a515c4f7a6\"},\"headline\":\"Elecciones legislativas: C\u00f3rdoba renueva 9 bancas en la C\u00e1mara de Diputados\",\"datePublished\":\"2025-10-26T11:30:51+00:00\",\"dateModified\":\"2025-10-27T00:50:54+00:00\",\"mainEntityOfPage\":{\"@id\":\"https:\/\/radio.unrc.edu.ar\/?p=32784\"},\"wordCount\":717,\"commentCount\":1,\"publisher\":{\"@id\":\"https:\/\/radio.unrc.edu.ar\/#organization\"},\"articleSection\":[\"Nacionales\"],\"inLanguage\":\"es\",\"potentialAction\":[{\"@type\":\"CommentAction\",\"name\":\"Comment\",\"target\":[\"https:\/\/radio.unrc.edu.ar\/?p=32784#respond\"]}]},{\"@type\":\"WebPage\",\"@id\":\"https:\/\/radio.unrc.edu.ar\/?p=32784\",\"url\":\"https:\/\/radio.unrc.edu.ar\/?p=32784\",\"name\":\"Elecciones legislativas: C\u00f3rdoba renueva 9 bancas en la C\u00e1mara de Diputados - Radio UNRC\",\"isPartOf\":{\"@id\":\"https:\/\/radio.unrc.edu.ar\/#website\"},\"datePublished\":\"2025-10-26T11:30:51+00:00\",\"dateModified\":\"2025-10-27T00:50:54+00:00\",\"description\":\"La radio que te hace sentir y pensar.\",\"breadcrumb\":{\"@id\":\"https:\/\/radio.unrc.edu.ar\/?p=32784#breadcrumb\"},\"inLanguage\":\"es\",\"potentialAction\":[{\"@type\":\"ReadAction\",\"target\":[\"https:\/\/radio.unrc.edu.ar\/?p=32784\"]}]},{\"@type\":\"BreadcrumbList\",\"@id\":\"https:\/\/radio.unrc.edu.ar\/?p=32784#breadcrumb\",\"itemListElement\":[{\"@type\":\"ListItem\",\"position\":1,\"name\":\"Portada\",\"item\":\"https:\/\/radio.unrc.edu.ar\/\"},{\"@type\":\"ListItem\",\"position\":2,\"name\":\"Elecciones legislativas: C\u00f3rdoba renueva 9 bancas en la C\u00e1mara de Diputados\"}]},{\"@type\":\"WebSite\",\"@id\":\"https:\/\/radio.unrc.edu.ar\/#website\",\"url\":\"https:\/\/radio.unrc.edu.ar\/\",\"name\":\"Radio UNRC\",\"description\":\"La Radio de la Uni, la que te hace sentir y pensar\",\"publisher\":{\"@id\":\"https:\/\/radio.unrc.edu.ar\/#organization\"},\"potentialAction\":[{\"@type\":\"SearchAction\",\"target\":{\"@type\":\"EntryPoint\",\"urlTemplate\":\"https:\/\/radio.unrc.edu.ar\/?s={search_term_string}\"},\"query-input\":\"required name=search_term_string\"}],\"inLanguage\":\"es\"},{\"@type\":\"Organization\",\"@id\":\"https:\/\/radio.unrc.edu.ar\/#organization\",\"name\":\"Radio UNRC\",\"url\":\"https:\/\/radio.unrc.edu.ar\/\",\"logo\":{\"@type\":\"ImageObject\",\"inLanguage\":\"es\",\"@id\":\"https:\/\/radio.unrc.edu.ar\/#\/schema\/logo\/image\/\",\"url\":\"https:\/\/radio.unrc.edu.ar\/wp-content\/uploads\/2022\/03\/logo-radio-544.png\",\"contentUrl\":\"https:\/\/radio.unrc.edu.ar\/wp-content\/uploads\/2022\/03\/logo-radio-544.png\",\"width\":544,\"height\":180,\"caption\":\"Radio UNRC\"},\"image\":{\"@id\":\"https:\/\/radio.unrc.edu.ar\/#\/schema\/logo\/image\/\"},\"sameAs\":[\"https:\/\/www.facebook.com\/radiounrc\",\"https:\/\/www.instagram.com\/radiounrc\/\"]},{\"@type\":\"Person\",\"@id\":\"https:\/\/radio.unrc.edu.ar\/#\/schema\/person\/197edd08d015632a43a5e6a515c4f7a6\",\"name\":\"majo\",\"image\":{\"@type\":\"ImageObject\",\"inLanguage\":\"es\",\"@id\":\"https:\/\/radio.unrc.edu.ar\/#\/schema\/person\/image\/\",\"url\":\"https:\/\/secure.gravatar.com\/avatar\/6806165fb7635331b44fb331ffb478c3230b9d62d675244a0e2dfd0cb8d8b503?s=96&d=mm&r=g\",\"contentUrl\":\"https:\/\/secure.gravatar.com\/avatar\/6806165fb7635331b44fb331ffb478c3230b9d62d675244a0e2dfd0cb8d8b503?s=96&d=mm&r=g\",\"caption\":\"majo\"},\"url\":\"https:\/\/radio.unrc.edu.ar\/?author=2\"}]}<\/script>\n<!-- \/ Yoast SEO plugin. -->","yoast_head_json":{"title":"Elecciones legislativas: C\u00f3rdoba renueva 9 bancas en la C\u00e1mara de Diputados - Radio UNRC","description":"La radio que te hace sentir y pensar.","robots":{"index":"index","follow":"follow","max-snippet":"max-snippet:-1","max-image-preview":"max-image-preview:large","max-video-preview":"max-video-preview:-1"},"canonical":"https:\/\/radio.unrc.edu.ar\/?p=32784","og_locale":"es_ES","og_type":"article","og_title":"Elecciones legislativas: C\u00f3rdoba renueva 9 bancas en la C\u00e1mara de Diputados - Radio UNRC","og_description":"La radio que te hace sentir y pensar.","og_url":"https:\/\/radio.unrc.edu.ar\/?p=32784","og_site_name":"Radio UNRC","article_publisher":"https:\/\/www.facebook.com\/radiounrc","article_published_time":"2025-10-26T11:30:51+00:00","article_modified_time":"2025-10-27T00:50:54+00:00","og_image":[{"width":1280,"height":740,"url":"https:\/\/radio.unrc.edu.ar\/wp-content\/uploads\/2025\/09\/elecciones.jpg","type":"image\/jpeg"}],"author":"majo","twitter_card":"summary_large_image","twitter_misc":{"Escrito por":"majo","Tiempo de lectura":"3 minutos"},"schema":{"@context":"https:\/\/schema.org","@graph":[{"@type":"Article","@id":"https:\/\/radio.unrc.edu.ar\/?p=32784#article","isPartOf":{"@id":"https:\/\/radio.unrc.edu.ar\/?p=32784"},"author":{"name":"majo","@id":"https:\/\/radio.unrc.edu.ar\/#\/schema\/person\/197edd08d015632a43a5e6a515c4f7a6"},"headline":"Elecciones legislativas: C\u00f3rdoba renueva 9 bancas en la C\u00e1mara de Diputados","datePublished":"2025-10-26T11:30:51+00:00","dateModified":"2025-10-27T00:50:54+00:00","mainEntityOfPage":{"@id":"https:\/\/radio.unrc.edu.ar\/?p=32784"},"wordCount":717,"commentCount":1,"publisher":{"@id":"https:\/\/radio.unrc.edu.ar\/#organization"},"articleSection":["Nacionales"],"inLanguage":"es","potentialAction":[{"@type":"CommentAction","name":"Comment","target":["https:\/\/radio.unrc.edu.ar\/?p=32784#respond"]}]},{"@type":"WebPage","@id":"https:\/\/radio.unrc.edu.ar\/?p=32784","url":"https:\/\/radio.unrc.edu.ar\/?p=32784","name":"Elecciones legislativas: C\u00f3rdoba renueva 9 bancas en la C\u00e1mara de Diputados - Radio UNRC","isPartOf":{"@id":"https:\/\/radio.unrc.edu.ar\/#website"},"datePublished":"2025-10-26T11:30:51+00:00","dateModified":"2025-10-27T00:50:54+00:00","description":"La radio que te hace sentir y pensar.","breadcrumb":{"@id":"https:\/\/radio.unrc.edu.ar\/?p=32784#breadcrumb"},"inLanguage":"es","potentialAction":[{"@type":"ReadAction","target":["https:\/\/radio.unrc.edu.ar\/?p=32784"]}]},{"@type":"BreadcrumbList","@id":"https:\/\/radio.unrc.edu.ar\/?p=32784#breadcrumb","itemListElement":[{"@type":"ListItem","position":1,"name":"Portada","item":"https:\/\/radio.unrc.edu.ar\/"},{"@type":"ListItem","position":2,"name":"Elecciones legislativas: C\u00f3rdoba renueva 9 bancas en la C\u00e1mara de Diputados"}]},{"@type":"WebSite","@id":"https:\/\/radio.unrc.edu.ar\/#website","url":"https:\/\/radio.unrc.edu.ar\/","name":"Radio UNRC","description":"La Radio de la Uni, la que te hace sentir y pensar","publisher":{"@id":"https:\/\/radio.unrc.edu.ar\/#organization"},"potentialAction":[{"@type":"SearchAction","target":{"@type":"EntryPoint","urlTemplate":"https:\/\/radio.unrc.edu.ar\/?s={search_term_string}"},"query-input":"required name=search_term_string"}],"inLanguage":"es"},{"@type":"Organization","@id":"https:\/\/radio.unrc.edu.ar\/#organization","name":"Radio UNRC","url":"https:\/\/radio.unrc.edu.ar\/","logo":{"@type":"ImageObject","inLanguage":"es","@id":"https:\/\/radio.unrc.edu.ar\/#\/schema\/logo\/image\/","url":"https:\/\/radio.unrc.edu.ar\/wp-content\/uploads\/2022\/03\/logo-radio-544.png","contentUrl":"https:\/\/radio.unrc.edu.ar\/wp-content\/uploads\/2022\/03\/logo-radio-544.png","width":544,"height":180,"caption":"Radio UNRC"},"image":{"@id":"https:\/\/radio.unrc.edu.ar\/#\/schema\/logo\/image\/"},"sameAs":["https:\/\/www.facebook.com\/radiounrc","https:\/\/www.instagram.com\/radiounrc\/"]},{"@type":"Person","@id":"https:\/\/radio.unrc.edu.ar\/#\/schema\/person\/197edd08d015632a43a5e6a515c4f7a6","name":"majo","image":{"@type":"ImageObject","inLanguage":"es","@id":"https:\/\/radio.unrc.edu.ar\/#\/schema\/person\/image\/","url":"https:\/\/secure.gravatar.com\/avatar\/6806165fb7635331b44fb331ffb478c3230b9d62d675244a0e2dfd0cb8d8b503?s=96&d=mm&r=g","contentUrl":"https:\/\/secure.gravatar.com\/avatar\/6806165fb7635331b44fb331ffb478c3230b9d62d675244a0e2dfd0cb8d8b503?s=96&d=mm&r=g","caption":"majo"},"url":"https:\/\/radio.unrc.edu.ar\/?author=2"}]}},"_links":{"self":[{"href":"https:\/\/radio.unrc.edu.ar\/index.php?rest_route=\/wp\/v2\/posts\/32784","targetHints":{"allow":["GET"]}}],"collection":[{"href":"https:\/\/radio.unrc.edu.ar\/index.php?rest_route=\/wp\/v2\/posts"}],"about":[{"href":"https:\/\/radio.unrc.edu.ar\/index.php?rest_route=\/wp\/v2\/types\/post"}],"author":[{"embeddable":true,"href":"https:\/\/radio.unrc.edu.ar\/index.php?rest_route=\/wp\/v2\/users\/2"}],"replies":[{"embeddable":true,"href":"https:\/\/radio.unrc.edu.ar\/index.php?rest_route=%2Fwp%2Fv2%2Fcomments&post=32784"}],"version-history":[{"count":3,"href":"https:\/\/radio.unrc.edu.ar\/index.php?rest_route=\/wp\/v2\/posts\/32784\/revisions"}],"predecessor-version":[{"id":32788,"href":"https:\/\/radio.unrc.edu.ar\/index.php?rest_route=\/wp\/v2\/posts\/32784\/revisions\/32788"}],"wp:featuredmedia":[{"embeddable":true,"href":"https:\/\/radio.unrc.edu.ar\/index.php?rest_route=\/wp\/v2\/media\/31879"}],"wp:attachment":[{"href":"https:\/\/radio.unrc.edu.ar\/index.php?rest_route=%2Fwp%2Fv2%2Fmedia&parent=32784"}],"wp:term":[{"taxonomy":"category","embeddable":true,"href":"https:\/\/radio.unrc.edu.ar\/index.php?rest_route=%2Fwp%2Fv2%2Fcategories&post=32784"},{"taxonomy":"post_tag","embeddable":true,"href":"https:\/\/radio.unrc.edu.ar\/index.php?rest_route=%2Fwp%2Fv2%2Ftags&post=32784"}],"curies":[{"name":"wp","href":"https:\/\/api.w.org\/{rel}","templated":true}]}}