{"id":32811,"date":"2025-10-27T13:10:24","date_gmt":"2025-10-27T16:10:24","guid":{"rendered":"https:\/\/radio.unrc.edu.ar\/?p=32811"},"modified":"2025-10-27T15:00:11","modified_gmt":"2025-10-27T18:00:11","slug":"el-consejo-superior-aprobo-el-acompanamiento-al-amparo-colectivo-por-la-ley-de-financiamiento-universitario","status":"publish","type":"post","link":"https:\/\/radio.unrc.edu.ar\/?p=32811","title":{"rendered":"El Consejo Superior aprob\u00f3 el acompa\u00f1amiento al amparo colectivo por la Ley de Financiamiento Universitario"},"content":{"rendered":"<p>En una sesi\u00f3n extraordinaria, el Consejo Superior aprob\u00f3 por unanimidad el respaldo a  la presentaci\u00f3n de un amparo impulsado por el Consejo Interuniversitario Nacional para que se implemente la Ley de Financiamiento Universitario.<\/p>\n<p>La vicerrectora de la Universidad, Nora Bianconi, inform\u00f3 que el principal argumento es que un decreto no puede estar por encima de una ley sancionada por el Congreso.<\/p>\n<p><iframe width=\"100%\" height=\"300\" scrolling=\"no\" frameborder=\"no\" allow=\"autoplay\" src=\"https:\/\/w.soundcloud.com\/player\/?url=https%3A\/\/api.soundcloud.com\/tracks\/soundcloud%253Atracks%253A2200092247&#038;color=%23ff5500&#038;auto_play=false&#038;hide_related=false&#038;show_comments=true&#038;show_user=true&#038;show_reposts=false&#038;show_teaser=true&#038;visual=true\"><\/iframe><\/p>\n<div style=\"font-size: 10px; color: #cccccc;line-break: anywhere;word-break: normal;overflow: hidden;white-space: nowrap;text-overflow: ellipsis; font-family: Interstate,Lucida Grande,Lucida Sans Unicode,Lucida Sans,Garuda,Verdana,Tahoma,sans-serif;font-weight: 100;\"><a href=\"https:\/\/soundcloud.com\/radiounrc\" title=\"RadioUNRC\" target=\"_blank\" style=\"color: #cccccc; text-decoration: none;\">RadioUNRC<\/a> \u00b7 <a href=\"https:\/\/soundcloud.com\/radiounrc\/18501f77-8878-418d-bdc8-c10f88970ec5\" title=\"Nora Bianconi\" target=\"_blank\" style=\"color: #cccccc; text-decoration: none;\">Nora Bianconi<\/a><\/div>\n<p>Cristian Santos, decano de la Facultad de Ciencias Humanas, coment\u00f3 que es importante la sanci\u00f3n un\u00e1nime del Consejo Superior.<\/p>\n<p><iframe width=\"100%\" height=\"300\" scrolling=\"no\" frameborder=\"no\" allow=\"autoplay\" src=\"https:\/\/w.soundcloud.com\/player\/?url=https%3A\/\/api.soundcloud.com\/tracks\/soundcloud%253Atracks%253A2200091235&#038;color=%23ff5500&#038;auto_play=false&#038;hide_related=false&#038;show_comments=true&#038;show_user=true&#038;show_reposts=false&#038;show_teaser=true&#038;visual=true\"><\/iframe><\/p>\n<div style=\"font-size: 10px; color: #cccccc;line-break: anywhere;word-break: normal;overflow: hidden;white-space: nowrap;text-overflow: ellipsis; font-family: Interstate,Lucida Grande,Lucida Sans Unicode,Lucida Sans,Garuda,Verdana,Tahoma,sans-serif;font-weight: 100;\"><a href=\"https:\/\/soundcloud.com\/radiounrc\" title=\"RadioUNRC\" target=\"_blank\" style=\"color: #cccccc; text-decoration: none;\">RadioUNRC<\/a> \u00b7 <a href=\"https:\/\/soundcloud.com\/radiounrc\/cristian-santos-1\" title=\"Cristian Santos 1\" target=\"_blank\" style=\"color: #cccccc; text-decoration: none;\">Cristian Santos 1<\/a><\/div>\n<p>Santos tambi\u00e9n se refiri\u00f3 a las elecciones y subray\u00f3 la reafirmaci\u00f3n del sistema democr\u00e1tico. Adem\u00e1s se\u00f1al\u00f3 que es necesario reafirmar los proyectos de la educaci\u00f3n universitaria p\u00fablica nacional.<\/p>\n<p><iframe width=\"100%\" height=\"300\" scrolling=\"no\" frameborder=\"no\" allow=\"autoplay\" src=\"https:\/\/w.soundcloud.com\/player\/?url=https%3A\/\/api.soundcloud.com\/tracks\/soundcloud%253Atracks%253A2200091063&#038;color=%23ff5500&#038;auto_play=false&#038;hide_related=false&#038;show_comments=true&#038;show_user=true&#038;show_reposts=false&#038;show_teaser=true&#038;visual=true\"><\/iframe><\/p>\n<div style=\"font-size: 10px; color: #cccccc;line-break: anywhere;word-break: normal;overflow: hidden;white-space: nowrap;text-overflow: ellipsis; font-family: Interstate,Lucida Grande,Lucida Sans Unicode,Lucida Sans,Garuda,Verdana,Tahoma,sans-serif;font-weight: 100;\"><a href=\"https:\/\/soundcloud.com\/radiounrc\" title=\"RadioUNRC\" target=\"_blank\" style=\"color: #cccccc; text-decoration: none;\">RadioUNRC<\/a> \u00b7 <a href=\"https:\/\/soundcloud.com\/radiounrc\/cristian-santos-2\" title=\"Cristian Santos 2\" target=\"_blank\" style=\"color: #cccccc; text-decoration: none;\">Cristian Santos 2<\/a><\/div>\n<p>Germ\u00e1n Barros, decano de la Facultad de Ciencias Exactas, coment\u00f3 que el m\u00e1ximo \u00f3rgano de la universidad ratific\u00f3 el reclamo que motoriza el Consejo Interuniversitario Nacional.<\/p>\n<p><iframe width=\"100%\" height=\"300\" scrolling=\"no\" frameborder=\"no\" allow=\"autoplay\" src=\"https:\/\/w.soundcloud.com\/player\/?url=https%3A\/\/api.soundcloud.com\/tracks\/soundcloud%253Atracks%253A2200091451&#038;color=%23ff5500&#038;auto_play=false&#038;hide_related=false&#038;show_comments=true&#038;show_user=true&#038;show_reposts=false&#038;show_teaser=true&#038;visual=true\"><\/iframe><\/p>\n<div style=\"font-size: 10px; color: #cccccc;line-break: anywhere;word-break: normal;overflow: hidden;white-space: nowrap;text-overflow: ellipsis; font-family: Interstate,Lucida Grande,Lucida Sans Unicode,Lucida Sans,Garuda,Verdana,Tahoma,sans-serif;font-weight: 100;\"><a href=\"https:\/\/soundcloud.com\/radiounrc\" title=\"RadioUNRC\" target=\"_blank\" style=\"color: #cccccc; text-decoration: none;\">RadioUNRC<\/a> \u00b7 <a href=\"https:\/\/soundcloud.com\/radiounrc\/german-barros\" title=\"Germ\u00e1n Barros\" target=\"_blank\" style=\"color: #cccccc; text-decoration: none;\">Germ\u00e1n Barros<\/a><\/div>\n<p>El decano de Ingenier\u00eda, Pablo De la Barrera, celebr\u00f3 la decisi\u00f3n de presentar un amparo colectivo por la Ley de Financiamiento Universitario.<\/p>\n<p>Con respecto a las elecciones, dijo que es muy respetuoso de la decisi\u00f3n del pueblo, pero lament\u00f3 el maltrato del gobierno nacional con algunos sectores muy sensibles de la sociedad. <\/p>\n<p><iframe width=\"100%\" height=\"300\" scrolling=\"no\" frameborder=\"no\" allow=\"autoplay\" src=\"https:\/\/w.soundcloud.com\/player\/?url=https%3A\/\/api.soundcloud.com\/tracks\/soundcloud%253Atracks%253A2200093263&#038;color=%23ff5500&#038;auto_play=false&#038;hide_related=false&#038;show_comments=true&#038;show_user=true&#038;show_reposts=false&#038;show_teaser=true&#038;visual=true\"><\/iframe><\/p>\n<div style=\"font-size: 10px; color: #cccccc;line-break: anywhere;word-break: normal;overflow: hidden;white-space: nowrap;text-overflow: ellipsis; font-family: Interstate,Lucida Grande,Lucida Sans Unicode,Lucida Sans,Garuda,Verdana,Tahoma,sans-serif;font-weight: 100;\"><a href=\"https:\/\/soundcloud.com\/radiounrc\" title=\"RadioUNRC\" target=\"_blank\" style=\"color: #cccccc; text-decoration: none;\">RadioUNRC<\/a> \u00b7 <a href=\"https:\/\/soundcloud.com\/radiounrc\/pablo-de-la-barrera\" title=\"Pablo De la Barrera\" target=\"_blank\" style=\"color: #cccccc; text-decoration: none;\">Pablo De la Barrera<\/a><\/div>\n\r\n                <style type=\"text\/css\">\r\n                    \r\n                    #tdi_1  .td-doubleSlider-2 .td-item1 {\r\n                        background: url(https:\/\/radio.unrc.edu.ar\/wp-content\/uploads\/2025\/10\/Extraordinaria-superior-33-scaled.jpg) 0 0 no-repeat;\r\n                    }\r\n                    #tdi_1  .td-doubleSlider-2 .td-item2 {\r\n                        background: url(https:\/\/radio.unrc.edu.ar\/wp-content\/uploads\/2025\/10\/Extraordinaria-superior-20-scaled.jpg) 0 0 no-repeat;\r\n                    }\r\n                    #tdi_1  .td-doubleSlider-2 .td-item3 {\r\n                        background: url(https:\/\/radio.unrc.edu.ar\/wp-content\/uploads\/2025\/10\/Extraordinaria-superior-19-scaled.jpg) 0 0 no-repeat;\r\n                    }\r\n                    #tdi_1  .td-doubleSlider-2 .td-item4 {\r\n                        background: url(https:\/\/radio.unrc.edu.ar\/wp-content\/uploads\/2025\/10\/Extraordinaria-superior-18-scaled.jpg) 0 0 no-repeat;\r\n                    }\r\n                    #tdi_1  .td-doubleSlider-2 .td-item5 {\r\n                        background: url(https:\/\/radio.unrc.edu.ar\/wp-content\/uploads\/2025\/10\/Extraordinaria-superior-17-scaled.jpg) 0 0 no-repeat;\r\n                    }\r\n                    #tdi_1  .td-doubleSlider-2 .td-item6 {\r\n                        background: url(https:\/\/radio.unrc.edu.ar\/wp-content\/uploads\/2025\/10\/Extraordinaria-superior-6-scaled.jpg) 0 0 no-repeat;\r\n                    }\r\n                    #tdi_1  .td-doubleSlider-2 .td-item7 {\r\n                        background: url(https:\/\/radio.unrc.edu.ar\/wp-content\/uploads\/2025\/10\/Extraordinaria-superior-8-scaled.jpg) 0 0 no-repeat;\r\n                    }\r\n                <\/style>\r\n\r\n                <div id=\"tdi_1\" class=\"td-gallery td-slide-on-2-columns\">\r\n                    <div class=\"post_td_gallery\">\r\n                        <div class=\"td-gallery-slide-top\">\r\n                           <div class=\"td-gallery-title\"><\/div>\r\n\r\n                            <div class=\"td-gallery-controls-wrapper\">\r\n                                <div class=\"td-gallery-slide-count\"><span class=\"td-gallery-slide-item-focus\">1<\/span> de 7<\/div>\r\n                                <div class=\"td-gallery-slide-prev-next-but\">\r\n                                    <i class = \"td-icon-left doubleSliderPrevButton\"><\/i>\r\n                                    <i class = \"td-icon-right doubleSliderNextButton\"><\/i>\r\n                                <\/div>\r\n                            <\/div>\r\n                        <\/div>\r\n\r\n                        <div class = \"td-doubleSlider-1 \">\r\n                            <div class = \"td-slider\">\r\n                                \r\n                    <div class = \"td-slide-item td-item1\">\r\n                        <figure class=\"td-slide-galery-figure td-slide-popup-gallery\">\r\n                            <a class=\"slide-gallery-image-link\" href=\"https:\/\/radio.unrc.edu.ar\/wp-content\/uploads\/2025\/10\/Extraordinaria-superior-33-scaled.jpg\" title=\"Extraordinaria superior (33)\"  data-caption=\"\"  data-description=\"\">\r\n                                <img decoding=\"async\" src=\"https:\/\/radio.unrc.edu.ar\/wp-content\/uploads\/2025\/10\/Extraordinaria-superior-33-scaled.jpg\" srcset=\"https:\/\/radio.unrc.edu.ar\/wp-content\/uploads\/2025\/10\/Extraordinaria-superior-33-scaled.jpg 2560w, https:\/\/radio.unrc.edu.ar\/wp-content\/uploads\/2025\/10\/Extraordinaria-superior-33-300x200.jpg 300w, https:\/\/radio.unrc.edu.ar\/wp-content\/uploads\/2025\/10\/Extraordinaria-superior-33-1024x683.jpg 1024w, https:\/\/radio.unrc.edu.ar\/wp-content\/uploads\/2025\/10\/Extraordinaria-superior-33-768x512.jpg 768w, https:\/\/radio.unrc.edu.ar\/wp-content\/uploads\/2025\/10\/Extraordinaria-superior-33-1536x1024.jpg 1536w, https:\/\/radio.unrc.edu.ar\/wp-content\/uploads\/2025\/10\/Extraordinaria-superior-33-2048x1365.jpg 2048w, https:\/\/radio.unrc.edu.ar\/wp-content\/uploads\/2025\/10\/Extraordinaria-superior-33-150x100.jpg 150w, https:\/\/radio.unrc.edu.ar\/wp-content\/uploads\/2025\/10\/Extraordinaria-superior-33-696x464.jpg 696w, https:\/\/radio.unrc.edu.ar\/wp-content\/uploads\/2025\/10\/Extraordinaria-superior-33-1068x712.jpg 1068w, https:\/\/radio.unrc.edu.ar\/wp-content\/uploads\/2025\/10\/Extraordinaria-superior-33-1920x1280.jpg 1920w\" sizes=\"(max-width: 2560px) 100vw, 2560px\" alt=\"\">\r\n                            <\/a>\r\n                            \r\n                        <\/figure>\r\n                    <\/div>\r\n                    <div class = \"td-slide-item td-item2\">\r\n                        <figure class=\"td-slide-galery-figure td-slide-popup-gallery\">\r\n                            <a class=\"slide-gallery-image-link\" href=\"https:\/\/radio.unrc.edu.ar\/wp-content\/uploads\/2025\/10\/Extraordinaria-superior-20-scaled.jpg\" title=\"Extraordinaria superior (20)\"  data-caption=\"\"  data-description=\"\">\r\n                                <img decoding=\"async\" src=\"https:\/\/radio.unrc.edu.ar\/wp-content\/uploads\/2025\/10\/Extraordinaria-superior-20-scaled.jpg\" srcset=\"https:\/\/radio.unrc.edu.ar\/wp-content\/uploads\/2025\/10\/Extraordinaria-superior-20-scaled.jpg 2560w, https:\/\/radio.unrc.edu.ar\/wp-content\/uploads\/2025\/10\/Extraordinaria-superior-20-300x200.jpg 300w, https:\/\/radio.unrc.edu.ar\/wp-content\/uploads\/2025\/10\/Extraordinaria-superior-20-1024x683.jpg 1024w, https:\/\/radio.unrc.edu.ar\/wp-content\/uploads\/2025\/10\/Extraordinaria-superior-20-768x512.jpg 768w, https:\/\/radio.unrc.edu.ar\/wp-content\/uploads\/2025\/10\/Extraordinaria-superior-20-1536x1024.jpg 1536w, https:\/\/radio.unrc.edu.ar\/wp-content\/uploads\/2025\/10\/Extraordinaria-superior-20-2048x1365.jpg 2048w, https:\/\/radio.unrc.edu.ar\/wp-content\/uploads\/2025\/10\/Extraordinaria-superior-20-150x100.jpg 150w, https:\/\/radio.unrc.edu.ar\/wp-content\/uploads\/2025\/10\/Extraordinaria-superior-20-696x464.jpg 696w, https:\/\/radio.unrc.edu.ar\/wp-content\/uploads\/2025\/10\/Extraordinaria-superior-20-1068x712.jpg 1068w, https:\/\/radio.unrc.edu.ar\/wp-content\/uploads\/2025\/10\/Extraordinaria-superior-20-1920x1280.jpg 1920w\" sizes=\"(max-width: 2560px) 100vw, 2560px\" alt=\"\">\r\n                            <\/a>\r\n                            \r\n                        <\/figure>\r\n                    <\/div>\r\n                    <div class = \"td-slide-item td-item3\">\r\n                        <figure class=\"td-slide-galery-figure td-slide-popup-gallery\">\r\n                            <a class=\"slide-gallery-image-link\" href=\"https:\/\/radio.unrc.edu.ar\/wp-content\/uploads\/2025\/10\/Extraordinaria-superior-19-scaled.jpg\" title=\"Extraordinaria superior (19)\"  data-caption=\"\"  data-description=\"\">\r\n                                <img decoding=\"async\" src=\"https:\/\/radio.unrc.edu.ar\/wp-content\/uploads\/2025\/10\/Extraordinaria-superior-19-scaled.jpg\" srcset=\"https:\/\/radio.unrc.edu.ar\/wp-content\/uploads\/2025\/10\/Extraordinaria-superior-19-scaled.jpg 2560w, https:\/\/radio.unrc.edu.ar\/wp-content\/uploads\/2025\/10\/Extraordinaria-superior-19-300x200.jpg 300w, https:\/\/radio.unrc.edu.ar\/wp-content\/uploads\/2025\/10\/Extraordinaria-superior-19-1024x683.jpg 1024w, https:\/\/radio.unrc.edu.ar\/wp-content\/uploads\/2025\/10\/Extraordinaria-superior-19-768x512.jpg 768w, https:\/\/radio.unrc.edu.ar\/wp-content\/uploads\/2025\/10\/Extraordinaria-superior-19-1536x1024.jpg 1536w, https:\/\/radio.unrc.edu.ar\/wp-content\/uploads\/2025\/10\/Extraordinaria-superior-19-2048x1365.jpg 2048w, https:\/\/radio.unrc.edu.ar\/wp-content\/uploads\/2025\/10\/Extraordinaria-superior-19-150x100.jpg 150w, https:\/\/radio.unrc.edu.ar\/wp-content\/uploads\/2025\/10\/Extraordinaria-superior-19-696x464.jpg 696w, https:\/\/radio.unrc.edu.ar\/wp-content\/uploads\/2025\/10\/Extraordinaria-superior-19-1068x712.jpg 1068w, https:\/\/radio.unrc.edu.ar\/wp-content\/uploads\/2025\/10\/Extraordinaria-superior-19-1920x1280.jpg 1920w\" sizes=\"(max-width: 2560px) 100vw, 2560px\" alt=\"\">\r\n                            <\/a>\r\n                            \r\n                        <\/figure>\r\n                    <\/div>\r\n                    <div class = \"td-slide-item td-item4\">\r\n                        <figure class=\"td-slide-galery-figure td-slide-popup-gallery\">\r\n                            <a class=\"slide-gallery-image-link\" href=\"https:\/\/radio.unrc.edu.ar\/wp-content\/uploads\/2025\/10\/Extraordinaria-superior-18-scaled.jpg\" title=\"Extraordinaria superior (18)\"  data-caption=\"\"  data-description=\"\">\r\n                                <img decoding=\"async\" src=\"https:\/\/radio.unrc.edu.ar\/wp-content\/uploads\/2025\/10\/Extraordinaria-superior-18-scaled.jpg\" srcset=\"https:\/\/radio.unrc.edu.ar\/wp-content\/uploads\/2025\/10\/Extraordinaria-superior-18-scaled.jpg 2560w, https:\/\/radio.unrc.edu.ar\/wp-content\/uploads\/2025\/10\/Extraordinaria-superior-18-300x200.jpg 300w, https:\/\/radio.unrc.edu.ar\/wp-content\/uploads\/2025\/10\/Extraordinaria-superior-18-1024x683.jpg 1024w, https:\/\/radio.unrc.edu.ar\/wp-content\/uploads\/2025\/10\/Extraordinaria-superior-18-768x512.jpg 768w, https:\/\/radio.unrc.edu.ar\/wp-content\/uploads\/2025\/10\/Extraordinaria-superior-18-1536x1024.jpg 1536w, https:\/\/radio.unrc.edu.ar\/wp-content\/uploads\/2025\/10\/Extraordinaria-superior-18-2048x1365.jpg 2048w, https:\/\/radio.unrc.edu.ar\/wp-content\/uploads\/2025\/10\/Extraordinaria-superior-18-150x100.jpg 150w, https:\/\/radio.unrc.edu.ar\/wp-content\/uploads\/2025\/10\/Extraordinaria-superior-18-696x464.jpg 696w, https:\/\/radio.unrc.edu.ar\/wp-content\/uploads\/2025\/10\/Extraordinaria-superior-18-1068x712.jpg 1068w, https:\/\/radio.unrc.edu.ar\/wp-content\/uploads\/2025\/10\/Extraordinaria-superior-18-1920x1280.jpg 1920w\" sizes=\"(max-width: 2560px) 100vw, 2560px\" alt=\"\">\r\n                            <\/a>\r\n                            \r\n                        <\/figure>\r\n                    <\/div>\r\n                    <div class = \"td-slide-item td-item5\">\r\n                        <figure class=\"td-slide-galery-figure td-slide-popup-gallery\">\r\n                            <a class=\"slide-gallery-image-link\" href=\"https:\/\/radio.unrc.edu.ar\/wp-content\/uploads\/2025\/10\/Extraordinaria-superior-17-scaled.jpg\" title=\"Extraordinaria superior (17)\"  data-caption=\"\"  data-description=\"\">\r\n                                <img decoding=\"async\" src=\"https:\/\/radio.unrc.edu.ar\/wp-content\/uploads\/2025\/10\/Extraordinaria-superior-17-scaled.jpg\" srcset=\"https:\/\/radio.unrc.edu.ar\/wp-content\/uploads\/2025\/10\/Extraordinaria-superior-17-scaled.jpg 2560w, https:\/\/radio.unrc.edu.ar\/wp-content\/uploads\/2025\/10\/Extraordinaria-superior-17-300x200.jpg 300w, https:\/\/radio.unrc.edu.ar\/wp-content\/uploads\/2025\/10\/Extraordinaria-superior-17-1024x683.jpg 1024w, https:\/\/radio.unrc.edu.ar\/wp-content\/uploads\/2025\/10\/Extraordinaria-superior-17-768x512.jpg 768w, https:\/\/radio.unrc.edu.ar\/wp-content\/uploads\/2025\/10\/Extraordinaria-superior-17-1536x1024.jpg 1536w, https:\/\/radio.unrc.edu.ar\/wp-content\/uploads\/2025\/10\/Extraordinaria-superior-17-2048x1365.jpg 2048w, https:\/\/radio.unrc.edu.ar\/wp-content\/uploads\/2025\/10\/Extraordinaria-superior-17-150x100.jpg 150w, https:\/\/radio.unrc.edu.ar\/wp-content\/uploads\/2025\/10\/Extraordinaria-superior-17-696x464.jpg 696w, https:\/\/radio.unrc.edu.ar\/wp-content\/uploads\/2025\/10\/Extraordinaria-superior-17-1068x712.jpg 1068w, https:\/\/radio.unrc.edu.ar\/wp-content\/uploads\/2025\/10\/Extraordinaria-superior-17-1920x1280.jpg 1920w\" sizes=\"(max-width: 2560px) 100vw, 2560px\" alt=\"\">\r\n                            <\/a>\r\n                            \r\n                        <\/figure>\r\n                    <\/div>\r\n                    <div class = \"td-slide-item td-item6\">\r\n                        <figure class=\"td-slide-galery-figure td-slide-popup-gallery\">\r\n                            <a class=\"slide-gallery-image-link\" href=\"https:\/\/radio.unrc.edu.ar\/wp-content\/uploads\/2025\/10\/Extraordinaria-superior-6-scaled.jpg\" title=\"Extraordinaria superior (6)\"  data-caption=\"\"  data-description=\"\">\r\n                                <img decoding=\"async\" src=\"https:\/\/radio.unrc.edu.ar\/wp-content\/uploads\/2025\/10\/Extraordinaria-superior-6-scaled.jpg\" srcset=\"https:\/\/radio.unrc.edu.ar\/wp-content\/uploads\/2025\/10\/Extraordinaria-superior-6-scaled.jpg 2560w, https:\/\/radio.unrc.edu.ar\/wp-content\/uploads\/2025\/10\/Extraordinaria-superior-6-300x200.jpg 300w, https:\/\/radio.unrc.edu.ar\/wp-content\/uploads\/2025\/10\/Extraordinaria-superior-6-1024x683.jpg 1024w, https:\/\/radio.unrc.edu.ar\/wp-content\/uploads\/2025\/10\/Extraordinaria-superior-6-768x512.jpg 768w, https:\/\/radio.unrc.edu.ar\/wp-content\/uploads\/2025\/10\/Extraordinaria-superior-6-1536x1024.jpg 1536w, https:\/\/radio.unrc.edu.ar\/wp-content\/uploads\/2025\/10\/Extraordinaria-superior-6-2048x1365.jpg 2048w, https:\/\/radio.unrc.edu.ar\/wp-content\/uploads\/2025\/10\/Extraordinaria-superior-6-150x100.jpg 150w, https:\/\/radio.unrc.edu.ar\/wp-content\/uploads\/2025\/10\/Extraordinaria-superior-6-696x464.jpg 696w, https:\/\/radio.unrc.edu.ar\/wp-content\/uploads\/2025\/10\/Extraordinaria-superior-6-1068x712.jpg 1068w, https:\/\/radio.unrc.edu.ar\/wp-content\/uploads\/2025\/10\/Extraordinaria-superior-6-1920x1280.jpg 1920w\" sizes=\"(max-width: 2560px) 100vw, 2560px\" alt=\"\">\r\n                            <\/a>\r\n                            \r\n                        <\/figure>\r\n                    <\/div>\r\n                    <div class = \"td-slide-item td-item7\">\r\n                        <figure class=\"td-slide-galery-figure td-slide-popup-gallery\">\r\n                            <a class=\"slide-gallery-image-link\" href=\"https:\/\/radio.unrc.edu.ar\/wp-content\/uploads\/2025\/10\/Extraordinaria-superior-8-scaled.jpg\" title=\"Extraordinaria superior (8)\"  data-caption=\"\"  data-description=\"\">\r\n                                <img decoding=\"async\" src=\"https:\/\/radio.unrc.edu.ar\/wp-content\/uploads\/2025\/10\/Extraordinaria-superior-8-scaled.jpg\" srcset=\"https:\/\/radio.unrc.edu.ar\/wp-content\/uploads\/2025\/10\/Extraordinaria-superior-8-scaled.jpg 2560w, https:\/\/radio.unrc.edu.ar\/wp-content\/uploads\/2025\/10\/Extraordinaria-superior-8-300x200.jpg 300w, https:\/\/radio.unrc.edu.ar\/wp-content\/uploads\/2025\/10\/Extraordinaria-superior-8-1024x683.jpg 1024w, https:\/\/radio.unrc.edu.ar\/wp-content\/uploads\/2025\/10\/Extraordinaria-superior-8-768x512.jpg 768w, https:\/\/radio.unrc.edu.ar\/wp-content\/uploads\/2025\/10\/Extraordinaria-superior-8-1536x1024.jpg 1536w, https:\/\/radio.unrc.edu.ar\/wp-content\/uploads\/2025\/10\/Extraordinaria-superior-8-2048x1365.jpg 2048w, https:\/\/radio.unrc.edu.ar\/wp-content\/uploads\/2025\/10\/Extraordinaria-superior-8-150x100.jpg 150w, https:\/\/radio.unrc.edu.ar\/wp-content\/uploads\/2025\/10\/Extraordinaria-superior-8-696x464.jpg 696w, https:\/\/radio.unrc.edu.ar\/wp-content\/uploads\/2025\/10\/Extraordinaria-superior-8-1068x712.jpg 1068w, https:\/\/radio.unrc.edu.ar\/wp-content\/uploads\/2025\/10\/Extraordinaria-superior-8-1920x1280.jpg 1920w\" sizes=\"(max-width: 2560px) 100vw, 2560px\" alt=\"\">\r\n                            <\/a>\r\n                            \r\n                        <\/figure>\r\n                    <\/div>\r\n                            <\/div>\r\n                        <\/div>\r\n\r\n                        <div class = \"td-doubleSlider-2\">\r\n                            <div class = \"td-slider\">\r\n                                \r\n                    <div class = \"td-button td-item1\">\r\n                        <div class = \"td-border\"><\/div>\r\n                    <\/div>\r\n                    <div class = \"td-button td-item2\">\r\n                        <div class = \"td-border\"><\/div>\r\n                    <\/div>\r\n                    <div class = \"td-button td-item3\">\r\n                        <div class = \"td-border\"><\/div>\r\n                    <\/div>\r\n                    <div class = \"td-button td-item4\">\r\n                        <div class = \"td-border\"><\/div>\r\n                    <\/div>\r\n                    <div class = \"td-button td-item5\">\r\n                        <div class = \"td-border\"><\/div>\r\n                    <\/div>\r\n                    <div class = \"td-button td-item6\">\r\n                        <div class = \"td-border\"><\/div>\r\n                    <\/div>\r\n                    <div class = \"td-button td-item7\">\r\n                        <div class = \"td-border\"><\/div>\r\n                    <\/div>\r\n                            <\/div>\r\n                        <\/div>\r\n\r\n                    <\/div>\r\n\r\n                <\/div>\r\n                \n<p><strong>M\u00e1s informaci\u00f3n<\/strong>: <a href=\"https:\/\/radio.unrc.edu.ar\/?p=32712\">Marisa Rovera: \u00abUna ley no puede ser suspendida por un decreto\u201d<\/a><\/p>\n","protected":false},"excerpt":{"rendered":"<p>En una sesi\u00f3n extraordinaria, el Consejo Superior aprob\u00f3 por unanimidad el respaldo a la presentaci\u00f3n de un amparo impulsado por el Consejo Interuniversitario Nacional para que se implemente la Ley de Financiamiento Universitario. La vicerrectora de la Universidad, Nora Bianconi, inform\u00f3 que el principal argumento es que un decreto no puede estar por encima de [&hellip;]<\/p>\n","protected":false},"author":2,"featured_media":32813,"comment_status":"open","ping_status":"open","sticky":false,"template":"","format":"standard","meta":{"footnotes":""},"categories":[17],"tags":[25],"class_list":{"0":"post-32811","1":"post","2":"type-post","3":"status-publish","4":"format-standard","5":"has-post-thumbnail","7":"category-universitarias","8":"tag-destacada-principal"},"yoast_head":"<!-- This site is optimized with the Yoast SEO plugin v21.5 - https:\/\/yoast.com\/wordpress\/plugins\/seo\/ -->\n<title>El Consejo Superior aprob\u00f3 el acompa\u00f1amiento al amparo colectivo por la Ley de Financiamiento Universitario - Radio UNRC<\/title>\n<meta name=\"description\" content=\"La radio que te hace sentir y pensar.\" \/>\n<meta name=\"robots\" content=\"index, follow, max-snippet:-1, max-image-preview:large, max-video-preview:-1\" \/>\n<link rel=\"canonical\" href=\"https:\/\/radio.unrc.edu.ar\/?p=32811\" \/>\n<meta property=\"og:locale\" content=\"es_ES\" \/>\n<meta property=\"og:type\" content=\"article\" \/>\n<meta property=\"og:title\" content=\"El Consejo Superior aprob\u00f3 el acompa\u00f1amiento al amparo colectivo por la Ley de Financiamiento Universitario - Radio UNRC\" \/>\n<meta property=\"og:description\" content=\"La radio que te hace sentir y pensar.\" \/>\n<meta property=\"og:url\" content=\"https:\/\/radio.unrc.edu.ar\/?p=32811\" \/>\n<meta property=\"og:site_name\" content=\"Radio UNRC\" \/>\n<meta property=\"article:publisher\" content=\"https:\/\/www.facebook.com\/radiounrc\" \/>\n<meta property=\"article:published_time\" content=\"2025-10-27T16:10:24+00:00\" \/>\n<meta property=\"article:modified_time\" content=\"2025-10-27T18:00:11+00:00\" \/>\n<meta property=\"og:image\" content=\"https:\/\/radio.unrc.edu.ar\/wp-content\/uploads\/2025\/10\/consejo-superior.jpg\" \/>\n\t<meta property=\"og:image:width\" content=\"1280\" \/>\n\t<meta property=\"og:image:height\" content=\"740\" \/>\n\t<meta property=\"og:image:type\" content=\"image\/jpeg\" \/>\n<meta name=\"author\" content=\"majo\" \/>\n<meta name=\"twitter:card\" content=\"summary_large_image\" \/>\n<meta name=\"twitter:label1\" content=\"Escrito por\" \/>\n\t<meta name=\"twitter:data1\" content=\"majo\" \/>\n\t<meta name=\"twitter:label2\" content=\"Tiempo de lectura\" \/>\n\t<meta name=\"twitter:data2\" content=\"2 minutos\" \/>\n<script type=\"application\/ld+json\" class=\"yoast-schema-graph\">{\"@context\":\"https:\/\/schema.org\",\"@graph\":[{\"@type\":\"Article\",\"@id\":\"https:\/\/radio.unrc.edu.ar\/?p=32811#article\",\"isPartOf\":{\"@id\":\"https:\/\/radio.unrc.edu.ar\/?p=32811\"},\"author\":{\"name\":\"majo\",\"@id\":\"https:\/\/radio.unrc.edu.ar\/#\/schema\/person\/197edd08d015632a43a5e6a515c4f7a6\"},\"headline\":\"El Consejo Superior aprob\u00f3 el acompa\u00f1amiento al amparo colectivo por la Ley de Financiamiento Universitario\",\"datePublished\":\"2025-10-27T16:10:24+00:00\",\"dateModified\":\"2025-10-27T18:00:11+00:00\",\"mainEntityOfPage\":{\"@id\":\"https:\/\/radio.unrc.edu.ar\/?p=32811\"},\"wordCount\":260,\"commentCount\":0,\"publisher\":{\"@id\":\"https:\/\/radio.unrc.edu.ar\/#organization\"},\"keywords\":[\"Destacada Principal\"],\"articleSection\":[\"Universitarias\"],\"inLanguage\":\"es\",\"potentialAction\":[{\"@type\":\"CommentAction\",\"name\":\"Comment\",\"target\":[\"https:\/\/radio.unrc.edu.ar\/?p=32811#respond\"]}]},{\"@type\":\"WebPage\",\"@id\":\"https:\/\/radio.unrc.edu.ar\/?p=32811\",\"url\":\"https:\/\/radio.unrc.edu.ar\/?p=32811\",\"name\":\"El Consejo Superior aprob\u00f3 el acompa\u00f1amiento al amparo colectivo por la Ley de Financiamiento Universitario - Radio UNRC\",\"isPartOf\":{\"@id\":\"https:\/\/radio.unrc.edu.ar\/#website\"},\"datePublished\":\"2025-10-27T16:10:24+00:00\",\"dateModified\":\"2025-10-27T18:00:11+00:00\",\"description\":\"La radio que te hace sentir y pensar.\",\"breadcrumb\":{\"@id\":\"https:\/\/radio.unrc.edu.ar\/?p=32811#breadcrumb\"},\"inLanguage\":\"es\",\"potentialAction\":[{\"@type\":\"ReadAction\",\"target\":[\"https:\/\/radio.unrc.edu.ar\/?p=32811\"]}]},{\"@type\":\"BreadcrumbList\",\"@id\":\"https:\/\/radio.unrc.edu.ar\/?p=32811#breadcrumb\",\"itemListElement\":[{\"@type\":\"ListItem\",\"position\":1,\"name\":\"Portada\",\"item\":\"https:\/\/radio.unrc.edu.ar\/\"},{\"@type\":\"ListItem\",\"position\":2,\"name\":\"El Consejo Superior aprob\u00f3 el acompa\u00f1amiento al amparo colectivo por la Ley de Financiamiento Universitario\"}]},{\"@type\":\"WebSite\",\"@id\":\"https:\/\/radio.unrc.edu.ar\/#website\",\"url\":\"https:\/\/radio.unrc.edu.ar\/\",\"name\":\"Radio UNRC\",\"description\":\"La Radio de la Uni, la que te hace sentir y pensar\",\"publisher\":{\"@id\":\"https:\/\/radio.unrc.edu.ar\/#organization\"},\"potentialAction\":[{\"@type\":\"SearchAction\",\"target\":{\"@type\":\"EntryPoint\",\"urlTemplate\":\"https:\/\/radio.unrc.edu.ar\/?s={search_term_string}\"},\"query-input\":\"required name=search_term_string\"}],\"inLanguage\":\"es\"},{\"@type\":\"Organization\",\"@id\":\"https:\/\/radio.unrc.edu.ar\/#organization\",\"name\":\"Radio UNRC\",\"url\":\"https:\/\/radio.unrc.edu.ar\/\",\"logo\":{\"@type\":\"ImageObject\",\"inLanguage\":\"es\",\"@id\":\"https:\/\/radio.unrc.edu.ar\/#\/schema\/logo\/image\/\",\"url\":\"https:\/\/radio.unrc.edu.ar\/wp-content\/uploads\/2022\/03\/logo-radio-544.png\",\"contentUrl\":\"https:\/\/radio.unrc.edu.ar\/wp-content\/uploads\/2022\/03\/logo-radio-544.png\",\"width\":544,\"height\":180,\"caption\":\"Radio UNRC\"},\"image\":{\"@id\":\"https:\/\/radio.unrc.edu.ar\/#\/schema\/logo\/image\/\"},\"sameAs\":[\"https:\/\/www.facebook.com\/radiounrc\",\"https:\/\/www.instagram.com\/radiounrc\/\"]},{\"@type\":\"Person\",\"@id\":\"https:\/\/radio.unrc.edu.ar\/#\/schema\/person\/197edd08d015632a43a5e6a515c4f7a6\",\"name\":\"majo\",\"image\":{\"@type\":\"ImageObject\",\"inLanguage\":\"es\",\"@id\":\"https:\/\/radio.unrc.edu.ar\/#\/schema\/person\/image\/\",\"url\":\"https:\/\/secure.gravatar.com\/avatar\/6806165fb7635331b44fb331ffb478c3230b9d62d675244a0e2dfd0cb8d8b503?s=96&d=mm&r=g\",\"contentUrl\":\"https:\/\/secure.gravatar.com\/avatar\/6806165fb7635331b44fb331ffb478c3230b9d62d675244a0e2dfd0cb8d8b503?s=96&d=mm&r=g\",\"caption\":\"majo\"},\"url\":\"https:\/\/radio.unrc.edu.ar\/?author=2\"}]}<\/script>\n<!-- \/ Yoast SEO plugin. -->","yoast_head_json":{"title":"El Consejo Superior aprob\u00f3 el acompa\u00f1amiento al amparo colectivo por la Ley de Financiamiento Universitario - Radio UNRC","description":"La radio que te hace sentir y pensar.","robots":{"index":"index","follow":"follow","max-snippet":"max-snippet:-1","max-image-preview":"max-image-preview:large","max-video-preview":"max-video-preview:-1"},"canonical":"https:\/\/radio.unrc.edu.ar\/?p=32811","og_locale":"es_ES","og_type":"article","og_title":"El Consejo Superior aprob\u00f3 el acompa\u00f1amiento al amparo colectivo por la Ley de Financiamiento Universitario - Radio UNRC","og_description":"La radio que te hace sentir y pensar.","og_url":"https:\/\/radio.unrc.edu.ar\/?p=32811","og_site_name":"Radio UNRC","article_publisher":"https:\/\/www.facebook.com\/radiounrc","article_published_time":"2025-10-27T16:10:24+00:00","article_modified_time":"2025-10-27T18:00:11+00:00","og_image":[{"width":1280,"height":740,"url":"https:\/\/radio.unrc.edu.ar\/wp-content\/uploads\/2025\/10\/consejo-superior.jpg","type":"image\/jpeg"}],"author":"majo","twitter_card":"summary_large_image","twitter_misc":{"Escrito por":"majo","Tiempo de lectura":"2 minutos"},"schema":{"@context":"https:\/\/schema.org","@graph":[{"@type":"Article","@id":"https:\/\/radio.unrc.edu.ar\/?p=32811#article","isPartOf":{"@id":"https:\/\/radio.unrc.edu.ar\/?p=32811"},"author":{"name":"majo","@id":"https:\/\/radio.unrc.edu.ar\/#\/schema\/person\/197edd08d015632a43a5e6a515c4f7a6"},"headline":"El Consejo Superior aprob\u00f3 el acompa\u00f1amiento al amparo colectivo por la Ley de Financiamiento Universitario","datePublished":"2025-10-27T16:10:24+00:00","dateModified":"2025-10-27T18:00:11+00:00","mainEntityOfPage":{"@id":"https:\/\/radio.unrc.edu.ar\/?p=32811"},"wordCount":260,"commentCount":0,"publisher":{"@id":"https:\/\/radio.unrc.edu.ar\/#organization"},"keywords":["Destacada Principal"],"articleSection":["Universitarias"],"inLanguage":"es","potentialAction":[{"@type":"CommentAction","name":"Comment","target":["https:\/\/radio.unrc.edu.ar\/?p=32811#respond"]}]},{"@type":"WebPage","@id":"https:\/\/radio.unrc.edu.ar\/?p=32811","url":"https:\/\/radio.unrc.edu.ar\/?p=32811","name":"El Consejo Superior aprob\u00f3 el acompa\u00f1amiento al amparo colectivo por la Ley de Financiamiento Universitario - Radio UNRC","isPartOf":{"@id":"https:\/\/radio.unrc.edu.ar\/#website"},"datePublished":"2025-10-27T16:10:24+00:00","dateModified":"2025-10-27T18:00:11+00:00","description":"La radio que te hace sentir y pensar.","breadcrumb":{"@id":"https:\/\/radio.unrc.edu.ar\/?p=32811#breadcrumb"},"inLanguage":"es","potentialAction":[{"@type":"ReadAction","target":["https:\/\/radio.unrc.edu.ar\/?p=32811"]}]},{"@type":"BreadcrumbList","@id":"https:\/\/radio.unrc.edu.ar\/?p=32811#breadcrumb","itemListElement":[{"@type":"ListItem","position":1,"name":"Portada","item":"https:\/\/radio.unrc.edu.ar\/"},{"@type":"ListItem","position":2,"name":"El Consejo Superior aprob\u00f3 el acompa\u00f1amiento al amparo colectivo por la Ley de Financiamiento Universitario"}]},{"@type":"WebSite","@id":"https:\/\/radio.unrc.edu.ar\/#website","url":"https:\/\/radio.unrc.edu.ar\/","name":"Radio UNRC","description":"La Radio de la Uni, la que te hace sentir y pensar","publisher":{"@id":"https:\/\/radio.unrc.edu.ar\/#organization"},"potentialAction":[{"@type":"SearchAction","target":{"@type":"EntryPoint","urlTemplate":"https:\/\/radio.unrc.edu.ar\/?s={search_term_string}"},"query-input":"required name=search_term_string"}],"inLanguage":"es"},{"@type":"Organization","@id":"https:\/\/radio.unrc.edu.ar\/#organization","name":"Radio UNRC","url":"https:\/\/radio.unrc.edu.ar\/","logo":{"@type":"ImageObject","inLanguage":"es","@id":"https:\/\/radio.unrc.edu.ar\/#\/schema\/logo\/image\/","url":"https:\/\/radio.unrc.edu.ar\/wp-content\/uploads\/2022\/03\/logo-radio-544.png","contentUrl":"https:\/\/radio.unrc.edu.ar\/wp-content\/uploads\/2022\/03\/logo-radio-544.png","width":544,"height":180,"caption":"Radio UNRC"},"image":{"@id":"https:\/\/radio.unrc.edu.ar\/#\/schema\/logo\/image\/"},"sameAs":["https:\/\/www.facebook.com\/radiounrc","https:\/\/www.instagram.com\/radiounrc\/"]},{"@type":"Person","@id":"https:\/\/radio.unrc.edu.ar\/#\/schema\/person\/197edd08d015632a43a5e6a515c4f7a6","name":"majo","image":{"@type":"ImageObject","inLanguage":"es","@id":"https:\/\/radio.unrc.edu.ar\/#\/schema\/person\/image\/","url":"https:\/\/secure.gravatar.com\/avatar\/6806165fb7635331b44fb331ffb478c3230b9d62d675244a0e2dfd0cb8d8b503?s=96&d=mm&r=g","contentUrl":"https:\/\/secure.gravatar.com\/avatar\/6806165fb7635331b44fb331ffb478c3230b9d62d675244a0e2dfd0cb8d8b503?s=96&d=mm&r=g","caption":"majo"},"url":"https:\/\/radio.unrc.edu.ar\/?author=2"}]}},"_links":{"self":[{"href":"https:\/\/radio.unrc.edu.ar\/index.php?rest_route=\/wp\/v2\/posts\/32811","targetHints":{"allow":["GET"]}}],"collection":[{"href":"https:\/\/radio.unrc.edu.ar\/index.php?rest_route=\/wp\/v2\/posts"}],"about":[{"href":"https:\/\/radio.unrc.edu.ar\/index.php?rest_route=\/wp\/v2\/types\/post"}],"author":[{"embeddable":true,"href":"https:\/\/radio.unrc.edu.ar\/index.php?rest_route=\/wp\/v2\/users\/2"}],"replies":[{"embeddable":true,"href":"https:\/\/radio.unrc.edu.ar\/index.php?rest_route=%2Fwp%2Fv2%2Fcomments&post=32811"}],"version-history":[{"count":4,"href":"https:\/\/radio.unrc.edu.ar\/index.php?rest_route=\/wp\/v2\/posts\/32811\/revisions"}],"predecessor-version":[{"id":32849,"href":"https:\/\/radio.unrc.edu.ar\/index.php?rest_route=\/wp\/v2\/posts\/32811\/revisions\/32849"}],"wp:featuredmedia":[{"embeddable":true,"href":"https:\/\/radio.unrc.edu.ar\/index.php?rest_route=\/wp\/v2\/media\/32813"}],"wp:attachment":[{"href":"https:\/\/radio.unrc.edu.ar\/index.php?rest_route=%2Fwp%2Fv2%2Fmedia&parent=32811"}],"wp:term":[{"taxonomy":"category","embeddable":true,"href":"https:\/\/radio.unrc.edu.ar\/index.php?rest_route=%2Fwp%2Fv2%2Fcategories&post=32811"},{"taxonomy":"post_tag","embeddable":true,"href":"https:\/\/radio.unrc.edu.ar\/index.php?rest_route=%2Fwp%2Fv2%2Ftags&post=32811"}],"curies":[{"name":"wp","href":"https:\/\/api.w.org\/{rel}","templated":true}]}}