{"id":337,"date":"2022-05-26T13:52:24","date_gmt":"2022-05-26T13:52:24","guid":{"rendered":"https:\/\/radiounrc.flamingoweb.com.ar\/?p=337"},"modified":"2022-06-09T14:44:30","modified_gmt":"2022-06-09T14:44:30","slug":"con-su-camara-de-fotos-alerta-sobre-el-grave-impacto-del-ser-humano-en-la-naturaleza-y-en-su-propio-bienestar","status":"publish","type":"post","link":"https:\/\/radio.unrc.edu.ar\/?p=337","title":{"rendered":"Con su c\u00e1mara de fotos alerta sobre el grave impacto del ser humano en la naturaleza y en su propio bienestar"},"content":{"rendered":"<p>Una ventana ilustrativa de la vida misma. Centrada en reflejar y difundir parte de la riqueza nativa, Cecilia Mena capta im\u00e1genes para que la gente vea el medioambiente desde una perspectiva que contemple su protecci\u00f3n<\/p>\n<p>Pone el ojo y viene la foto. Sus trabajos se est\u00e1n conociendo en el mundo. Es una artista visual anclada en el ambiente. Su labor como fot\u00f3grafa de la naturaleza la acaba de llevar a 20 mil kil\u00f3metros de R\u00edo Cuarto. Entre el 2 y el 6 de mayo particip\u00f3 del 15\u00ba Congreso Forestal Mundial en Se\u00fal Corea del Sur-, cuyo lema fue: \u00abConstruir un futuro verde, saludable y resiliente con los bosques\u00bb; centrado en la relaci\u00f3n entre la salud humana y la de los montes, y las inversiones para frenar la degradaci\u00f3n del medio ambiente.<br \/>\nLa fot\u00f3grafa y realizadora audiovisual Cecilia Mena estudi\u00f3 Ciencias de la Comunicaci\u00f3n de la UNRC y est\u00e1 radicada en el mundo; recorri\u00f3 varios lugares y trabaja a distancia desde su computadora para interesados de zonas remotas. Carga una c\u00e1mara y una mochila con lentes, y sus productos se convierten en una verdadera conexi\u00f3n con el medio natural.<br \/>\nLugares, paisajes y colores cobran relevancia en cada toma. Las fotograf\u00edas que componen su trabajo permiten tomar conciencia del grave impacto del ser humano en la naturaleza y en su propio bienestar.<\/p>\n<p>Hace una d\u00e9cada que se viene desempe\u00f1ando como creadora de contenido.<br \/>\nY, desde 2018, apunta a tem\u00e1ticas relacionadas con la naturaleza y el medio ambiente. Ese a\u00f1o viaj\u00f3 a Per\u00fa y fue parte de un proyecto de permacultura y bioconstrucci\u00f3n; fue su primer acercamiento a una experiencia laboral vinculada con la tem\u00e1tica.<br \/>\nTambi\u00e9n particip\u00f3 del grupo de comunicaci\u00f3n de la organizaci\u00f3n del Congreso Mundial Forestal. En su caso, la imagen es usada como un medio para explorar la relaci\u00f3n entre el ser humano y el territorio. Un trabajo de esta comunicadora comprometida con la sostenibilidad ambiental y la social que sorprende y reclama por el necesario resguardo del planeta.<\/p>\n<p>Trabaj\u00f3 con empresas de aventura de monta\u00f1a, en registros de naturaleza y en proyectos de restauraci\u00f3n ecol\u00f3gica. Y, actualmente, forma parte del equipo de comunicaci\u00f3n de la Reserva Natural Monte Alegre y de la Red de Comunicadores Forestales y Ambientales de Am\u00e9rica Latina y el Caribe.<br \/>\nCon el envi\u00f3n que le dio esta experiencia en Se\u00fal, Mena no duda que seguir\u00e1 tomando la c\u00e1mara, para registrar eso que dif\u00edcilmente se pueda de otra manera tener a golpe de vista.<br \/>\nElla cree que la fotograf\u00eda puede influir en las personas para ver la naturaleza desde una perspectiva que contemple su protecci\u00f3n.<br \/>\nLuego de aplicar y compartir su experiencia en registros de naturaleza y proyectos de restauraci\u00f3n de bosques en el Social and Digital Media Lab, fue seleccionada para ir al Congreso de Corea.<br \/>\nSobre esta reciente experiencia, Cecilia Mena coment\u00f3: Desde hace unos a\u00f1os, trabajo con el contenido audiovisual de la Reserva Natural Monte Alegre, un proyecto de restauraci\u00f3n ecol\u00f3gica de C\u00f3rdoba.<\/p>\n<p>La licenciada Anal\u00ed Bustos, que lleva adelante esta tarea, junto a la familia propietaria, se present\u00f3 a una convocatoria para participar de la XV edici\u00f3n del Congreso Forestal Mundial.<br \/>\nEse fue un concurso de videos de j\u00f3venes generadores de cambios; por lo cual viajamos a la Reserva, grabamos y presentamos el material en diciembre.<br \/>\nElla gan\u00f3 su lugar y participaci\u00f3n como bi\u00f3loga. Luego abren una convocatoria para realizadores y comunicadores vinculados con la tem\u00e1tica. Qued\u00e9 preseleccionada y participamos por dos d\u00edas v\u00eda zoom del Social and Digital Media Lab con gente de todo el mundo.<br \/>\nUna vez finalizado eso, me anunciaron que hab\u00eda sido seleccionada para viajar al Congreso.<br \/>\n&#8211; <strong>\u00bfQu\u00e9 se pudo traer de esta participaci\u00f3n como comunicadora?<\/strong><br \/>\n&#8211; Principalmente, muchas ganas de seguir profundizando mi trabajo desde un rol de difusi\u00f3n en este tipo de proyectos.<br \/>\nConoc\u00ed gente de todo el mundo que hace trabajos sumamente importantes con bosques, comunidades, sustentabilidad y mucho m\u00e1s. Varios de ellos con una difusi\u00f3n acorde a la magnitud del proyecto; otros no y ah\u00ed dimension\u00e9 la necesidad y la importancia de formar equipos para, adem\u00e1s de trabajar a fondo con la problem\u00e1tica, difundir el mensaje y seguir transmitiendo la importancia de vincularse con lo que le pasa al planeta.<br \/>\n&#8211; <strong>\u00bfSe pudo llegar con el mensaje sobre lo que est\u00e1 sucediendo con los bosques?<\/strong><br \/>\n-En mi grupo de trabajo \u00e9ramos alrededor de veinte personas de distintos lugares del mundo, todos centrados en transmitir el mensaje en nuestro idioma y a nuestras comunidades. Se realizaban traducciones en el momento, se generaba contenido inmediatamente y se intentaba subir a todas las plataformas. No hay un solo mensaje claro, hay m\u00faltiples aristas para trabajar, desarrollar y seguir profundizando.<br \/>\nY el trabajo sigue.<br \/>\n&#8211; <strong>\u00bfCon qu\u00e9 herramientas? \u00bfFotograf\u00eda, video, entrevistas?<\/strong><br \/>\n&#8211; Yo estaba a cargo de fotograf\u00eda y video. En el equipo hab\u00eda gente que realizaba sistematizaci\u00f3n de los paneles y conferencias y se armaban las notas; yo con otras dos personas \u00e9ramos responsables de hacer fotograf\u00edas, realizar entrevistas a profesionales y a editar ese material para subir a las plataformas.<br \/>\n&#8211; <strong>\u00bfUsted hizo el video sobre la restauraci\u00f3n del bosque de la Reserva Privada Natural Monte Alegre, de Las Acequias? \u00bfPor qu\u00e9 cree que fue elegido?<\/strong><br \/>\n-El proyecto es pionero. Fue elegido por eso, por ser un caso muy especial en la provincia de C\u00f3rdoba, y por las especificaciones t\u00e9cnicas tambi\u00e9n. Tuvimos la oportunidad de conocer a uno de los jueces del concurso.<br \/>\n&#8211; <strong>Para viajar a Corea cont\u00f3 con el apoyo de Organizaci\u00f3n de las Naciones Unidas para la Alimentaci\u00f3n y la Agricultura \u00bfEs necesario este tipo de financiamiento?<\/strong><br \/>\n&#8211; La FAO se hizo cargo de mi viaje y me sponsore\u00f3 para que pudiera asistir.<br \/>\nEllos estuvieron a cargo de muchas personas que eran una pieza importante para la comunicaci\u00f3n de todo lo que sucediera en el Congreso.<br \/>\n&#8211; <strong>Se suma en su carrera un trabajo con el Instituto Jane Goodall.<\/strong><br \/>\n<strong>\u00bfEn qu\u00e9 consisti\u00f3?<\/strong><br \/>\n&#8211; En 2021 me llamaron del Programa Roots &amp; Shoots del Instituto Jane Goodall Argentina, a trav\u00e9s del Proyecto Siempre Nativas. Conoc\u00edan mi trabajo en este tipo de proyectos y necesitaban una serie de productos audiovisuales para jornadas espec\u00edficas. Una fue una Jornada de Reforestaci\u00f3n con nativas, en la localidad de Arroyo Cabral en donde se sum\u00f3 parte de la poblaci\u00f3n a participar y plantar especies nativas, pero adem\u00e1s ven\u00edan trabajando en formaciones para capacitarlos.<br \/>\n&#8211; <strong>\u00bfEsto que hace es una contribuci\u00f3n a la ciencia? \u00bfCu\u00e1nto puede aportar documentando con su c\u00e1mara la naturaleza?<\/strong><br \/>\n&#8211; Sin duda.<br \/>\nHay diferentes maneras de registrar la naturaleza y un mont\u00f3n de objetivos detr\u00e1s de eso. Tambi\u00e9n ah\u00ed estar\u00e1 la clave de lo que se puede aportar desde la comunicaci\u00f3n.<br \/>\nLa divulgaci\u00f3n es un paso important\u00edsimo cuando hay que mostrar procesos, resultados y tambi\u00e9n para proyectos m\u00e1s chicos que est\u00e1n surgiendo y es fundamental darse a conocer al resto del mundo para conseguir aval, apoyo y financiamiento. A veces eso es a nivel local y otras veces hay entidades mundiales con programas destinados a brindar fondos.<\/p>\n<p><strong>Redacci\u00f3n y producci\u00f3n:<\/strong> Deolinda Abate Daga<br \/>\nDIRECCI\u00d3N DE PRENSA Y DIFUSI\u00d3N<br \/>\nUNIVERSIDAD NACIONAL DE R\u00cdO CUARTO<br \/>\nprensa@rec.unrc.edu.ar<\/p>\n","protected":false},"excerpt":{"rendered":"<p>Una ventana ilustrativa de la vida misma. Centrada en reflejar y difundir parte de la riqueza nativa, Cecilia Mena capta im\u00e1genes para que la gente vea el medioambiente desde una perspectiva que contemple su protecci\u00f3n Pone el ojo y viene la foto. Sus trabajos se est\u00e1n conociendo en el mundo. Es una artista visual anclada [&hellip;]<\/p>\n","protected":false},"author":2,"featured_media":338,"comment_status":"open","ping_status":"open","sticky":false,"template":"","format":"standard","meta":{"footnotes":""},"categories":[18],"tags":[],"class_list":{"0":"post-337","1":"post","2":"type-post","3":"status-publish","4":"format-standard","5":"has-post-thumbnail","7":"category-locales"},"yoast_head":"<!-- This site is optimized with the Yoast SEO plugin v21.5 - https:\/\/yoast.com\/wordpress\/plugins\/seo\/ -->\n<title>Con su c\u00e1mara de fotos alerta sobre el grave impacto del ser humano en la naturaleza y en su propio bienestar - Radio UNRC<\/title>\n<meta name=\"description\" content=\"La radio que te hace sentir y pensar.\" \/>\n<meta name=\"robots\" content=\"index, follow, max-snippet:-1, max-image-preview:large, max-video-preview:-1\" \/>\n<link rel=\"canonical\" href=\"https:\/\/radio.unrc.edu.ar\/?p=337\" \/>\n<meta property=\"og:locale\" content=\"es_ES\" \/>\n<meta property=\"og:type\" content=\"article\" \/>\n<meta property=\"og:title\" content=\"Con su c\u00e1mara de fotos alerta sobre el grave impacto del ser humano en la naturaleza y en su propio bienestar - Radio UNRC\" \/>\n<meta property=\"og:description\" content=\"La radio que te hace sentir y pensar.\" \/>\n<meta property=\"og:url\" content=\"https:\/\/radio.unrc.edu.ar\/?p=337\" \/>\n<meta property=\"og:site_name\" content=\"Radio UNRC\" \/>\n<meta property=\"article:publisher\" content=\"https:\/\/www.facebook.com\/radiounrc\" \/>\n<meta property=\"article:published_time\" content=\"2022-05-26T13:52:24+00:00\" \/>\n<meta property=\"article:modified_time\" content=\"2022-06-09T14:44:30+00:00\" \/>\n<meta property=\"og:image\" content=\"https:\/\/radio.unrc.edu.ar\/wp-content\/uploads\/2022\/05\/foto.jpg\" \/>\n\t<meta property=\"og:image:width\" content=\"1280\" \/>\n\t<meta property=\"og:image:height\" content=\"740\" \/>\n\t<meta property=\"og:image:type\" content=\"image\/jpeg\" \/>\n<meta name=\"author\" content=\"majo\" \/>\n<meta name=\"twitter:card\" content=\"summary_large_image\" \/>\n<meta name=\"twitter:label1\" content=\"Escrito por\" \/>\n\t<meta name=\"twitter:data1\" content=\"majo\" \/>\n\t<meta name=\"twitter:label2\" content=\"Tiempo de lectura\" \/>\n\t<meta name=\"twitter:data2\" content=\"6 minutos\" \/>\n<script type=\"application\/ld+json\" class=\"yoast-schema-graph\">{\"@context\":\"https:\/\/schema.org\",\"@graph\":[{\"@type\":\"Article\",\"@id\":\"https:\/\/radio.unrc.edu.ar\/?p=337#article\",\"isPartOf\":{\"@id\":\"https:\/\/radio.unrc.edu.ar\/?p=337\"},\"author\":{\"name\":\"majo\",\"@id\":\"https:\/\/radio.unrc.edu.ar\/#\/schema\/person\/197edd08d015632a43a5e6a515c4f7a6\"},\"headline\":\"Con su c\u00e1mara de fotos alerta sobre el grave impacto del ser humano en la naturaleza y en su propio bienestar\",\"datePublished\":\"2022-05-26T13:52:24+00:00\",\"dateModified\":\"2022-06-09T14:44:30+00:00\",\"mainEntityOfPage\":{\"@id\":\"https:\/\/radio.unrc.edu.ar\/?p=337\"},\"wordCount\":1290,\"commentCount\":0,\"publisher\":{\"@id\":\"https:\/\/radio.unrc.edu.ar\/#organization\"},\"articleSection\":[\"Locales\"],\"inLanguage\":\"es\",\"potentialAction\":[{\"@type\":\"CommentAction\",\"name\":\"Comment\",\"target\":[\"https:\/\/radio.unrc.edu.ar\/?p=337#respond\"]}]},{\"@type\":\"WebPage\",\"@id\":\"https:\/\/radio.unrc.edu.ar\/?p=337\",\"url\":\"https:\/\/radio.unrc.edu.ar\/?p=337\",\"name\":\"Con su c\u00e1mara de fotos alerta sobre el grave impacto del ser humano en la naturaleza y en su propio bienestar - Radio UNRC\",\"isPartOf\":{\"@id\":\"https:\/\/radio.unrc.edu.ar\/#website\"},\"datePublished\":\"2022-05-26T13:52:24+00:00\",\"dateModified\":\"2022-06-09T14:44:30+00:00\",\"description\":\"La radio que te hace sentir y pensar.\",\"breadcrumb\":{\"@id\":\"https:\/\/radio.unrc.edu.ar\/?p=337#breadcrumb\"},\"inLanguage\":\"es\",\"potentialAction\":[{\"@type\":\"ReadAction\",\"target\":[\"https:\/\/radio.unrc.edu.ar\/?p=337\"]}]},{\"@type\":\"BreadcrumbList\",\"@id\":\"https:\/\/radio.unrc.edu.ar\/?p=337#breadcrumb\",\"itemListElement\":[{\"@type\":\"ListItem\",\"position\":1,\"name\":\"Portada\",\"item\":\"https:\/\/radio.unrc.edu.ar\/\"},{\"@type\":\"ListItem\",\"position\":2,\"name\":\"Con su c\u00e1mara de fotos alerta sobre el grave impacto del ser humano en la naturaleza y en su propio bienestar\"}]},{\"@type\":\"WebSite\",\"@id\":\"https:\/\/radio.unrc.edu.ar\/#website\",\"url\":\"https:\/\/radio.unrc.edu.ar\/\",\"name\":\"Radio UNRC\",\"description\":\"La Radio de la Uni, la que te hace sentir y pensar\",\"publisher\":{\"@id\":\"https:\/\/radio.unrc.edu.ar\/#organization\"},\"potentialAction\":[{\"@type\":\"SearchAction\",\"target\":{\"@type\":\"EntryPoint\",\"urlTemplate\":\"https:\/\/radio.unrc.edu.ar\/?s={search_term_string}\"},\"query-input\":\"required name=search_term_string\"}],\"inLanguage\":\"es\"},{\"@type\":\"Organization\",\"@id\":\"https:\/\/radio.unrc.edu.ar\/#organization\",\"name\":\"Radio UNRC\",\"url\":\"https:\/\/radio.unrc.edu.ar\/\",\"logo\":{\"@type\":\"ImageObject\",\"inLanguage\":\"es\",\"@id\":\"https:\/\/radio.unrc.edu.ar\/#\/schema\/logo\/image\/\",\"url\":\"https:\/\/radio.unrc.edu.ar\/wp-content\/uploads\/2022\/03\/logo-radio-544.png\",\"contentUrl\":\"https:\/\/radio.unrc.edu.ar\/wp-content\/uploads\/2022\/03\/logo-radio-544.png\",\"width\":544,\"height\":180,\"caption\":\"Radio UNRC\"},\"image\":{\"@id\":\"https:\/\/radio.unrc.edu.ar\/#\/schema\/logo\/image\/\"},\"sameAs\":[\"https:\/\/www.facebook.com\/radiounrc\",\"https:\/\/www.instagram.com\/radiounrc\/\"]},{\"@type\":\"Person\",\"@id\":\"https:\/\/radio.unrc.edu.ar\/#\/schema\/person\/197edd08d015632a43a5e6a515c4f7a6\",\"name\":\"majo\",\"image\":{\"@type\":\"ImageObject\",\"inLanguage\":\"es\",\"@id\":\"https:\/\/radio.unrc.edu.ar\/#\/schema\/person\/image\/\",\"url\":\"https:\/\/secure.gravatar.com\/avatar\/6806165fb7635331b44fb331ffb478c3230b9d62d675244a0e2dfd0cb8d8b503?s=96&d=mm&r=g\",\"contentUrl\":\"https:\/\/secure.gravatar.com\/avatar\/6806165fb7635331b44fb331ffb478c3230b9d62d675244a0e2dfd0cb8d8b503?s=96&d=mm&r=g\",\"caption\":\"majo\"},\"url\":\"https:\/\/radio.unrc.edu.ar\/?author=2\"}]}<\/script>\n<!-- \/ Yoast SEO plugin. -->","yoast_head_json":{"title":"Con su c\u00e1mara de fotos alerta sobre el grave impacto del ser humano en la naturaleza y en su propio bienestar - Radio UNRC","description":"La radio que te hace sentir y pensar.","robots":{"index":"index","follow":"follow","max-snippet":"max-snippet:-1","max-image-preview":"max-image-preview:large","max-video-preview":"max-video-preview:-1"},"canonical":"https:\/\/radio.unrc.edu.ar\/?p=337","og_locale":"es_ES","og_type":"article","og_title":"Con su c\u00e1mara de fotos alerta sobre el grave impacto del ser humano en la naturaleza y en su propio bienestar - Radio UNRC","og_description":"La radio que te hace sentir y pensar.","og_url":"https:\/\/radio.unrc.edu.ar\/?p=337","og_site_name":"Radio UNRC","article_publisher":"https:\/\/www.facebook.com\/radiounrc","article_published_time":"2022-05-26T13:52:24+00:00","article_modified_time":"2022-06-09T14:44:30+00:00","og_image":[{"width":1280,"height":740,"url":"https:\/\/radio.unrc.edu.ar\/wp-content\/uploads\/2022\/05\/foto.jpg","type":"image\/jpeg"}],"author":"majo","twitter_card":"summary_large_image","twitter_misc":{"Escrito por":"majo","Tiempo de lectura":"6 minutos"},"schema":{"@context":"https:\/\/schema.org","@graph":[{"@type":"Article","@id":"https:\/\/radio.unrc.edu.ar\/?p=337#article","isPartOf":{"@id":"https:\/\/radio.unrc.edu.ar\/?p=337"},"author":{"name":"majo","@id":"https:\/\/radio.unrc.edu.ar\/#\/schema\/person\/197edd08d015632a43a5e6a515c4f7a6"},"headline":"Con su c\u00e1mara de fotos alerta sobre el grave impacto del ser humano en la naturaleza y en su propio bienestar","datePublished":"2022-05-26T13:52:24+00:00","dateModified":"2022-06-09T14:44:30+00:00","mainEntityOfPage":{"@id":"https:\/\/radio.unrc.edu.ar\/?p=337"},"wordCount":1290,"commentCount":0,"publisher":{"@id":"https:\/\/radio.unrc.edu.ar\/#organization"},"articleSection":["Locales"],"inLanguage":"es","potentialAction":[{"@type":"CommentAction","name":"Comment","target":["https:\/\/radio.unrc.edu.ar\/?p=337#respond"]}]},{"@type":"WebPage","@id":"https:\/\/radio.unrc.edu.ar\/?p=337","url":"https:\/\/radio.unrc.edu.ar\/?p=337","name":"Con su c\u00e1mara de fotos alerta sobre el grave impacto del ser humano en la naturaleza y en su propio bienestar - Radio UNRC","isPartOf":{"@id":"https:\/\/radio.unrc.edu.ar\/#website"},"datePublished":"2022-05-26T13:52:24+00:00","dateModified":"2022-06-09T14:44:30+00:00","description":"La radio que te hace sentir y pensar.","breadcrumb":{"@id":"https:\/\/radio.unrc.edu.ar\/?p=337#breadcrumb"},"inLanguage":"es","potentialAction":[{"@type":"ReadAction","target":["https:\/\/radio.unrc.edu.ar\/?p=337"]}]},{"@type":"BreadcrumbList","@id":"https:\/\/radio.unrc.edu.ar\/?p=337#breadcrumb","itemListElement":[{"@type":"ListItem","position":1,"name":"Portada","item":"https:\/\/radio.unrc.edu.ar\/"},{"@type":"ListItem","position":2,"name":"Con su c\u00e1mara de fotos alerta sobre el grave impacto del ser humano en la naturaleza y en su propio bienestar"}]},{"@type":"WebSite","@id":"https:\/\/radio.unrc.edu.ar\/#website","url":"https:\/\/radio.unrc.edu.ar\/","name":"Radio UNRC","description":"La Radio de la Uni, la que te hace sentir y pensar","publisher":{"@id":"https:\/\/radio.unrc.edu.ar\/#organization"},"potentialAction":[{"@type":"SearchAction","target":{"@type":"EntryPoint","urlTemplate":"https:\/\/radio.unrc.edu.ar\/?s={search_term_string}"},"query-input":"required name=search_term_string"}],"inLanguage":"es"},{"@type":"Organization","@id":"https:\/\/radio.unrc.edu.ar\/#organization","name":"Radio UNRC","url":"https:\/\/radio.unrc.edu.ar\/","logo":{"@type":"ImageObject","inLanguage":"es","@id":"https:\/\/radio.unrc.edu.ar\/#\/schema\/logo\/image\/","url":"https:\/\/radio.unrc.edu.ar\/wp-content\/uploads\/2022\/03\/logo-radio-544.png","contentUrl":"https:\/\/radio.unrc.edu.ar\/wp-content\/uploads\/2022\/03\/logo-radio-544.png","width":544,"height":180,"caption":"Radio UNRC"},"image":{"@id":"https:\/\/radio.unrc.edu.ar\/#\/schema\/logo\/image\/"},"sameAs":["https:\/\/www.facebook.com\/radiounrc","https:\/\/www.instagram.com\/radiounrc\/"]},{"@type":"Person","@id":"https:\/\/radio.unrc.edu.ar\/#\/schema\/person\/197edd08d015632a43a5e6a515c4f7a6","name":"majo","image":{"@type":"ImageObject","inLanguage":"es","@id":"https:\/\/radio.unrc.edu.ar\/#\/schema\/person\/image\/","url":"https:\/\/secure.gravatar.com\/avatar\/6806165fb7635331b44fb331ffb478c3230b9d62d675244a0e2dfd0cb8d8b503?s=96&d=mm&r=g","contentUrl":"https:\/\/secure.gravatar.com\/avatar\/6806165fb7635331b44fb331ffb478c3230b9d62d675244a0e2dfd0cb8d8b503?s=96&d=mm&r=g","caption":"majo"},"url":"https:\/\/radio.unrc.edu.ar\/?author=2"}]}},"_links":{"self":[{"href":"https:\/\/radio.unrc.edu.ar\/index.php?rest_route=\/wp\/v2\/posts\/337","targetHints":{"allow":["GET"]}}],"collection":[{"href":"https:\/\/radio.unrc.edu.ar\/index.php?rest_route=\/wp\/v2\/posts"}],"about":[{"href":"https:\/\/radio.unrc.edu.ar\/index.php?rest_route=\/wp\/v2\/types\/post"}],"author":[{"embeddable":true,"href":"https:\/\/radio.unrc.edu.ar\/index.php?rest_route=\/wp\/v2\/users\/2"}],"replies":[{"embeddable":true,"href":"https:\/\/radio.unrc.edu.ar\/index.php?rest_route=%2Fwp%2Fv2%2Fcomments&post=337"}],"version-history":[{"count":1,"href":"https:\/\/radio.unrc.edu.ar\/index.php?rest_route=\/wp\/v2\/posts\/337\/revisions"}],"predecessor-version":[{"id":339,"href":"https:\/\/radio.unrc.edu.ar\/index.php?rest_route=\/wp\/v2\/posts\/337\/revisions\/339"}],"wp:featuredmedia":[{"embeddable":true,"href":"https:\/\/radio.unrc.edu.ar\/index.php?rest_route=\/wp\/v2\/media\/338"}],"wp:attachment":[{"href":"https:\/\/radio.unrc.edu.ar\/index.php?rest_route=%2Fwp%2Fv2%2Fmedia&parent=337"}],"wp:term":[{"taxonomy":"category","embeddable":true,"href":"https:\/\/radio.unrc.edu.ar\/index.php?rest_route=%2Fwp%2Fv2%2Fcategories&post=337"},{"taxonomy":"post_tag","embeddable":true,"href":"https:\/\/radio.unrc.edu.ar\/index.php?rest_route=%2Fwp%2Fv2%2Ftags&post=337"}],"curies":[{"name":"wp","href":"https:\/\/api.w.org\/{rel}","templated":true}]}}