{"id":34307,"date":"2025-12-10T12:01:05","date_gmt":"2025-12-10T15:01:05","guid":{"rendered":"https:\/\/radio.unrc.edu.ar\/?p=34307"},"modified":"2025-12-11T10:07:59","modified_gmt":"2025-12-11T13:07:59","slug":"familiares-se-movilizaron-para-rechazar-la-condena-por-el-crimen-del-rapipago","status":"publish","type":"post","link":"https:\/\/radio.unrc.edu.ar\/?p=34307","title":{"rendered":"Familiares se movilizaron para rechazar la condena por el crimen del Rapipago"},"content":{"rendered":"<p>Por  el crimen de Emiliano Veliz, la Justicia conden\u00f3 a dos personas y los familiares de una de ellas, Cristian Bildoza, afirman que es inocente.<\/p>\n<p>\u00abNadie lo vio, solo vieron una persona con casco\u00bb, dijo Johana Robledo de Bildoza, durante el reclamo.<\/p>\n<p><iframe width=\"100%\" height=\"300\" scrolling=\"no\" frameborder=\"no\" allow=\"autoplay\" src=\"https:\/\/w.soundcloud.com\/player\/?url=https%3A\/\/api.soundcloud.com\/tracks\/soundcloud%253Atracks%253A2227278059&#038;color=%23ff5500&#038;auto_play=false&#038;hide_related=false&#038;show_comments=true&#038;show_user=true&#038;show_reposts=false&#038;show_teaser=true&#038;visual=true\"><\/iframe><\/p>\n<div style=\"font-size: 10px; color: #cccccc;line-break: anywhere;word-break: normal;overflow: hidden;white-space: nowrap;text-overflow: ellipsis; font-family: Interstate,Lucida Grande,Lucida Sans Unicode,Lucida Sans,Garuda,Verdana,Tahoma,sans-serif;font-weight: 100;\"><a href=\"https:\/\/soundcloud.com\/radiounrc97-7\" title=\"RadioUNRC97.7\" target=\"_blank\" style=\"color: #cccccc; text-decoration: none;\">RadioUNRC97.7<\/a> \u00b7 <a href=\"https:\/\/soundcloud.com\/radiounrc97-7\/johana-robledo-de-bildoza\" title=\"Johana Robledo de Bildoza\" target=\"_blank\" style=\"color: #cccccc; text-decoration: none;\">Johana Robledo de Bildoza<\/a><\/div>\n\r\n                <style type=\"text\/css\">\r\n                    \r\n                    #tdi_1  .td-doubleSlider-2 .td-item1 {\r\n                        background: url(https:\/\/radio.unrc.edu.ar\/wp-content\/uploads\/2025\/12\/WhatsApp-Image-2025-12-10-at-11.03.32-1.jpeg) 0 0 no-repeat;\r\n                    }\r\n                    #tdi_1  .td-doubleSlider-2 .td-item2 {\r\n                        background: url(https:\/\/radio.unrc.edu.ar\/wp-content\/uploads\/2025\/12\/WhatsApp-Image-2025-12-10-at-11.03.32.jpeg) 0 0 no-repeat;\r\n                    }\r\n                <\/style>\r\n\r\n                <div id=\"tdi_1\" class=\"td-gallery td-slide-on-2-columns\">\r\n                    <div class=\"post_td_gallery\">\r\n                        <div class=\"td-gallery-slide-top\">\r\n                           <div class=\"td-gallery-title\"><\/div>\r\n\r\n                            <div class=\"td-gallery-controls-wrapper\">\r\n                                <div class=\"td-gallery-slide-count\"><span class=\"td-gallery-slide-item-focus\">1<\/span> de 2<\/div>\r\n                                <div class=\"td-gallery-slide-prev-next-but\">\r\n                                    <i class = \"td-icon-left doubleSliderPrevButton\"><\/i>\r\n                                    <i class = \"td-icon-right doubleSliderNextButton\"><\/i>\r\n                                <\/div>\r\n                            <\/div>\r\n                        <\/div>\r\n\r\n                        <div class = \"td-doubleSlider-1 \">\r\n                            <div class = \"td-slider\">\r\n                                \r\n                    <div class = \"td-slide-item td-item1\">\r\n                        <figure class=\"td-slide-galery-figure td-slide-popup-gallery\">\r\n                            <a class=\"slide-gallery-image-link\" href=\"https:\/\/radio.unrc.edu.ar\/wp-content\/uploads\/2025\/12\/WhatsApp-Image-2025-12-10-at-11.03.32-1.jpeg\" title=\"WhatsApp Image 2025-12-10 at 11.03.32 (1)\"  data-caption=\"\"  data-description=\"\">\r\n                                <img decoding=\"async\" src=\"https:\/\/radio.unrc.edu.ar\/wp-content\/uploads\/2025\/12\/WhatsApp-Image-2025-12-10-at-11.03.32-1.jpeg\" srcset=\"https:\/\/radio.unrc.edu.ar\/wp-content\/uploads\/2025\/12\/WhatsApp-Image-2025-12-10-at-11.03.32-1.jpeg 1600w, https:\/\/radio.unrc.edu.ar\/wp-content\/uploads\/2025\/12\/WhatsApp-Image-2025-12-10-at-11.03.32-1-300x225.jpeg 300w, https:\/\/radio.unrc.edu.ar\/wp-content\/uploads\/2025\/12\/WhatsApp-Image-2025-12-10-at-11.03.32-1-1024x768.jpeg 1024w, https:\/\/radio.unrc.edu.ar\/wp-content\/uploads\/2025\/12\/WhatsApp-Image-2025-12-10-at-11.03.32-1-768x576.jpeg 768w, https:\/\/radio.unrc.edu.ar\/wp-content\/uploads\/2025\/12\/WhatsApp-Image-2025-12-10-at-11.03.32-1-1536x1152.jpeg 1536w, https:\/\/radio.unrc.edu.ar\/wp-content\/uploads\/2025\/12\/WhatsApp-Image-2025-12-10-at-11.03.32-1-150x113.jpeg 150w, https:\/\/radio.unrc.edu.ar\/wp-content\/uploads\/2025\/12\/WhatsApp-Image-2025-12-10-at-11.03.32-1-696x522.jpeg 696w, https:\/\/radio.unrc.edu.ar\/wp-content\/uploads\/2025\/12\/WhatsApp-Image-2025-12-10-at-11.03.32-1-1068x801.jpeg 1068w, https:\/\/radio.unrc.edu.ar\/wp-content\/uploads\/2025\/12\/WhatsApp-Image-2025-12-10-at-11.03.32-1-265x198.jpeg 265w\" sizes=\"(max-width: 1600px) 100vw, 1600px\" alt=\"\">\r\n                            <\/a>\r\n                            \r\n                        <\/figure>\r\n                    <\/div>\r\n                    <div class = \"td-slide-item td-item2\">\r\n                        <figure class=\"td-slide-galery-figure td-slide-popup-gallery\">\r\n                            <a class=\"slide-gallery-image-link\" href=\"https:\/\/radio.unrc.edu.ar\/wp-content\/uploads\/2025\/12\/WhatsApp-Image-2025-12-10-at-11.03.32.jpeg\" title=\"WhatsApp Image 2025-12-10 at 11.03.32\"  data-caption=\"\"  data-description=\"\">\r\n                                <img decoding=\"async\" src=\"https:\/\/radio.unrc.edu.ar\/wp-content\/uploads\/2025\/12\/WhatsApp-Image-2025-12-10-at-11.03.32.jpeg\" srcset=\"https:\/\/radio.unrc.edu.ar\/wp-content\/uploads\/2025\/12\/WhatsApp-Image-2025-12-10-at-11.03.32.jpeg 1600w, https:\/\/radio.unrc.edu.ar\/wp-content\/uploads\/2025\/12\/WhatsApp-Image-2025-12-10-at-11.03.32-300x225.jpeg 300w, https:\/\/radio.unrc.edu.ar\/wp-content\/uploads\/2025\/12\/WhatsApp-Image-2025-12-10-at-11.03.32-1024x768.jpeg 1024w, https:\/\/radio.unrc.edu.ar\/wp-content\/uploads\/2025\/12\/WhatsApp-Image-2025-12-10-at-11.03.32-768x576.jpeg 768w, https:\/\/radio.unrc.edu.ar\/wp-content\/uploads\/2025\/12\/WhatsApp-Image-2025-12-10-at-11.03.32-1536x1152.jpeg 1536w, https:\/\/radio.unrc.edu.ar\/wp-content\/uploads\/2025\/12\/WhatsApp-Image-2025-12-10-at-11.03.32-150x113.jpeg 150w, https:\/\/radio.unrc.edu.ar\/wp-content\/uploads\/2025\/12\/WhatsApp-Image-2025-12-10-at-11.03.32-696x522.jpeg 696w, https:\/\/radio.unrc.edu.ar\/wp-content\/uploads\/2025\/12\/WhatsApp-Image-2025-12-10-at-11.03.32-1068x801.jpeg 1068w, https:\/\/radio.unrc.edu.ar\/wp-content\/uploads\/2025\/12\/WhatsApp-Image-2025-12-10-at-11.03.32-265x198.jpeg 265w\" sizes=\"(max-width: 1600px) 100vw, 1600px\" alt=\"\">\r\n                            <\/a>\r\n                            \r\n                        <\/figure>\r\n                    <\/div>\r\n                            <\/div>\r\n                        <\/div>\r\n\r\n                        <div class = \"td-doubleSlider-2\">\r\n                            <div class = \"td-slider\">\r\n                                \r\n                    <div class = \"td-button td-item1\">\r\n                        <div class = \"td-border\"><\/div>\r\n                    <\/div>\r\n                    <div class = \"td-button td-item2\">\r\n                        <div class = \"td-border\"><\/div>\r\n                    <\/div>\r\n                            <\/div>\r\n                        <\/div>\r\n\r\n                    <\/div>\r\n\r\n                <\/div>\r\n                \n<p><strong>M\u00e1s informaci\u00f3n<\/strong>: <a href=\"https:\/\/radio.unrc.edu.ar\/?p=34201\">Crimen de Emiliano Veliz: condenas de 23 a\u00f1os de prisi\u00f3n a Boriglio y 18 a\u00f1os a Bildoza<\/a><\/p>\n","protected":false},"excerpt":{"rendered":"<p>Por el crimen de Emiliano Veliz, la Justicia conden\u00f3 a dos personas y los familiares de una de ellas, Cristian Bildoza, afirman que es inocente. \u00abNadie lo vio, solo vieron una persona con casco\u00bb, dijo Johana Robledo de Bildoza, durante el reclamo. RadioUNRC97.7 \u00b7 Johana Robledo de Bildoza M\u00e1s informaci\u00f3n: Crimen de Emiliano Veliz: condenas [&hellip;]<\/p>\n","protected":false},"author":2,"featured_media":34308,"comment_status":"open","ping_status":"open","sticky":false,"template":"","format":"standard","meta":{"footnotes":""},"categories":[18],"tags":[],"class_list":{"0":"post-34307","1":"post","2":"type-post","3":"status-publish","4":"format-standard","5":"has-post-thumbnail","7":"category-locales"},"yoast_head":"<!-- This site is optimized with the Yoast SEO plugin v21.5 - https:\/\/yoast.com\/wordpress\/plugins\/seo\/ -->\n<title>Familiares se movilizaron para rechazar la condena por el crimen del Rapipago - Radio UNRC<\/title>\n<meta name=\"description\" content=\"La radio que te hace sentir y pensar.\" \/>\n<meta name=\"robots\" content=\"index, follow, max-snippet:-1, max-image-preview:large, max-video-preview:-1\" \/>\n<link rel=\"canonical\" href=\"https:\/\/radio.unrc.edu.ar\/?p=34307\" \/>\n<meta property=\"og:locale\" content=\"es_ES\" \/>\n<meta property=\"og:type\" content=\"article\" \/>\n<meta property=\"og:title\" content=\"Familiares se movilizaron para rechazar la condena por el crimen del Rapipago - Radio UNRC\" \/>\n<meta property=\"og:description\" content=\"La radio que te hace sentir y pensar.\" \/>\n<meta property=\"og:url\" content=\"https:\/\/radio.unrc.edu.ar\/?p=34307\" \/>\n<meta property=\"og:site_name\" content=\"Radio UNRC\" \/>\n<meta property=\"article:publisher\" content=\"https:\/\/www.facebook.com\/radiounrc\" \/>\n<meta property=\"article:published_time\" content=\"2025-12-10T15:01:05+00:00\" \/>\n<meta property=\"article:modified_time\" content=\"2025-12-11T13:07:59+00:00\" \/>\n<meta property=\"og:image\" content=\"https:\/\/radio.unrc.edu.ar\/wp-content\/uploads\/2025\/12\/bildoza.jpg\" \/>\n\t<meta property=\"og:image:width\" content=\"1280\" \/>\n\t<meta property=\"og:image:height\" content=\"740\" \/>\n\t<meta property=\"og:image:type\" content=\"image\/jpeg\" \/>\n<meta name=\"author\" content=\"majo\" \/>\n<meta name=\"twitter:card\" content=\"summary_large_image\" \/>\n<meta name=\"twitter:label1\" content=\"Escrito por\" \/>\n\t<meta name=\"twitter:data1\" content=\"majo\" \/>\n\t<meta name=\"twitter:label2\" content=\"Tiempo de lectura\" \/>\n\t<meta name=\"twitter:data2\" content=\"1 minuto\" \/>\n<script type=\"application\/ld+json\" class=\"yoast-schema-graph\">{\"@context\":\"https:\/\/schema.org\",\"@graph\":[{\"@type\":\"Article\",\"@id\":\"https:\/\/radio.unrc.edu.ar\/?p=34307#article\",\"isPartOf\":{\"@id\":\"https:\/\/radio.unrc.edu.ar\/?p=34307\"},\"author\":{\"name\":\"majo\",\"@id\":\"https:\/\/radio.unrc.edu.ar\/#\/schema\/person\/197edd08d015632a43a5e6a515c4f7a6\"},\"headline\":\"Familiares se movilizaron para rechazar la condena por el crimen del Rapipago\",\"datePublished\":\"2025-12-10T15:01:05+00:00\",\"dateModified\":\"2025-12-11T13:07:59+00:00\",\"mainEntityOfPage\":{\"@id\":\"https:\/\/radio.unrc.edu.ar\/?p=34307\"},\"wordCount\":90,\"commentCount\":0,\"publisher\":{\"@id\":\"https:\/\/radio.unrc.edu.ar\/#organization\"},\"articleSection\":[\"Locales\"],\"inLanguage\":\"es\",\"potentialAction\":[{\"@type\":\"CommentAction\",\"name\":\"Comment\",\"target\":[\"https:\/\/radio.unrc.edu.ar\/?p=34307#respond\"]}]},{\"@type\":\"WebPage\",\"@id\":\"https:\/\/radio.unrc.edu.ar\/?p=34307\",\"url\":\"https:\/\/radio.unrc.edu.ar\/?p=34307\",\"name\":\"Familiares se movilizaron para rechazar la condena por el crimen del Rapipago - Radio UNRC\",\"isPartOf\":{\"@id\":\"https:\/\/radio.unrc.edu.ar\/#website\"},\"datePublished\":\"2025-12-10T15:01:05+00:00\",\"dateModified\":\"2025-12-11T13:07:59+00:00\",\"description\":\"La radio que te hace sentir y pensar.\",\"breadcrumb\":{\"@id\":\"https:\/\/radio.unrc.edu.ar\/?p=34307#breadcrumb\"},\"inLanguage\":\"es\",\"potentialAction\":[{\"@type\":\"ReadAction\",\"target\":[\"https:\/\/radio.unrc.edu.ar\/?p=34307\"]}]},{\"@type\":\"BreadcrumbList\",\"@id\":\"https:\/\/radio.unrc.edu.ar\/?p=34307#breadcrumb\",\"itemListElement\":[{\"@type\":\"ListItem\",\"position\":1,\"name\":\"Portada\",\"item\":\"https:\/\/radio.unrc.edu.ar\/\"},{\"@type\":\"ListItem\",\"position\":2,\"name\":\"Familiares se movilizaron para rechazar la condena por el crimen del Rapipago\"}]},{\"@type\":\"WebSite\",\"@id\":\"https:\/\/radio.unrc.edu.ar\/#website\",\"url\":\"https:\/\/radio.unrc.edu.ar\/\",\"name\":\"Radio UNRC\",\"description\":\"La Radio de la Uni, la que te hace sentir y pensar\",\"publisher\":{\"@id\":\"https:\/\/radio.unrc.edu.ar\/#organization\"},\"potentialAction\":[{\"@type\":\"SearchAction\",\"target\":{\"@type\":\"EntryPoint\",\"urlTemplate\":\"https:\/\/radio.unrc.edu.ar\/?s={search_term_string}\"},\"query-input\":\"required name=search_term_string\"}],\"inLanguage\":\"es\"},{\"@type\":\"Organization\",\"@id\":\"https:\/\/radio.unrc.edu.ar\/#organization\",\"name\":\"Radio UNRC\",\"url\":\"https:\/\/radio.unrc.edu.ar\/\",\"logo\":{\"@type\":\"ImageObject\",\"inLanguage\":\"es\",\"@id\":\"https:\/\/radio.unrc.edu.ar\/#\/schema\/logo\/image\/\",\"url\":\"https:\/\/radio.unrc.edu.ar\/wp-content\/uploads\/2022\/03\/logo-radio-544.png\",\"contentUrl\":\"https:\/\/radio.unrc.edu.ar\/wp-content\/uploads\/2022\/03\/logo-radio-544.png\",\"width\":544,\"height\":180,\"caption\":\"Radio UNRC\"},\"image\":{\"@id\":\"https:\/\/radio.unrc.edu.ar\/#\/schema\/logo\/image\/\"},\"sameAs\":[\"https:\/\/www.facebook.com\/radiounrc\",\"https:\/\/www.instagram.com\/radiounrc\/\"]},{\"@type\":\"Person\",\"@id\":\"https:\/\/radio.unrc.edu.ar\/#\/schema\/person\/197edd08d015632a43a5e6a515c4f7a6\",\"name\":\"majo\",\"image\":{\"@type\":\"ImageObject\",\"inLanguage\":\"es\",\"@id\":\"https:\/\/radio.unrc.edu.ar\/#\/schema\/person\/image\/\",\"url\":\"https:\/\/secure.gravatar.com\/avatar\/6806165fb7635331b44fb331ffb478c3230b9d62d675244a0e2dfd0cb8d8b503?s=96&d=mm&r=g\",\"contentUrl\":\"https:\/\/secure.gravatar.com\/avatar\/6806165fb7635331b44fb331ffb478c3230b9d62d675244a0e2dfd0cb8d8b503?s=96&d=mm&r=g\",\"caption\":\"majo\"},\"url\":\"https:\/\/radio.unrc.edu.ar\/?author=2\"}]}<\/script>\n<!-- \/ Yoast SEO plugin. -->","yoast_head_json":{"title":"Familiares se movilizaron para rechazar la condena por el crimen del Rapipago - Radio UNRC","description":"La radio que te hace sentir y pensar.","robots":{"index":"index","follow":"follow","max-snippet":"max-snippet:-1","max-image-preview":"max-image-preview:large","max-video-preview":"max-video-preview:-1"},"canonical":"https:\/\/radio.unrc.edu.ar\/?p=34307","og_locale":"es_ES","og_type":"article","og_title":"Familiares se movilizaron para rechazar la condena por el crimen del Rapipago - Radio UNRC","og_description":"La radio que te hace sentir y pensar.","og_url":"https:\/\/radio.unrc.edu.ar\/?p=34307","og_site_name":"Radio UNRC","article_publisher":"https:\/\/www.facebook.com\/radiounrc","article_published_time":"2025-12-10T15:01:05+00:00","article_modified_time":"2025-12-11T13:07:59+00:00","og_image":[{"width":1280,"height":740,"url":"https:\/\/radio.unrc.edu.ar\/wp-content\/uploads\/2025\/12\/bildoza.jpg","type":"image\/jpeg"}],"author":"majo","twitter_card":"summary_large_image","twitter_misc":{"Escrito por":"majo","Tiempo de lectura":"1 minuto"},"schema":{"@context":"https:\/\/schema.org","@graph":[{"@type":"Article","@id":"https:\/\/radio.unrc.edu.ar\/?p=34307#article","isPartOf":{"@id":"https:\/\/radio.unrc.edu.ar\/?p=34307"},"author":{"name":"majo","@id":"https:\/\/radio.unrc.edu.ar\/#\/schema\/person\/197edd08d015632a43a5e6a515c4f7a6"},"headline":"Familiares se movilizaron para rechazar la condena por el crimen del Rapipago","datePublished":"2025-12-10T15:01:05+00:00","dateModified":"2025-12-11T13:07:59+00:00","mainEntityOfPage":{"@id":"https:\/\/radio.unrc.edu.ar\/?p=34307"},"wordCount":90,"commentCount":0,"publisher":{"@id":"https:\/\/radio.unrc.edu.ar\/#organization"},"articleSection":["Locales"],"inLanguage":"es","potentialAction":[{"@type":"CommentAction","name":"Comment","target":["https:\/\/radio.unrc.edu.ar\/?p=34307#respond"]}]},{"@type":"WebPage","@id":"https:\/\/radio.unrc.edu.ar\/?p=34307","url":"https:\/\/radio.unrc.edu.ar\/?p=34307","name":"Familiares se movilizaron para rechazar la condena por el crimen del Rapipago - Radio UNRC","isPartOf":{"@id":"https:\/\/radio.unrc.edu.ar\/#website"},"datePublished":"2025-12-10T15:01:05+00:00","dateModified":"2025-12-11T13:07:59+00:00","description":"La radio que te hace sentir y pensar.","breadcrumb":{"@id":"https:\/\/radio.unrc.edu.ar\/?p=34307#breadcrumb"},"inLanguage":"es","potentialAction":[{"@type":"ReadAction","target":["https:\/\/radio.unrc.edu.ar\/?p=34307"]}]},{"@type":"BreadcrumbList","@id":"https:\/\/radio.unrc.edu.ar\/?p=34307#breadcrumb","itemListElement":[{"@type":"ListItem","position":1,"name":"Portada","item":"https:\/\/radio.unrc.edu.ar\/"},{"@type":"ListItem","position":2,"name":"Familiares se movilizaron para rechazar la condena por el crimen del Rapipago"}]},{"@type":"WebSite","@id":"https:\/\/radio.unrc.edu.ar\/#website","url":"https:\/\/radio.unrc.edu.ar\/","name":"Radio UNRC","description":"La Radio de la Uni, la que te hace sentir y pensar","publisher":{"@id":"https:\/\/radio.unrc.edu.ar\/#organization"},"potentialAction":[{"@type":"SearchAction","target":{"@type":"EntryPoint","urlTemplate":"https:\/\/radio.unrc.edu.ar\/?s={search_term_string}"},"query-input":"required name=search_term_string"}],"inLanguage":"es"},{"@type":"Organization","@id":"https:\/\/radio.unrc.edu.ar\/#organization","name":"Radio UNRC","url":"https:\/\/radio.unrc.edu.ar\/","logo":{"@type":"ImageObject","inLanguage":"es","@id":"https:\/\/radio.unrc.edu.ar\/#\/schema\/logo\/image\/","url":"https:\/\/radio.unrc.edu.ar\/wp-content\/uploads\/2022\/03\/logo-radio-544.png","contentUrl":"https:\/\/radio.unrc.edu.ar\/wp-content\/uploads\/2022\/03\/logo-radio-544.png","width":544,"height":180,"caption":"Radio UNRC"},"image":{"@id":"https:\/\/radio.unrc.edu.ar\/#\/schema\/logo\/image\/"},"sameAs":["https:\/\/www.facebook.com\/radiounrc","https:\/\/www.instagram.com\/radiounrc\/"]},{"@type":"Person","@id":"https:\/\/radio.unrc.edu.ar\/#\/schema\/person\/197edd08d015632a43a5e6a515c4f7a6","name":"majo","image":{"@type":"ImageObject","inLanguage":"es","@id":"https:\/\/radio.unrc.edu.ar\/#\/schema\/person\/image\/","url":"https:\/\/secure.gravatar.com\/avatar\/6806165fb7635331b44fb331ffb478c3230b9d62d675244a0e2dfd0cb8d8b503?s=96&d=mm&r=g","contentUrl":"https:\/\/secure.gravatar.com\/avatar\/6806165fb7635331b44fb331ffb478c3230b9d62d675244a0e2dfd0cb8d8b503?s=96&d=mm&r=g","caption":"majo"},"url":"https:\/\/radio.unrc.edu.ar\/?author=2"}]}},"_links":{"self":[{"href":"https:\/\/radio.unrc.edu.ar\/index.php?rest_route=\/wp\/v2\/posts\/34307","targetHints":{"allow":["GET"]}}],"collection":[{"href":"https:\/\/radio.unrc.edu.ar\/index.php?rest_route=\/wp\/v2\/posts"}],"about":[{"href":"https:\/\/radio.unrc.edu.ar\/index.php?rest_route=\/wp\/v2\/types\/post"}],"author":[{"embeddable":true,"href":"https:\/\/radio.unrc.edu.ar\/index.php?rest_route=\/wp\/v2\/users\/2"}],"replies":[{"embeddable":true,"href":"https:\/\/radio.unrc.edu.ar\/index.php?rest_route=%2Fwp%2Fv2%2Fcomments&post=34307"}],"version-history":[{"count":2,"href":"https:\/\/radio.unrc.edu.ar\/index.php?rest_route=\/wp\/v2\/posts\/34307\/revisions"}],"predecessor-version":[{"id":34312,"href":"https:\/\/radio.unrc.edu.ar\/index.php?rest_route=\/wp\/v2\/posts\/34307\/revisions\/34312"}],"wp:featuredmedia":[{"embeddable":true,"href":"https:\/\/radio.unrc.edu.ar\/index.php?rest_route=\/wp\/v2\/media\/34308"}],"wp:attachment":[{"href":"https:\/\/radio.unrc.edu.ar\/index.php?rest_route=%2Fwp%2Fv2%2Fmedia&parent=34307"}],"wp:term":[{"taxonomy":"category","embeddable":true,"href":"https:\/\/radio.unrc.edu.ar\/index.php?rest_route=%2Fwp%2Fv2%2Fcategories&post=34307"},{"taxonomy":"post_tag","embeddable":true,"href":"https:\/\/radio.unrc.edu.ar\/index.php?rest_route=%2Fwp%2Fv2%2Ftags&post=34307"}],"curies":[{"name":"wp","href":"https:\/\/api.w.org\/{rel}","templated":true}]}}