{"id":35426,"date":"2026-01-29T12:20:43","date_gmt":"2026-01-29T15:20:43","guid":{"rendered":"https:\/\/radio.unrc.edu.ar\/?p=35426"},"modified":"2026-01-30T11:52:08","modified_gmt":"2026-01-30T14:52:08","slug":"magallanes-dijo-que-los-gobernadores-no-deberian-negociar-la-reforma-laboral","status":"publish","type":"post","link":"https:\/\/radio.unrc.edu.ar\/?p=35426","title":{"rendered":"Magallanes dijo que los gobernadores no deber\u00edan negociar la reforma laboral"},"content":{"rendered":"<p>El secretario general de la Uni\u00f3n Obrera Metal\u00fargica de R\u00edo Cuarto, Ricardo Magallanes, confirm\u00f3 que el 5 de febrero marchar\u00e1n en la ciudad de C\u00f3rdoba gremios de la CGT y de las dos CTA para pedirle al gobernador que rechace el proyecto de reforma laboral.<\/p>\n<p>Magallanes dijo que los gobernadores no deben negociar esta reforma por algunas obras de cord\u00f3n cuneta.<\/p>\n<p><iframe width=\"100%\" height=\"300\" scrolling=\"no\" frameborder=\"no\" allow=\"autoplay\" src=\"https:\/\/w.soundcloud.com\/player\/?url=https%3A\/\/api.soundcloud.com\/tracks\/soundcloud%253Atracks%253A2256456014&#038;color=%23ff5500&#038;auto_play=false&#038;hide_related=false&#038;show_comments=true&#038;show_user=true&#038;show_reposts=false&#038;show_teaser=true&#038;visual=true\"><\/iframe><\/p>\n<div style=\"font-size: 10px; color: #cccccc;line-break: anywhere;word-break: normal;overflow: hidden;white-space: nowrap;text-overflow: ellipsis; font-family: Interstate,Lucida Grande,Lucida Sans Unicode,Lucida Sans,Garuda,Verdana,Tahoma,sans-serif;font-weight: 100;\"><a href=\"https:\/\/soundcloud.com\/radiounrc97-7\" title=\"RadioUNRC97.7\" target=\"_blank\" style=\"color: #cccccc; text-decoration: none;\">RadioUNRC97.7<\/a> \u00b7 <a href=\"https:\/\/soundcloud.com\/radiounrc97-7\/ricardo-magallanes-1\" title=\"Ricardo Magallanes 1\" target=\"_blank\" style=\"color: #cccccc; text-decoration: none;\">Ricardo Magallanes 1<\/a><\/div>\n<p>Magallanes tambi\u00e9n afirm\u00f3 que la reforma laboral no incrementar\u00e1 el empleo y ratific\u00f3 que afectar\u00e1 los derechos de los trabajadores.<\/p>\n<p>\u00a8No hay un solo punto que beneficie a los trabajadores\u00bb, dijo Magallanes.<\/p>\n<p><iframe width=\"100%\" height=\"300\" scrolling=\"no\" frameborder=\"no\" allow=\"autoplay\" src=\"https:\/\/w.soundcloud.com\/player\/?url=https%3A\/\/api.soundcloud.com\/tracks\/soundcloud%253Atracks%253A2256456728&#038;color=%23ff5500&#038;auto_play=false&#038;hide_related=false&#038;show_comments=true&#038;show_user=true&#038;show_reposts=false&#038;show_teaser=true&#038;visual=true\"><\/iframe><\/p>\n<div style=\"font-size: 10px; color: #cccccc;line-break: anywhere;word-break: normal;overflow: hidden;white-space: nowrap;text-overflow: ellipsis; font-family: Interstate,Lucida Grande,Lucida Sans Unicode,Lucida Sans,Garuda,Verdana,Tahoma,sans-serif;font-weight: 100;\"><a href=\"https:\/\/soundcloud.com\/radiounrc97-7\" title=\"RadioUNRC97.7\" target=\"_blank\" style=\"color: #cccccc; text-decoration: none;\">RadioUNRC97.7<\/a> \u00b7 <a href=\"https:\/\/soundcloud.com\/radiounrc97-7\/ricardo-magallanes-2\" title=\"Ricardo Magallanes 2\" target=\"_blank\" style=\"color: #cccccc; text-decoration: none;\">Ricardo Magallanes 2<\/a><\/div>\n","protected":false},"excerpt":{"rendered":"<p>El secretario general de la Uni\u00f3n Obrera Metal\u00fargica de R\u00edo Cuarto, Ricardo Magallanes, confirm\u00f3 que el 5 de febrero marchar\u00e1n en la ciudad de C\u00f3rdoba gremios de la CGT y de las dos CTA para pedirle al gobernador que rechace el proyecto de reforma laboral. Magallanes dijo que los gobernadores no deben negociar esta reforma [&hellip;]<\/p>\n","protected":false},"author":2,"featured_media":35427,"comment_status":"open","ping_status":"open","sticky":false,"template":"","format":"standard","meta":{"footnotes":""},"categories":[18],"tags":[],"class_list":{"0":"post-35426","1":"post","2":"type-post","3":"status-publish","4":"format-standard","5":"has-post-thumbnail","7":"category-locales"},"yoast_head":"<!-- This site is optimized with the Yoast SEO plugin v21.5 - https:\/\/yoast.com\/wordpress\/plugins\/seo\/ -->\n<title>Magallanes dijo que los gobernadores no deber\u00edan negociar la reforma laboral - Radio UNRC<\/title>\n<meta name=\"description\" content=\"La radio que te hace sentir y pensar.\" \/>\n<meta name=\"robots\" content=\"index, follow, max-snippet:-1, max-image-preview:large, max-video-preview:-1\" \/>\n<link rel=\"canonical\" href=\"https:\/\/radio.unrc.edu.ar\/?p=35426\" \/>\n<meta property=\"og:locale\" content=\"es_ES\" \/>\n<meta property=\"og:type\" content=\"article\" \/>\n<meta property=\"og:title\" content=\"Magallanes dijo que los gobernadores no deber\u00edan negociar la reforma laboral - Radio UNRC\" \/>\n<meta property=\"og:description\" content=\"La radio que te hace sentir y pensar.\" \/>\n<meta property=\"og:url\" content=\"https:\/\/radio.unrc.edu.ar\/?p=35426\" \/>\n<meta property=\"og:site_name\" content=\"Radio UNRC\" \/>\n<meta property=\"article:publisher\" content=\"https:\/\/www.facebook.com\/radiounrc\" \/>\n<meta property=\"article:published_time\" content=\"2026-01-29T15:20:43+00:00\" \/>\n<meta property=\"article:modified_time\" content=\"2026-01-30T14:52:08+00:00\" \/>\n<meta property=\"og:image\" content=\"https:\/\/radio.unrc.edu.ar\/wp-content\/uploads\/2026\/01\/metalurgicos.jpg\" \/>\n\t<meta property=\"og:image:width\" content=\"1280\" \/>\n\t<meta property=\"og:image:height\" content=\"740\" \/>\n\t<meta property=\"og:image:type\" content=\"image\/jpeg\" \/>\n<meta name=\"author\" content=\"majo\" \/>\n<meta name=\"twitter:card\" content=\"summary_large_image\" \/>\n<meta name=\"twitter:label1\" content=\"Escrito por\" \/>\n\t<meta name=\"twitter:data1\" content=\"majo\" \/>\n\t<meta name=\"twitter:label2\" content=\"Tiempo de lectura\" \/>\n\t<meta name=\"twitter:data2\" content=\"1 minuto\" \/>\n<script type=\"application\/ld+json\" class=\"yoast-schema-graph\">{\"@context\":\"https:\/\/schema.org\",\"@graph\":[{\"@type\":\"Article\",\"@id\":\"https:\/\/radio.unrc.edu.ar\/?p=35426#article\",\"isPartOf\":{\"@id\":\"https:\/\/radio.unrc.edu.ar\/?p=35426\"},\"author\":{\"name\":\"majo\",\"@id\":\"https:\/\/radio.unrc.edu.ar\/#\/schema\/person\/197edd08d015632a43a5e6a515c4f7a6\"},\"headline\":\"Magallanes dijo que los gobernadores no deber\u00edan negociar la reforma laboral\",\"datePublished\":\"2026-01-29T15:20:43+00:00\",\"dateModified\":\"2026-01-30T14:52:08+00:00\",\"mainEntityOfPage\":{\"@id\":\"https:\/\/radio.unrc.edu.ar\/?p=35426\"},\"wordCount\":117,\"commentCount\":0,\"publisher\":{\"@id\":\"https:\/\/radio.unrc.edu.ar\/#organization\"},\"articleSection\":[\"Locales\"],\"inLanguage\":\"es\",\"potentialAction\":[{\"@type\":\"CommentAction\",\"name\":\"Comment\",\"target\":[\"https:\/\/radio.unrc.edu.ar\/?p=35426#respond\"]}]},{\"@type\":\"WebPage\",\"@id\":\"https:\/\/radio.unrc.edu.ar\/?p=35426\",\"url\":\"https:\/\/radio.unrc.edu.ar\/?p=35426\",\"name\":\"Magallanes dijo que los gobernadores no deber\u00edan negociar la reforma laboral - Radio UNRC\",\"isPartOf\":{\"@id\":\"https:\/\/radio.unrc.edu.ar\/#website\"},\"datePublished\":\"2026-01-29T15:20:43+00:00\",\"dateModified\":\"2026-01-30T14:52:08+00:00\",\"description\":\"La radio que te hace sentir y pensar.\",\"breadcrumb\":{\"@id\":\"https:\/\/radio.unrc.edu.ar\/?p=35426#breadcrumb\"},\"inLanguage\":\"es\",\"potentialAction\":[{\"@type\":\"ReadAction\",\"target\":[\"https:\/\/radio.unrc.edu.ar\/?p=35426\"]}]},{\"@type\":\"BreadcrumbList\",\"@id\":\"https:\/\/radio.unrc.edu.ar\/?p=35426#breadcrumb\",\"itemListElement\":[{\"@type\":\"ListItem\",\"position\":1,\"name\":\"Portada\",\"item\":\"https:\/\/radio.unrc.edu.ar\/\"},{\"@type\":\"ListItem\",\"position\":2,\"name\":\"Magallanes dijo que los gobernadores no deber\u00edan negociar la reforma laboral\"}]},{\"@type\":\"WebSite\",\"@id\":\"https:\/\/radio.unrc.edu.ar\/#website\",\"url\":\"https:\/\/radio.unrc.edu.ar\/\",\"name\":\"Radio UNRC\",\"description\":\"La Radio de la Uni, la que te hace sentir y pensar\",\"publisher\":{\"@id\":\"https:\/\/radio.unrc.edu.ar\/#organization\"},\"potentialAction\":[{\"@type\":\"SearchAction\",\"target\":{\"@type\":\"EntryPoint\",\"urlTemplate\":\"https:\/\/radio.unrc.edu.ar\/?s={search_term_string}\"},\"query-input\":\"required name=search_term_string\"}],\"inLanguage\":\"es\"},{\"@type\":\"Organization\",\"@id\":\"https:\/\/radio.unrc.edu.ar\/#organization\",\"name\":\"Radio UNRC\",\"url\":\"https:\/\/radio.unrc.edu.ar\/\",\"logo\":{\"@type\":\"ImageObject\",\"inLanguage\":\"es\",\"@id\":\"https:\/\/radio.unrc.edu.ar\/#\/schema\/logo\/image\/\",\"url\":\"https:\/\/radio.unrc.edu.ar\/wp-content\/uploads\/2022\/03\/logo-radio-544.png\",\"contentUrl\":\"https:\/\/radio.unrc.edu.ar\/wp-content\/uploads\/2022\/03\/logo-radio-544.png\",\"width\":544,\"height\":180,\"caption\":\"Radio UNRC\"},\"image\":{\"@id\":\"https:\/\/radio.unrc.edu.ar\/#\/schema\/logo\/image\/\"},\"sameAs\":[\"https:\/\/www.facebook.com\/radiounrc\",\"https:\/\/www.instagram.com\/radiounrc\/\"]},{\"@type\":\"Person\",\"@id\":\"https:\/\/radio.unrc.edu.ar\/#\/schema\/person\/197edd08d015632a43a5e6a515c4f7a6\",\"name\":\"majo\",\"image\":{\"@type\":\"ImageObject\",\"inLanguage\":\"es\",\"@id\":\"https:\/\/radio.unrc.edu.ar\/#\/schema\/person\/image\/\",\"url\":\"https:\/\/secure.gravatar.com\/avatar\/6806165fb7635331b44fb331ffb478c3230b9d62d675244a0e2dfd0cb8d8b503?s=96&d=mm&r=g\",\"contentUrl\":\"https:\/\/secure.gravatar.com\/avatar\/6806165fb7635331b44fb331ffb478c3230b9d62d675244a0e2dfd0cb8d8b503?s=96&d=mm&r=g\",\"caption\":\"majo\"},\"url\":\"https:\/\/radio.unrc.edu.ar\/?author=2\"}]}<\/script>\n<!-- \/ Yoast SEO plugin. -->","yoast_head_json":{"title":"Magallanes dijo que los gobernadores no deber\u00edan negociar la reforma laboral - Radio UNRC","description":"La radio que te hace sentir y pensar.","robots":{"index":"index","follow":"follow","max-snippet":"max-snippet:-1","max-image-preview":"max-image-preview:large","max-video-preview":"max-video-preview:-1"},"canonical":"https:\/\/radio.unrc.edu.ar\/?p=35426","og_locale":"es_ES","og_type":"article","og_title":"Magallanes dijo que los gobernadores no deber\u00edan negociar la reforma laboral - Radio UNRC","og_description":"La radio que te hace sentir y pensar.","og_url":"https:\/\/radio.unrc.edu.ar\/?p=35426","og_site_name":"Radio UNRC","article_publisher":"https:\/\/www.facebook.com\/radiounrc","article_published_time":"2026-01-29T15:20:43+00:00","article_modified_time":"2026-01-30T14:52:08+00:00","og_image":[{"width":1280,"height":740,"url":"https:\/\/radio.unrc.edu.ar\/wp-content\/uploads\/2026\/01\/metalurgicos.jpg","type":"image\/jpeg"}],"author":"majo","twitter_card":"summary_large_image","twitter_misc":{"Escrito por":"majo","Tiempo de lectura":"1 minuto"},"schema":{"@context":"https:\/\/schema.org","@graph":[{"@type":"Article","@id":"https:\/\/radio.unrc.edu.ar\/?p=35426#article","isPartOf":{"@id":"https:\/\/radio.unrc.edu.ar\/?p=35426"},"author":{"name":"majo","@id":"https:\/\/radio.unrc.edu.ar\/#\/schema\/person\/197edd08d015632a43a5e6a515c4f7a6"},"headline":"Magallanes dijo que los gobernadores no deber\u00edan negociar la reforma laboral","datePublished":"2026-01-29T15:20:43+00:00","dateModified":"2026-01-30T14:52:08+00:00","mainEntityOfPage":{"@id":"https:\/\/radio.unrc.edu.ar\/?p=35426"},"wordCount":117,"commentCount":0,"publisher":{"@id":"https:\/\/radio.unrc.edu.ar\/#organization"},"articleSection":["Locales"],"inLanguage":"es","potentialAction":[{"@type":"CommentAction","name":"Comment","target":["https:\/\/radio.unrc.edu.ar\/?p=35426#respond"]}]},{"@type":"WebPage","@id":"https:\/\/radio.unrc.edu.ar\/?p=35426","url":"https:\/\/radio.unrc.edu.ar\/?p=35426","name":"Magallanes dijo que los gobernadores no deber\u00edan negociar la reforma laboral - Radio UNRC","isPartOf":{"@id":"https:\/\/radio.unrc.edu.ar\/#website"},"datePublished":"2026-01-29T15:20:43+00:00","dateModified":"2026-01-30T14:52:08+00:00","description":"La radio que te hace sentir y pensar.","breadcrumb":{"@id":"https:\/\/radio.unrc.edu.ar\/?p=35426#breadcrumb"},"inLanguage":"es","potentialAction":[{"@type":"ReadAction","target":["https:\/\/radio.unrc.edu.ar\/?p=35426"]}]},{"@type":"BreadcrumbList","@id":"https:\/\/radio.unrc.edu.ar\/?p=35426#breadcrumb","itemListElement":[{"@type":"ListItem","position":1,"name":"Portada","item":"https:\/\/radio.unrc.edu.ar\/"},{"@type":"ListItem","position":2,"name":"Magallanes dijo que los gobernadores no deber\u00edan negociar la reforma laboral"}]},{"@type":"WebSite","@id":"https:\/\/radio.unrc.edu.ar\/#website","url":"https:\/\/radio.unrc.edu.ar\/","name":"Radio UNRC","description":"La Radio de la Uni, la que te hace sentir y pensar","publisher":{"@id":"https:\/\/radio.unrc.edu.ar\/#organization"},"potentialAction":[{"@type":"SearchAction","target":{"@type":"EntryPoint","urlTemplate":"https:\/\/radio.unrc.edu.ar\/?s={search_term_string}"},"query-input":"required name=search_term_string"}],"inLanguage":"es"},{"@type":"Organization","@id":"https:\/\/radio.unrc.edu.ar\/#organization","name":"Radio UNRC","url":"https:\/\/radio.unrc.edu.ar\/","logo":{"@type":"ImageObject","inLanguage":"es","@id":"https:\/\/radio.unrc.edu.ar\/#\/schema\/logo\/image\/","url":"https:\/\/radio.unrc.edu.ar\/wp-content\/uploads\/2022\/03\/logo-radio-544.png","contentUrl":"https:\/\/radio.unrc.edu.ar\/wp-content\/uploads\/2022\/03\/logo-radio-544.png","width":544,"height":180,"caption":"Radio UNRC"},"image":{"@id":"https:\/\/radio.unrc.edu.ar\/#\/schema\/logo\/image\/"},"sameAs":["https:\/\/www.facebook.com\/radiounrc","https:\/\/www.instagram.com\/radiounrc\/"]},{"@type":"Person","@id":"https:\/\/radio.unrc.edu.ar\/#\/schema\/person\/197edd08d015632a43a5e6a515c4f7a6","name":"majo","image":{"@type":"ImageObject","inLanguage":"es","@id":"https:\/\/radio.unrc.edu.ar\/#\/schema\/person\/image\/","url":"https:\/\/secure.gravatar.com\/avatar\/6806165fb7635331b44fb331ffb478c3230b9d62d675244a0e2dfd0cb8d8b503?s=96&d=mm&r=g","contentUrl":"https:\/\/secure.gravatar.com\/avatar\/6806165fb7635331b44fb331ffb478c3230b9d62d675244a0e2dfd0cb8d8b503?s=96&d=mm&r=g","caption":"majo"},"url":"https:\/\/radio.unrc.edu.ar\/?author=2"}]}},"_links":{"self":[{"href":"https:\/\/radio.unrc.edu.ar\/index.php?rest_route=\/wp\/v2\/posts\/35426","targetHints":{"allow":["GET"]}}],"collection":[{"href":"https:\/\/radio.unrc.edu.ar\/index.php?rest_route=\/wp\/v2\/posts"}],"about":[{"href":"https:\/\/radio.unrc.edu.ar\/index.php?rest_route=\/wp\/v2\/types\/post"}],"author":[{"embeddable":true,"href":"https:\/\/radio.unrc.edu.ar\/index.php?rest_route=\/wp\/v2\/users\/2"}],"replies":[{"embeddable":true,"href":"https:\/\/radio.unrc.edu.ar\/index.php?rest_route=%2Fwp%2Fv2%2Fcomments&post=35426"}],"version-history":[{"count":1,"href":"https:\/\/radio.unrc.edu.ar\/index.php?rest_route=\/wp\/v2\/posts\/35426\/revisions"}],"predecessor-version":[{"id":35428,"href":"https:\/\/radio.unrc.edu.ar\/index.php?rest_route=\/wp\/v2\/posts\/35426\/revisions\/35428"}],"wp:featuredmedia":[{"embeddable":true,"href":"https:\/\/radio.unrc.edu.ar\/index.php?rest_route=\/wp\/v2\/media\/35427"}],"wp:attachment":[{"href":"https:\/\/radio.unrc.edu.ar\/index.php?rest_route=%2Fwp%2Fv2%2Fmedia&parent=35426"}],"wp:term":[{"taxonomy":"category","embeddable":true,"href":"https:\/\/radio.unrc.edu.ar\/index.php?rest_route=%2Fwp%2Fv2%2Fcategories&post=35426"},{"taxonomy":"post_tag","embeddable":true,"href":"https:\/\/radio.unrc.edu.ar\/index.php?rest_route=%2Fwp%2Fv2%2Ftags&post=35426"}],"curies":[{"name":"wp","href":"https:\/\/api.w.org\/{rel}","templated":true}]}}