{"id":38548,"date":"2026-04-24T10:29:04","date_gmt":"2026-04-24T13:29:04","guid":{"rendered":"https:\/\/radio.unrc.edu.ar\/?p=38548"},"modified":"2026-04-24T14:29:55","modified_gmt":"2026-04-24T17:29:55","slug":"programa-crear-ambiente-se-realizara-una-reunion-sobre-los-proyectos","status":"publish","type":"post","link":"https:\/\/radio.unrc.edu.ar\/?p=38548","title":{"rendered":"Programa Crear Ambiente: se realizar\u00e1 una reuni\u00f3n sobre los proyectos"},"content":{"rendered":"<p>El pr\u00f3ximo lunes se reunir\u00e1n por primera vez quienes llevan adelante proyectos vinculados con la tem\u00e1tica en el marco del Programa Crear Ambiente de la UNRC.<\/p>\n<p>Son 49 las propuestas vinculadas con el cuidado del ambiente elaboradas por integrantes de las cinco facultades y otras dependencias universitarias.<\/p>\n<p>Evangelina Natale, coordinadora del Programa Crear Ambiente, explic\u00f3 esto se inici\u00f3 con el relevamiento de todos los proyectos de estas caracter\u00edsticas para poder conocerlos y articularlos entre si, y agreg\u00f3 que la idea es identificar las disciplinas para que puedan potenciarse.<\/p>\n<audio class=\"wp-audio-shortcode\" id=\"audio-38548-1\" preload=\"none\" style=\"width: 100%;\" controls=\"controls\"><source type=\"audio\/mpeg\" src=\"https:\/\/radio.unrc.edu.ar\/wp-content\/uploads\/2026\/04\/Natale-UNO.mp3?_=1\" \/><a href=\"https:\/\/radio.unrc.edu.ar\/wp-content\/uploads\/2026\/04\/Natale-UNO.mp3\">https:\/\/radio.unrc.edu.ar\/wp-content\/uploads\/2026\/04\/Natale-UNO.mp3<\/a><\/audio>\n<p>Se inaugura el segundo  Ecobanco en la UNRC<\/p>\n<p>Se encuentra pr\u00f3ximo al Aula Mayor y busca reutilizar principalmente pl\u00e1sticos que no se pueden reciclar.<\/p>\n<p>La coordinadora del Programa Crear Ambiente record\u00f3 que esta iniciativa fue originada en estudiantes e investigadores, y puesta en marcha por la UNRC.<\/p>\n<p>Natale se refiri\u00f3 a estos eco sitios, que son la forma m\u00e1s amigable de disponer estos residuos. Y agreg\u00f3 que hay otros elementos que se usan para esta elaboraci\u00f3n, como el uso de vidrio molido para reemplazar la arena de la mezcla usada para la construcci\u00f3n.<\/p>\n<audio class=\"wp-audio-shortcode\" id=\"audio-38548-2\" preload=\"none\" style=\"width: 100%;\" controls=\"controls\"><source type=\"audio\/mpeg\" src=\"https:\/\/radio.unrc.edu.ar\/wp-content\/uploads\/2026\/04\/Natale-DOS.mp3?_=2\" \/><a href=\"https:\/\/radio.unrc.edu.ar\/wp-content\/uploads\/2026\/04\/Natale-DOS.mp3\">https:\/\/radio.unrc.edu.ar\/wp-content\/uploads\/2026\/04\/Natale-DOS.mp3<\/a><\/audio>\n<p><strong>M\u00e1s informaci\u00f3n<\/strong>: <a href=\"https:\/\/radio.unrc.edu.ar\/?p=38435\">Cuatro murales con tem\u00e1tica ambiental se ubicar\u00e1n en las paredes del comedor de la UNRC<\/a><\/p>\n","protected":false},"excerpt":{"rendered":"<p>El pr\u00f3ximo lunes se reunir\u00e1n por primera vez quienes llevan adelante proyectos vinculados con la tem\u00e1tica en el marco del Programa Crear Ambiente de la UNRC. Son 49 las propuestas vinculadas con el cuidado del ambiente elaboradas por integrantes de las cinco facultades y otras dependencias universitarias. Evangelina Natale, coordinadora del Programa Crear Ambiente, explic\u00f3 [&hellip;]<\/p>\n","protected":false},"author":2,"featured_media":34665,"comment_status":"open","ping_status":"open","sticky":false,"template":"","format":"standard","meta":{"footnotes":""},"categories":[17],"tags":[26],"class_list":{"0":"post-38548","1":"post","2":"type-post","3":"status-publish","4":"format-standard","5":"has-post-thumbnail","7":"category-universitarias","8":"tag-destacadas"},"yoast_head":"<!-- This site is optimized with the Yoast SEO plugin v21.5 - https:\/\/yoast.com\/wordpress\/plugins\/seo\/ -->\n<title>Programa Crear Ambiente: se realizar\u00e1 una reuni\u00f3n sobre los proyectos - Radio UNRC<\/title>\n<meta name=\"description\" content=\"La radio que te hace sentir y pensar.\" \/>\n<meta name=\"robots\" content=\"index, follow, max-snippet:-1, max-image-preview:large, max-video-preview:-1\" \/>\n<link rel=\"canonical\" href=\"https:\/\/radio.unrc.edu.ar\/?p=38548\" \/>\n<meta property=\"og:locale\" content=\"es_ES\" \/>\n<meta property=\"og:type\" content=\"article\" \/>\n<meta property=\"og:title\" content=\"Programa Crear Ambiente: se realizar\u00e1 una reuni\u00f3n sobre los proyectos - Radio UNRC\" \/>\n<meta property=\"og:description\" content=\"La radio que te hace sentir y pensar.\" \/>\n<meta property=\"og:url\" content=\"https:\/\/radio.unrc.edu.ar\/?p=38548\" \/>\n<meta property=\"og:site_name\" content=\"Radio UNRC\" \/>\n<meta property=\"article:publisher\" content=\"https:\/\/www.facebook.com\/radiounrc\" \/>\n<meta property=\"article:published_time\" content=\"2026-04-24T13:29:04+00:00\" \/>\n<meta property=\"article:modified_time\" content=\"2026-04-24T17:29:55+00:00\" \/>\n<meta property=\"og:image\" content=\"https:\/\/radio.unrc.edu.ar\/wp-content\/uploads\/2025\/12\/ambiente.jpg\" \/>\n\t<meta property=\"og:image:width\" content=\"1280\" \/>\n\t<meta property=\"og:image:height\" content=\"740\" \/>\n\t<meta property=\"og:image:type\" content=\"image\/jpeg\" \/>\n<meta name=\"author\" content=\"majo\" \/>\n<meta name=\"twitter:card\" content=\"summary_large_image\" \/>\n<meta name=\"twitter:label1\" content=\"Escrito por\" \/>\n\t<meta name=\"twitter:data1\" content=\"majo\" \/>\n\t<meta name=\"twitter:label2\" content=\"Tiempo de lectura\" \/>\n\t<meta name=\"twitter:data2\" content=\"1 minuto\" \/>\n<script type=\"application\/ld+json\" class=\"yoast-schema-graph\">{\"@context\":\"https:\/\/schema.org\",\"@graph\":[{\"@type\":\"Article\",\"@id\":\"https:\/\/radio.unrc.edu.ar\/?p=38548#article\",\"isPartOf\":{\"@id\":\"https:\/\/radio.unrc.edu.ar\/?p=38548\"},\"author\":{\"name\":\"majo\",\"@id\":\"https:\/\/radio.unrc.edu.ar\/#\/schema\/person\/197edd08d015632a43a5e6a515c4f7a6\"},\"headline\":\"Programa Crear Ambiente: se realizar\u00e1 una reuni\u00f3n sobre los proyectos\",\"datePublished\":\"2026-04-24T13:29:04+00:00\",\"dateModified\":\"2026-04-24T17:29:55+00:00\",\"mainEntityOfPage\":{\"@id\":\"https:\/\/radio.unrc.edu.ar\/?p=38548\"},\"wordCount\":245,\"commentCount\":0,\"publisher\":{\"@id\":\"https:\/\/radio.unrc.edu.ar\/#organization\"},\"keywords\":[\"Destacadas\"],\"articleSection\":[\"Universitarias\"],\"inLanguage\":\"es\",\"potentialAction\":[{\"@type\":\"CommentAction\",\"name\":\"Comment\",\"target\":[\"https:\/\/radio.unrc.edu.ar\/?p=38548#respond\"]}]},{\"@type\":\"WebPage\",\"@id\":\"https:\/\/radio.unrc.edu.ar\/?p=38548\",\"url\":\"https:\/\/radio.unrc.edu.ar\/?p=38548\",\"name\":\"Programa Crear Ambiente: se realizar\u00e1 una reuni\u00f3n sobre los proyectos - Radio UNRC\",\"isPartOf\":{\"@id\":\"https:\/\/radio.unrc.edu.ar\/#website\"},\"datePublished\":\"2026-04-24T13:29:04+00:00\",\"dateModified\":\"2026-04-24T17:29:55+00:00\",\"description\":\"La radio que te hace sentir y pensar.\",\"breadcrumb\":{\"@id\":\"https:\/\/radio.unrc.edu.ar\/?p=38548#breadcrumb\"},\"inLanguage\":\"es\",\"potentialAction\":[{\"@type\":\"ReadAction\",\"target\":[\"https:\/\/radio.unrc.edu.ar\/?p=38548\"]}]},{\"@type\":\"BreadcrumbList\",\"@id\":\"https:\/\/radio.unrc.edu.ar\/?p=38548#breadcrumb\",\"itemListElement\":[{\"@type\":\"ListItem\",\"position\":1,\"name\":\"Portada\",\"item\":\"https:\/\/radio.unrc.edu.ar\/\"},{\"@type\":\"ListItem\",\"position\":2,\"name\":\"Programa Crear Ambiente: se realizar\u00e1 una reuni\u00f3n sobre los proyectos\"}]},{\"@type\":\"WebSite\",\"@id\":\"https:\/\/radio.unrc.edu.ar\/#website\",\"url\":\"https:\/\/radio.unrc.edu.ar\/\",\"name\":\"Radio UNRC\",\"description\":\"La Radio de la Uni, la que te hace sentir y pensar\",\"publisher\":{\"@id\":\"https:\/\/radio.unrc.edu.ar\/#organization\"},\"potentialAction\":[{\"@type\":\"SearchAction\",\"target\":{\"@type\":\"EntryPoint\",\"urlTemplate\":\"https:\/\/radio.unrc.edu.ar\/?s={search_term_string}\"},\"query-input\":\"required name=search_term_string\"}],\"inLanguage\":\"es\"},{\"@type\":\"Organization\",\"@id\":\"https:\/\/radio.unrc.edu.ar\/#organization\",\"name\":\"Radio UNRC\",\"url\":\"https:\/\/radio.unrc.edu.ar\/\",\"logo\":{\"@type\":\"ImageObject\",\"inLanguage\":\"es\",\"@id\":\"https:\/\/radio.unrc.edu.ar\/#\/schema\/logo\/image\/\",\"url\":\"https:\/\/radio.unrc.edu.ar\/wp-content\/uploads\/2022\/03\/logo-radio-544.png\",\"contentUrl\":\"https:\/\/radio.unrc.edu.ar\/wp-content\/uploads\/2022\/03\/logo-radio-544.png\",\"width\":544,\"height\":180,\"caption\":\"Radio UNRC\"},\"image\":{\"@id\":\"https:\/\/radio.unrc.edu.ar\/#\/schema\/logo\/image\/\"},\"sameAs\":[\"https:\/\/www.facebook.com\/radiounrc\",\"https:\/\/www.instagram.com\/radiounrc\/\"]},{\"@type\":\"Person\",\"@id\":\"https:\/\/radio.unrc.edu.ar\/#\/schema\/person\/197edd08d015632a43a5e6a515c4f7a6\",\"name\":\"majo\",\"image\":{\"@type\":\"ImageObject\",\"inLanguage\":\"es\",\"@id\":\"https:\/\/radio.unrc.edu.ar\/#\/schema\/person\/image\/\",\"url\":\"https:\/\/secure.gravatar.com\/avatar\/6806165fb7635331b44fb331ffb478c3230b9d62d675244a0e2dfd0cb8d8b503?s=96&d=mm&r=g\",\"contentUrl\":\"https:\/\/secure.gravatar.com\/avatar\/6806165fb7635331b44fb331ffb478c3230b9d62d675244a0e2dfd0cb8d8b503?s=96&d=mm&r=g\",\"caption\":\"majo\"},\"url\":\"https:\/\/radio.unrc.edu.ar\/?author=2\"}]}<\/script>\n<!-- \/ Yoast SEO plugin. -->","yoast_head_json":{"title":"Programa Crear Ambiente: se realizar\u00e1 una reuni\u00f3n sobre los proyectos - Radio UNRC","description":"La radio que te hace sentir y pensar.","robots":{"index":"index","follow":"follow","max-snippet":"max-snippet:-1","max-image-preview":"max-image-preview:large","max-video-preview":"max-video-preview:-1"},"canonical":"https:\/\/radio.unrc.edu.ar\/?p=38548","og_locale":"es_ES","og_type":"article","og_title":"Programa Crear Ambiente: se realizar\u00e1 una reuni\u00f3n sobre los proyectos - Radio UNRC","og_description":"La radio que te hace sentir y pensar.","og_url":"https:\/\/radio.unrc.edu.ar\/?p=38548","og_site_name":"Radio UNRC","article_publisher":"https:\/\/www.facebook.com\/radiounrc","article_published_time":"2026-04-24T13:29:04+00:00","article_modified_time":"2026-04-24T17:29:55+00:00","og_image":[{"width":1280,"height":740,"url":"https:\/\/radio.unrc.edu.ar\/wp-content\/uploads\/2025\/12\/ambiente.jpg","type":"image\/jpeg"}],"author":"majo","twitter_card":"summary_large_image","twitter_misc":{"Escrito por":"majo","Tiempo de lectura":"1 minuto"},"schema":{"@context":"https:\/\/schema.org","@graph":[{"@type":"Article","@id":"https:\/\/radio.unrc.edu.ar\/?p=38548#article","isPartOf":{"@id":"https:\/\/radio.unrc.edu.ar\/?p=38548"},"author":{"name":"majo","@id":"https:\/\/radio.unrc.edu.ar\/#\/schema\/person\/197edd08d015632a43a5e6a515c4f7a6"},"headline":"Programa Crear Ambiente: se realizar\u00e1 una reuni\u00f3n sobre los proyectos","datePublished":"2026-04-24T13:29:04+00:00","dateModified":"2026-04-24T17:29:55+00:00","mainEntityOfPage":{"@id":"https:\/\/radio.unrc.edu.ar\/?p=38548"},"wordCount":245,"commentCount":0,"publisher":{"@id":"https:\/\/radio.unrc.edu.ar\/#organization"},"keywords":["Destacadas"],"articleSection":["Universitarias"],"inLanguage":"es","potentialAction":[{"@type":"CommentAction","name":"Comment","target":["https:\/\/radio.unrc.edu.ar\/?p=38548#respond"]}]},{"@type":"WebPage","@id":"https:\/\/radio.unrc.edu.ar\/?p=38548","url":"https:\/\/radio.unrc.edu.ar\/?p=38548","name":"Programa Crear Ambiente: se realizar\u00e1 una reuni\u00f3n sobre los proyectos - Radio UNRC","isPartOf":{"@id":"https:\/\/radio.unrc.edu.ar\/#website"},"datePublished":"2026-04-24T13:29:04+00:00","dateModified":"2026-04-24T17:29:55+00:00","description":"La radio que te hace sentir y pensar.","breadcrumb":{"@id":"https:\/\/radio.unrc.edu.ar\/?p=38548#breadcrumb"},"inLanguage":"es","potentialAction":[{"@type":"ReadAction","target":["https:\/\/radio.unrc.edu.ar\/?p=38548"]}]},{"@type":"BreadcrumbList","@id":"https:\/\/radio.unrc.edu.ar\/?p=38548#breadcrumb","itemListElement":[{"@type":"ListItem","position":1,"name":"Portada","item":"https:\/\/radio.unrc.edu.ar\/"},{"@type":"ListItem","position":2,"name":"Programa Crear Ambiente: se realizar\u00e1 una reuni\u00f3n sobre los proyectos"}]},{"@type":"WebSite","@id":"https:\/\/radio.unrc.edu.ar\/#website","url":"https:\/\/radio.unrc.edu.ar\/","name":"Radio UNRC","description":"La Radio de la Uni, la que te hace sentir y pensar","publisher":{"@id":"https:\/\/radio.unrc.edu.ar\/#organization"},"potentialAction":[{"@type":"SearchAction","target":{"@type":"EntryPoint","urlTemplate":"https:\/\/radio.unrc.edu.ar\/?s={search_term_string}"},"query-input":"required name=search_term_string"}],"inLanguage":"es"},{"@type":"Organization","@id":"https:\/\/radio.unrc.edu.ar\/#organization","name":"Radio UNRC","url":"https:\/\/radio.unrc.edu.ar\/","logo":{"@type":"ImageObject","inLanguage":"es","@id":"https:\/\/radio.unrc.edu.ar\/#\/schema\/logo\/image\/","url":"https:\/\/radio.unrc.edu.ar\/wp-content\/uploads\/2022\/03\/logo-radio-544.png","contentUrl":"https:\/\/radio.unrc.edu.ar\/wp-content\/uploads\/2022\/03\/logo-radio-544.png","width":544,"height":180,"caption":"Radio UNRC"},"image":{"@id":"https:\/\/radio.unrc.edu.ar\/#\/schema\/logo\/image\/"},"sameAs":["https:\/\/www.facebook.com\/radiounrc","https:\/\/www.instagram.com\/radiounrc\/"]},{"@type":"Person","@id":"https:\/\/radio.unrc.edu.ar\/#\/schema\/person\/197edd08d015632a43a5e6a515c4f7a6","name":"majo","image":{"@type":"ImageObject","inLanguage":"es","@id":"https:\/\/radio.unrc.edu.ar\/#\/schema\/person\/image\/","url":"https:\/\/secure.gravatar.com\/avatar\/6806165fb7635331b44fb331ffb478c3230b9d62d675244a0e2dfd0cb8d8b503?s=96&d=mm&r=g","contentUrl":"https:\/\/secure.gravatar.com\/avatar\/6806165fb7635331b44fb331ffb478c3230b9d62d675244a0e2dfd0cb8d8b503?s=96&d=mm&r=g","caption":"majo"},"url":"https:\/\/radio.unrc.edu.ar\/?author=2"}]}},"_links":{"self":[{"href":"https:\/\/radio.unrc.edu.ar\/index.php?rest_route=\/wp\/v2\/posts\/38548","targetHints":{"allow":["GET"]}}],"collection":[{"href":"https:\/\/radio.unrc.edu.ar\/index.php?rest_route=\/wp\/v2\/posts"}],"about":[{"href":"https:\/\/radio.unrc.edu.ar\/index.php?rest_route=\/wp\/v2\/types\/post"}],"author":[{"embeddable":true,"href":"https:\/\/radio.unrc.edu.ar\/index.php?rest_route=\/wp\/v2\/users\/2"}],"replies":[{"embeddable":true,"href":"https:\/\/radio.unrc.edu.ar\/index.php?rest_route=%2Fwp%2Fv2%2Fcomments&post=38548"}],"version-history":[{"count":1,"href":"https:\/\/radio.unrc.edu.ar\/index.php?rest_route=\/wp\/v2\/posts\/38548\/revisions"}],"predecessor-version":[{"id":38551,"href":"https:\/\/radio.unrc.edu.ar\/index.php?rest_route=\/wp\/v2\/posts\/38548\/revisions\/38551"}],"wp:featuredmedia":[{"embeddable":true,"href":"https:\/\/radio.unrc.edu.ar\/index.php?rest_route=\/wp\/v2\/media\/34665"}],"wp:attachment":[{"href":"https:\/\/radio.unrc.edu.ar\/index.php?rest_route=%2Fwp%2Fv2%2Fmedia&parent=38548"}],"wp:term":[{"taxonomy":"category","embeddable":true,"href":"https:\/\/radio.unrc.edu.ar\/index.php?rest_route=%2Fwp%2Fv2%2Fcategories&post=38548"},{"taxonomy":"post_tag","embeddable":true,"href":"https:\/\/radio.unrc.edu.ar\/index.php?rest_route=%2Fwp%2Fv2%2Ftags&post=38548"}],"curies":[{"name":"wp","href":"https:\/\/api.w.org\/{rel}","templated":true}]}}