{"id":38750,"date":"2026-04-30T19:42:56","date_gmt":"2026-04-30T22:42:56","guid":{"rendered":"https:\/\/radio.unrc.edu.ar\/?p=38750"},"modified":"2026-04-30T19:42:56","modified_gmt":"2026-04-30T22:42:56","slug":"caso-alanis-la-familia-exige-un-resarcimiento-por-danos-de-300-millones-de-pesos","status":"publish","type":"post","link":"https:\/\/radio.unrc.edu.ar\/?p=38750","title":{"rendered":"Caso Alan\u00eds: la familia exige un resarcimiento por da\u00f1os de 300 millones de pesos"},"content":{"rendered":"<p>El abogado Zacarias Ram\u00edrez Rigo, que representa a la familia de la v\u00edctima, dijo que se trata de la primera audiencia de confidencialidad en el cual toda persona que haya sufrido un da\u00f1o tiene que pasar por instancia previa. <\/p>\n<p>Con respecto a la causa penal, manifest\u00f3 que est\u00e1n a la espera de un dato de deconstrucci\u00f3n de los hechos para elevar la causa a juicio.<\/p>\n<audio class=\"wp-audio-shortcode\" id=\"audio-38750-1\" preload=\"none\" style=\"width: 100%;\" controls=\"controls\"><source type=\"audio\/mpeg\" src=\"https:\/\/radio.unrc.edu.ar\/wp-content\/uploads\/2026\/04\/Rigo-UNO.mp3?_=1\" \/><a href=\"https:\/\/radio.unrc.edu.ar\/wp-content\/uploads\/2026\/04\/Rigo-UNO.mp3\">https:\/\/radio.unrc.edu.ar\/wp-content\/uploads\/2026\/04\/Rigo-UNO.mp3<\/a><\/audio>\n","protected":false},"excerpt":{"rendered":"<p>El abogado Zacarias Ram\u00edrez Rigo, que representa a la familia de la v\u00edctima, dijo que se trata de la primera audiencia de confidencialidad en el cual toda persona que haya sufrido un da\u00f1o tiene que pasar por instancia previa. Con respecto a la causa penal, manifest\u00f3 que est\u00e1n a la espera de un dato de [&hellip;]<\/p>\n","protected":false},"author":3,"featured_media":38753,"comment_status":"open","ping_status":"open","sticky":false,"template":"","format":"standard","meta":{"footnotes":""},"categories":[18],"tags":[26],"class_list":{"0":"post-38750","1":"post","2":"type-post","3":"status-publish","4":"format-standard","5":"has-post-thumbnail","7":"category-locales","8":"tag-destacadas"},"yoast_head":"<!-- This site is optimized with the Yoast SEO plugin v21.5 - https:\/\/yoast.com\/wordpress\/plugins\/seo\/ -->\n<title>Caso Alan\u00eds: la familia exige un resarcimiento por da\u00f1os de 300 millones de pesos - Radio UNRC<\/title>\n<meta name=\"description\" content=\"La radio que te hace sentir y pensar.\" \/>\n<meta name=\"robots\" content=\"index, follow, max-snippet:-1, max-image-preview:large, max-video-preview:-1\" \/>\n<link rel=\"canonical\" href=\"https:\/\/radio.unrc.edu.ar\/?p=38750\" \/>\n<meta property=\"og:locale\" content=\"es_ES\" \/>\n<meta property=\"og:type\" content=\"article\" \/>\n<meta property=\"og:title\" content=\"Caso Alan\u00eds: la familia exige un resarcimiento por da\u00f1os de 300 millones de pesos - Radio UNRC\" \/>\n<meta property=\"og:description\" content=\"La radio que te hace sentir y pensar.\" \/>\n<meta property=\"og:url\" content=\"https:\/\/radio.unrc.edu.ar\/?p=38750\" \/>\n<meta property=\"og:site_name\" content=\"Radio UNRC\" \/>\n<meta property=\"article:publisher\" content=\"https:\/\/www.facebook.com\/radiounrc\" \/>\n<meta property=\"article:published_time\" content=\"2026-04-30T22:42:56+00:00\" \/>\n<meta property=\"og:image\" content=\"https:\/\/radio.unrc.edu.ar\/wp-content\/uploads\/2026\/04\/3-14.jpg\" \/>\n\t<meta property=\"og:image:width\" content=\"1280\" \/>\n\t<meta property=\"og:image:height\" content=\"740\" \/>\n\t<meta property=\"og:image:type\" content=\"image\/jpeg\" \/>\n<meta name=\"author\" content=\"emiliano\" \/>\n<meta name=\"twitter:card\" content=\"summary_large_image\" \/>\n<meta name=\"twitter:label1\" content=\"Escrito por\" \/>\n\t<meta name=\"twitter:data1\" content=\"emiliano\" \/>\n<script type=\"application\/ld+json\" class=\"yoast-schema-graph\">{\"@context\":\"https:\/\/schema.org\",\"@graph\":[{\"@type\":\"Article\",\"@id\":\"https:\/\/radio.unrc.edu.ar\/?p=38750#article\",\"isPartOf\":{\"@id\":\"https:\/\/radio.unrc.edu.ar\/?p=38750\"},\"author\":{\"name\":\"emiliano\",\"@id\":\"https:\/\/radio.unrc.edu.ar\/#\/schema\/person\/33c70d97cd2981bc6512850c2abf21ff\"},\"headline\":\"Caso Alan\u00eds: la familia exige un resarcimiento por da\u00f1os de 300 millones de pesos\",\"datePublished\":\"2026-04-30T22:42:56+00:00\",\"dateModified\":\"2026-04-30T22:42:56+00:00\",\"mainEntityOfPage\":{\"@id\":\"https:\/\/radio.unrc.edu.ar\/?p=38750\"},\"wordCount\":97,\"commentCount\":0,\"publisher\":{\"@id\":\"https:\/\/radio.unrc.edu.ar\/#organization\"},\"keywords\":[\"Destacadas\"],\"articleSection\":[\"Locales\"],\"inLanguage\":\"es\",\"potentialAction\":[{\"@type\":\"CommentAction\",\"name\":\"Comment\",\"target\":[\"https:\/\/radio.unrc.edu.ar\/?p=38750#respond\"]}]},{\"@type\":\"WebPage\",\"@id\":\"https:\/\/radio.unrc.edu.ar\/?p=38750\",\"url\":\"https:\/\/radio.unrc.edu.ar\/?p=38750\",\"name\":\"Caso Alan\u00eds: la familia exige un resarcimiento por da\u00f1os de 300 millones de pesos - Radio UNRC\",\"isPartOf\":{\"@id\":\"https:\/\/radio.unrc.edu.ar\/#website\"},\"datePublished\":\"2026-04-30T22:42:56+00:00\",\"dateModified\":\"2026-04-30T22:42:56+00:00\",\"description\":\"La radio que te hace sentir y pensar.\",\"breadcrumb\":{\"@id\":\"https:\/\/radio.unrc.edu.ar\/?p=38750#breadcrumb\"},\"inLanguage\":\"es\",\"potentialAction\":[{\"@type\":\"ReadAction\",\"target\":[\"https:\/\/radio.unrc.edu.ar\/?p=38750\"]}]},{\"@type\":\"BreadcrumbList\",\"@id\":\"https:\/\/radio.unrc.edu.ar\/?p=38750#breadcrumb\",\"itemListElement\":[{\"@type\":\"ListItem\",\"position\":1,\"name\":\"Portada\",\"item\":\"https:\/\/radio.unrc.edu.ar\/\"},{\"@type\":\"ListItem\",\"position\":2,\"name\":\"Caso Alan\u00eds: la familia exige un resarcimiento por da\u00f1os de 300 millones de pesos\"}]},{\"@type\":\"WebSite\",\"@id\":\"https:\/\/radio.unrc.edu.ar\/#website\",\"url\":\"https:\/\/radio.unrc.edu.ar\/\",\"name\":\"Radio UNRC\",\"description\":\"La Radio de la Uni, la que te hace sentir y pensar\",\"publisher\":{\"@id\":\"https:\/\/radio.unrc.edu.ar\/#organization\"},\"potentialAction\":[{\"@type\":\"SearchAction\",\"target\":{\"@type\":\"EntryPoint\",\"urlTemplate\":\"https:\/\/radio.unrc.edu.ar\/?s={search_term_string}\"},\"query-input\":\"required name=search_term_string\"}],\"inLanguage\":\"es\"},{\"@type\":\"Organization\",\"@id\":\"https:\/\/radio.unrc.edu.ar\/#organization\",\"name\":\"Radio UNRC\",\"url\":\"https:\/\/radio.unrc.edu.ar\/\",\"logo\":{\"@type\":\"ImageObject\",\"inLanguage\":\"es\",\"@id\":\"https:\/\/radio.unrc.edu.ar\/#\/schema\/logo\/image\/\",\"url\":\"https:\/\/radio.unrc.edu.ar\/wp-content\/uploads\/2022\/03\/logo-radio-544.png\",\"contentUrl\":\"https:\/\/radio.unrc.edu.ar\/wp-content\/uploads\/2022\/03\/logo-radio-544.png\",\"width\":544,\"height\":180,\"caption\":\"Radio UNRC\"},\"image\":{\"@id\":\"https:\/\/radio.unrc.edu.ar\/#\/schema\/logo\/image\/\"},\"sameAs\":[\"https:\/\/www.facebook.com\/radiounrc\",\"https:\/\/www.instagram.com\/radiounrc\/\"]},{\"@type\":\"Person\",\"@id\":\"https:\/\/radio.unrc.edu.ar\/#\/schema\/person\/33c70d97cd2981bc6512850c2abf21ff\",\"name\":\"emiliano\",\"image\":{\"@type\":\"ImageObject\",\"inLanguage\":\"es\",\"@id\":\"https:\/\/radio.unrc.edu.ar\/#\/schema\/person\/image\/\",\"url\":\"https:\/\/secure.gravatar.com\/avatar\/96c203a9f3ab9e14fb64d9e099de90f736c89b4da443326dbe2e55610962893e?s=96&d=mm&r=g\",\"contentUrl\":\"https:\/\/secure.gravatar.com\/avatar\/96c203a9f3ab9e14fb64d9e099de90f736c89b4da443326dbe2e55610962893e?s=96&d=mm&r=g\",\"caption\":\"emiliano\"},\"url\":\"https:\/\/radio.unrc.edu.ar\/?author=3\"}]}<\/script>\n<!-- \/ Yoast SEO plugin. -->","yoast_head_json":{"title":"Caso Alan\u00eds: la familia exige un resarcimiento por da\u00f1os de 300 millones de pesos - Radio UNRC","description":"La radio que te hace sentir y pensar.","robots":{"index":"index","follow":"follow","max-snippet":"max-snippet:-1","max-image-preview":"max-image-preview:large","max-video-preview":"max-video-preview:-1"},"canonical":"https:\/\/radio.unrc.edu.ar\/?p=38750","og_locale":"es_ES","og_type":"article","og_title":"Caso Alan\u00eds: la familia exige un resarcimiento por da\u00f1os de 300 millones de pesos - Radio UNRC","og_description":"La radio que te hace sentir y pensar.","og_url":"https:\/\/radio.unrc.edu.ar\/?p=38750","og_site_name":"Radio UNRC","article_publisher":"https:\/\/www.facebook.com\/radiounrc","article_published_time":"2026-04-30T22:42:56+00:00","og_image":[{"width":1280,"height":740,"url":"https:\/\/radio.unrc.edu.ar\/wp-content\/uploads\/2026\/04\/3-14.jpg","type":"image\/jpeg"}],"author":"emiliano","twitter_card":"summary_large_image","twitter_misc":{"Escrito por":"emiliano"},"schema":{"@context":"https:\/\/schema.org","@graph":[{"@type":"Article","@id":"https:\/\/radio.unrc.edu.ar\/?p=38750#article","isPartOf":{"@id":"https:\/\/radio.unrc.edu.ar\/?p=38750"},"author":{"name":"emiliano","@id":"https:\/\/radio.unrc.edu.ar\/#\/schema\/person\/33c70d97cd2981bc6512850c2abf21ff"},"headline":"Caso Alan\u00eds: la familia exige un resarcimiento por da\u00f1os de 300 millones de pesos","datePublished":"2026-04-30T22:42:56+00:00","dateModified":"2026-04-30T22:42:56+00:00","mainEntityOfPage":{"@id":"https:\/\/radio.unrc.edu.ar\/?p=38750"},"wordCount":97,"commentCount":0,"publisher":{"@id":"https:\/\/radio.unrc.edu.ar\/#organization"},"keywords":["Destacadas"],"articleSection":["Locales"],"inLanguage":"es","potentialAction":[{"@type":"CommentAction","name":"Comment","target":["https:\/\/radio.unrc.edu.ar\/?p=38750#respond"]}]},{"@type":"WebPage","@id":"https:\/\/radio.unrc.edu.ar\/?p=38750","url":"https:\/\/radio.unrc.edu.ar\/?p=38750","name":"Caso Alan\u00eds: la familia exige un resarcimiento por da\u00f1os de 300 millones de pesos - Radio UNRC","isPartOf":{"@id":"https:\/\/radio.unrc.edu.ar\/#website"},"datePublished":"2026-04-30T22:42:56+00:00","dateModified":"2026-04-30T22:42:56+00:00","description":"La radio que te hace sentir y pensar.","breadcrumb":{"@id":"https:\/\/radio.unrc.edu.ar\/?p=38750#breadcrumb"},"inLanguage":"es","potentialAction":[{"@type":"ReadAction","target":["https:\/\/radio.unrc.edu.ar\/?p=38750"]}]},{"@type":"BreadcrumbList","@id":"https:\/\/radio.unrc.edu.ar\/?p=38750#breadcrumb","itemListElement":[{"@type":"ListItem","position":1,"name":"Portada","item":"https:\/\/radio.unrc.edu.ar\/"},{"@type":"ListItem","position":2,"name":"Caso Alan\u00eds: la familia exige un resarcimiento por da\u00f1os de 300 millones de pesos"}]},{"@type":"WebSite","@id":"https:\/\/radio.unrc.edu.ar\/#website","url":"https:\/\/radio.unrc.edu.ar\/","name":"Radio UNRC","description":"La Radio de la Uni, la que te hace sentir y pensar","publisher":{"@id":"https:\/\/radio.unrc.edu.ar\/#organization"},"potentialAction":[{"@type":"SearchAction","target":{"@type":"EntryPoint","urlTemplate":"https:\/\/radio.unrc.edu.ar\/?s={search_term_string}"},"query-input":"required name=search_term_string"}],"inLanguage":"es"},{"@type":"Organization","@id":"https:\/\/radio.unrc.edu.ar\/#organization","name":"Radio UNRC","url":"https:\/\/radio.unrc.edu.ar\/","logo":{"@type":"ImageObject","inLanguage":"es","@id":"https:\/\/radio.unrc.edu.ar\/#\/schema\/logo\/image\/","url":"https:\/\/radio.unrc.edu.ar\/wp-content\/uploads\/2022\/03\/logo-radio-544.png","contentUrl":"https:\/\/radio.unrc.edu.ar\/wp-content\/uploads\/2022\/03\/logo-radio-544.png","width":544,"height":180,"caption":"Radio UNRC"},"image":{"@id":"https:\/\/radio.unrc.edu.ar\/#\/schema\/logo\/image\/"},"sameAs":["https:\/\/www.facebook.com\/radiounrc","https:\/\/www.instagram.com\/radiounrc\/"]},{"@type":"Person","@id":"https:\/\/radio.unrc.edu.ar\/#\/schema\/person\/33c70d97cd2981bc6512850c2abf21ff","name":"emiliano","image":{"@type":"ImageObject","inLanguage":"es","@id":"https:\/\/radio.unrc.edu.ar\/#\/schema\/person\/image\/","url":"https:\/\/secure.gravatar.com\/avatar\/96c203a9f3ab9e14fb64d9e099de90f736c89b4da443326dbe2e55610962893e?s=96&d=mm&r=g","contentUrl":"https:\/\/secure.gravatar.com\/avatar\/96c203a9f3ab9e14fb64d9e099de90f736c89b4da443326dbe2e55610962893e?s=96&d=mm&r=g","caption":"emiliano"},"url":"https:\/\/radio.unrc.edu.ar\/?author=3"}]}},"_links":{"self":[{"href":"https:\/\/radio.unrc.edu.ar\/index.php?rest_route=\/wp\/v2\/posts\/38750","targetHints":{"allow":["GET"]}}],"collection":[{"href":"https:\/\/radio.unrc.edu.ar\/index.php?rest_route=\/wp\/v2\/posts"}],"about":[{"href":"https:\/\/radio.unrc.edu.ar\/index.php?rest_route=\/wp\/v2\/types\/post"}],"author":[{"embeddable":true,"href":"https:\/\/radio.unrc.edu.ar\/index.php?rest_route=\/wp\/v2\/users\/3"}],"replies":[{"embeddable":true,"href":"https:\/\/radio.unrc.edu.ar\/index.php?rest_route=%2Fwp%2Fv2%2Fcomments&post=38750"}],"version-history":[{"count":1,"href":"https:\/\/radio.unrc.edu.ar\/index.php?rest_route=\/wp\/v2\/posts\/38750\/revisions"}],"predecessor-version":[{"id":38752,"href":"https:\/\/radio.unrc.edu.ar\/index.php?rest_route=\/wp\/v2\/posts\/38750\/revisions\/38752"}],"wp:featuredmedia":[{"embeddable":true,"href":"https:\/\/radio.unrc.edu.ar\/index.php?rest_route=\/wp\/v2\/media\/38753"}],"wp:attachment":[{"href":"https:\/\/radio.unrc.edu.ar\/index.php?rest_route=%2Fwp%2Fv2%2Fmedia&parent=38750"}],"wp:term":[{"taxonomy":"category","embeddable":true,"href":"https:\/\/radio.unrc.edu.ar\/index.php?rest_route=%2Fwp%2Fv2%2Fcategories&post=38750"},{"taxonomy":"post_tag","embeddable":true,"href":"https:\/\/radio.unrc.edu.ar\/index.php?rest_route=%2Fwp%2Fv2%2Ftags&post=38750"}],"curies":[{"name":"wp","href":"https:\/\/api.w.org\/{rel}","templated":true}]}}