{"id":587,"date":"2022-09-01T13:55:55","date_gmt":"2022-09-01T13:55:55","guid":{"rendered":"https:\/\/radiounrc.flamingoweb.com.ar\/?p=587"},"modified":"2022-09-01T13:56:28","modified_gmt":"2022-09-01T13:56:28","slug":"se-viene-el-quien-es-quien-en-comunicacion","status":"publish","type":"post","link":"https:\/\/radio.unrc.edu.ar\/?p=587","title":{"rendered":"Se viene el Qui\u00e9n es Qui\u00e9n en Comunicaci\u00f3n"},"content":{"rendered":"<p>El lunes y el martes se har\u00e1 una nueva edici\u00f3n de las jornadas Qui\u00e9n es Qui\u00e9n en Comunicaci\u00f3n.<\/p>\n<p>El Departamento de Ciencias de la Comunicaci\u00f3n destac\u00f3 que esta edici\u00f3n 2022, nos encuentra a la puerta de la implementaci\u00f3n de nuestras 3 nuevas carreras: Licenciatura en Comunicaci\u00f3n Institucional y Desarrollo, Licenciatura en Periodismo y la Licenciatura en Dise\u00f1o, Producci\u00f3n y Realizaci\u00f3n Audiovisual; motivo de festejo que da a esta edici\u00f3n un tono especial y \u00fanico.<\/p>\n<p>Junto a esta alegr\u00eda, esta edici\u00f3n nos reencuentra en la presencialidad luego de haber atravesado estos 2 a\u00f1os de pandemia y de emergencia educativa en nuestros \u00e1mbitos de trabajo en las Universidades P\u00fablicas.<\/p>\n<p>Al igual que la mayor\u00eda de las profesiones, la excepcionalidad de lo acontecido, nos abre a la posibilidad de repensarnos en nuestros perfiles de docencia, investigaci\u00f3n y extensi\u00f3n y los modos en que cada actxr universitarix -docentes, estudiantes y graduados- opera en ellos.<\/p>\n<p>En este marco, la Jornada Quien es Quien 2022 se organizar\u00e1 en torno a combinar nuestras pr\u00e1cticas tradicionales con algunas nuevas formas de compartir desde la potencialidad de las plataformas desplegadas sobre Internet.<br \/>\nEn este marco, nuestro Foro de Graduados act\u00faa como un momento de actualizaci\u00f3n profesional que permita a nuestrxs graduados conocer tendencias del mercado laboral.<\/p>\n<p>Junto a ello, compartiremos las recientes experiencias de inserci\u00f3n laboral de nuestros estudiantes avanzados y graduados noveles, que nos abren a nuevos campos profesionales como es la comunicaci\u00f3n agropecuaria, entre otras.<\/p>\n<p>Nuestro EXPOCOM se transitar\u00e1 desde la virtualidad, permitiendo a estudiantes y docentes de otras latitudes ver las producciones que nuestrxs estudiantes realizan en las asignaturas, esperando favorecer futuros intercambios entre c\u00e1tedras afines de Facultades, Escuelas y Departamentos de Ciencias de la Comunicaci\u00f3n tanto de Argentina como de otros pa\u00edses.<\/p>\n<p>De igual manera, los avances de nuestros proyectos de investigaci\u00f3n, ser\u00e1n presentados en modalidad de piezas digitales accesible mediante la plataforma <a href=\"https:\/\/comunicampus.org\/html\/quien22\/index.html\">comunicampus.org<\/a><\/p>\n<p>Nuestras conversaciones como investigadores se abren al encuentro con los estudiantes, graduados y comunidad en general.<\/p>\n<p>Esperamos que cada una de las sesiones tem\u00e1ticas organizadas a tal fin redunde en el intercambio y construcci\u00f3n compartida de conocimiento entre los asistentes y expositores.<\/p>\n<p>De la mano de los proyectos de investigaci\u00f3n, se abre un espacio para que becarios y tesistas, tanto de posgrado como grado, puedan compartir la trastienda de la investigaci\u00f3n, visibilizando las estrategias que despliegan en el desaf\u00edo de construir conocimiento.<\/p>\n<p>En t\u00e9rminos de extensi\u00f3n, visitaremos los proyectos que sostienen profesores, estudiantes y graduados en alianzas con distintas organizaciones y redes de trabajo, se implementan d\u00e1ndole un espacio, asimismo, a las pr\u00e1cticas sociocomunitarias, estrategia que contempla la articulaci\u00f3n de la extensi\u00f3n y la educaci\u00f3n.<\/p>\n<p><strong>Destinatarios:<\/strong> Estudiantes, docentes, investigadores y graduados de las disciplinas de Ciencias de la Comunicaci\u00f3n y afines, comunidad en general.<\/p>\n<p><a href=\"https:\/\/comunicampus.org\/html\/quien22\/index.html\">Programa general de actividades<\/a><\/p>\n<p><strong>DIRECCI\u00d3N DE PRENSA Y DIFUSI\u00d3N UNRC<br \/>\nprensa@rec.unrc.edu.ar<\/strong><\/p>\n","protected":false},"excerpt":{"rendered":"<p>El lunes y el martes se har\u00e1 una nueva edici\u00f3n de las jornadas Qui\u00e9n es Qui\u00e9n en Comunicaci\u00f3n. El Departamento de Ciencias de la Comunicaci\u00f3n destac\u00f3 que esta edici\u00f3n 2022, nos encuentra a la puerta de la implementaci\u00f3n de nuestras 3 nuevas carreras: Licenciatura en Comunicaci\u00f3n Institucional y Desarrollo, Licenciatura en Periodismo y la Licenciatura [&hellip;]<\/p>\n","protected":false},"author":2,"featured_media":588,"comment_status":"open","ping_status":"open","sticky":false,"template":"","format":"standard","meta":{"footnotes":""},"categories":[24,17],"tags":[],"class_list":{"0":"post-587","1":"post","2":"type-post","3":"status-publish","4":"format-standard","5":"has-post-thumbnail","7":"category-agenda-academica","8":"category-universitarias"},"yoast_head":"<!-- This site is optimized with the Yoast SEO plugin v21.5 - https:\/\/yoast.com\/wordpress\/plugins\/seo\/ -->\n<title>Se viene el Qui\u00e9n es Qui\u00e9n en Comunicaci\u00f3n - Radio UNRC<\/title>\n<meta name=\"description\" content=\"La radio que te hace sentir y pensar.\" \/>\n<meta name=\"robots\" content=\"index, follow, max-snippet:-1, max-image-preview:large, max-video-preview:-1\" \/>\n<link rel=\"canonical\" href=\"https:\/\/radio.unrc.edu.ar\/?p=587\" \/>\n<meta property=\"og:locale\" content=\"es_ES\" \/>\n<meta property=\"og:type\" content=\"article\" \/>\n<meta property=\"og:title\" content=\"Se viene el Qui\u00e9n es Qui\u00e9n en Comunicaci\u00f3n - Radio UNRC\" \/>\n<meta property=\"og:description\" content=\"La radio que te hace sentir y pensar.\" \/>\n<meta property=\"og:url\" content=\"https:\/\/radio.unrc.edu.ar\/?p=587\" \/>\n<meta property=\"og:site_name\" content=\"Radio UNRC\" \/>\n<meta property=\"article:publisher\" content=\"https:\/\/www.facebook.com\/radiounrc\" \/>\n<meta property=\"article:published_time\" content=\"2022-09-01T13:55:55+00:00\" \/>\n<meta property=\"article:modified_time\" content=\"2022-09-01T13:56:28+00:00\" \/>\n<meta property=\"og:image\" content=\"https:\/\/radio.unrc.edu.ar\/wp-content\/uploads\/2022\/09\/quien.jpg\" \/>\n\t<meta property=\"og:image:width\" content=\"1280\" \/>\n\t<meta property=\"og:image:height\" content=\"740\" \/>\n\t<meta property=\"og:image:type\" content=\"image\/jpeg\" \/>\n<meta name=\"author\" content=\"majo\" \/>\n<meta name=\"twitter:card\" content=\"summary_large_image\" \/>\n<meta name=\"twitter:label1\" content=\"Escrito por\" \/>\n\t<meta name=\"twitter:data1\" content=\"majo\" \/>\n\t<meta name=\"twitter:label2\" content=\"Tiempo de lectura\" \/>\n\t<meta name=\"twitter:data2\" content=\"3 minutos\" \/>\n<script type=\"application\/ld+json\" class=\"yoast-schema-graph\">{\"@context\":\"https:\/\/schema.org\",\"@graph\":[{\"@type\":\"Article\",\"@id\":\"https:\/\/radio.unrc.edu.ar\/?p=587#article\",\"isPartOf\":{\"@id\":\"https:\/\/radio.unrc.edu.ar\/?p=587\"},\"author\":{\"name\":\"majo\",\"@id\":\"https:\/\/radio.unrc.edu.ar\/#\/schema\/person\/197edd08d015632a43a5e6a515c4f7a6\"},\"headline\":\"Se viene el Qui\u00e9n es Qui\u00e9n en Comunicaci\u00f3n\",\"datePublished\":\"2022-09-01T13:55:55+00:00\",\"dateModified\":\"2022-09-01T13:56:28+00:00\",\"mainEntityOfPage\":{\"@id\":\"https:\/\/radio.unrc.edu.ar\/?p=587\"},\"wordCount\":520,\"commentCount\":0,\"publisher\":{\"@id\":\"https:\/\/radio.unrc.edu.ar\/#organization\"},\"articleSection\":[\"Agenda acad\u00e9mica\",\"Universitarias\"],\"inLanguage\":\"es\",\"potentialAction\":[{\"@type\":\"CommentAction\",\"name\":\"Comment\",\"target\":[\"https:\/\/radio.unrc.edu.ar\/?p=587#respond\"]}]},{\"@type\":\"WebPage\",\"@id\":\"https:\/\/radio.unrc.edu.ar\/?p=587\",\"url\":\"https:\/\/radio.unrc.edu.ar\/?p=587\",\"name\":\"Se viene el Qui\u00e9n es Qui\u00e9n en Comunicaci\u00f3n - Radio UNRC\",\"isPartOf\":{\"@id\":\"https:\/\/radio.unrc.edu.ar\/#website\"},\"datePublished\":\"2022-09-01T13:55:55+00:00\",\"dateModified\":\"2022-09-01T13:56:28+00:00\",\"description\":\"La radio que te hace sentir y pensar.\",\"breadcrumb\":{\"@id\":\"https:\/\/radio.unrc.edu.ar\/?p=587#breadcrumb\"},\"inLanguage\":\"es\",\"potentialAction\":[{\"@type\":\"ReadAction\",\"target\":[\"https:\/\/radio.unrc.edu.ar\/?p=587\"]}]},{\"@type\":\"BreadcrumbList\",\"@id\":\"https:\/\/radio.unrc.edu.ar\/?p=587#breadcrumb\",\"itemListElement\":[{\"@type\":\"ListItem\",\"position\":1,\"name\":\"Portada\",\"item\":\"https:\/\/radio.unrc.edu.ar\/\"},{\"@type\":\"ListItem\",\"position\":2,\"name\":\"Se viene el Qui\u00e9n es Qui\u00e9n en Comunicaci\u00f3n\"}]},{\"@type\":\"WebSite\",\"@id\":\"https:\/\/radio.unrc.edu.ar\/#website\",\"url\":\"https:\/\/radio.unrc.edu.ar\/\",\"name\":\"Radio UNRC\",\"description\":\"La Radio de la Uni, la que te hace sentir y pensar\",\"publisher\":{\"@id\":\"https:\/\/radio.unrc.edu.ar\/#organization\"},\"potentialAction\":[{\"@type\":\"SearchAction\",\"target\":{\"@type\":\"EntryPoint\",\"urlTemplate\":\"https:\/\/radio.unrc.edu.ar\/?s={search_term_string}\"},\"query-input\":\"required name=search_term_string\"}],\"inLanguage\":\"es\"},{\"@type\":\"Organization\",\"@id\":\"https:\/\/radio.unrc.edu.ar\/#organization\",\"name\":\"Radio UNRC\",\"url\":\"https:\/\/radio.unrc.edu.ar\/\",\"logo\":{\"@type\":\"ImageObject\",\"inLanguage\":\"es\",\"@id\":\"https:\/\/radio.unrc.edu.ar\/#\/schema\/logo\/image\/\",\"url\":\"https:\/\/radio.unrc.edu.ar\/wp-content\/uploads\/2022\/03\/logo-radio-544.png\",\"contentUrl\":\"https:\/\/radio.unrc.edu.ar\/wp-content\/uploads\/2022\/03\/logo-radio-544.png\",\"width\":544,\"height\":180,\"caption\":\"Radio UNRC\"},\"image\":{\"@id\":\"https:\/\/radio.unrc.edu.ar\/#\/schema\/logo\/image\/\"},\"sameAs\":[\"https:\/\/www.facebook.com\/radiounrc\",\"https:\/\/www.instagram.com\/radiounrc\/\"]},{\"@type\":\"Person\",\"@id\":\"https:\/\/radio.unrc.edu.ar\/#\/schema\/person\/197edd08d015632a43a5e6a515c4f7a6\",\"name\":\"majo\",\"image\":{\"@type\":\"ImageObject\",\"inLanguage\":\"es\",\"@id\":\"https:\/\/radio.unrc.edu.ar\/#\/schema\/person\/image\/\",\"url\":\"https:\/\/secure.gravatar.com\/avatar\/6806165fb7635331b44fb331ffb478c3230b9d62d675244a0e2dfd0cb8d8b503?s=96&d=mm&r=g\",\"contentUrl\":\"https:\/\/secure.gravatar.com\/avatar\/6806165fb7635331b44fb331ffb478c3230b9d62d675244a0e2dfd0cb8d8b503?s=96&d=mm&r=g\",\"caption\":\"majo\"},\"url\":\"https:\/\/radio.unrc.edu.ar\/?author=2\"}]}<\/script>\n<!-- \/ Yoast SEO plugin. -->","yoast_head_json":{"title":"Se viene el Qui\u00e9n es Qui\u00e9n en Comunicaci\u00f3n - Radio UNRC","description":"La radio que te hace sentir y pensar.","robots":{"index":"index","follow":"follow","max-snippet":"max-snippet:-1","max-image-preview":"max-image-preview:large","max-video-preview":"max-video-preview:-1"},"canonical":"https:\/\/radio.unrc.edu.ar\/?p=587","og_locale":"es_ES","og_type":"article","og_title":"Se viene el Qui\u00e9n es Qui\u00e9n en Comunicaci\u00f3n - Radio UNRC","og_description":"La radio que te hace sentir y pensar.","og_url":"https:\/\/radio.unrc.edu.ar\/?p=587","og_site_name":"Radio UNRC","article_publisher":"https:\/\/www.facebook.com\/radiounrc","article_published_time":"2022-09-01T13:55:55+00:00","article_modified_time":"2022-09-01T13:56:28+00:00","og_image":[{"width":1280,"height":740,"url":"https:\/\/radio.unrc.edu.ar\/wp-content\/uploads\/2022\/09\/quien.jpg","type":"image\/jpeg"}],"author":"majo","twitter_card":"summary_large_image","twitter_misc":{"Escrito por":"majo","Tiempo de lectura":"3 minutos"},"schema":{"@context":"https:\/\/schema.org","@graph":[{"@type":"Article","@id":"https:\/\/radio.unrc.edu.ar\/?p=587#article","isPartOf":{"@id":"https:\/\/radio.unrc.edu.ar\/?p=587"},"author":{"name":"majo","@id":"https:\/\/radio.unrc.edu.ar\/#\/schema\/person\/197edd08d015632a43a5e6a515c4f7a6"},"headline":"Se viene el Qui\u00e9n es Qui\u00e9n en Comunicaci\u00f3n","datePublished":"2022-09-01T13:55:55+00:00","dateModified":"2022-09-01T13:56:28+00:00","mainEntityOfPage":{"@id":"https:\/\/radio.unrc.edu.ar\/?p=587"},"wordCount":520,"commentCount":0,"publisher":{"@id":"https:\/\/radio.unrc.edu.ar\/#organization"},"articleSection":["Agenda acad\u00e9mica","Universitarias"],"inLanguage":"es","potentialAction":[{"@type":"CommentAction","name":"Comment","target":["https:\/\/radio.unrc.edu.ar\/?p=587#respond"]}]},{"@type":"WebPage","@id":"https:\/\/radio.unrc.edu.ar\/?p=587","url":"https:\/\/radio.unrc.edu.ar\/?p=587","name":"Se viene el Qui\u00e9n es Qui\u00e9n en Comunicaci\u00f3n - Radio UNRC","isPartOf":{"@id":"https:\/\/radio.unrc.edu.ar\/#website"},"datePublished":"2022-09-01T13:55:55+00:00","dateModified":"2022-09-01T13:56:28+00:00","description":"La radio que te hace sentir y pensar.","breadcrumb":{"@id":"https:\/\/radio.unrc.edu.ar\/?p=587#breadcrumb"},"inLanguage":"es","potentialAction":[{"@type":"ReadAction","target":["https:\/\/radio.unrc.edu.ar\/?p=587"]}]},{"@type":"BreadcrumbList","@id":"https:\/\/radio.unrc.edu.ar\/?p=587#breadcrumb","itemListElement":[{"@type":"ListItem","position":1,"name":"Portada","item":"https:\/\/radio.unrc.edu.ar\/"},{"@type":"ListItem","position":2,"name":"Se viene el Qui\u00e9n es Qui\u00e9n en Comunicaci\u00f3n"}]},{"@type":"WebSite","@id":"https:\/\/radio.unrc.edu.ar\/#website","url":"https:\/\/radio.unrc.edu.ar\/","name":"Radio UNRC","description":"La Radio de la Uni, la que te hace sentir y pensar","publisher":{"@id":"https:\/\/radio.unrc.edu.ar\/#organization"},"potentialAction":[{"@type":"SearchAction","target":{"@type":"EntryPoint","urlTemplate":"https:\/\/radio.unrc.edu.ar\/?s={search_term_string}"},"query-input":"required name=search_term_string"}],"inLanguage":"es"},{"@type":"Organization","@id":"https:\/\/radio.unrc.edu.ar\/#organization","name":"Radio UNRC","url":"https:\/\/radio.unrc.edu.ar\/","logo":{"@type":"ImageObject","inLanguage":"es","@id":"https:\/\/radio.unrc.edu.ar\/#\/schema\/logo\/image\/","url":"https:\/\/radio.unrc.edu.ar\/wp-content\/uploads\/2022\/03\/logo-radio-544.png","contentUrl":"https:\/\/radio.unrc.edu.ar\/wp-content\/uploads\/2022\/03\/logo-radio-544.png","width":544,"height":180,"caption":"Radio UNRC"},"image":{"@id":"https:\/\/radio.unrc.edu.ar\/#\/schema\/logo\/image\/"},"sameAs":["https:\/\/www.facebook.com\/radiounrc","https:\/\/www.instagram.com\/radiounrc\/"]},{"@type":"Person","@id":"https:\/\/radio.unrc.edu.ar\/#\/schema\/person\/197edd08d015632a43a5e6a515c4f7a6","name":"majo","image":{"@type":"ImageObject","inLanguage":"es","@id":"https:\/\/radio.unrc.edu.ar\/#\/schema\/person\/image\/","url":"https:\/\/secure.gravatar.com\/avatar\/6806165fb7635331b44fb331ffb478c3230b9d62d675244a0e2dfd0cb8d8b503?s=96&d=mm&r=g","contentUrl":"https:\/\/secure.gravatar.com\/avatar\/6806165fb7635331b44fb331ffb478c3230b9d62d675244a0e2dfd0cb8d8b503?s=96&d=mm&r=g","caption":"majo"},"url":"https:\/\/radio.unrc.edu.ar\/?author=2"}]}},"_links":{"self":[{"href":"https:\/\/radio.unrc.edu.ar\/index.php?rest_route=\/wp\/v2\/posts\/587","targetHints":{"allow":["GET"]}}],"collection":[{"href":"https:\/\/radio.unrc.edu.ar\/index.php?rest_route=\/wp\/v2\/posts"}],"about":[{"href":"https:\/\/radio.unrc.edu.ar\/index.php?rest_route=\/wp\/v2\/types\/post"}],"author":[{"embeddable":true,"href":"https:\/\/radio.unrc.edu.ar\/index.php?rest_route=\/wp\/v2\/users\/2"}],"replies":[{"embeddable":true,"href":"https:\/\/radio.unrc.edu.ar\/index.php?rest_route=%2Fwp%2Fv2%2Fcomments&post=587"}],"version-history":[{"count":1,"href":"https:\/\/radio.unrc.edu.ar\/index.php?rest_route=\/wp\/v2\/posts\/587\/revisions"}],"predecessor-version":[{"id":589,"href":"https:\/\/radio.unrc.edu.ar\/index.php?rest_route=\/wp\/v2\/posts\/587\/revisions\/589"}],"wp:featuredmedia":[{"embeddable":true,"href":"https:\/\/radio.unrc.edu.ar\/index.php?rest_route=\/wp\/v2\/media\/588"}],"wp:attachment":[{"href":"https:\/\/radio.unrc.edu.ar\/index.php?rest_route=%2Fwp%2Fv2%2Fmedia&parent=587"}],"wp:term":[{"taxonomy":"category","embeddable":true,"href":"https:\/\/radio.unrc.edu.ar\/index.php?rest_route=%2Fwp%2Fv2%2Fcategories&post=587"},{"taxonomy":"post_tag","embeddable":true,"href":"https:\/\/radio.unrc.edu.ar\/index.php?rest_route=%2Fwp%2Fv2%2Ftags&post=587"}],"curies":[{"name":"wp","href":"https:\/\/api.w.org\/{rel}","templated":true}]}}