{"id":720,"date":"2022-09-28T13:54:45","date_gmt":"2022-09-28T13:54:45","guid":{"rendered":"https:\/\/radiounrc.flamingoweb.com.ar\/?p=720"},"modified":"2022-09-28T13:54:45","modified_gmt":"2022-09-28T13:54:45","slug":"una-joven-de-18-anos-recibio-la-habilitacion-para-pilotar-aviones","status":"publish","type":"post","link":"https:\/\/radio.unrc.edu.ar\/?p=720","title":{"rendered":"Una joven de 18 a\u00f1os recibi\u00f3 la habilitaci\u00f3n para pilotar aviones"},"content":{"rendered":"<p>Se trata de Mora Borra, quien el pasado viernes recibi\u00f3 la habilitaci\u00f3n tras realizar su primer vuelo sola. <\/p>\n<p>La joven de 18 a\u00f1os cont\u00f3 c\u00f3mo naci\u00f3n su pasi\u00f3n por la aviaci\u00f3n.<\/p>\n<p><iframe width=\"100%\" height=\"300\" scrolling=\"no\" frameborder=\"no\" allow=\"autoplay\" src=\"https:\/\/w.soundcloud.com\/player\/?url=https%3A\/\/api.soundcloud.com\/tracks\/1352093092&#038;color=%23ff5500&#038;auto_play=false&#038;hide_related=false&#038;show_comments=true&#038;show_user=true&#038;show_reposts=false&#038;show_teaser=true&#038;visual=true\"><\/iframe><\/p>\n<div style=\"font-size: 10px; color: #cccccc;line-break: anywhere;word-break: normal;overflow: hidden;white-space: nowrap;text-overflow: ellipsis; font-family: Interstate,Lucida Grande,Lucida Sans Unicode,Lucida Sans,Garuda,Verdana,Tahoma,sans-serif;font-weight: 100;\"><a href=\"https:\/\/soundcloud.com\/radiounrc\" title=\"RadioUNRC\" target=\"_blank\" style=\"color: #cccccc; text-decoration: none;\" rel=\"noopener\">RadioUNRC<\/a> \u00b7 <a href=\"https:\/\/soundcloud.com\/radiounrc\/una-joven-de-18-anos-recibio-la-habilitacion-para-pilotar-aviones\" title=\"Una joven de 18 a\u00f1os recibi\u00f3 la habilitaci\u00f3n para pilotar aviones\" target=\"_blank\" style=\"color: #cccccc; text-decoration: none;\" rel=\"noopener\">Una joven de 18 a\u00f1os recibi\u00f3 la habilitaci\u00f3n para pilotar aviones<\/a><\/div>\n<p><img decoding=\"async\" src=\"https:\/\/radiounrc.flamingoweb.com.ar\/wp-content\/uploads\/2022\/09\/308335078_1270522583487024_6217175000809132527_n-169x300.jpg\" alt=\"\" width=\"169\" height=\"300\" class=\"alignnone size-medium wp-image-721\" srcset=\"https:\/\/radio.unrc.edu.ar\/wp-content\/uploads\/2022\/09\/308335078_1270522583487024_6217175000809132527_n-169x300.jpg 169w, https:\/\/radio.unrc.edu.ar\/wp-content\/uploads\/2022\/09\/308335078_1270522583487024_6217175000809132527_n-576x1024.jpg 576w, https:\/\/radio.unrc.edu.ar\/wp-content\/uploads\/2022\/09\/308335078_1270522583487024_6217175000809132527_n-768x1365.jpg 768w, https:\/\/radio.unrc.edu.ar\/wp-content\/uploads\/2022\/09\/308335078_1270522583487024_6217175000809132527_n-864x1536.jpg 864w, https:\/\/radio.unrc.edu.ar\/wp-content\/uploads\/2022\/09\/308335078_1270522583487024_6217175000809132527_n-150x267.jpg 150w, https:\/\/radio.unrc.edu.ar\/wp-content\/uploads\/2022\/09\/308335078_1270522583487024_6217175000809132527_n-300x533.jpg 300w, https:\/\/radio.unrc.edu.ar\/wp-content\/uploads\/2022\/09\/308335078_1270522583487024_6217175000809132527_n-696x1237.jpg 696w, https:\/\/radio.unrc.edu.ar\/wp-content\/uploads\/2022\/09\/308335078_1270522583487024_6217175000809132527_n.jpg 900w\" sizes=\"(max-width: 169px) 100vw, 169px\" \/><\/p>\n<p><img decoding=\"async\" src=\"https:\/\/radiounrc.flamingoweb.com.ar\/wp-content\/uploads\/2022\/09\/309004475_1486800225122710_6208236577345331334_n-240x300.jpg\" alt=\"\" width=\"240\" height=\"300\" class=\"alignnone size-medium wp-image-722\" srcset=\"https:\/\/radio.unrc.edu.ar\/wp-content\/uploads\/2022\/09\/309004475_1486800225122710_6208236577345331334_n-240x300.jpg 240w, https:\/\/radio.unrc.edu.ar\/wp-content\/uploads\/2022\/09\/309004475_1486800225122710_6208236577345331334_n-819x1024.jpg 819w, https:\/\/radio.unrc.edu.ar\/wp-content\/uploads\/2022\/09\/309004475_1486800225122710_6208236577345331334_n-768x960.jpg 768w, https:\/\/radio.unrc.edu.ar\/wp-content\/uploads\/2022\/09\/309004475_1486800225122710_6208236577345331334_n-1229x1536.jpg 1229w, https:\/\/radio.unrc.edu.ar\/wp-content\/uploads\/2022\/09\/309004475_1486800225122710_6208236577345331334_n-150x188.jpg 150w, https:\/\/radio.unrc.edu.ar\/wp-content\/uploads\/2022\/09\/309004475_1486800225122710_6208236577345331334_n-300x375.jpg 300w, https:\/\/radio.unrc.edu.ar\/wp-content\/uploads\/2022\/09\/309004475_1486800225122710_6208236577345331334_n-696x870.jpg 696w, https:\/\/radio.unrc.edu.ar\/wp-content\/uploads\/2022\/09\/309004475_1486800225122710_6208236577345331334_n-1068x1335.jpg 1068w, https:\/\/radio.unrc.edu.ar\/wp-content\/uploads\/2022\/09\/309004475_1486800225122710_6208236577345331334_n.jpg 1280w\" sizes=\"(max-width: 240px) 100vw, 240px\" \/><\/p>\n","protected":false},"excerpt":{"rendered":"<p>Se trata de Mora Borra, quien el pasado viernes recibi\u00f3 la habilitaci\u00f3n tras realizar su primer vuelo sola. La joven de 18 a\u00f1os cont\u00f3 c\u00f3mo naci\u00f3n su pasi\u00f3n por la aviaci\u00f3n. RadioUNRC \u00b7 Una joven de 18 a\u00f1os recibi\u00f3 la habilitaci\u00f3n para pilotar aviones<\/p>\n","protected":false},"author":2,"featured_media":723,"comment_status":"open","ping_status":"open","sticky":false,"template":"","format":"standard","meta":{"footnotes":""},"categories":[18],"tags":[],"class_list":{"0":"post-720","1":"post","2":"type-post","3":"status-publish","4":"format-standard","5":"has-post-thumbnail","7":"category-locales"},"yoast_head":"<!-- This site is optimized with the Yoast SEO plugin v21.5 - https:\/\/yoast.com\/wordpress\/plugins\/seo\/ -->\n<title>Una joven de 18 a\u00f1os recibi\u00f3 la habilitaci\u00f3n para pilotar aviones - Radio UNRC<\/title>\n<meta name=\"description\" content=\"La radio que te hace sentir y pensar.\" \/>\n<meta name=\"robots\" content=\"index, follow, max-snippet:-1, max-image-preview:large, max-video-preview:-1\" \/>\n<link rel=\"canonical\" href=\"https:\/\/radio.unrc.edu.ar\/?p=720\" \/>\n<meta property=\"og:locale\" content=\"es_ES\" \/>\n<meta property=\"og:type\" content=\"article\" \/>\n<meta property=\"og:title\" content=\"Una joven de 18 a\u00f1os recibi\u00f3 la habilitaci\u00f3n para pilotar aviones - Radio UNRC\" \/>\n<meta property=\"og:description\" content=\"La radio que te hace sentir y pensar.\" \/>\n<meta property=\"og:url\" content=\"https:\/\/radio.unrc.edu.ar\/?p=720\" \/>\n<meta property=\"og:site_name\" content=\"Radio UNRC\" \/>\n<meta property=\"article:publisher\" content=\"https:\/\/www.facebook.com\/radiounrc\" \/>\n<meta property=\"article:published_time\" content=\"2022-09-28T13:54:45+00:00\" \/>\n<meta property=\"og:image\" content=\"https:\/\/radio.unrc.edu.ar\/wp-content\/uploads\/2022\/09\/avion.jpg\" \/>\n\t<meta property=\"og:image:width\" content=\"1280\" \/>\n\t<meta property=\"og:image:height\" content=\"740\" \/>\n\t<meta property=\"og:image:type\" content=\"image\/jpeg\" \/>\n<meta name=\"author\" content=\"majo\" \/>\n<meta name=\"twitter:card\" content=\"summary_large_image\" \/>\n<meta name=\"twitter:label1\" content=\"Escrito por\" \/>\n\t<meta name=\"twitter:data1\" content=\"majo\" \/>\n<script type=\"application\/ld+json\" class=\"yoast-schema-graph\">{\"@context\":\"https:\/\/schema.org\",\"@graph\":[{\"@type\":\"Article\",\"@id\":\"https:\/\/radio.unrc.edu.ar\/?p=720#article\",\"isPartOf\":{\"@id\":\"https:\/\/radio.unrc.edu.ar\/?p=720\"},\"author\":{\"name\":\"majo\",\"@id\":\"https:\/\/radio.unrc.edu.ar\/#\/schema\/person\/197edd08d015632a43a5e6a515c4f7a6\"},\"headline\":\"Una joven de 18 a\u00f1os recibi\u00f3 la habilitaci\u00f3n para pilotar aviones\",\"datePublished\":\"2022-09-28T13:54:45+00:00\",\"dateModified\":\"2022-09-28T13:54:45+00:00\",\"mainEntityOfPage\":{\"@id\":\"https:\/\/radio.unrc.edu.ar\/?p=720\"},\"wordCount\":61,\"commentCount\":0,\"publisher\":{\"@id\":\"https:\/\/radio.unrc.edu.ar\/#organization\"},\"articleSection\":[\"Locales\"],\"inLanguage\":\"es\",\"potentialAction\":[{\"@type\":\"CommentAction\",\"name\":\"Comment\",\"target\":[\"https:\/\/radio.unrc.edu.ar\/?p=720#respond\"]}]},{\"@type\":\"WebPage\",\"@id\":\"https:\/\/radio.unrc.edu.ar\/?p=720\",\"url\":\"https:\/\/radio.unrc.edu.ar\/?p=720\",\"name\":\"Una joven de 18 a\u00f1os recibi\u00f3 la habilitaci\u00f3n para pilotar aviones - Radio UNRC\",\"isPartOf\":{\"@id\":\"https:\/\/radio.unrc.edu.ar\/#website\"},\"datePublished\":\"2022-09-28T13:54:45+00:00\",\"dateModified\":\"2022-09-28T13:54:45+00:00\",\"description\":\"La radio que te hace sentir y pensar.\",\"breadcrumb\":{\"@id\":\"https:\/\/radio.unrc.edu.ar\/?p=720#breadcrumb\"},\"inLanguage\":\"es\",\"potentialAction\":[{\"@type\":\"ReadAction\",\"target\":[\"https:\/\/radio.unrc.edu.ar\/?p=720\"]}]},{\"@type\":\"BreadcrumbList\",\"@id\":\"https:\/\/radio.unrc.edu.ar\/?p=720#breadcrumb\",\"itemListElement\":[{\"@type\":\"ListItem\",\"position\":1,\"name\":\"Portada\",\"item\":\"https:\/\/radio.unrc.edu.ar\/\"},{\"@type\":\"ListItem\",\"position\":2,\"name\":\"Una joven de 18 a\u00f1os recibi\u00f3 la habilitaci\u00f3n para pilotar aviones\"}]},{\"@type\":\"WebSite\",\"@id\":\"https:\/\/radio.unrc.edu.ar\/#website\",\"url\":\"https:\/\/radio.unrc.edu.ar\/\",\"name\":\"Radio UNRC\",\"description\":\"La Radio de la Uni, la que te hace sentir y pensar\",\"publisher\":{\"@id\":\"https:\/\/radio.unrc.edu.ar\/#organization\"},\"potentialAction\":[{\"@type\":\"SearchAction\",\"target\":{\"@type\":\"EntryPoint\",\"urlTemplate\":\"https:\/\/radio.unrc.edu.ar\/?s={search_term_string}\"},\"query-input\":\"required name=search_term_string\"}],\"inLanguage\":\"es\"},{\"@type\":\"Organization\",\"@id\":\"https:\/\/radio.unrc.edu.ar\/#organization\",\"name\":\"Radio UNRC\",\"url\":\"https:\/\/radio.unrc.edu.ar\/\",\"logo\":{\"@type\":\"ImageObject\",\"inLanguage\":\"es\",\"@id\":\"https:\/\/radio.unrc.edu.ar\/#\/schema\/logo\/image\/\",\"url\":\"https:\/\/radio.unrc.edu.ar\/wp-content\/uploads\/2022\/03\/logo-radio-544.png\",\"contentUrl\":\"https:\/\/radio.unrc.edu.ar\/wp-content\/uploads\/2022\/03\/logo-radio-544.png\",\"width\":544,\"height\":180,\"caption\":\"Radio UNRC\"},\"image\":{\"@id\":\"https:\/\/radio.unrc.edu.ar\/#\/schema\/logo\/image\/\"},\"sameAs\":[\"https:\/\/www.facebook.com\/radiounrc\",\"https:\/\/www.instagram.com\/radiounrc\/\"]},{\"@type\":\"Person\",\"@id\":\"https:\/\/radio.unrc.edu.ar\/#\/schema\/person\/197edd08d015632a43a5e6a515c4f7a6\",\"name\":\"majo\",\"image\":{\"@type\":\"ImageObject\",\"inLanguage\":\"es\",\"@id\":\"https:\/\/radio.unrc.edu.ar\/#\/schema\/person\/image\/\",\"url\":\"https:\/\/secure.gravatar.com\/avatar\/6806165fb7635331b44fb331ffb478c3230b9d62d675244a0e2dfd0cb8d8b503?s=96&d=mm&r=g\",\"contentUrl\":\"https:\/\/secure.gravatar.com\/avatar\/6806165fb7635331b44fb331ffb478c3230b9d62d675244a0e2dfd0cb8d8b503?s=96&d=mm&r=g\",\"caption\":\"majo\"},\"url\":\"https:\/\/radio.unrc.edu.ar\/?author=2\"}]}<\/script>\n<!-- \/ Yoast SEO plugin. -->","yoast_head_json":{"title":"Una joven de 18 a\u00f1os recibi\u00f3 la habilitaci\u00f3n para pilotar aviones - Radio UNRC","description":"La radio que te hace sentir y pensar.","robots":{"index":"index","follow":"follow","max-snippet":"max-snippet:-1","max-image-preview":"max-image-preview:large","max-video-preview":"max-video-preview:-1"},"canonical":"https:\/\/radio.unrc.edu.ar\/?p=720","og_locale":"es_ES","og_type":"article","og_title":"Una joven de 18 a\u00f1os recibi\u00f3 la habilitaci\u00f3n para pilotar aviones - Radio UNRC","og_description":"La radio que te hace sentir y pensar.","og_url":"https:\/\/radio.unrc.edu.ar\/?p=720","og_site_name":"Radio UNRC","article_publisher":"https:\/\/www.facebook.com\/radiounrc","article_published_time":"2022-09-28T13:54:45+00:00","og_image":[{"width":1280,"height":740,"url":"https:\/\/radio.unrc.edu.ar\/wp-content\/uploads\/2022\/09\/avion.jpg","type":"image\/jpeg"}],"author":"majo","twitter_card":"summary_large_image","twitter_misc":{"Escrito por":"majo"},"schema":{"@context":"https:\/\/schema.org","@graph":[{"@type":"Article","@id":"https:\/\/radio.unrc.edu.ar\/?p=720#article","isPartOf":{"@id":"https:\/\/radio.unrc.edu.ar\/?p=720"},"author":{"name":"majo","@id":"https:\/\/radio.unrc.edu.ar\/#\/schema\/person\/197edd08d015632a43a5e6a515c4f7a6"},"headline":"Una joven de 18 a\u00f1os recibi\u00f3 la habilitaci\u00f3n para pilotar aviones","datePublished":"2022-09-28T13:54:45+00:00","dateModified":"2022-09-28T13:54:45+00:00","mainEntityOfPage":{"@id":"https:\/\/radio.unrc.edu.ar\/?p=720"},"wordCount":61,"commentCount":0,"publisher":{"@id":"https:\/\/radio.unrc.edu.ar\/#organization"},"articleSection":["Locales"],"inLanguage":"es","potentialAction":[{"@type":"CommentAction","name":"Comment","target":["https:\/\/radio.unrc.edu.ar\/?p=720#respond"]}]},{"@type":"WebPage","@id":"https:\/\/radio.unrc.edu.ar\/?p=720","url":"https:\/\/radio.unrc.edu.ar\/?p=720","name":"Una joven de 18 a\u00f1os recibi\u00f3 la habilitaci\u00f3n para pilotar aviones - Radio UNRC","isPartOf":{"@id":"https:\/\/radio.unrc.edu.ar\/#website"},"datePublished":"2022-09-28T13:54:45+00:00","dateModified":"2022-09-28T13:54:45+00:00","description":"La radio que te hace sentir y pensar.","breadcrumb":{"@id":"https:\/\/radio.unrc.edu.ar\/?p=720#breadcrumb"},"inLanguage":"es","potentialAction":[{"@type":"ReadAction","target":["https:\/\/radio.unrc.edu.ar\/?p=720"]}]},{"@type":"BreadcrumbList","@id":"https:\/\/radio.unrc.edu.ar\/?p=720#breadcrumb","itemListElement":[{"@type":"ListItem","position":1,"name":"Portada","item":"https:\/\/radio.unrc.edu.ar\/"},{"@type":"ListItem","position":2,"name":"Una joven de 18 a\u00f1os recibi\u00f3 la habilitaci\u00f3n para pilotar aviones"}]},{"@type":"WebSite","@id":"https:\/\/radio.unrc.edu.ar\/#website","url":"https:\/\/radio.unrc.edu.ar\/","name":"Radio UNRC","description":"La Radio de la Uni, la que te hace sentir y pensar","publisher":{"@id":"https:\/\/radio.unrc.edu.ar\/#organization"},"potentialAction":[{"@type":"SearchAction","target":{"@type":"EntryPoint","urlTemplate":"https:\/\/radio.unrc.edu.ar\/?s={search_term_string}"},"query-input":"required name=search_term_string"}],"inLanguage":"es"},{"@type":"Organization","@id":"https:\/\/radio.unrc.edu.ar\/#organization","name":"Radio UNRC","url":"https:\/\/radio.unrc.edu.ar\/","logo":{"@type":"ImageObject","inLanguage":"es","@id":"https:\/\/radio.unrc.edu.ar\/#\/schema\/logo\/image\/","url":"https:\/\/radio.unrc.edu.ar\/wp-content\/uploads\/2022\/03\/logo-radio-544.png","contentUrl":"https:\/\/radio.unrc.edu.ar\/wp-content\/uploads\/2022\/03\/logo-radio-544.png","width":544,"height":180,"caption":"Radio UNRC"},"image":{"@id":"https:\/\/radio.unrc.edu.ar\/#\/schema\/logo\/image\/"},"sameAs":["https:\/\/www.facebook.com\/radiounrc","https:\/\/www.instagram.com\/radiounrc\/"]},{"@type":"Person","@id":"https:\/\/radio.unrc.edu.ar\/#\/schema\/person\/197edd08d015632a43a5e6a515c4f7a6","name":"majo","image":{"@type":"ImageObject","inLanguage":"es","@id":"https:\/\/radio.unrc.edu.ar\/#\/schema\/person\/image\/","url":"https:\/\/secure.gravatar.com\/avatar\/6806165fb7635331b44fb331ffb478c3230b9d62d675244a0e2dfd0cb8d8b503?s=96&d=mm&r=g","contentUrl":"https:\/\/secure.gravatar.com\/avatar\/6806165fb7635331b44fb331ffb478c3230b9d62d675244a0e2dfd0cb8d8b503?s=96&d=mm&r=g","caption":"majo"},"url":"https:\/\/radio.unrc.edu.ar\/?author=2"}]}},"_links":{"self":[{"href":"https:\/\/radio.unrc.edu.ar\/index.php?rest_route=\/wp\/v2\/posts\/720","targetHints":{"allow":["GET"]}}],"collection":[{"href":"https:\/\/radio.unrc.edu.ar\/index.php?rest_route=\/wp\/v2\/posts"}],"about":[{"href":"https:\/\/radio.unrc.edu.ar\/index.php?rest_route=\/wp\/v2\/types\/post"}],"author":[{"embeddable":true,"href":"https:\/\/radio.unrc.edu.ar\/index.php?rest_route=\/wp\/v2\/users\/2"}],"replies":[{"embeddable":true,"href":"https:\/\/radio.unrc.edu.ar\/index.php?rest_route=%2Fwp%2Fv2%2Fcomments&post=720"}],"version-history":[{"count":1,"href":"https:\/\/radio.unrc.edu.ar\/index.php?rest_route=\/wp\/v2\/posts\/720\/revisions"}],"predecessor-version":[{"id":724,"href":"https:\/\/radio.unrc.edu.ar\/index.php?rest_route=\/wp\/v2\/posts\/720\/revisions\/724"}],"wp:featuredmedia":[{"embeddable":true,"href":"https:\/\/radio.unrc.edu.ar\/index.php?rest_route=\/wp\/v2\/media\/723"}],"wp:attachment":[{"href":"https:\/\/radio.unrc.edu.ar\/index.php?rest_route=%2Fwp%2Fv2%2Fmedia&parent=720"}],"wp:term":[{"taxonomy":"category","embeddable":true,"href":"https:\/\/radio.unrc.edu.ar\/index.php?rest_route=%2Fwp%2Fv2%2Fcategories&post=720"},{"taxonomy":"post_tag","embeddable":true,"href":"https:\/\/radio.unrc.edu.ar\/index.php?rest_route=%2Fwp%2Fv2%2Ftags&post=720"}],"curies":[{"name":"wp","href":"https:\/\/api.w.org\/{rel}","templated":true}]}}