{"id":8253,"date":"2023-07-10T14:22:09","date_gmt":"2023-07-10T14:22:09","guid":{"rendered":"https:\/\/radio.unrc.edu.ar\/?p=8253"},"modified":"2023-07-11T13:44:59","modified_gmt":"2023-07-11T13:44:59","slug":"aseguran-que-la-inauguracion-del-tramo-del-gasoducto-nestor-kirchner-fue-historico","status":"publish","type":"post","link":"https:\/\/radio.unrc.edu.ar\/?p=8253","title":{"rendered":"Aseguran que la inauguraci\u00f3n del tramo del Gasoducto N\u00e9stor Kirchner fue hist\u00f3rico"},"content":{"rendered":"<p>Lo dijo Nicol\u00e1s Malinovsky, egresado de la UNRC e investigador del Observatorio de Ciencia y Tecnolog\u00eda asociado al Centro Latinoamericano de An\u00e1lisis Estrat\u00e9gico.<\/p>\n<p>El profesional explic\u00f3 algunas de las caracter\u00edsticas de esta obra que permitir\u00e1, en primer t\u00e9rmino, el autoabastecimiento energ\u00e9tico para el pa\u00eds.<\/p>\n<p>Malinovsky agreg\u00f3 que tambi\u00e9n permitir\u00e1 un ahorro de m\u00e1s de 2 mil millones de d\u00f3lares.<\/p>\n<p><iframe width=\"100%\" height=\"300\" scrolling=\"no\" frameborder=\"no\" allow=\"autoplay\" src=\"https:\/\/w.soundcloud.com\/player\/?url=https%3A\/\/api.soundcloud.com\/tracks\/1560920602&#038;color=%23ff5500&#038;auto_play=false&#038;hide_related=false&#038;show_comments=true&#038;show_user=true&#038;show_reposts=false&#038;show_teaser=true&#038;visual=true\"><\/iframe><\/p>\n<div style=\"font-size: 10px; color: #cccccc;line-break: anywhere;word-break: normal;overflow: hidden;white-space: nowrap;text-overflow: ellipsis; font-family: Interstate,Lucida Grande,Lucida Sans Unicode,Lucida Sans,Garuda,Verdana,Tahoma,sans-serif;font-weight: 100;\"><a href=\"https:\/\/soundcloud.com\/radiounrc97-7\" title=\"RadioUNRC97.7\" target=\"_blank\" style=\"color: #cccccc; text-decoration: none;\" rel=\"noopener\">RadioUNRC97.7<\/a> \u00b7 <a href=\"https:\/\/soundcloud.com\/radiounrc97-7\/nicolas-malinovsky\" title=\"Nicol\u00e1s Malinovsky\" target=\"_blank\" style=\"color: #cccccc; text-decoration: none;\" rel=\"noopener\">Nicol\u00e1s Malinovsky<\/a><\/div>\n","protected":false},"excerpt":{"rendered":"<p>Lo dijo Nicol\u00e1s Malinovsky, egresado de la UNRC e investigador del Observatorio de Ciencia y Tecnolog\u00eda asociado al Centro Latinoamericano de An\u00e1lisis Estrat\u00e9gico. El profesional explic\u00f3 algunas de las caracter\u00edsticas de esta obra que permitir\u00e1, en primer t\u00e9rmino, el autoabastecimiento energ\u00e9tico para el pa\u00eds. Malinovsky agreg\u00f3 que tambi\u00e9n permitir\u00e1 un ahorro de m\u00e1s de 2 [&hellip;]<\/p>\n","protected":false},"author":2,"featured_media":8254,"comment_status":"open","ping_status":"open","sticky":false,"template":"","format":"standard","meta":{"footnotes":""},"categories":[19],"tags":[],"class_list":{"0":"post-8253","1":"post","2":"type-post","3":"status-publish","4":"format-standard","5":"has-post-thumbnail","7":"category-nacionales"},"yoast_head":"<!-- This site is optimized with the Yoast SEO plugin v21.5 - https:\/\/yoast.com\/wordpress\/plugins\/seo\/ -->\n<title>Aseguran que la inauguraci\u00f3n del tramo del Gasoducto N\u00e9stor Kirchner fue hist\u00f3rico - Radio UNRC<\/title>\n<meta name=\"description\" content=\"La radio que te hace sentir y pensar.\" \/>\n<meta name=\"robots\" content=\"index, follow, max-snippet:-1, max-image-preview:large, max-video-preview:-1\" \/>\n<link rel=\"canonical\" href=\"https:\/\/radio.unrc.edu.ar\/?p=8253\" \/>\n<meta property=\"og:locale\" content=\"es_ES\" \/>\n<meta property=\"og:type\" content=\"article\" \/>\n<meta property=\"og:title\" content=\"Aseguran que la inauguraci\u00f3n del tramo del Gasoducto N\u00e9stor Kirchner fue hist\u00f3rico - Radio UNRC\" \/>\n<meta property=\"og:description\" content=\"La radio que te hace sentir y pensar.\" \/>\n<meta property=\"og:url\" content=\"https:\/\/radio.unrc.edu.ar\/?p=8253\" \/>\n<meta property=\"og:site_name\" content=\"Radio UNRC\" \/>\n<meta property=\"article:publisher\" content=\"https:\/\/www.facebook.com\/radiounrc\" \/>\n<meta property=\"article:published_time\" content=\"2023-07-10T14:22:09+00:00\" \/>\n<meta property=\"article:modified_time\" content=\"2023-07-11T13:44:59+00:00\" \/>\n<meta property=\"og:image\" content=\"https:\/\/radio.unrc.edu.ar\/wp-content\/uploads\/2023\/07\/gasoducto.jpg\" \/>\n\t<meta property=\"og:image:width\" content=\"1280\" \/>\n\t<meta property=\"og:image:height\" content=\"740\" \/>\n\t<meta property=\"og:image:type\" content=\"image\/jpeg\" \/>\n<meta name=\"author\" content=\"majo\" \/>\n<meta name=\"twitter:card\" content=\"summary_large_image\" \/>\n<meta name=\"twitter:label1\" content=\"Escrito por\" \/>\n\t<meta name=\"twitter:data1\" content=\"majo\" \/>\n\t<meta name=\"twitter:label2\" content=\"Tiempo de lectura\" \/>\n\t<meta name=\"twitter:data2\" content=\"1 minuto\" \/>\n<script type=\"application\/ld+json\" class=\"yoast-schema-graph\">{\"@context\":\"https:\/\/schema.org\",\"@graph\":[{\"@type\":\"Article\",\"@id\":\"https:\/\/radio.unrc.edu.ar\/?p=8253#article\",\"isPartOf\":{\"@id\":\"https:\/\/radio.unrc.edu.ar\/?p=8253\"},\"author\":{\"name\":\"majo\",\"@id\":\"https:\/\/radio.unrc.edu.ar\/#\/schema\/person\/197edd08d015632a43a5e6a515c4f7a6\"},\"headline\":\"Aseguran que la inauguraci\u00f3n del tramo del Gasoducto N\u00e9stor Kirchner fue hist\u00f3rico\",\"datePublished\":\"2023-07-10T14:22:09+00:00\",\"dateModified\":\"2023-07-11T13:44:59+00:00\",\"mainEntityOfPage\":{\"@id\":\"https:\/\/radio.unrc.edu.ar\/?p=8253\"},\"wordCount\":88,\"commentCount\":0,\"publisher\":{\"@id\":\"https:\/\/radio.unrc.edu.ar\/#organization\"},\"articleSection\":[\"Nacionales\"],\"inLanguage\":\"es\",\"potentialAction\":[{\"@type\":\"CommentAction\",\"name\":\"Comment\",\"target\":[\"https:\/\/radio.unrc.edu.ar\/?p=8253#respond\"]}]},{\"@type\":\"WebPage\",\"@id\":\"https:\/\/radio.unrc.edu.ar\/?p=8253\",\"url\":\"https:\/\/radio.unrc.edu.ar\/?p=8253\",\"name\":\"Aseguran que la inauguraci\u00f3n del tramo del Gasoducto N\u00e9stor Kirchner fue hist\u00f3rico - Radio UNRC\",\"isPartOf\":{\"@id\":\"https:\/\/radio.unrc.edu.ar\/#website\"},\"datePublished\":\"2023-07-10T14:22:09+00:00\",\"dateModified\":\"2023-07-11T13:44:59+00:00\",\"description\":\"La radio que te hace sentir y pensar.\",\"breadcrumb\":{\"@id\":\"https:\/\/radio.unrc.edu.ar\/?p=8253#breadcrumb\"},\"inLanguage\":\"es\",\"potentialAction\":[{\"@type\":\"ReadAction\",\"target\":[\"https:\/\/radio.unrc.edu.ar\/?p=8253\"]}]},{\"@type\":\"BreadcrumbList\",\"@id\":\"https:\/\/radio.unrc.edu.ar\/?p=8253#breadcrumb\",\"itemListElement\":[{\"@type\":\"ListItem\",\"position\":1,\"name\":\"Portada\",\"item\":\"https:\/\/radio.unrc.edu.ar\/\"},{\"@type\":\"ListItem\",\"position\":2,\"name\":\"Aseguran que la inauguraci\u00f3n del tramo del Gasoducto N\u00e9stor Kirchner fue hist\u00f3rico\"}]},{\"@type\":\"WebSite\",\"@id\":\"https:\/\/radio.unrc.edu.ar\/#website\",\"url\":\"https:\/\/radio.unrc.edu.ar\/\",\"name\":\"Radio UNRC\",\"description\":\"La Radio de la Uni, la que te hace sentir y pensar\",\"publisher\":{\"@id\":\"https:\/\/radio.unrc.edu.ar\/#organization\"},\"potentialAction\":[{\"@type\":\"SearchAction\",\"target\":{\"@type\":\"EntryPoint\",\"urlTemplate\":\"https:\/\/radio.unrc.edu.ar\/?s={search_term_string}\"},\"query-input\":\"required name=search_term_string\"}],\"inLanguage\":\"es\"},{\"@type\":\"Organization\",\"@id\":\"https:\/\/radio.unrc.edu.ar\/#organization\",\"name\":\"Radio UNRC\",\"url\":\"https:\/\/radio.unrc.edu.ar\/\",\"logo\":{\"@type\":\"ImageObject\",\"inLanguage\":\"es\",\"@id\":\"https:\/\/radio.unrc.edu.ar\/#\/schema\/logo\/image\/\",\"url\":\"https:\/\/radio.unrc.edu.ar\/wp-content\/uploads\/2022\/03\/logo-radio-544.png\",\"contentUrl\":\"https:\/\/radio.unrc.edu.ar\/wp-content\/uploads\/2022\/03\/logo-radio-544.png\",\"width\":544,\"height\":180,\"caption\":\"Radio UNRC\"},\"image\":{\"@id\":\"https:\/\/radio.unrc.edu.ar\/#\/schema\/logo\/image\/\"},\"sameAs\":[\"https:\/\/www.facebook.com\/radiounrc\",\"https:\/\/www.instagram.com\/radiounrc\/\"]},{\"@type\":\"Person\",\"@id\":\"https:\/\/radio.unrc.edu.ar\/#\/schema\/person\/197edd08d015632a43a5e6a515c4f7a6\",\"name\":\"majo\",\"image\":{\"@type\":\"ImageObject\",\"inLanguage\":\"es\",\"@id\":\"https:\/\/radio.unrc.edu.ar\/#\/schema\/person\/image\/\",\"url\":\"https:\/\/secure.gravatar.com\/avatar\/6806165fb7635331b44fb331ffb478c3230b9d62d675244a0e2dfd0cb8d8b503?s=96&d=mm&r=g\",\"contentUrl\":\"https:\/\/secure.gravatar.com\/avatar\/6806165fb7635331b44fb331ffb478c3230b9d62d675244a0e2dfd0cb8d8b503?s=96&d=mm&r=g\",\"caption\":\"majo\"},\"url\":\"https:\/\/radio.unrc.edu.ar\/?author=2\"}]}<\/script>\n<!-- \/ Yoast SEO plugin. -->","yoast_head_json":{"title":"Aseguran que la inauguraci\u00f3n del tramo del Gasoducto N\u00e9stor Kirchner fue hist\u00f3rico - Radio UNRC","description":"La radio que te hace sentir y pensar.","robots":{"index":"index","follow":"follow","max-snippet":"max-snippet:-1","max-image-preview":"max-image-preview:large","max-video-preview":"max-video-preview:-1"},"canonical":"https:\/\/radio.unrc.edu.ar\/?p=8253","og_locale":"es_ES","og_type":"article","og_title":"Aseguran que la inauguraci\u00f3n del tramo del Gasoducto N\u00e9stor Kirchner fue hist\u00f3rico - Radio UNRC","og_description":"La radio que te hace sentir y pensar.","og_url":"https:\/\/radio.unrc.edu.ar\/?p=8253","og_site_name":"Radio UNRC","article_publisher":"https:\/\/www.facebook.com\/radiounrc","article_published_time":"2023-07-10T14:22:09+00:00","article_modified_time":"2023-07-11T13:44:59+00:00","og_image":[{"width":1280,"height":740,"url":"https:\/\/radio.unrc.edu.ar\/wp-content\/uploads\/2023\/07\/gasoducto.jpg","type":"image\/jpeg"}],"author":"majo","twitter_card":"summary_large_image","twitter_misc":{"Escrito por":"majo","Tiempo de lectura":"1 minuto"},"schema":{"@context":"https:\/\/schema.org","@graph":[{"@type":"Article","@id":"https:\/\/radio.unrc.edu.ar\/?p=8253#article","isPartOf":{"@id":"https:\/\/radio.unrc.edu.ar\/?p=8253"},"author":{"name":"majo","@id":"https:\/\/radio.unrc.edu.ar\/#\/schema\/person\/197edd08d015632a43a5e6a515c4f7a6"},"headline":"Aseguran que la inauguraci\u00f3n del tramo del Gasoducto N\u00e9stor Kirchner fue hist\u00f3rico","datePublished":"2023-07-10T14:22:09+00:00","dateModified":"2023-07-11T13:44:59+00:00","mainEntityOfPage":{"@id":"https:\/\/radio.unrc.edu.ar\/?p=8253"},"wordCount":88,"commentCount":0,"publisher":{"@id":"https:\/\/radio.unrc.edu.ar\/#organization"},"articleSection":["Nacionales"],"inLanguage":"es","potentialAction":[{"@type":"CommentAction","name":"Comment","target":["https:\/\/radio.unrc.edu.ar\/?p=8253#respond"]}]},{"@type":"WebPage","@id":"https:\/\/radio.unrc.edu.ar\/?p=8253","url":"https:\/\/radio.unrc.edu.ar\/?p=8253","name":"Aseguran que la inauguraci\u00f3n del tramo del Gasoducto N\u00e9stor Kirchner fue hist\u00f3rico - Radio UNRC","isPartOf":{"@id":"https:\/\/radio.unrc.edu.ar\/#website"},"datePublished":"2023-07-10T14:22:09+00:00","dateModified":"2023-07-11T13:44:59+00:00","description":"La radio que te hace sentir y pensar.","breadcrumb":{"@id":"https:\/\/radio.unrc.edu.ar\/?p=8253#breadcrumb"},"inLanguage":"es","potentialAction":[{"@type":"ReadAction","target":["https:\/\/radio.unrc.edu.ar\/?p=8253"]}]},{"@type":"BreadcrumbList","@id":"https:\/\/radio.unrc.edu.ar\/?p=8253#breadcrumb","itemListElement":[{"@type":"ListItem","position":1,"name":"Portada","item":"https:\/\/radio.unrc.edu.ar\/"},{"@type":"ListItem","position":2,"name":"Aseguran que la inauguraci\u00f3n del tramo del Gasoducto N\u00e9stor Kirchner fue hist\u00f3rico"}]},{"@type":"WebSite","@id":"https:\/\/radio.unrc.edu.ar\/#website","url":"https:\/\/radio.unrc.edu.ar\/","name":"Radio UNRC","description":"La Radio de la Uni, la que te hace sentir y pensar","publisher":{"@id":"https:\/\/radio.unrc.edu.ar\/#organization"},"potentialAction":[{"@type":"SearchAction","target":{"@type":"EntryPoint","urlTemplate":"https:\/\/radio.unrc.edu.ar\/?s={search_term_string}"},"query-input":"required name=search_term_string"}],"inLanguage":"es"},{"@type":"Organization","@id":"https:\/\/radio.unrc.edu.ar\/#organization","name":"Radio UNRC","url":"https:\/\/radio.unrc.edu.ar\/","logo":{"@type":"ImageObject","inLanguage":"es","@id":"https:\/\/radio.unrc.edu.ar\/#\/schema\/logo\/image\/","url":"https:\/\/radio.unrc.edu.ar\/wp-content\/uploads\/2022\/03\/logo-radio-544.png","contentUrl":"https:\/\/radio.unrc.edu.ar\/wp-content\/uploads\/2022\/03\/logo-radio-544.png","width":544,"height":180,"caption":"Radio UNRC"},"image":{"@id":"https:\/\/radio.unrc.edu.ar\/#\/schema\/logo\/image\/"},"sameAs":["https:\/\/www.facebook.com\/radiounrc","https:\/\/www.instagram.com\/radiounrc\/"]},{"@type":"Person","@id":"https:\/\/radio.unrc.edu.ar\/#\/schema\/person\/197edd08d015632a43a5e6a515c4f7a6","name":"majo","image":{"@type":"ImageObject","inLanguage":"es","@id":"https:\/\/radio.unrc.edu.ar\/#\/schema\/person\/image\/","url":"https:\/\/secure.gravatar.com\/avatar\/6806165fb7635331b44fb331ffb478c3230b9d62d675244a0e2dfd0cb8d8b503?s=96&d=mm&r=g","contentUrl":"https:\/\/secure.gravatar.com\/avatar\/6806165fb7635331b44fb331ffb478c3230b9d62d675244a0e2dfd0cb8d8b503?s=96&d=mm&r=g","caption":"majo"},"url":"https:\/\/radio.unrc.edu.ar\/?author=2"}]}},"_links":{"self":[{"href":"https:\/\/radio.unrc.edu.ar\/index.php?rest_route=\/wp\/v2\/posts\/8253","targetHints":{"allow":["GET"]}}],"collection":[{"href":"https:\/\/radio.unrc.edu.ar\/index.php?rest_route=\/wp\/v2\/posts"}],"about":[{"href":"https:\/\/radio.unrc.edu.ar\/index.php?rest_route=\/wp\/v2\/types\/post"}],"author":[{"embeddable":true,"href":"https:\/\/radio.unrc.edu.ar\/index.php?rest_route=\/wp\/v2\/users\/2"}],"replies":[{"embeddable":true,"href":"https:\/\/radio.unrc.edu.ar\/index.php?rest_route=%2Fwp%2Fv2%2Fcomments&post=8253"}],"version-history":[{"count":1,"href":"https:\/\/radio.unrc.edu.ar\/index.php?rest_route=\/wp\/v2\/posts\/8253\/revisions"}],"predecessor-version":[{"id":8255,"href":"https:\/\/radio.unrc.edu.ar\/index.php?rest_route=\/wp\/v2\/posts\/8253\/revisions\/8255"}],"wp:featuredmedia":[{"embeddable":true,"href":"https:\/\/radio.unrc.edu.ar\/index.php?rest_route=\/wp\/v2\/media\/8254"}],"wp:attachment":[{"href":"https:\/\/radio.unrc.edu.ar\/index.php?rest_route=%2Fwp%2Fv2%2Fmedia&parent=8253"}],"wp:term":[{"taxonomy":"category","embeddable":true,"href":"https:\/\/radio.unrc.edu.ar\/index.php?rest_route=%2Fwp%2Fv2%2Fcategories&post=8253"},{"taxonomy":"post_tag","embeddable":true,"href":"https:\/\/radio.unrc.edu.ar\/index.php?rest_route=%2Fwp%2Fv2%2Ftags&post=8253"}],"curies":[{"name":"wp","href":"https:\/\/api.w.org\/{rel}","templated":true}]}}