{"id":899,"date":"2022-11-01T23:01:45","date_gmt":"2022-11-01T23:01:45","guid":{"rendered":"https:\/\/radiounrc.flamingoweb.com.ar\/?p=899"},"modified":"2022-11-07T13:29:58","modified_gmt":"2022-11-07T13:29:58","slug":"se-inauguro-miradas-y-luces-la-muestra-fotografica-del-taller-de-fotografia-nivel-1-del-peam","status":"publish","type":"post","link":"https:\/\/radio.unrc.edu.ar\/?p=899","title":{"rendered":"Se inaugur\u00f3 \u00abMiradas y Luces\u00bb, la muestra del Taller de Fotograf\u00eda nivel 1 del PEAM"},"content":{"rendered":"<p>Las obras se exhiben en la casona del Programa Educativo de Adultos Mayores.<br \/>\nElena Bonadeo, docente jubilada y expositora, valor\u00f3 el aprendizaje de este a\u00f1o y se mostr\u00f3 orgullosa de las producciones.<\/p>\n<p>Por su parte, Laura Miranda, otra de las expositoras, dijo que es emocionante que las fotos puedan ser vistas por mucha gente.<\/p>\n<p>En tanto, Gabriela M\u00fcller, coordinadora del PEAM, ponder\u00f3 el trabajo desarrollado por los integrantes del taller.<\/p>\n<p><iframe src=\"https:\/\/w.soundcloud.com\/player\/?url=https%3A\/\/api.soundcloud.com\/tracks\/1374575113&amp;color=%23ff5500&amp;auto_play=false&amp;hide_related=false&amp;show_comments=true&amp;show_user=true&amp;show_reposts=false&amp;show_teaser=true&amp;visual=true\" width=\"100%\" height=\"300\" frameborder=\"no\" scrolling=\"no\"><\/iframe><\/p>\n<div style=\"font-size: 10px; color: #cccccc; line-break: anywhere; word-break: normal; overflow: hidden; white-space: nowrap; text-overflow: ellipsis; font-family: Interstate,Lucida Grande,Lucida Sans Unicode,Lucida Sans,Garuda,Verdana,Tahoma,sans-serif; font-weight: 100;\"><a style=\"color: #cccccc; text-decoration: none;\" title=\"RadioUNRC\" href=\"https:\/\/soundcloud.com\/radiounrc\" target=\"_blank\" rel=\"noopener\">RadioUNRC<\/a> \u00b7 <a style=\"color: #cccccc; text-decoration: none;\" title=\"Se inaugur\u00f3 &quot;Miradas y Luces&quot;, la muestra fotogr\u00e1fica del Taller de Fotograf\u00eda nivel 1 del PEAM\" href=\"https:\/\/soundcloud.com\/radiounrc\/se-inauguro-miradas-y-luces-la-muestra-fotografica-del-taller-de-fotografia-nivel-1-del-peam\" target=\"_blank\" rel=\"noopener\">Se inaugur\u00f3 \u00abMiradas y Luces\u00bb, la muestra fotogr\u00e1fica del Taller de Fotograf\u00eda nivel 1 del PEAM<\/a><\/div>\n\r\n                <style type=\"text\/css\">\r\n                    \r\n                    #tdi_1  .td-doubleSlider-2 .td-item1 {\r\n                        background: url(https:\/\/radio.unrc.edu.ar\/wp-content\/uploads\/2022\/11\/WhatsApp-Image-2022-11-01-at-16.39.55.jpeg) 0 0 no-repeat;\r\n                    }\r\n                    #tdi_1  .td-doubleSlider-2 .td-item2 {\r\n                        background: url(https:\/\/radio.unrc.edu.ar\/wp-content\/uploads\/2022\/11\/WhatsApp-Image-2022-11-01-at-16.57.42.jpeg) 0 0 no-repeat;\r\n                    }\r\n                    #tdi_1  .td-doubleSlider-2 .td-item3 {\r\n                        background: url(https:\/\/radio.unrc.edu.ar\/wp-content\/uploads\/2022\/11\/WhatsApp-Image-2022-11-01-at-16.54.39.jpeg) 0 0 no-repeat;\r\n                    }\r\n                    #tdi_1  .td-doubleSlider-2 .td-item4 {\r\n                        background: url(https:\/\/radio.unrc.edu.ar\/wp-content\/uploads\/2022\/11\/WhatsApp-Image-2022-11-01-at-16.40.08.jpeg) 0 0 no-repeat;\r\n                    }\r\n                    #tdi_1  .td-doubleSlider-2 .td-item5 {\r\n                        background: url(https:\/\/radio.unrc.edu.ar\/wp-content\/uploads\/2022\/11\/WhatsApp-Image-2022-11-01-at-16.37.57.jpeg) 0 0 no-repeat;\r\n                    }\r\n                <\/style>\r\n\r\n                <div id=\"tdi_1\" class=\"td-gallery td-slide-on-2-columns\">\r\n                    <div class=\"post_td_gallery\">\r\n                        <div class=\"td-gallery-slide-top\">\r\n                           <div class=\"td-gallery-title\"><\/div>\r\n\r\n                            <div class=\"td-gallery-controls-wrapper\">\r\n                                <div class=\"td-gallery-slide-count\"><span class=\"td-gallery-slide-item-focus\">1<\/span> de 5<\/div>\r\n                                <div class=\"td-gallery-slide-prev-next-but\">\r\n                                    <i class = \"td-icon-left doubleSliderPrevButton\"><\/i>\r\n                                    <i class = \"td-icon-right doubleSliderNextButton\"><\/i>\r\n                                <\/div>\r\n                            <\/div>\r\n                        <\/div>\r\n\r\n                        <div class = \"td-doubleSlider-1 \">\r\n                            <div class = \"td-slider\">\r\n                                \r\n                    <div class = \"td-slide-item td-item1\">\r\n                        <figure class=\"td-slide-galery-figure td-slide-popup-gallery\">\r\n                            <a class=\"slide-gallery-image-link\" href=\"https:\/\/radio.unrc.edu.ar\/wp-content\/uploads\/2022\/11\/WhatsApp-Image-2022-11-01-at-16.39.55.jpeg\" title=\"WhatsApp Image 2022-11-01 at 16.39.55\"  data-caption=\"\"  data-description=\"\">\r\n                                <img decoding=\"async\" src=\"https:\/\/radio.unrc.edu.ar\/wp-content\/uploads\/2022\/11\/WhatsApp-Image-2022-11-01-at-16.39.55.jpeg\" srcset=\"https:\/\/radio.unrc.edu.ar\/wp-content\/uploads\/2022\/11\/WhatsApp-Image-2022-11-01-at-16.39.55.jpeg 1599w, https:\/\/radio.unrc.edu.ar\/wp-content\/uploads\/2022\/11\/WhatsApp-Image-2022-11-01-at-16.39.55-300x169.jpeg 300w, https:\/\/radio.unrc.edu.ar\/wp-content\/uploads\/2022\/11\/WhatsApp-Image-2022-11-01-at-16.39.55-1024x576.jpeg 1024w, https:\/\/radio.unrc.edu.ar\/wp-content\/uploads\/2022\/11\/WhatsApp-Image-2022-11-01-at-16.39.55-768x432.jpeg 768w, https:\/\/radio.unrc.edu.ar\/wp-content\/uploads\/2022\/11\/WhatsApp-Image-2022-11-01-at-16.39.55-1536x864.jpeg 1536w, https:\/\/radio.unrc.edu.ar\/wp-content\/uploads\/2022\/11\/WhatsApp-Image-2022-11-01-at-16.39.55-150x84.jpeg 150w, https:\/\/radio.unrc.edu.ar\/wp-content\/uploads\/2022\/11\/WhatsApp-Image-2022-11-01-at-16.39.55-696x391.jpeg 696w, https:\/\/radio.unrc.edu.ar\/wp-content\/uploads\/2022\/11\/WhatsApp-Image-2022-11-01-at-16.39.55-1068x600.jpeg 1068w\" sizes=\"(max-width: 1599px) 100vw, 1599px\" alt=\"\">\r\n                            <\/a>\r\n                            \r\n                        <\/figure>\r\n                    <\/div>\r\n                    <div class = \"td-slide-item td-item2\">\r\n                        <figure class=\"td-slide-galery-figure td-slide-popup-gallery\">\r\n                            <a class=\"slide-gallery-image-link\" href=\"https:\/\/radio.unrc.edu.ar\/wp-content\/uploads\/2022\/11\/WhatsApp-Image-2022-11-01-at-16.57.42.jpeg\" title=\"WhatsApp Image 2022-11-01 at 16.57.42\"  data-caption=\"\"  data-description=\"\">\r\n                                <img decoding=\"async\" src=\"https:\/\/radio.unrc.edu.ar\/wp-content\/uploads\/2022\/11\/WhatsApp-Image-2022-11-01-at-16.57.42.jpeg\" srcset=\"https:\/\/radio.unrc.edu.ar\/wp-content\/uploads\/2022\/11\/WhatsApp-Image-2022-11-01-at-16.57.42.jpeg 1599w, https:\/\/radio.unrc.edu.ar\/wp-content\/uploads\/2022\/11\/WhatsApp-Image-2022-11-01-at-16.57.42-300x169.jpeg 300w, https:\/\/radio.unrc.edu.ar\/wp-content\/uploads\/2022\/11\/WhatsApp-Image-2022-11-01-at-16.57.42-1024x576.jpeg 1024w, https:\/\/radio.unrc.edu.ar\/wp-content\/uploads\/2022\/11\/WhatsApp-Image-2022-11-01-at-16.57.42-768x432.jpeg 768w, https:\/\/radio.unrc.edu.ar\/wp-content\/uploads\/2022\/11\/WhatsApp-Image-2022-11-01-at-16.57.42-1536x864.jpeg 1536w, https:\/\/radio.unrc.edu.ar\/wp-content\/uploads\/2022\/11\/WhatsApp-Image-2022-11-01-at-16.57.42-150x84.jpeg 150w, https:\/\/radio.unrc.edu.ar\/wp-content\/uploads\/2022\/11\/WhatsApp-Image-2022-11-01-at-16.57.42-696x391.jpeg 696w, https:\/\/radio.unrc.edu.ar\/wp-content\/uploads\/2022\/11\/WhatsApp-Image-2022-11-01-at-16.57.42-1068x600.jpeg 1068w\" sizes=\"(max-width: 1599px) 100vw, 1599px\" alt=\"\">\r\n                            <\/a>\r\n                            \r\n                        <\/figure>\r\n                    <\/div>\r\n                    <div class = \"td-slide-item td-item3\">\r\n                        <figure class=\"td-slide-galery-figure td-slide-popup-gallery\">\r\n                            <a class=\"slide-gallery-image-link\" href=\"https:\/\/radio.unrc.edu.ar\/wp-content\/uploads\/2022\/11\/WhatsApp-Image-2022-11-01-at-16.54.39.jpeg\" title=\"WhatsApp Image 2022-11-01 at 16.54.39\"  data-caption=\"\"  data-description=\"\">\r\n                                <img decoding=\"async\" src=\"https:\/\/radio.unrc.edu.ar\/wp-content\/uploads\/2022\/11\/WhatsApp-Image-2022-11-01-at-16.54.39.jpeg\" srcset=\"https:\/\/radio.unrc.edu.ar\/wp-content\/uploads\/2022\/11\/WhatsApp-Image-2022-11-01-at-16.54.39.jpeg 1599w, https:\/\/radio.unrc.edu.ar\/wp-content\/uploads\/2022\/11\/WhatsApp-Image-2022-11-01-at-16.54.39-300x169.jpeg 300w, https:\/\/radio.unrc.edu.ar\/wp-content\/uploads\/2022\/11\/WhatsApp-Image-2022-11-01-at-16.54.39-1024x576.jpeg 1024w, https:\/\/radio.unrc.edu.ar\/wp-content\/uploads\/2022\/11\/WhatsApp-Image-2022-11-01-at-16.54.39-768x432.jpeg 768w, https:\/\/radio.unrc.edu.ar\/wp-content\/uploads\/2022\/11\/WhatsApp-Image-2022-11-01-at-16.54.39-1536x864.jpeg 1536w, https:\/\/radio.unrc.edu.ar\/wp-content\/uploads\/2022\/11\/WhatsApp-Image-2022-11-01-at-16.54.39-150x84.jpeg 150w, https:\/\/radio.unrc.edu.ar\/wp-content\/uploads\/2022\/11\/WhatsApp-Image-2022-11-01-at-16.54.39-696x391.jpeg 696w, https:\/\/radio.unrc.edu.ar\/wp-content\/uploads\/2022\/11\/WhatsApp-Image-2022-11-01-at-16.54.39-1068x600.jpeg 1068w\" sizes=\"(max-width: 1599px) 100vw, 1599px\" alt=\"\">\r\n                            <\/a>\r\n                            \r\n                        <\/figure>\r\n                    <\/div>\r\n                    <div class = \"td-slide-item td-item4\">\r\n                        <figure class=\"td-slide-galery-figure td-slide-popup-gallery\">\r\n                            <a class=\"slide-gallery-image-link\" href=\"https:\/\/radio.unrc.edu.ar\/wp-content\/uploads\/2022\/11\/WhatsApp-Image-2022-11-01-at-16.40.08.jpeg\" title=\"WhatsApp Image 2022-11-01 at 16.40.08\"  data-caption=\"\"  data-description=\"\">\r\n                                <img decoding=\"async\" src=\"https:\/\/radio.unrc.edu.ar\/wp-content\/uploads\/2022\/11\/WhatsApp-Image-2022-11-01-at-16.40.08.jpeg\" srcset=\"https:\/\/radio.unrc.edu.ar\/wp-content\/uploads\/2022\/11\/WhatsApp-Image-2022-11-01-at-16.40.08.jpeg 1599w, https:\/\/radio.unrc.edu.ar\/wp-content\/uploads\/2022\/11\/WhatsApp-Image-2022-11-01-at-16.40.08-300x169.jpeg 300w, https:\/\/radio.unrc.edu.ar\/wp-content\/uploads\/2022\/11\/WhatsApp-Image-2022-11-01-at-16.40.08-1024x576.jpeg 1024w, https:\/\/radio.unrc.edu.ar\/wp-content\/uploads\/2022\/11\/WhatsApp-Image-2022-11-01-at-16.40.08-768x432.jpeg 768w, https:\/\/radio.unrc.edu.ar\/wp-content\/uploads\/2022\/11\/WhatsApp-Image-2022-11-01-at-16.40.08-1536x864.jpeg 1536w, https:\/\/radio.unrc.edu.ar\/wp-content\/uploads\/2022\/11\/WhatsApp-Image-2022-11-01-at-16.40.08-150x84.jpeg 150w, https:\/\/radio.unrc.edu.ar\/wp-content\/uploads\/2022\/11\/WhatsApp-Image-2022-11-01-at-16.40.08-696x391.jpeg 696w, https:\/\/radio.unrc.edu.ar\/wp-content\/uploads\/2022\/11\/WhatsApp-Image-2022-11-01-at-16.40.08-1068x600.jpeg 1068w\" sizes=\"(max-width: 1599px) 100vw, 1599px\" alt=\"\">\r\n                            <\/a>\r\n                            \r\n                        <\/figure>\r\n                    <\/div>\r\n                    <div class = \"td-slide-item td-item5\">\r\n                        <figure class=\"td-slide-galery-figure td-slide-popup-gallery\">\r\n                            <a class=\"slide-gallery-image-link\" href=\"https:\/\/radio.unrc.edu.ar\/wp-content\/uploads\/2022\/11\/WhatsApp-Image-2022-11-01-at-16.37.57.jpeg\" title=\"WhatsApp Image 2022-11-01 at 16.37.57\"  data-caption=\"\"  data-description=\"\">\r\n                                <img decoding=\"async\" src=\"https:\/\/radio.unrc.edu.ar\/wp-content\/uploads\/2022\/11\/WhatsApp-Image-2022-11-01-at-16.37.57.jpeg\" srcset=\"https:\/\/radio.unrc.edu.ar\/wp-content\/uploads\/2022\/11\/WhatsApp-Image-2022-11-01-at-16.37.57.jpeg 1599w, https:\/\/radio.unrc.edu.ar\/wp-content\/uploads\/2022\/11\/WhatsApp-Image-2022-11-01-at-16.37.57-300x169.jpeg 300w, https:\/\/radio.unrc.edu.ar\/wp-content\/uploads\/2022\/11\/WhatsApp-Image-2022-11-01-at-16.37.57-1024x576.jpeg 1024w, https:\/\/radio.unrc.edu.ar\/wp-content\/uploads\/2022\/11\/WhatsApp-Image-2022-11-01-at-16.37.57-768x432.jpeg 768w, https:\/\/radio.unrc.edu.ar\/wp-content\/uploads\/2022\/11\/WhatsApp-Image-2022-11-01-at-16.37.57-1536x864.jpeg 1536w, https:\/\/radio.unrc.edu.ar\/wp-content\/uploads\/2022\/11\/WhatsApp-Image-2022-11-01-at-16.37.57-150x84.jpeg 150w, https:\/\/radio.unrc.edu.ar\/wp-content\/uploads\/2022\/11\/WhatsApp-Image-2022-11-01-at-16.37.57-696x391.jpeg 696w, https:\/\/radio.unrc.edu.ar\/wp-content\/uploads\/2022\/11\/WhatsApp-Image-2022-11-01-at-16.37.57-1068x600.jpeg 1068w\" sizes=\"(max-width: 1599px) 100vw, 1599px\" alt=\"\">\r\n                            <\/a>\r\n                            \r\n                        <\/figure>\r\n                    <\/div>\r\n                            <\/div>\r\n                        <\/div>\r\n\r\n                        <div class = \"td-doubleSlider-2\">\r\n                            <div class = \"td-slider\">\r\n                                \r\n                    <div class = \"td-button td-item1\">\r\n                        <div class = \"td-border\"><\/div>\r\n                    <\/div>\r\n                    <div class = \"td-button td-item2\">\r\n                        <div class = \"td-border\"><\/div>\r\n                    <\/div>\r\n                    <div class = \"td-button td-item3\">\r\n                        <div class = \"td-border\"><\/div>\r\n                    <\/div>\r\n                    <div class = \"td-button td-item4\">\r\n                        <div class = \"td-border\"><\/div>\r\n                    <\/div>\r\n                    <div class = \"td-button td-item5\">\r\n                        <div class = \"td-border\"><\/div>\r\n                    <\/div>\r\n                            <\/div>\r\n                        <\/div>\r\n\r\n                    <\/div>\r\n\r\n                <\/div>\r\n                \n","protected":false},"excerpt":{"rendered":"<p>Las obras se exhiben en la casona del Programa Educativo de Adultos Mayores. Elena Bonadeo, docente jubilada y expositora, valor\u00f3 el aprendizaje de este a\u00f1o y se mostr\u00f3 orgullosa de las producciones. Por su parte, Laura Miranda, otra de las expositoras, dijo que es emocionante que las fotos puedan ser vistas por mucha gente. En [&hellip;]<\/p>\n","protected":false},"author":3,"featured_media":900,"comment_status":"open","ping_status":"open","sticky":false,"template":"","format":"standard","meta":{"footnotes":""},"categories":[17],"tags":[],"class_list":{"0":"post-899","1":"post","2":"type-post","3":"status-publish","4":"format-standard","5":"has-post-thumbnail","7":"category-universitarias"},"yoast_head":"<!-- This site is optimized with the Yoast SEO plugin v21.5 - https:\/\/yoast.com\/wordpress\/plugins\/seo\/ -->\n<title>Se inaugur\u00f3 &quot;Miradas y Luces&quot;, la muestra del Taller de Fotograf\u00eda nivel 1 del PEAM - Radio UNRC<\/title>\n<meta name=\"description\" content=\"La radio que te hace sentir y pensar.\" \/>\n<meta name=\"robots\" content=\"index, follow, max-snippet:-1, max-image-preview:large, max-video-preview:-1\" \/>\n<link rel=\"canonical\" href=\"https:\/\/radio.unrc.edu.ar\/?p=899\" \/>\n<meta property=\"og:locale\" content=\"es_ES\" \/>\n<meta property=\"og:type\" content=\"article\" \/>\n<meta property=\"og:title\" content=\"Se inaugur\u00f3 &quot;Miradas y Luces&quot;, la muestra del Taller de Fotograf\u00eda nivel 1 del PEAM - Radio UNRC\" \/>\n<meta property=\"og:description\" content=\"La radio que te hace sentir y pensar.\" \/>\n<meta property=\"og:url\" content=\"https:\/\/radio.unrc.edu.ar\/?p=899\" \/>\n<meta property=\"og:site_name\" content=\"Radio UNRC\" \/>\n<meta property=\"article:publisher\" content=\"https:\/\/www.facebook.com\/radiounrc\" \/>\n<meta property=\"article:published_time\" content=\"2022-11-01T23:01:45+00:00\" \/>\n<meta property=\"article:modified_time\" content=\"2022-11-07T13:29:58+00:00\" \/>\n<meta property=\"og:image\" content=\"https:\/\/radio.unrc.edu.ar\/wp-content\/uploads\/2022\/11\/WhatsApp-Image-2022-11-01-at-18.12.41.jpeg\" \/>\n\t<meta property=\"og:image:width\" content=\"1599\" \/>\n\t<meta property=\"og:image:height\" content=\"899\" \/>\n\t<meta property=\"og:image:type\" content=\"image\/jpeg\" \/>\n<meta name=\"author\" content=\"emiliano\" \/>\n<meta name=\"twitter:card\" content=\"summary_large_image\" \/>\n<meta name=\"twitter:label1\" content=\"Escrito por\" \/>\n\t<meta name=\"twitter:data1\" content=\"emiliano\" \/>\n\t<meta name=\"twitter:label2\" content=\"Tiempo de lectura\" \/>\n\t<meta name=\"twitter:data2\" content=\"1 minuto\" \/>\n<script type=\"application\/ld+json\" class=\"yoast-schema-graph\">{\"@context\":\"https:\/\/schema.org\",\"@graph\":[{\"@type\":\"Article\",\"@id\":\"https:\/\/radio.unrc.edu.ar\/?p=899#article\",\"isPartOf\":{\"@id\":\"https:\/\/radio.unrc.edu.ar\/?p=899\"},\"author\":{\"name\":\"emiliano\",\"@id\":\"https:\/\/radio.unrc.edu.ar\/#\/schema\/person\/33c70d97cd2981bc6512850c2abf21ff\"},\"headline\":\"Se inaugur\u00f3 \u00abMiradas y Luces\u00bb, la muestra del Taller de Fotograf\u00eda nivel 1 del PEAM\",\"datePublished\":\"2022-11-01T23:01:45+00:00\",\"dateModified\":\"2022-11-07T13:29:58+00:00\",\"mainEntityOfPage\":{\"@id\":\"https:\/\/radio.unrc.edu.ar\/?p=899\"},\"wordCount\":112,\"commentCount\":0,\"publisher\":{\"@id\":\"https:\/\/radio.unrc.edu.ar\/#organization\"},\"articleSection\":[\"Universitarias\"],\"inLanguage\":\"es\",\"potentialAction\":[{\"@type\":\"CommentAction\",\"name\":\"Comment\",\"target\":[\"https:\/\/radio.unrc.edu.ar\/?p=899#respond\"]}]},{\"@type\":\"WebPage\",\"@id\":\"https:\/\/radio.unrc.edu.ar\/?p=899\",\"url\":\"https:\/\/radio.unrc.edu.ar\/?p=899\",\"name\":\"Se inaugur\u00f3 \\\"Miradas y Luces\\\", la muestra del Taller de Fotograf\u00eda nivel 1 del PEAM - Radio UNRC\",\"isPartOf\":{\"@id\":\"https:\/\/radio.unrc.edu.ar\/#website\"},\"datePublished\":\"2022-11-01T23:01:45+00:00\",\"dateModified\":\"2022-11-07T13:29:58+00:00\",\"description\":\"La radio que te hace sentir y pensar.\",\"breadcrumb\":{\"@id\":\"https:\/\/radio.unrc.edu.ar\/?p=899#breadcrumb\"},\"inLanguage\":\"es\",\"potentialAction\":[{\"@type\":\"ReadAction\",\"target\":[\"https:\/\/radio.unrc.edu.ar\/?p=899\"]}]},{\"@type\":\"BreadcrumbList\",\"@id\":\"https:\/\/radio.unrc.edu.ar\/?p=899#breadcrumb\",\"itemListElement\":[{\"@type\":\"ListItem\",\"position\":1,\"name\":\"Portada\",\"item\":\"https:\/\/radio.unrc.edu.ar\/\"},{\"@type\":\"ListItem\",\"position\":2,\"name\":\"Se inaugur\u00f3 \u00abMiradas y Luces\u00bb, la muestra del Taller de Fotograf\u00eda nivel 1 del PEAM\"}]},{\"@type\":\"WebSite\",\"@id\":\"https:\/\/radio.unrc.edu.ar\/#website\",\"url\":\"https:\/\/radio.unrc.edu.ar\/\",\"name\":\"Radio UNRC\",\"description\":\"La Radio de la Uni, la que te hace sentir y pensar\",\"publisher\":{\"@id\":\"https:\/\/radio.unrc.edu.ar\/#organization\"},\"potentialAction\":[{\"@type\":\"SearchAction\",\"target\":{\"@type\":\"EntryPoint\",\"urlTemplate\":\"https:\/\/radio.unrc.edu.ar\/?s={search_term_string}\"},\"query-input\":\"required name=search_term_string\"}],\"inLanguage\":\"es\"},{\"@type\":\"Organization\",\"@id\":\"https:\/\/radio.unrc.edu.ar\/#organization\",\"name\":\"Radio UNRC\",\"url\":\"https:\/\/radio.unrc.edu.ar\/\",\"logo\":{\"@type\":\"ImageObject\",\"inLanguage\":\"es\",\"@id\":\"https:\/\/radio.unrc.edu.ar\/#\/schema\/logo\/image\/\",\"url\":\"https:\/\/radio.unrc.edu.ar\/wp-content\/uploads\/2022\/03\/logo-radio-544.png\",\"contentUrl\":\"https:\/\/radio.unrc.edu.ar\/wp-content\/uploads\/2022\/03\/logo-radio-544.png\",\"width\":544,\"height\":180,\"caption\":\"Radio UNRC\"},\"image\":{\"@id\":\"https:\/\/radio.unrc.edu.ar\/#\/schema\/logo\/image\/\"},\"sameAs\":[\"https:\/\/www.facebook.com\/radiounrc\",\"https:\/\/www.instagram.com\/radiounrc\/\"]},{\"@type\":\"Person\",\"@id\":\"https:\/\/radio.unrc.edu.ar\/#\/schema\/person\/33c70d97cd2981bc6512850c2abf21ff\",\"name\":\"emiliano\",\"image\":{\"@type\":\"ImageObject\",\"inLanguage\":\"es\",\"@id\":\"https:\/\/radio.unrc.edu.ar\/#\/schema\/person\/image\/\",\"url\":\"https:\/\/secure.gravatar.com\/avatar\/96c203a9f3ab9e14fb64d9e099de90f736c89b4da443326dbe2e55610962893e?s=96&d=mm&r=g\",\"contentUrl\":\"https:\/\/secure.gravatar.com\/avatar\/96c203a9f3ab9e14fb64d9e099de90f736c89b4da443326dbe2e55610962893e?s=96&d=mm&r=g\",\"caption\":\"emiliano\"},\"url\":\"https:\/\/radio.unrc.edu.ar\/?author=3\"}]}<\/script>\n<!-- \/ Yoast SEO plugin. -->","yoast_head_json":{"title":"Se inaugur\u00f3 \"Miradas y Luces\", la muestra del Taller de Fotograf\u00eda nivel 1 del PEAM - Radio UNRC","description":"La radio que te hace sentir y pensar.","robots":{"index":"index","follow":"follow","max-snippet":"max-snippet:-1","max-image-preview":"max-image-preview:large","max-video-preview":"max-video-preview:-1"},"canonical":"https:\/\/radio.unrc.edu.ar\/?p=899","og_locale":"es_ES","og_type":"article","og_title":"Se inaugur\u00f3 \"Miradas y Luces\", la muestra del Taller de Fotograf\u00eda nivel 1 del PEAM - Radio UNRC","og_description":"La radio que te hace sentir y pensar.","og_url":"https:\/\/radio.unrc.edu.ar\/?p=899","og_site_name":"Radio UNRC","article_publisher":"https:\/\/www.facebook.com\/radiounrc","article_published_time":"2022-11-01T23:01:45+00:00","article_modified_time":"2022-11-07T13:29:58+00:00","og_image":[{"width":1599,"height":899,"url":"https:\/\/radio.unrc.edu.ar\/wp-content\/uploads\/2022\/11\/WhatsApp-Image-2022-11-01-at-18.12.41.jpeg","type":"image\/jpeg"}],"author":"emiliano","twitter_card":"summary_large_image","twitter_misc":{"Escrito por":"emiliano","Tiempo de lectura":"1 minuto"},"schema":{"@context":"https:\/\/schema.org","@graph":[{"@type":"Article","@id":"https:\/\/radio.unrc.edu.ar\/?p=899#article","isPartOf":{"@id":"https:\/\/radio.unrc.edu.ar\/?p=899"},"author":{"name":"emiliano","@id":"https:\/\/radio.unrc.edu.ar\/#\/schema\/person\/33c70d97cd2981bc6512850c2abf21ff"},"headline":"Se inaugur\u00f3 \u00abMiradas y Luces\u00bb, la muestra del Taller de Fotograf\u00eda nivel 1 del PEAM","datePublished":"2022-11-01T23:01:45+00:00","dateModified":"2022-11-07T13:29:58+00:00","mainEntityOfPage":{"@id":"https:\/\/radio.unrc.edu.ar\/?p=899"},"wordCount":112,"commentCount":0,"publisher":{"@id":"https:\/\/radio.unrc.edu.ar\/#organization"},"articleSection":["Universitarias"],"inLanguage":"es","potentialAction":[{"@type":"CommentAction","name":"Comment","target":["https:\/\/radio.unrc.edu.ar\/?p=899#respond"]}]},{"@type":"WebPage","@id":"https:\/\/radio.unrc.edu.ar\/?p=899","url":"https:\/\/radio.unrc.edu.ar\/?p=899","name":"Se inaugur\u00f3 \"Miradas y Luces\", la muestra del Taller de Fotograf\u00eda nivel 1 del PEAM - Radio UNRC","isPartOf":{"@id":"https:\/\/radio.unrc.edu.ar\/#website"},"datePublished":"2022-11-01T23:01:45+00:00","dateModified":"2022-11-07T13:29:58+00:00","description":"La radio que te hace sentir y pensar.","breadcrumb":{"@id":"https:\/\/radio.unrc.edu.ar\/?p=899#breadcrumb"},"inLanguage":"es","potentialAction":[{"@type":"ReadAction","target":["https:\/\/radio.unrc.edu.ar\/?p=899"]}]},{"@type":"BreadcrumbList","@id":"https:\/\/radio.unrc.edu.ar\/?p=899#breadcrumb","itemListElement":[{"@type":"ListItem","position":1,"name":"Portada","item":"https:\/\/radio.unrc.edu.ar\/"},{"@type":"ListItem","position":2,"name":"Se inaugur\u00f3 \u00abMiradas y Luces\u00bb, la muestra del Taller de Fotograf\u00eda nivel 1 del PEAM"}]},{"@type":"WebSite","@id":"https:\/\/radio.unrc.edu.ar\/#website","url":"https:\/\/radio.unrc.edu.ar\/","name":"Radio UNRC","description":"La Radio de la Uni, la que te hace sentir y pensar","publisher":{"@id":"https:\/\/radio.unrc.edu.ar\/#organization"},"potentialAction":[{"@type":"SearchAction","target":{"@type":"EntryPoint","urlTemplate":"https:\/\/radio.unrc.edu.ar\/?s={search_term_string}"},"query-input":"required name=search_term_string"}],"inLanguage":"es"},{"@type":"Organization","@id":"https:\/\/radio.unrc.edu.ar\/#organization","name":"Radio UNRC","url":"https:\/\/radio.unrc.edu.ar\/","logo":{"@type":"ImageObject","inLanguage":"es","@id":"https:\/\/radio.unrc.edu.ar\/#\/schema\/logo\/image\/","url":"https:\/\/radio.unrc.edu.ar\/wp-content\/uploads\/2022\/03\/logo-radio-544.png","contentUrl":"https:\/\/radio.unrc.edu.ar\/wp-content\/uploads\/2022\/03\/logo-radio-544.png","width":544,"height":180,"caption":"Radio UNRC"},"image":{"@id":"https:\/\/radio.unrc.edu.ar\/#\/schema\/logo\/image\/"},"sameAs":["https:\/\/www.facebook.com\/radiounrc","https:\/\/www.instagram.com\/radiounrc\/"]},{"@type":"Person","@id":"https:\/\/radio.unrc.edu.ar\/#\/schema\/person\/33c70d97cd2981bc6512850c2abf21ff","name":"emiliano","image":{"@type":"ImageObject","inLanguage":"es","@id":"https:\/\/radio.unrc.edu.ar\/#\/schema\/person\/image\/","url":"https:\/\/secure.gravatar.com\/avatar\/96c203a9f3ab9e14fb64d9e099de90f736c89b4da443326dbe2e55610962893e?s=96&d=mm&r=g","contentUrl":"https:\/\/secure.gravatar.com\/avatar\/96c203a9f3ab9e14fb64d9e099de90f736c89b4da443326dbe2e55610962893e?s=96&d=mm&r=g","caption":"emiliano"},"url":"https:\/\/radio.unrc.edu.ar\/?author=3"}]}},"_links":{"self":[{"href":"https:\/\/radio.unrc.edu.ar\/index.php?rest_route=\/wp\/v2\/posts\/899","targetHints":{"allow":["GET"]}}],"collection":[{"href":"https:\/\/radio.unrc.edu.ar\/index.php?rest_route=\/wp\/v2\/posts"}],"about":[{"href":"https:\/\/radio.unrc.edu.ar\/index.php?rest_route=\/wp\/v2\/types\/post"}],"author":[{"embeddable":true,"href":"https:\/\/radio.unrc.edu.ar\/index.php?rest_route=\/wp\/v2\/users\/3"}],"replies":[{"embeddable":true,"href":"https:\/\/radio.unrc.edu.ar\/index.php?rest_route=%2Fwp%2Fv2%2Fcomments&post=899"}],"version-history":[{"count":4,"href":"https:\/\/radio.unrc.edu.ar\/index.php?rest_route=\/wp\/v2\/posts\/899\/revisions"}],"predecessor-version":[{"id":904,"href":"https:\/\/radio.unrc.edu.ar\/index.php?rest_route=\/wp\/v2\/posts\/899\/revisions\/904"}],"wp:featuredmedia":[{"embeddable":true,"href":"https:\/\/radio.unrc.edu.ar\/index.php?rest_route=\/wp\/v2\/media\/900"}],"wp:attachment":[{"href":"https:\/\/radio.unrc.edu.ar\/index.php?rest_route=%2Fwp%2Fv2%2Fmedia&parent=899"}],"wp:term":[{"taxonomy":"category","embeddable":true,"href":"https:\/\/radio.unrc.edu.ar\/index.php?rest_route=%2Fwp%2Fv2%2Fcategories&post=899"},{"taxonomy":"post_tag","embeddable":true,"href":"https:\/\/radio.unrc.edu.ar\/index.php?rest_route=%2Fwp%2Fv2%2Ftags&post=899"}],"curies":[{"name":"wp","href":"https:\/\/api.w.org\/{rel}","templated":true}]}}