{"id":9986,"date":"2023-09-07T21:50:54","date_gmt":"2023-09-07T21:50:54","guid":{"rendered":"https:\/\/radio.unrc.edu.ar\/?p=9986"},"modified":"2023-09-08T15:00:43","modified_gmt":"2023-09-08T15:00:43","slug":"finalizaron-las-jornadas-universidad-de-puertas-abiertas","status":"publish","type":"post","link":"https:\/\/radio.unrc.edu.ar\/?p=9986","title":{"rendered":"Finalizaron las Jornadas Universidad de Puertas Abiertas"},"content":{"rendered":"<p>Cerr\u00f3 el segundo d\u00eda de encuentro con estudiantes de nivel medio de la ciudad y regi\u00f3n.<\/p>\n<p>Maximiliano Aberastegui, estudiante del IPET 255 de La Carlota, destac\u00f3 la ayuda de los docentes en los talleres. El joven mencion\u00f3 que imagin\u00f3 la vida universitaria como algo muy complicado, y con las Jornadas cambi\u00f3 de opini\u00f3n.<\/p>\n<p><iframe width=\"100%\" height=\"300\" scrolling=\"no\" frameborder=\"no\" allow=\"autoplay\" src=\"https:\/\/w.soundcloud.com\/player\/?url=https%3A\/\/api.soundcloud.com\/tracks\/1611049377&#038;color=%23ff5500&#038;auto_play=false&#038;hide_related=false&#038;show_comments=true&#038;show_user=true&#038;show_reposts=false&#038;show_teaser=true&#038;visual=true\"><\/iframe><\/p>\n<div style=\"font-size: 10px; color: #cccccc;line-break: anywhere;word-break: normal;overflow: hidden;white-space: nowrap;text-overflow: ellipsis; font-family: Interstate,Lucida Grande,Lucida Sans Unicode,Lucida Sans,Garuda,Verdana,Tahoma,sans-serif;font-weight: 100;\"><a href=\"https:\/\/soundcloud.com\/radiounrc97-7\" title=\"RadioUNRC97.7\" target=\"_blank\" style=\"color: #cccccc; text-decoration: none;\" rel=\"noopener\">RadioUNRC97.7<\/a> \u00b7 <a href=\"https:\/\/soundcloud.com\/radiounrc97-7\/maximiliano-aberastegui\" title=\"Maximiliano Aberastegui\" target=\"_blank\" style=\"color: #cccccc; text-decoration: none;\" rel=\"noopener\">Maximiliano Aberastegui<\/a><\/div>\n<p>\u00abQuienes hemos transitado la universidad tratamos de transmitir la importancia de la universidad p\u00fablica\u00bb<\/p>\n<p>As\u00ed lo manifest\u00f3 Mar\u00eda Bel\u00e9n Gigante, docente del IPET 255 de La Carlota, quien adem\u00e1s es graduada de la universidad. Valor\u00f3 esta posibilidad de acercar la oferta acad\u00e9mica a estudiantes de otras localidades.<\/p>\n<p><iframe width=\"100%\" height=\"300\" scrolling=\"no\" frameborder=\"no\" allow=\"autoplay\" src=\"https:\/\/w.soundcloud.com\/player\/?url=https%3A\/\/api.soundcloud.com\/tracks\/1611050010&#038;color=%23ff5500&#038;auto_play=false&#038;hide_related=false&#038;show_comments=true&#038;show_user=true&#038;show_reposts=false&#038;show_teaser=true&#038;visual=true\"><\/iframe><\/p>\n<div style=\"font-size: 10px; color: #cccccc;line-break: anywhere;word-break: normal;overflow: hidden;white-space: nowrap;text-overflow: ellipsis; font-family: Interstate,Lucida Grande,Lucida Sans Unicode,Lucida Sans,Garuda,Verdana,Tahoma,sans-serif;font-weight: 100;\"><a href=\"https:\/\/soundcloud.com\/radiounrc97-7\" title=\"RadioUNRC97.7\" target=\"_blank\" style=\"color: #cccccc; text-decoration: none;\" rel=\"noopener\">RadioUNRC97.7<\/a> \u00b7 <a href=\"https:\/\/soundcloud.com\/radiounrc97-7\/maria-belen-gigante\" title=\"Mar\u00eda Bel\u00e9n Gigante\" target=\"_blank\" style=\"color: #cccccc; text-decoration: none;\" rel=\"noopener\">Mar\u00eda Bel\u00e9n Gigante<\/a><\/div>\n<p>Por su parte, Noem\u00ed Sosa, estudiante de sexto a\u00f1o del Instituto Pizzurno, de Sampacho, dijo que visit\u00f3 la universidad por primera vez. <\/p>\n<p><iframe width=\"100%\" height=\"300\" scrolling=\"no\" frameborder=\"no\" allow=\"autoplay\" src=\"https:\/\/w.soundcloud.com\/player\/?url=https%3A\/\/api.soundcloud.com\/tracks\/1611050241&#038;color=%23ff5500&#038;auto_play=false&#038;hide_related=false&#038;show_comments=true&#038;show_user=true&#038;show_reposts=false&#038;show_teaser=true&#038;visual=true\"><\/iframe><\/p>\n<div style=\"font-size: 10px; color: #cccccc;line-break: anywhere;word-break: normal;overflow: hidden;white-space: nowrap;text-overflow: ellipsis; font-family: Interstate,Lucida Grande,Lucida Sans Unicode,Lucida Sans,Garuda,Verdana,Tahoma,sans-serif;font-weight: 100;\"><a href=\"https:\/\/soundcloud.com\/radiounrc97-7\" title=\"RadioUNRC97.7\" target=\"_blank\" style=\"color: #cccccc; text-decoration: none;\" rel=\"noopener\">RadioUNRC97.7<\/a> \u00b7 <a href=\"https:\/\/soundcloud.com\/radiounrc97-7\/noemi-sosa-estudiante\" title=\"Noem\u00ed Sosa estudiante\" target=\"_blank\" style=\"color: #cccccc; text-decoration: none;\" rel=\"noopener\">Noem\u00ed Sosa estudiante<\/a><\/div>\n<p>Del mismo Instituto, Ail\u00e9n Romero, manifest\u00f3 que tiene decidido seguir Medicina Veterinaria y tom\u00f3 el taller de la carrera. Asegur\u00f3 que tiene pensado venir a la UNRC.<\/p>\n<p><iframe width=\"100%\" height=\"300\" scrolling=\"no\" frameborder=\"no\" allow=\"autoplay\" src=\"https:\/\/w.soundcloud.com\/player\/?url=https%3A\/\/api.soundcloud.com\/tracks\/1611051984&#038;color=%23ff5500&#038;auto_play=false&#038;hide_related=false&#038;show_comments=true&#038;show_user=true&#038;show_reposts=false&#038;show_teaser=true&#038;visual=true\"><\/iframe><\/p>\n<div style=\"font-size: 10px; color: #cccccc;line-break: anywhere;word-break: normal;overflow: hidden;white-space: nowrap;text-overflow: ellipsis; font-family: Interstate,Lucida Grande,Lucida Sans Unicode,Lucida Sans,Garuda,Verdana,Tahoma,sans-serif;font-weight: 100;\"><a href=\"https:\/\/soundcloud.com\/radiounrc97-7\" title=\"RadioUNRC97.7\" target=\"_blank\" style=\"color: #cccccc; text-decoration: none;\" rel=\"noopener\">RadioUNRC97.7<\/a> \u00b7 <a href=\"https:\/\/soundcloud.com\/radiounrc97-7\/ailen-romero\" title=\"Ail\u00e9n Romero\" target=\"_blank\" style=\"color: #cccccc; text-decoration: none;\" rel=\"noopener\">Ail\u00e9n Romero<\/a><\/div>\n<p>\u00abEstamos muy contentos, hay muchos interesados en la Universidad P\u00fablica\u00bb<\/p>\n<p>Esto lo dijo Ver\u00f3nica Piquer, coordinadora del taller de Tecnicatura en Lenguas en el marco de las JUPA.<\/p>\n<p>La docente mencion\u00f3 que se ve necesidad de estudiar lenguas extranjeras como complemento de diversas carreras. Agreg\u00f3 que recibieron consultas sobre becas y la vida universitaria en general.<\/p>\n<p><iframe width=\"100%\" height=\"300\" scrolling=\"no\" frameborder=\"no\" allow=\"autoplay\" src=\"https:\/\/w.soundcloud.com\/player\/?url=https%3A\/\/api.soundcloud.com\/tracks\/1611052299&#038;color=%23ff5500&#038;auto_play=false&#038;hide_related=false&#038;show_comments=true&#038;show_user=true&#038;show_reposts=false&#038;show_teaser=true&#038;visual=true\"><\/iframe><\/p>\n<div style=\"font-size: 10px; color: #cccccc;line-break: anywhere;word-break: normal;overflow: hidden;white-space: nowrap;text-overflow: ellipsis; font-family: Interstate,Lucida Grande,Lucida Sans Unicode,Lucida Sans,Garuda,Verdana,Tahoma,sans-serif;font-weight: 100;\"><a href=\"https:\/\/soundcloud.com\/radiounrc97-7\" title=\"RadioUNRC97.7\" target=\"_blank\" style=\"color: #cccccc; text-decoration: none;\" rel=\"noopener\">RadioUNRC97.7<\/a> \u00b7 <a href=\"https:\/\/soundcloud.com\/radiounrc97-7\/veronica-piquer\" title=\"Ver\u00f3nica Piquer\" target=\"_blank\" style=\"color: #cccccc; text-decoration: none;\" rel=\"noopener\">Ver\u00f3nica Piquer<\/a><\/div>\n\r\n                <style type=\"text\/css\">\r\n                    \r\n                    #tdi_1  .td-doubleSlider-2 .td-item1 {\r\n                        background: url(https:\/\/radio.unrc.edu.ar\/wp-content\/uploads\/2023\/09\/2023_Sec.-Academica_JUPA-22.jpg) 0 0 no-repeat;\r\n                    }\r\n                    #tdi_1  .td-doubleSlider-2 .td-item2 {\r\n                        background: url(https:\/\/radio.unrc.edu.ar\/wp-content\/uploads\/2023\/09\/2023_Sec.-Academica_JUPA-24.jpg) 0 0 no-repeat;\r\n                    }\r\n                    #tdi_1  .td-doubleSlider-2 .td-item3 {\r\n                        background: url(https:\/\/radio.unrc.edu.ar\/wp-content\/uploads\/2023\/09\/2023_Sec.-Academica_JUPA-32.jpg) 0 0 no-repeat;\r\n                    }\r\n                    #tdi_1  .td-doubleSlider-2 .td-item4 {\r\n                        background: url(https:\/\/radio.unrc.edu.ar\/wp-content\/uploads\/2023\/09\/2023_Sec.-Academica_JUPA-104.jpg) 0 0 no-repeat;\r\n                    }\r\n                    #tdi_1  .td-doubleSlider-2 .td-item5 {\r\n                        background: url(https:\/\/radio.unrc.edu.ar\/wp-content\/uploads\/2023\/09\/2023_Sec.-Academica_JUPA-135.jpg) 0 0 no-repeat;\r\n                    }\r\n                <\/style>\r\n\r\n                <div id=\"tdi_1\" class=\"td-gallery td-slide-on-2-columns\">\r\n                    <div class=\"post_td_gallery\">\r\n                        <div class=\"td-gallery-slide-top\">\r\n                           <div class=\"td-gallery-title\"><\/div>\r\n\r\n                            <div class=\"td-gallery-controls-wrapper\">\r\n                                <div class=\"td-gallery-slide-count\"><span class=\"td-gallery-slide-item-focus\">1<\/span> de 5<\/div>\r\n                                <div class=\"td-gallery-slide-prev-next-but\">\r\n                                    <i class = \"td-icon-left doubleSliderPrevButton\"><\/i>\r\n                                    <i class = \"td-icon-right doubleSliderNextButton\"><\/i>\r\n                                <\/div>\r\n                            <\/div>\r\n                        <\/div>\r\n\r\n                        <div class = \"td-doubleSlider-1 \">\r\n                            <div class = \"td-slider\">\r\n                                \r\n                    <div class = \"td-slide-item td-item1\">\r\n                        <figure class=\"td-slide-galery-figure td-slide-popup-gallery\">\r\n                            <a class=\"slide-gallery-image-link\" href=\"https:\/\/radio.unrc.edu.ar\/wp-content\/uploads\/2023\/09\/2023_Sec.-Academica_JUPA-22.jpg\" title=\"2023_Sec. Academica_JUPA (22)\"  data-caption=\"\"  data-description=\"\">\r\n                                <img decoding=\"async\" src=\"https:\/\/radio.unrc.edu.ar\/wp-content\/uploads\/2023\/09\/2023_Sec.-Academica_JUPA-22.jpg\" srcset=\"https:\/\/radio.unrc.edu.ar\/wp-content\/uploads\/2023\/09\/2023_Sec.-Academica_JUPA-22.jpg 1772w, https:\/\/radio.unrc.edu.ar\/wp-content\/uploads\/2023\/09\/2023_Sec.-Academica_JUPA-22-300x200.jpg 300w, https:\/\/radio.unrc.edu.ar\/wp-content\/uploads\/2023\/09\/2023_Sec.-Academica_JUPA-22-1024x682.jpg 1024w, https:\/\/radio.unrc.edu.ar\/wp-content\/uploads\/2023\/09\/2023_Sec.-Academica_JUPA-22-768x512.jpg 768w, https:\/\/radio.unrc.edu.ar\/wp-content\/uploads\/2023\/09\/2023_Sec.-Academica_JUPA-22-1536x1024.jpg 1536w, https:\/\/radio.unrc.edu.ar\/wp-content\/uploads\/2023\/09\/2023_Sec.-Academica_JUPA-22-150x100.jpg 150w, https:\/\/radio.unrc.edu.ar\/wp-content\/uploads\/2023\/09\/2023_Sec.-Academica_JUPA-22-696x464.jpg 696w, https:\/\/radio.unrc.edu.ar\/wp-content\/uploads\/2023\/09\/2023_Sec.-Academica_JUPA-22-1068x712.jpg 1068w\" sizes=\"(max-width: 1772px) 100vw, 1772px\" alt=\"\">\r\n                            <\/a>\r\n                            \r\n                        <\/figure>\r\n                    <\/div>\r\n                    <div class = \"td-slide-item td-item2\">\r\n                        <figure class=\"td-slide-galery-figure td-slide-popup-gallery\">\r\n                            <a class=\"slide-gallery-image-link\" href=\"https:\/\/radio.unrc.edu.ar\/wp-content\/uploads\/2023\/09\/2023_Sec.-Academica_JUPA-24.jpg\" title=\"2023_Sec. Academica_JUPA (24)\"  data-caption=\"\"  data-description=\"\">\r\n                                <img decoding=\"async\" src=\"https:\/\/radio.unrc.edu.ar\/wp-content\/uploads\/2023\/09\/2023_Sec.-Academica_JUPA-24.jpg\" srcset=\"https:\/\/radio.unrc.edu.ar\/wp-content\/uploads\/2023\/09\/2023_Sec.-Academica_JUPA-24.jpg 1772w, https:\/\/radio.unrc.edu.ar\/wp-content\/uploads\/2023\/09\/2023_Sec.-Academica_JUPA-24-300x200.jpg 300w, https:\/\/radio.unrc.edu.ar\/wp-content\/uploads\/2023\/09\/2023_Sec.-Academica_JUPA-24-1024x682.jpg 1024w, https:\/\/radio.unrc.edu.ar\/wp-content\/uploads\/2023\/09\/2023_Sec.-Academica_JUPA-24-768x512.jpg 768w, https:\/\/radio.unrc.edu.ar\/wp-content\/uploads\/2023\/09\/2023_Sec.-Academica_JUPA-24-1536x1024.jpg 1536w, https:\/\/radio.unrc.edu.ar\/wp-content\/uploads\/2023\/09\/2023_Sec.-Academica_JUPA-24-150x100.jpg 150w, https:\/\/radio.unrc.edu.ar\/wp-content\/uploads\/2023\/09\/2023_Sec.-Academica_JUPA-24-696x464.jpg 696w, https:\/\/radio.unrc.edu.ar\/wp-content\/uploads\/2023\/09\/2023_Sec.-Academica_JUPA-24-1068x712.jpg 1068w\" sizes=\"(max-width: 1772px) 100vw, 1772px\" alt=\"\">\r\n                            <\/a>\r\n                            \r\n                        <\/figure>\r\n                    <\/div>\r\n                    <div class = \"td-slide-item td-item3\">\r\n                        <figure class=\"td-slide-galery-figure td-slide-popup-gallery\">\r\n                            <a class=\"slide-gallery-image-link\" href=\"https:\/\/radio.unrc.edu.ar\/wp-content\/uploads\/2023\/09\/2023_Sec.-Academica_JUPA-32.jpg\" title=\"2023_Sec. Academica_JUPA (32)\"  data-caption=\"\"  data-description=\"\">\r\n                                <img decoding=\"async\" src=\"https:\/\/radio.unrc.edu.ar\/wp-content\/uploads\/2023\/09\/2023_Sec.-Academica_JUPA-32.jpg\" srcset=\"https:\/\/radio.unrc.edu.ar\/wp-content\/uploads\/2023\/09\/2023_Sec.-Academica_JUPA-32.jpg 1772w, https:\/\/radio.unrc.edu.ar\/wp-content\/uploads\/2023\/09\/2023_Sec.-Academica_JUPA-32-300x200.jpg 300w, https:\/\/radio.unrc.edu.ar\/wp-content\/uploads\/2023\/09\/2023_Sec.-Academica_JUPA-32-1024x682.jpg 1024w, https:\/\/radio.unrc.edu.ar\/wp-content\/uploads\/2023\/09\/2023_Sec.-Academica_JUPA-32-768x512.jpg 768w, https:\/\/radio.unrc.edu.ar\/wp-content\/uploads\/2023\/09\/2023_Sec.-Academica_JUPA-32-1536x1024.jpg 1536w, https:\/\/radio.unrc.edu.ar\/wp-content\/uploads\/2023\/09\/2023_Sec.-Academica_JUPA-32-150x100.jpg 150w, https:\/\/radio.unrc.edu.ar\/wp-content\/uploads\/2023\/09\/2023_Sec.-Academica_JUPA-32-696x464.jpg 696w, https:\/\/radio.unrc.edu.ar\/wp-content\/uploads\/2023\/09\/2023_Sec.-Academica_JUPA-32-1068x712.jpg 1068w\" sizes=\"(max-width: 1772px) 100vw, 1772px\" alt=\"\">\r\n                            <\/a>\r\n                            \r\n                        <\/figure>\r\n                    <\/div>\r\n                    <div class = \"td-slide-item td-item4\">\r\n                        <figure class=\"td-slide-galery-figure td-slide-popup-gallery\">\r\n                            <a class=\"slide-gallery-image-link\" href=\"https:\/\/radio.unrc.edu.ar\/wp-content\/uploads\/2023\/09\/2023_Sec.-Academica_JUPA-104.jpg\" title=\"2023_Sec. Academica_JUPA (104)\"  data-caption=\"\"  data-description=\"\">\r\n                                <img decoding=\"async\" src=\"https:\/\/radio.unrc.edu.ar\/wp-content\/uploads\/2023\/09\/2023_Sec.-Academica_JUPA-104.jpg\" srcset=\"https:\/\/radio.unrc.edu.ar\/wp-content\/uploads\/2023\/09\/2023_Sec.-Academica_JUPA-104.jpg 1772w, https:\/\/radio.unrc.edu.ar\/wp-content\/uploads\/2023\/09\/2023_Sec.-Academica_JUPA-104-300x200.jpg 300w, https:\/\/radio.unrc.edu.ar\/wp-content\/uploads\/2023\/09\/2023_Sec.-Academica_JUPA-104-1024x682.jpg 1024w, https:\/\/radio.unrc.edu.ar\/wp-content\/uploads\/2023\/09\/2023_Sec.-Academica_JUPA-104-768x512.jpg 768w, https:\/\/radio.unrc.edu.ar\/wp-content\/uploads\/2023\/09\/2023_Sec.-Academica_JUPA-104-1536x1024.jpg 1536w, https:\/\/radio.unrc.edu.ar\/wp-content\/uploads\/2023\/09\/2023_Sec.-Academica_JUPA-104-150x100.jpg 150w, https:\/\/radio.unrc.edu.ar\/wp-content\/uploads\/2023\/09\/2023_Sec.-Academica_JUPA-104-696x464.jpg 696w, https:\/\/radio.unrc.edu.ar\/wp-content\/uploads\/2023\/09\/2023_Sec.-Academica_JUPA-104-1068x712.jpg 1068w\" sizes=\"(max-width: 1772px) 100vw, 1772px\" alt=\"\">\r\n                            <\/a>\r\n                            \r\n                        <\/figure>\r\n                    <\/div>\r\n                    <div class = \"td-slide-item td-item5\">\r\n                        <figure class=\"td-slide-galery-figure td-slide-popup-gallery\">\r\n                            <a class=\"slide-gallery-image-link\" href=\"https:\/\/radio.unrc.edu.ar\/wp-content\/uploads\/2023\/09\/2023_Sec.-Academica_JUPA-135.jpg\" title=\"2023_Sec. Academica_JUPA (135)\"  data-caption=\"\"  data-description=\"\">\r\n                                <img decoding=\"async\" src=\"https:\/\/radio.unrc.edu.ar\/wp-content\/uploads\/2023\/09\/2023_Sec.-Academica_JUPA-135.jpg\" srcset=\"https:\/\/radio.unrc.edu.ar\/wp-content\/uploads\/2023\/09\/2023_Sec.-Academica_JUPA-135.jpg 1772w, https:\/\/radio.unrc.edu.ar\/wp-content\/uploads\/2023\/09\/2023_Sec.-Academica_JUPA-135-300x200.jpg 300w, https:\/\/radio.unrc.edu.ar\/wp-content\/uploads\/2023\/09\/2023_Sec.-Academica_JUPA-135-1024x682.jpg 1024w, https:\/\/radio.unrc.edu.ar\/wp-content\/uploads\/2023\/09\/2023_Sec.-Academica_JUPA-135-768x512.jpg 768w, https:\/\/radio.unrc.edu.ar\/wp-content\/uploads\/2023\/09\/2023_Sec.-Academica_JUPA-135-1536x1024.jpg 1536w, https:\/\/radio.unrc.edu.ar\/wp-content\/uploads\/2023\/09\/2023_Sec.-Academica_JUPA-135-150x100.jpg 150w, https:\/\/radio.unrc.edu.ar\/wp-content\/uploads\/2023\/09\/2023_Sec.-Academica_JUPA-135-696x464.jpg 696w, https:\/\/radio.unrc.edu.ar\/wp-content\/uploads\/2023\/09\/2023_Sec.-Academica_JUPA-135-1068x712.jpg 1068w\" sizes=\"(max-width: 1772px) 100vw, 1772px\" alt=\"\">\r\n                            <\/a>\r\n                            \r\n                        <\/figure>\r\n                    <\/div>\r\n                            <\/div>\r\n                        <\/div>\r\n\r\n                        <div class = \"td-doubleSlider-2\">\r\n                            <div class = \"td-slider\">\r\n                                \r\n                    <div class = \"td-button td-item1\">\r\n                        <div class = \"td-border\"><\/div>\r\n                    <\/div>\r\n                    <div class = \"td-button td-item2\">\r\n                        <div class = \"td-border\"><\/div>\r\n                    <\/div>\r\n                    <div class = \"td-button td-item3\">\r\n                        <div class = \"td-border\"><\/div>\r\n                    <\/div>\r\n                    <div class = \"td-button td-item4\">\r\n                        <div class = \"td-border\"><\/div>\r\n                    <\/div>\r\n                    <div class = \"td-button td-item5\">\r\n                        <div class = \"td-border\"><\/div>\r\n                    <\/div>\r\n                            <\/div>\r\n                        <\/div>\r\n\r\n                    <\/div>\r\n\r\n                <\/div>\r\n                \n","protected":false},"excerpt":{"rendered":"<p>Cerr\u00f3 el segundo d\u00eda de encuentro con estudiantes de nivel medio de la ciudad y regi\u00f3n. Maximiliano Aberastegui, estudiante del IPET 255 de La Carlota, destac\u00f3 la ayuda de los docentes en los talleres. El joven mencion\u00f3 que imagin\u00f3 la vida universitaria como algo muy complicado, y con las Jornadas cambi\u00f3 de opini\u00f3n. RadioUNRC97.7 \u00b7 [&hellip;]<\/p>\n","protected":false},"author":3,"featured_media":9987,"comment_status":"open","ping_status":"open","sticky":false,"template":"","format":"standard","meta":{"footnotes":""},"categories":[17],"tags":[],"class_list":{"0":"post-9986","1":"post","2":"type-post","3":"status-publish","4":"format-standard","5":"has-post-thumbnail","7":"category-universitarias"},"yoast_head":"<!-- This site is optimized with the Yoast SEO plugin v21.5 - https:\/\/yoast.com\/wordpress\/plugins\/seo\/ -->\n<title>Finalizaron las Jornadas Universidad de Puertas Abiertas - Radio UNRC<\/title>\n<meta name=\"description\" content=\"La radio que te hace sentir y pensar.\" \/>\n<meta name=\"robots\" content=\"index, follow, max-snippet:-1, max-image-preview:large, max-video-preview:-1\" \/>\n<link rel=\"canonical\" href=\"https:\/\/radio.unrc.edu.ar\/?p=9986\" \/>\n<meta property=\"og:locale\" content=\"es_ES\" \/>\n<meta property=\"og:type\" content=\"article\" \/>\n<meta property=\"og:title\" content=\"Finalizaron las Jornadas Universidad de Puertas Abiertas - Radio UNRC\" \/>\n<meta property=\"og:description\" content=\"La radio que te hace sentir y pensar.\" \/>\n<meta property=\"og:url\" content=\"https:\/\/radio.unrc.edu.ar\/?p=9986\" \/>\n<meta property=\"og:site_name\" content=\"Radio UNRC\" \/>\n<meta property=\"article:publisher\" content=\"https:\/\/www.facebook.com\/radiounrc\" \/>\n<meta property=\"article:published_time\" content=\"2023-09-07T21:50:54+00:00\" \/>\n<meta property=\"article:modified_time\" content=\"2023-09-08T15:00:43+00:00\" \/>\n<meta property=\"og:image\" content=\"https:\/\/radio.unrc.edu.ar\/wp-content\/uploads\/2023\/09\/WhatsApp-Image-2023-09-07-at-18.33.22-e1694123003703.jpeg\" \/>\n\t<meta property=\"og:image:width\" content=\"1231\" \/>\n\t<meta property=\"og:image:height\" content=\"738\" \/>\n\t<meta property=\"og:image:type\" content=\"image\/jpeg\" \/>\n<meta name=\"author\" content=\"emiliano\" \/>\n<meta name=\"twitter:card\" content=\"summary_large_image\" \/>\n<meta name=\"twitter:label1\" content=\"Escrito por\" \/>\n\t<meta name=\"twitter:data1\" content=\"emiliano\" \/>\n\t<meta name=\"twitter:label2\" content=\"Tiempo de lectura\" \/>\n\t<meta name=\"twitter:data2\" content=\"2 minutos\" \/>\n<script type=\"application\/ld+json\" class=\"yoast-schema-graph\">{\"@context\":\"https:\/\/schema.org\",\"@graph\":[{\"@type\":\"Article\",\"@id\":\"https:\/\/radio.unrc.edu.ar\/?p=9986#article\",\"isPartOf\":{\"@id\":\"https:\/\/radio.unrc.edu.ar\/?p=9986\"},\"author\":{\"name\":\"emiliano\",\"@id\":\"https:\/\/radio.unrc.edu.ar\/#\/schema\/person\/33c70d97cd2981bc6512850c2abf21ff\"},\"headline\":\"Finalizaron las Jornadas Universidad de Puertas Abiertas\",\"datePublished\":\"2023-09-07T21:50:54+00:00\",\"dateModified\":\"2023-09-08T15:00:43+00:00\",\"mainEntityOfPage\":{\"@id\":\"https:\/\/radio.unrc.edu.ar\/?p=9986\"},\"wordCount\":250,\"commentCount\":0,\"publisher\":{\"@id\":\"https:\/\/radio.unrc.edu.ar\/#organization\"},\"articleSection\":[\"Universitarias\"],\"inLanguage\":\"es\",\"potentialAction\":[{\"@type\":\"CommentAction\",\"name\":\"Comment\",\"target\":[\"https:\/\/radio.unrc.edu.ar\/?p=9986#respond\"]}]},{\"@type\":\"WebPage\",\"@id\":\"https:\/\/radio.unrc.edu.ar\/?p=9986\",\"url\":\"https:\/\/radio.unrc.edu.ar\/?p=9986\",\"name\":\"Finalizaron las Jornadas Universidad de Puertas Abiertas - Radio UNRC\",\"isPartOf\":{\"@id\":\"https:\/\/radio.unrc.edu.ar\/#website\"},\"datePublished\":\"2023-09-07T21:50:54+00:00\",\"dateModified\":\"2023-09-08T15:00:43+00:00\",\"description\":\"La radio que te hace sentir y pensar.\",\"breadcrumb\":{\"@id\":\"https:\/\/radio.unrc.edu.ar\/?p=9986#breadcrumb\"},\"inLanguage\":\"es\",\"potentialAction\":[{\"@type\":\"ReadAction\",\"target\":[\"https:\/\/radio.unrc.edu.ar\/?p=9986\"]}]},{\"@type\":\"BreadcrumbList\",\"@id\":\"https:\/\/radio.unrc.edu.ar\/?p=9986#breadcrumb\",\"itemListElement\":[{\"@type\":\"ListItem\",\"position\":1,\"name\":\"Portada\",\"item\":\"https:\/\/radio.unrc.edu.ar\/\"},{\"@type\":\"ListItem\",\"position\":2,\"name\":\"Finalizaron las Jornadas Universidad de Puertas Abiertas\"}]},{\"@type\":\"WebSite\",\"@id\":\"https:\/\/radio.unrc.edu.ar\/#website\",\"url\":\"https:\/\/radio.unrc.edu.ar\/\",\"name\":\"Radio UNRC\",\"description\":\"La Radio de la Uni, la que te hace sentir y pensar\",\"publisher\":{\"@id\":\"https:\/\/radio.unrc.edu.ar\/#organization\"},\"potentialAction\":[{\"@type\":\"SearchAction\",\"target\":{\"@type\":\"EntryPoint\",\"urlTemplate\":\"https:\/\/radio.unrc.edu.ar\/?s={search_term_string}\"},\"query-input\":\"required name=search_term_string\"}],\"inLanguage\":\"es\"},{\"@type\":\"Organization\",\"@id\":\"https:\/\/radio.unrc.edu.ar\/#organization\",\"name\":\"Radio UNRC\",\"url\":\"https:\/\/radio.unrc.edu.ar\/\",\"logo\":{\"@type\":\"ImageObject\",\"inLanguage\":\"es\",\"@id\":\"https:\/\/radio.unrc.edu.ar\/#\/schema\/logo\/image\/\",\"url\":\"https:\/\/radio.unrc.edu.ar\/wp-content\/uploads\/2022\/03\/logo-radio-544.png\",\"contentUrl\":\"https:\/\/radio.unrc.edu.ar\/wp-content\/uploads\/2022\/03\/logo-radio-544.png\",\"width\":544,\"height\":180,\"caption\":\"Radio UNRC\"},\"image\":{\"@id\":\"https:\/\/radio.unrc.edu.ar\/#\/schema\/logo\/image\/\"},\"sameAs\":[\"https:\/\/www.facebook.com\/radiounrc\",\"https:\/\/www.instagram.com\/radiounrc\/\"]},{\"@type\":\"Person\",\"@id\":\"https:\/\/radio.unrc.edu.ar\/#\/schema\/person\/33c70d97cd2981bc6512850c2abf21ff\",\"name\":\"emiliano\",\"image\":{\"@type\":\"ImageObject\",\"inLanguage\":\"es\",\"@id\":\"https:\/\/radio.unrc.edu.ar\/#\/schema\/person\/image\/\",\"url\":\"https:\/\/secure.gravatar.com\/avatar\/96c203a9f3ab9e14fb64d9e099de90f736c89b4da443326dbe2e55610962893e?s=96&d=mm&r=g\",\"contentUrl\":\"https:\/\/secure.gravatar.com\/avatar\/96c203a9f3ab9e14fb64d9e099de90f736c89b4da443326dbe2e55610962893e?s=96&d=mm&r=g\",\"caption\":\"emiliano\"},\"url\":\"https:\/\/radio.unrc.edu.ar\/?author=3\"}]}<\/script>\n<!-- \/ Yoast SEO plugin. -->","yoast_head_json":{"title":"Finalizaron las Jornadas Universidad de Puertas Abiertas - Radio UNRC","description":"La radio que te hace sentir y pensar.","robots":{"index":"index","follow":"follow","max-snippet":"max-snippet:-1","max-image-preview":"max-image-preview:large","max-video-preview":"max-video-preview:-1"},"canonical":"https:\/\/radio.unrc.edu.ar\/?p=9986","og_locale":"es_ES","og_type":"article","og_title":"Finalizaron las Jornadas Universidad de Puertas Abiertas - Radio UNRC","og_description":"La radio que te hace sentir y pensar.","og_url":"https:\/\/radio.unrc.edu.ar\/?p=9986","og_site_name":"Radio UNRC","article_publisher":"https:\/\/www.facebook.com\/radiounrc","article_published_time":"2023-09-07T21:50:54+00:00","article_modified_time":"2023-09-08T15:00:43+00:00","og_image":[{"width":1231,"height":738,"url":"https:\/\/radio.unrc.edu.ar\/wp-content\/uploads\/2023\/09\/WhatsApp-Image-2023-09-07-at-18.33.22-e1694123003703.jpeg","type":"image\/jpeg"}],"author":"emiliano","twitter_card":"summary_large_image","twitter_misc":{"Escrito por":"emiliano","Tiempo de lectura":"2 minutos"},"schema":{"@context":"https:\/\/schema.org","@graph":[{"@type":"Article","@id":"https:\/\/radio.unrc.edu.ar\/?p=9986#article","isPartOf":{"@id":"https:\/\/radio.unrc.edu.ar\/?p=9986"},"author":{"name":"emiliano","@id":"https:\/\/radio.unrc.edu.ar\/#\/schema\/person\/33c70d97cd2981bc6512850c2abf21ff"},"headline":"Finalizaron las Jornadas Universidad de Puertas Abiertas","datePublished":"2023-09-07T21:50:54+00:00","dateModified":"2023-09-08T15:00:43+00:00","mainEntityOfPage":{"@id":"https:\/\/radio.unrc.edu.ar\/?p=9986"},"wordCount":250,"commentCount":0,"publisher":{"@id":"https:\/\/radio.unrc.edu.ar\/#organization"},"articleSection":["Universitarias"],"inLanguage":"es","potentialAction":[{"@type":"CommentAction","name":"Comment","target":["https:\/\/radio.unrc.edu.ar\/?p=9986#respond"]}]},{"@type":"WebPage","@id":"https:\/\/radio.unrc.edu.ar\/?p=9986","url":"https:\/\/radio.unrc.edu.ar\/?p=9986","name":"Finalizaron las Jornadas Universidad de Puertas Abiertas - Radio UNRC","isPartOf":{"@id":"https:\/\/radio.unrc.edu.ar\/#website"},"datePublished":"2023-09-07T21:50:54+00:00","dateModified":"2023-09-08T15:00:43+00:00","description":"La radio que te hace sentir y pensar.","breadcrumb":{"@id":"https:\/\/radio.unrc.edu.ar\/?p=9986#breadcrumb"},"inLanguage":"es","potentialAction":[{"@type":"ReadAction","target":["https:\/\/radio.unrc.edu.ar\/?p=9986"]}]},{"@type":"BreadcrumbList","@id":"https:\/\/radio.unrc.edu.ar\/?p=9986#breadcrumb","itemListElement":[{"@type":"ListItem","position":1,"name":"Portada","item":"https:\/\/radio.unrc.edu.ar\/"},{"@type":"ListItem","position":2,"name":"Finalizaron las Jornadas Universidad de Puertas Abiertas"}]},{"@type":"WebSite","@id":"https:\/\/radio.unrc.edu.ar\/#website","url":"https:\/\/radio.unrc.edu.ar\/","name":"Radio UNRC","description":"La Radio de la Uni, la que te hace sentir y pensar","publisher":{"@id":"https:\/\/radio.unrc.edu.ar\/#organization"},"potentialAction":[{"@type":"SearchAction","target":{"@type":"EntryPoint","urlTemplate":"https:\/\/radio.unrc.edu.ar\/?s={search_term_string}"},"query-input":"required name=search_term_string"}],"inLanguage":"es"},{"@type":"Organization","@id":"https:\/\/radio.unrc.edu.ar\/#organization","name":"Radio UNRC","url":"https:\/\/radio.unrc.edu.ar\/","logo":{"@type":"ImageObject","inLanguage":"es","@id":"https:\/\/radio.unrc.edu.ar\/#\/schema\/logo\/image\/","url":"https:\/\/radio.unrc.edu.ar\/wp-content\/uploads\/2022\/03\/logo-radio-544.png","contentUrl":"https:\/\/radio.unrc.edu.ar\/wp-content\/uploads\/2022\/03\/logo-radio-544.png","width":544,"height":180,"caption":"Radio UNRC"},"image":{"@id":"https:\/\/radio.unrc.edu.ar\/#\/schema\/logo\/image\/"},"sameAs":["https:\/\/www.facebook.com\/radiounrc","https:\/\/www.instagram.com\/radiounrc\/"]},{"@type":"Person","@id":"https:\/\/radio.unrc.edu.ar\/#\/schema\/person\/33c70d97cd2981bc6512850c2abf21ff","name":"emiliano","image":{"@type":"ImageObject","inLanguage":"es","@id":"https:\/\/radio.unrc.edu.ar\/#\/schema\/person\/image\/","url":"https:\/\/secure.gravatar.com\/avatar\/96c203a9f3ab9e14fb64d9e099de90f736c89b4da443326dbe2e55610962893e?s=96&d=mm&r=g","contentUrl":"https:\/\/secure.gravatar.com\/avatar\/96c203a9f3ab9e14fb64d9e099de90f736c89b4da443326dbe2e55610962893e?s=96&d=mm&r=g","caption":"emiliano"},"url":"https:\/\/radio.unrc.edu.ar\/?author=3"}]}},"_links":{"self":[{"href":"https:\/\/radio.unrc.edu.ar\/index.php?rest_route=\/wp\/v2\/posts\/9986","targetHints":{"allow":["GET"]}}],"collection":[{"href":"https:\/\/radio.unrc.edu.ar\/index.php?rest_route=\/wp\/v2\/posts"}],"about":[{"href":"https:\/\/radio.unrc.edu.ar\/index.php?rest_route=\/wp\/v2\/types\/post"}],"author":[{"embeddable":true,"href":"https:\/\/radio.unrc.edu.ar\/index.php?rest_route=\/wp\/v2\/users\/3"}],"replies":[{"embeddable":true,"href":"https:\/\/radio.unrc.edu.ar\/index.php?rest_route=%2Fwp%2Fv2%2Fcomments&post=9986"}],"version-history":[{"count":2,"href":"https:\/\/radio.unrc.edu.ar\/index.php?rest_route=\/wp\/v2\/posts\/9986\/revisions"}],"predecessor-version":[{"id":9994,"href":"https:\/\/radio.unrc.edu.ar\/index.php?rest_route=\/wp\/v2\/posts\/9986\/revisions\/9994"}],"wp:featuredmedia":[{"embeddable":true,"href":"https:\/\/radio.unrc.edu.ar\/index.php?rest_route=\/wp\/v2\/media\/9987"}],"wp:attachment":[{"href":"https:\/\/radio.unrc.edu.ar\/index.php?rest_route=%2Fwp%2Fv2%2Fmedia&parent=9986"}],"wp:term":[{"taxonomy":"category","embeddable":true,"href":"https:\/\/radio.unrc.edu.ar\/index.php?rest_route=%2Fwp%2Fv2%2Fcategories&post=9986"},{"taxonomy":"post_tag","embeddable":true,"href":"https:\/\/radio.unrc.edu.ar\/index.php?rest_route=%2Fwp%2Fv2%2Ftags&post=9986"}],"curies":[{"name":"wp","href":"https:\/\/api.w.org\/{rel}","templated":true}]}}